{"id":22423,"date":"2025-10-09T11:04:28","date_gmt":"2025-10-09T11:04:28","guid":{"rendered":"https:\/\/www.clubdelemprendimiento.com\/blog\/noticia-corporativa\/la-asociacion-internacional-de-abogados-y-expertos-en-extradicion-ielea-se-presentara-en-el-icam-en-madrid\/"},"modified":"2025-10-09T11:04:28","modified_gmt":"2025-10-09T11:04:28","slug":"la-asociacion-internacional-de-abogados-y-expertos-en-extradicion-ielea-se-presentara-en-el-icam-en-madrid","status":"publish","type":"noticia-corporativa","link":"https:\/\/www.clubdelemprendimiento.com\/blog\/noticia-corporativa\/la-asociacion-internacional-de-abogados-y-expertos-en-extradicion-ielea-se-presentara-en-el-icam-en-madrid\/","title":{"rendered":"La Asociaci\u00f3n Internacional de Abogados y Expertos en Extradici\u00f3n IELEA se presentar\u00e1 en el ICAM en Madrid"},"content":{"rendered":"<div>\n<p><a href=\"https:\/\/www.clubdelemprendimiento.com\/blog\/wp-content\/uploads\/2025\/10\/WhatsApp_Image_2025-10-08_at_120910.jpeg\" target=\"_blank\" class=\"fotonota\" rel=\"noopener\"> <img decoding=\"async\" src=\"https:\/\/www.clubdelemprendimiento.com\/blog\/wp-content\/uploads\/2025\/10\/WhatsApp_Image_2025-10-08_at_120910.jpeg\" style=\"max-width:600px;\" border=\"0\" class=\"postImage\" alt=\"\"><\/a><\/p>\n<p>IELEA se convierte en la primera asociaci\u00f3n internacional dedicada a los abogados y expertos en extradici\u00f3n, una iniciativa pionera en Espa\u00f1a impulsada por Luis Chabaneix y Carlos Bautista, que busca fortalecer la cooperaci\u00f3n penal y reunir a juristas de distintos pa\u00edses especializados en derecho penal internacional<\/p>\n<p><\/p>\n<p>El pr\u00f3ximo <strong>14 de octubre<\/strong>, el <strong>Ilustre Colegio de Abogados de Madrid<\/strong> acoger\u00e1 la presentaci\u00f3n oficial de la <strong>Asociaci\u00f3n Internacional de Abogados y Expertos en Extradici\u00f3n (IELEA)<\/strong>, una entidad pionera en Espa\u00f1a, creada por <strong>Luis Chabaneix<\/strong> y <strong>Carlos Bautista<\/strong>, que nace con la vocaci\u00f3n de convertirse en un referente en el estudio y la pr\u00e1ctica de la cooperaci\u00f3n penal internacional.<\/p>\n<p>La creaci\u00f3n de IELEA responde a un contexto de creciente complejidad en los procesos de <strong>extradici\u00f3n y cooperaci\u00f3n judicial<\/strong>, impulsado por fen\u00f3menos como la globalizaci\u00f3n, el auge de los delitos econ\u00f3micos, la cibercriminalidad o el terrorismo, que obligan a los Estados a reforzar su coordinaci\u00f3n en materia penal.<\/p>\n<p>El acto contar\u00e1 con la participaci\u00f3n de figuras de primer nivel en el \u00e1mbito jur\u00eddico:<\/p>\n<ul>\n<li><strong>Enrique Arnaldo<\/strong>, Magistrado del Tribunal Constitucional y catedr\u00e1tico de Derecho Constitucional, con una reconocida trayectoria en materia de garant\u00edas jur\u00eddicas y Estado de derecho.<\/li>\n<li><strong>Luis Chabaneix<\/strong>, Presidente y fundador de IELEA, abogado penalista con amplia experiencia en casos de extradici\u00f3n de gran complejidad.<\/li>\n<li><strong>Carlos Bautista<\/strong>, Vicepresidente y cofundador de IELEA, ex Fiscal de la Audiencia Nacional y especialista en derecho penal y cooperaci\u00f3n internacional.<\/li>\n<li><strong>Gr\u00e9gory Thuan Dit Dieudonn\u00e9<\/strong>, ex Letrado del Tribunal Europeo de Derechos Humanos y abogado internacional, experto en la defensa de los derechos fundamentales ante instancias supranacionales.<\/li>\n<\/ul>\n<p>Con una clara <strong>proyecci\u00f3n internacional<\/strong>, IELEA aspira a reunir a expertos de Europa y de otras regiones para fomentar el intercambio de conocimiento, promover buenas pr\u00e1cticas y reforzar las garant\u00edas jur\u00eddicas en los procedimientos transfronterizos.<\/p>\n<p>La asociaci\u00f3n impulsar\u00e1 adem\u00e1s <strong>jornadas de estudio, publicaciones especializadas, foros de debate y programas formativos<\/strong>, consolid\u00e1ndose como un espacio de referencia para juristas e instituciones que afrontan los retos jur\u00eddicos del mundo globalizado.<\/p>\n<\/div>\n","protected":false},"featured_media":22424,"template":"","meta":{"_acf_changed":false},"acf":[],"yoast_head":"<!-- This site is optimized with the Yoast SEO plugin v22.7 - https:\/\/yoast.com\/wordpress\/plugins\/seo\/ -->\n<title>La Asociaci\u00f3n Internacional de Abogados y Expertos en Extradici\u00f3n IELEA se presentar\u00e1 en el ICAM en Madrid - Blog Club del Emprendimiento<\/title>\n<meta name=\"robots\" content=\"index, follow, max-snippet:-1, max-image-preview:large, max-video-preview:-1\" \/>\n<link rel=\"canonical\" href=\"https:\/\/www.clubdelemprendimiento.com\/blog\/noticia-corporativa\/la-asociacion-internacional-de-abogados-y-expertos-en-extradicion-ielea-se-presentara-en-el-icam-en-madrid\/\" \/>\n<meta property=\"og:locale\" content=\"es_ES\" \/>\n<meta property=\"og:type\" content=\"article\" \/>\n<meta property=\"og:title\" content=\"La Asociaci\u00f3n Internacional de Abogados y Expertos en Extradici\u00f3n IELEA se presentar\u00e1 en el ICAM en Madrid - Blog Club del Emprendimiento\" \/>\n<meta property=\"og:description\" content=\"IELEA se convierte en la primera asociaci\u00f3n internacional dedicada a los abogados y expertos&hellip;\" \/>\n<meta property=\"og:url\" content=\"https:\/\/www.clubdelemprendimiento.com\/blog\/noticia-corporativa\/la-asociacion-internacional-de-abogados-y-expertos-en-extradicion-ielea-se-presentara-en-el-icam-en-madrid\/\" \/>\n<meta property=\"og:site_name\" content=\"Blog Club del Emprendimiento\" \/>\n<meta property=\"og:image\" content=\"https:\/\/www.clubdelemprendimiento.com\/blog\/wp-content\/uploads\/2025\/10\/WhatsApp_Image_2025-10-08_at_120910.jpeg\" \/>\n<meta name=\"twitter:card\" content=\"summary_large_image\" \/>\n<meta name=\"twitter:label1\" content=\"Tiempo de lectura\" \/>\n\t<meta name=\"twitter:data1\" content=\"2 minutos\" \/>\n<script type=\"application\/ld+json\" class=\"yoast-schema-graph\">{\"@context\":\"https:\/\/schema.org\",\"@graph\":[{\"@type\":\"WebPage\",\"@id\":\"https:\/\/www.clubdelemprendimiento.com\/blog\/noticia-corporativa\/la-asociacion-internacional-de-abogados-y-expertos-en-extradicion-ielea-se-presentara-en-el-icam-en-madrid\/\",\"url\":\"https:\/\/www.clubdelemprendimiento.com\/blog\/noticia-corporativa\/la-asociacion-internacional-de-abogados-y-expertos-en-extradicion-ielea-se-presentara-en-el-icam-en-madrid\/\",\"name\":\"La Asociaci\u00f3n Internacional de Abogados y Expertos en Extradici\u00f3n IELEA se presentar\u00e1 en el ICAM en Madrid - Blog Club del Emprendimiento\",\"isPartOf\":{\"@id\":\"https:\/\/www.clubdelemprendimiento.com\/blog\/#website\"},\"primaryImageOfPage\":{\"@id\":\"https:\/\/www.clubdelemprendimiento.com\/blog\/noticia-corporativa\/la-asociacion-internacional-de-abogados-y-expertos-en-extradicion-ielea-se-presentara-en-el-icam-en-madrid\/#primaryimage\"},\"image\":{\"@id\":\"https:\/\/www.clubdelemprendimiento.com\/blog\/noticia-corporativa\/la-asociacion-internacional-de-abogados-y-expertos-en-extradicion-ielea-se-presentara-en-el-icam-en-madrid\/#primaryimage\"},\"thumbnailUrl\":\"https:\/\/www.clubdelemprendimiento.com\/blog\/wp-content\/uploads\/2025\/10\/WhatsApp_Image_2025-10-08_at_120910.jpeg\",\"datePublished\":\"2025-10-09T11:04:28+00:00\",\"dateModified\":\"2025-10-09T11:04:28+00:00\",\"breadcrumb\":{\"@id\":\"https:\/\/www.clubdelemprendimiento.com\/blog\/noticia-corporativa\/la-asociacion-internacional-de-abogados-y-expertos-en-extradicion-ielea-se-presentara-en-el-icam-en-madrid\/#breadcrumb\"},\"inLanguage\":\"es\",\"potentialAction\":[{\"@type\":\"ReadAction\",\"target\":[\"https:\/\/www.clubdelemprendimiento.com\/blog\/noticia-corporativa\/la-asociacion-internacional-de-abogados-y-expertos-en-extradicion-ielea-se-presentara-en-el-icam-en-madrid\/\"]}]},{\"@type\":\"ImageObject\",\"inLanguage\":\"es\",\"@id\":\"https:\/\/www.clubdelemprendimiento.com\/blog\/noticia-corporativa\/la-asociacion-internacional-de-abogados-y-expertos-en-extradicion-ielea-se-presentara-en-el-icam-en-madrid\/#primaryimage\",\"url\":\"https:\/\/www.clubdelemprendimiento.com\/blog\/wp-content\/uploads\/2025\/10\/WhatsApp_Image_2025-10-08_at_120910.jpeg\",\"contentUrl\":\"https:\/\/www.clubdelemprendimiento.com\/blog\/wp-content\/uploads\/2025\/10\/WhatsApp_Image_2025-10-08_at_120910.jpeg\",\"width\":1064,\"height\":1600},{\"@type\":\"BreadcrumbList\",\"@id\":\"https:\/\/www.clubdelemprendimiento.com\/blog\/noticia-corporativa\/la-asociacion-internacional-de-abogados-y-expertos-en-extradicion-ielea-se-presentara-en-el-icam-en-madrid\/#breadcrumb\",\"itemListElement\":[{\"@type\":\"ListItem\",\"position\":1,\"name\":\"Home\",\"item\":\"https:\/\/www.clubdelemprendimiento.com\/blog\/\"},{\"@type\":\"ListItem\",\"position\":2,\"name\":\"Noticias Corporativas\",\"item\":\"https:\/\/www.clubdelemprendimiento.com\/blog\/noticias-corporativas\/\"},{\"@type\":\"ListItem\",\"position\":3,\"name\":\"La Asociaci\u00f3n Internacional de Abogados y Expertos en Extradici\u00f3n IELEA se presentar\u00e1 en el ICAM en Madrid\"}]},{\"@type\":\"WebSite\",\"@id\":\"https:\/\/www.clubdelemprendimiento.com\/blog\/#website\",\"url\":\"https:\/\/www.clubdelemprendimiento.com\/blog\/\",\"name\":\"Blog Club del Emprendimiento\",\"description\":\"\",\"potentialAction\":[{\"@type\":\"SearchAction\",\"target\":{\"@type\":\"EntryPoint\",\"urlTemplate\":\"https:\/\/www.clubdelemprendimiento.com\/blog\/?s={search_term_string}\"},\"query-input\":\"required name=search_term_string\"}],\"inLanguage\":\"es\"}]}<\/script>\n<!-- \/ Yoast SEO plugin. -->","yoast_head_json":{"title":"La Asociaci\u00f3n Internacional de Abogados y Expertos en Extradici\u00f3n IELEA se presentar\u00e1 en el ICAM en Madrid - Blog Club del Emprendimiento","robots":{"index":"index","follow":"follow","max-snippet":"max-snippet:-1","max-image-preview":"max-image-preview:large","max-video-preview":"max-video-preview:-1"},"canonical":"https:\/\/www.clubdelemprendimiento.com\/blog\/noticia-corporativa\/la-asociacion-internacional-de-abogados-y-expertos-en-extradicion-ielea-se-presentara-en-el-icam-en-madrid\/","og_locale":"es_ES","og_type":"article","og_title":"La Asociaci\u00f3n Internacional de Abogados y Expertos en Extradici\u00f3n IELEA se presentar\u00e1 en el ICAM en Madrid - Blog Club del Emprendimiento","og_description":"IELEA se convierte en la primera asociaci\u00f3n internacional dedicada a los abogados y expertos&hellip;","og_url":"https:\/\/www.clubdelemprendimiento.com\/blog\/noticia-corporativa\/la-asociacion-internacional-de-abogados-y-expertos-en-extradicion-ielea-se-presentara-en-el-icam-en-madrid\/","og_site_name":"Blog Club del Emprendimiento","og_image":[{"url":"https:\/\/www.clubdelemprendimiento.com\/blog\/wp-content\/uploads\/2025\/10\/WhatsApp_Image_2025-10-08_at_120910.jpeg"}],"twitter_card":"summary_large_image","twitter_misc":{"Tiempo de lectura":"2 minutos"},"schema":{"@context":"https:\/\/schema.org","@graph":[{"@type":"WebPage","@id":"https:\/\/www.clubdelemprendimiento.com\/blog\/noticia-corporativa\/la-asociacion-internacional-de-abogados-y-expertos-en-extradicion-ielea-se-presentara-en-el-icam-en-madrid\/","url":"https:\/\/www.clubdelemprendimiento.com\/blog\/noticia-corporativa\/la-asociacion-internacional-de-abogados-y-expertos-en-extradicion-ielea-se-presentara-en-el-icam-en-madrid\/","name":"La Asociaci\u00f3n Internacional de Abogados y Expertos en Extradici\u00f3n IELEA se presentar\u00e1 en el ICAM en Madrid - Blog Club del Emprendimiento","isPartOf":{"@id":"https:\/\/www.clubdelemprendimiento.com\/blog\/#website"},"primaryImageOfPage":{"@id":"https:\/\/www.clubdelemprendimiento.com\/blog\/noticia-corporativa\/la-asociacion-internacional-de-abogados-y-expertos-en-extradicion-ielea-se-presentara-en-el-icam-en-madrid\/#primaryimage"},"image":{"@id":"https:\/\/www.clubdelemprendimiento.com\/blog\/noticia-corporativa\/la-asociacion-internacional-de-abogados-y-expertos-en-extradicion-ielea-se-presentara-en-el-icam-en-madrid\/#primaryimage"},"thumbnailUrl":"https:\/\/www.clubdelemprendimiento.com\/blog\/wp-content\/uploads\/2025\/10\/WhatsApp_Image_2025-10-08_at_120910.jpeg","datePublished":"2025-10-09T11:04:28+00:00","dateModified":"2025-10-09T11:04:28+00:00","breadcrumb":{"@id":"https:\/\/www.clubdelemprendimiento.com\/blog\/noticia-corporativa\/la-asociacion-internacional-de-abogados-y-expertos-en-extradicion-ielea-se-presentara-en-el-icam-en-madrid\/#breadcrumb"},"inLanguage":"es","potentialAction":[{"@type":"ReadAction","target":["https:\/\/www.clubdelemprendimiento.com\/blog\/noticia-corporativa\/la-asociacion-internacional-de-abogados-y-expertos-en-extradicion-ielea-se-presentara-en-el-icam-en-madrid\/"]}]},{"@type":"ImageObject","inLanguage":"es","@id":"https:\/\/www.clubdelemprendimiento.com\/blog\/noticia-corporativa\/la-asociacion-internacional-de-abogados-y-expertos-en-extradicion-ielea-se-presentara-en-el-icam-en-madrid\/#primaryimage","url":"https:\/\/www.clubdelemprendimiento.com\/blog\/wp-content\/uploads\/2025\/10\/WhatsApp_Image_2025-10-08_at_120910.jpeg","contentUrl":"https:\/\/www.clubdelemprendimiento.com\/blog\/wp-content\/uploads\/2025\/10\/WhatsApp_Image_2025-10-08_at_120910.jpeg","width":1064,"height":1600},{"@type":"BreadcrumbList","@id":"https:\/\/www.clubdelemprendimiento.com\/blog\/noticia-corporativa\/la-asociacion-internacional-de-abogados-y-expertos-en-extradicion-ielea-se-presentara-en-el-icam-en-madrid\/#breadcrumb","itemListElement":[{"@type":"ListItem","position":1,"name":"Home","item":"https:\/\/www.clubdelemprendimiento.com\/blog\/"},{"@type":"ListItem","position":2,"name":"Noticias Corporativas","item":"https:\/\/www.clubdelemprendimiento.com\/blog\/noticias-corporativas\/"},{"@type":"ListItem","position":3,"name":"La Asociaci\u00f3n Internacional de Abogados y Expertos en Extradici\u00f3n IELEA se presentar\u00e1 en el ICAM en Madrid"}]},{"@type":"WebSite","@id":"https:\/\/www.clubdelemprendimiento.com\/blog\/#website","url":"https:\/\/www.clubdelemprendimiento.com\/blog\/","name":"Blog Club del Emprendimiento","description":"","potentialAction":[{"@type":"SearchAction","target":{"@type":"EntryPoint","urlTemplate":"https:\/\/www.clubdelemprendimiento.com\/blog\/?s={search_term_string}"},"query-input":"required name=search_term_string"}],"inLanguage":"es"}]}},"_links":{"self":[{"href":"https:\/\/www.clubdelemprendimiento.com\/blog\/wp-json\/wp\/v2\/noticia-corporativa\/22423"}],"collection":[{"href":"https:\/\/www.clubdelemprendimiento.com\/blog\/wp-json\/wp\/v2\/noticia-corporativa"}],"about":[{"href":"https:\/\/www.clubdelemprendimiento.com\/blog\/wp-json\/wp\/v2\/types\/noticia-corporativa"}],"wp:featuredmedia":[{"embeddable":true,"href":"https:\/\/www.clubdelemprendimiento.com\/blog\/wp-json\/wp\/v2\/media\/22424"}],"wp:attachment":[{"href":"https:\/\/www.clubdelemprendimiento.com\/blog\/wp-json\/wp\/v2\/media?parent=22423"}],"curies":[{"name":"wp","href":"https:\/\/api.w.org\/{rel}","templated":true}]}}