{"id":22419,"date":"2025-10-09T10:05:00","date_gmt":"2025-10-09T10:05:00","guid":{"rendered":"https:\/\/www.clubdelemprendimiento.com\/blog\/noticia-corporativa\/the-adecco-group-y-la-universidad-europea-lanzan-ready-to-work\/"},"modified":"2025-10-09T10:05:00","modified_gmt":"2025-10-09T10:05:00","slug":"the-adecco-group-y-la-universidad-europea-lanzan-ready-to-work","status":"publish","type":"noticia-corporativa","link":"https:\/\/www.clubdelemprendimiento.com\/blog\/noticia-corporativa\/the-adecco-group-y-la-universidad-europea-lanzan-ready-to-work\/","title":{"rendered":"The Adecco Group y la Universidad Europea lanzan Ready to work"},"content":{"rendered":"<div>\n<p>El programa ofrece a los alumnos talleres online en espa\u00f1ol e ingl\u00e9s para adquirir competencias clave y enfrentarse con \u00e9xito al mercado laboral. Los estudiantes podr\u00e1n obtener una insignia digital para LinkedIn y cr\u00e9ditos ECTS al completar la formaci\u00f3n\n<\/p>\n<p><\/p>\n<p>Saber elaborar un buen CV o desenvolverse en una entrevista de trabajo son herramientas imprescindibles para acceder a un primer empleo. Pero no siempre los j\u00f3venes tienen la oportunidad de conocer de primera mano esas \u00fatiles herramientas. Es por ello que <a href=\"https:\/\/www.adeccogroup.com\/es-es\" rel=\"nofollow\">The Adecco Group<\/a>, el mayor grupo de talento comprometido con las personas, y la Universidad Europea han firmado un acuerdo de colaboraci\u00f3n para poner en marcha <strong><em>Ready to Work<\/em>, <\/strong>un programa formativo dirigido a <strong>preparar a los estudiantes para su incorporaci\u00f3n al mundo laboral<\/strong>.<\/p>\n<p>La iniciativa est\u00e1 dise\u00f1ada para que los alumnos adquieran <strong>habilidades pr\u00e1cticas y actualizadas que refuercen su empleabilidad. <\/strong>A trav\u00e9s de una serie de talleres online, disponibles en espa\u00f1ol e ingl\u00e9s, los participantes tendr\u00e1n la oportunidad de profundizar en \u00e1mbitos esenciales como <strong>la construcci\u00f3n de la marca personal, el dise\u00f1o de un CV digital, la preparaci\u00f3n de entrevistas, la identificaci\u00f3n de oportunidades<\/strong> en el mercado laboral o <strong>el uso de la inteligencia artificial en procesos de selecci\u00f3n<\/strong>.<\/p>\n<p>Adem\u00e1s de la formaci\u00f3n, <em>Ready to Work<\/em> aporta un valor a\u00f1adido a los participantes al ofrecerles la posibilidad de obtener una insignia digital para LinkedIn que acredita su preparaci\u00f3n, as\u00ed como cr\u00e9ditos ECTS por completar el programa.<\/p>\n<p>Con esta colaboraci\u00f3n, The Adecco Group y la Universidad Europea refuerzan su compromiso con el futuro profesional de los j\u00f3venes, ayud\u00e1ndoles a desarrollar las competencias m\u00e1s demandadas por las empresas y a mejorar sus oportunidades de acceso al mercado laboral.<\/p>\n<p><strong>Alberto Gavil\u00e1n, director de Talento del Grupo Adecco,<\/strong> destaca que: \u00abGrupo Adecco tiene el firme compromiso de acompa\u00f1ar a los j\u00f3venes en su camino hacia el empleo. Ready to Work es un paso m\u00e1s en la\u00a0misi\u00f3n de ofrecer herramientas pr\u00e1cticas que les permitan afrontar los procesos de selecci\u00f3n con mayor confianza y convertirse en los profesionales que demanda el mercado. Junto a la Universidad Europea ponemos a su disposici\u00f3n una formaci\u00f3n pr\u00e1ctica, innovadora y cercana a la realidad empresarial, que les ayudar\u00e1 a diferenciarse y destacar en un entorno cada vez m\u00e1s competitivo\u00bb.<\/p>\n<p>Por su parte<strong>, Elia Camb\u00f3n, vicerrectora de Estudiantes de la Universidad Europea<\/strong>, se\u00f1ala que \u00aben la Universidad Europea entendemos la empleabilidad como un eje estrat\u00e9gico de la\u00a0propuesta educativa. No se trata solo de formar profesionales, sino de preparar l\u00edderes capaces de afrontar los retos del mercado laboral con visi\u00f3n, competencias y confianza. Ready to Work es una muestra del compromiso diferencial con el futuro profesional de los\u00a0estudiantes: una formaci\u00f3n pr\u00e1ctica, innovadora y alineada con las necesidades reales de las empresas. Esta colaboraci\u00f3n con The Adecco Group refuerza el\u00a0liderazgo en el \u00e1mbito de la empleabilidad universitaria, acercando a\u00fan m\u00e1s el mundo profesional al aula y ofreciendo a los\u00a0estudiantes herramientas que marcan la diferencia\u00bb.<\/p>\n<\/div>\n","protected":false},"featured_media":0,"template":"","meta":{"_acf_changed":false},"acf":[],"yoast_head":"<!-- This site is optimized with the Yoast SEO plugin v22.7 - https:\/\/yoast.com\/wordpress\/plugins\/seo\/ -->\n<title>The Adecco Group y la Universidad Europea lanzan Ready to work - Blog Club del Emprendimiento<\/title>\n<meta name=\"robots\" content=\"index, follow, max-snippet:-1, max-image-preview:large, max-video-preview:-1\" \/>\n<link rel=\"canonical\" href=\"https:\/\/www.clubdelemprendimiento.com\/blog\/noticia-corporativa\/the-adecco-group-y-la-universidad-europea-lanzan-ready-to-work\/\" \/>\n<meta property=\"og:locale\" content=\"es_ES\" \/>\n<meta property=\"og:type\" content=\"article\" \/>\n<meta property=\"og:title\" content=\"The Adecco Group y la Universidad Europea lanzan Ready to work - Blog Club del Emprendimiento\" \/>\n<meta property=\"og:description\" content=\"El programa ofrece a los alumnos talleres online en espa\u00f1ol e ingl\u00e9s para adquirir&hellip;\" \/>\n<meta property=\"og:url\" content=\"https:\/\/www.clubdelemprendimiento.com\/blog\/noticia-corporativa\/the-adecco-group-y-la-universidad-europea-lanzan-ready-to-work\/\" \/>\n<meta property=\"og:site_name\" content=\"Blog Club del Emprendimiento\" \/>\n<meta name=\"twitter:card\" content=\"summary_large_image\" \/>\n<meta name=\"twitter:label1\" content=\"Tiempo de lectura\" \/>\n\t<meta name=\"twitter:data1\" content=\"3 minutos\" \/>\n<script type=\"application\/ld+json\" class=\"yoast-schema-graph\">{\"@context\":\"https:\/\/schema.org\",\"@graph\":[{\"@type\":\"WebPage\",\"@id\":\"https:\/\/www.clubdelemprendimiento.com\/blog\/noticia-corporativa\/the-adecco-group-y-la-universidad-europea-lanzan-ready-to-work\/\",\"url\":\"https:\/\/www.clubdelemprendimiento.com\/blog\/noticia-corporativa\/the-adecco-group-y-la-universidad-europea-lanzan-ready-to-work\/\",\"name\":\"The Adecco Group y la Universidad Europea lanzan Ready to work - Blog Club del Emprendimiento\",\"isPartOf\":{\"@id\":\"https:\/\/www.clubdelemprendimiento.com\/blog\/#website\"},\"datePublished\":\"2025-10-09T10:05:00+00:00\",\"dateModified\":\"2025-10-09T10:05:00+00:00\",\"breadcrumb\":{\"@id\":\"https:\/\/www.clubdelemprendimiento.com\/blog\/noticia-corporativa\/the-adecco-group-y-la-universidad-europea-lanzan-ready-to-work\/#breadcrumb\"},\"inLanguage\":\"es\",\"potentialAction\":[{\"@type\":\"ReadAction\",\"target\":[\"https:\/\/www.clubdelemprendimiento.com\/blog\/noticia-corporativa\/the-adecco-group-y-la-universidad-europea-lanzan-ready-to-work\/\"]}]},{\"@type\":\"BreadcrumbList\",\"@id\":\"https:\/\/www.clubdelemprendimiento.com\/blog\/noticia-corporativa\/the-adecco-group-y-la-universidad-europea-lanzan-ready-to-work\/#breadcrumb\",\"itemListElement\":[{\"@type\":\"ListItem\",\"position\":1,\"name\":\"Home\",\"item\":\"https:\/\/www.clubdelemprendimiento.com\/blog\/\"},{\"@type\":\"ListItem\",\"position\":2,\"name\":\"Noticias Corporativas\",\"item\":\"https:\/\/www.clubdelemprendimiento.com\/blog\/noticias-corporativas\/\"},{\"@type\":\"ListItem\",\"position\":3,\"name\":\"The Adecco Group y la Universidad Europea lanzan Ready to work\"}]},{\"@type\":\"WebSite\",\"@id\":\"https:\/\/www.clubdelemprendimiento.com\/blog\/#website\",\"url\":\"https:\/\/www.clubdelemprendimiento.com\/blog\/\",\"name\":\"Blog Club del Emprendimiento\",\"description\":\"\",\"potentialAction\":[{\"@type\":\"SearchAction\",\"target\":{\"@type\":\"EntryPoint\",\"urlTemplate\":\"https:\/\/www.clubdelemprendimiento.com\/blog\/?s={search_term_string}\"},\"query-input\":\"required name=search_term_string\"}],\"inLanguage\":\"es\"}]}<\/script>\n<!-- \/ Yoast SEO plugin. -->","yoast_head_json":{"title":"The Adecco Group y la Universidad Europea lanzan Ready to work - Blog Club del Emprendimiento","robots":{"index":"index","follow":"follow","max-snippet":"max-snippet:-1","max-image-preview":"max-image-preview:large","max-video-preview":"max-video-preview:-1"},"canonical":"https:\/\/www.clubdelemprendimiento.com\/blog\/noticia-corporativa\/the-adecco-group-y-la-universidad-europea-lanzan-ready-to-work\/","og_locale":"es_ES","og_type":"article","og_title":"The Adecco Group y la Universidad Europea lanzan Ready to work - Blog Club del Emprendimiento","og_description":"El programa ofrece a los alumnos talleres online en espa\u00f1ol e ingl\u00e9s para adquirir&hellip;","og_url":"https:\/\/www.clubdelemprendimiento.com\/blog\/noticia-corporativa\/the-adecco-group-y-la-universidad-europea-lanzan-ready-to-work\/","og_site_name":"Blog Club del Emprendimiento","twitter_card":"summary_large_image","twitter_misc":{"Tiempo de lectura":"3 minutos"},"schema":{"@context":"https:\/\/schema.org","@graph":[{"@type":"WebPage","@id":"https:\/\/www.clubdelemprendimiento.com\/blog\/noticia-corporativa\/the-adecco-group-y-la-universidad-europea-lanzan-ready-to-work\/","url":"https:\/\/www.clubdelemprendimiento.com\/blog\/noticia-corporativa\/the-adecco-group-y-la-universidad-europea-lanzan-ready-to-work\/","name":"The Adecco Group y la Universidad Europea lanzan Ready to work - Blog Club del Emprendimiento","isPartOf":{"@id":"https:\/\/www.clubdelemprendimiento.com\/blog\/#website"},"datePublished":"2025-10-09T10:05:00+00:00","dateModified":"2025-10-09T10:05:00+00:00","breadcrumb":{"@id":"https:\/\/www.clubdelemprendimiento.com\/blog\/noticia-corporativa\/the-adecco-group-y-la-universidad-europea-lanzan-ready-to-work\/#breadcrumb"},"inLanguage":"es","potentialAction":[{"@type":"ReadAction","target":["https:\/\/www.clubdelemprendimiento.com\/blog\/noticia-corporativa\/the-adecco-group-y-la-universidad-europea-lanzan-ready-to-work\/"]}]},{"@type":"BreadcrumbList","@id":"https:\/\/www.clubdelemprendimiento.com\/blog\/noticia-corporativa\/the-adecco-group-y-la-universidad-europea-lanzan-ready-to-work\/#breadcrumb","itemListElement":[{"@type":"ListItem","position":1,"name":"Home","item":"https:\/\/www.clubdelemprendimiento.com\/blog\/"},{"@type":"ListItem","position":2,"name":"Noticias Corporativas","item":"https:\/\/www.clubdelemprendimiento.com\/blog\/noticias-corporativas\/"},{"@type":"ListItem","position":3,"name":"The Adecco Group y la Universidad Europea lanzan Ready to work"}]},{"@type":"WebSite","@id":"https:\/\/www.clubdelemprendimiento.com\/blog\/#website","url":"https:\/\/www.clubdelemprendimiento.com\/blog\/","name":"Blog Club del Emprendimiento","description":"","potentialAction":[{"@type":"SearchAction","target":{"@type":"EntryPoint","urlTemplate":"https:\/\/www.clubdelemprendimiento.com\/blog\/?s={search_term_string}"},"query-input":"required name=search_term_string"}],"inLanguage":"es"}]}},"_links":{"self":[{"href":"https:\/\/www.clubdelemprendimiento.com\/blog\/wp-json\/wp\/v2\/noticia-corporativa\/22419"}],"collection":[{"href":"https:\/\/www.clubdelemprendimiento.com\/blog\/wp-json\/wp\/v2\/noticia-corporativa"}],"about":[{"href":"https:\/\/www.clubdelemprendimiento.com\/blog\/wp-json\/wp\/v2\/types\/noticia-corporativa"}],"wp:attachment":[{"href":"https:\/\/www.clubdelemprendimiento.com\/blog\/wp-json\/wp\/v2\/media?parent=22419"}],"curies":[{"name":"wp","href":"https:\/\/api.w.org\/{rel}","templated":true}]}}