{"id":22381,"date":"2025-10-08T14:04:49","date_gmt":"2025-10-08T14:04:49","guid":{"rendered":"https:\/\/www.clubdelemprendimiento.com\/blog\/noticia-corporativa\/ambiseint-inspira-el-espiritu-emprendedor-en-franchise-innovation-summit-2025-con-su-aroma-emprendimiento\/"},"modified":"2025-10-08T14:04:49","modified_gmt":"2025-10-08T14:04:49","slug":"ambiseint-inspira-el-espiritu-emprendedor-en-franchise-innovation-summit-2025-con-su-aroma-emprendimiento","status":"publish","type":"noticia-corporativa","link":"https:\/\/www.clubdelemprendimiento.com\/blog\/noticia-corporativa\/ambiseint-inspira-el-espiritu-emprendedor-en-franchise-innovation-summit-2025-con-su-aroma-emprendimiento\/","title":{"rendered":"Ambiseint inspira el esp\u00edritu emprendedor en Franchise Innovation Summit 2025 con su aroma Emprendimiento"},"content":{"rendered":"<div>\n<p><a href=\"https:\/\/www.clubdelemprendimiento.com\/blog\/wp-content\/uploads\/2025\/10\/Ambiseint_FIS2.jpg\" target=\"_blank\" class=\"fotonota\" rel=\"noopener\"> <img decoding=\"async\" src=\"https:\/\/www.clubdelemprendimiento.com\/blog\/wp-content\/uploads\/2025\/10\/Ambiseint_FIS2.jpg\" style=\"max-width:600px;\" border=\"0\" class=\"postImage\" alt=\"\"><\/a><\/p>\n<p>La empresa refuerza su expansi\u00f3n nacional e internacional en FIS 2025 buscando nuevos franquiciados que compartan su visi\u00f3n de crecimiento sostenible<\/p>\n<p><\/p>\n<p><strong>Ambiseint<\/strong>, empresa l\u00edder en Marketing Olfativo y Ambientaci\u00f3n Profesional, estar\u00e1 presente los d\u00edas 15 y 16 de octubre en FIS 2025 (Franchise Innovation Summit), que se celebrar\u00e1 en el estadio Riyadh Air Metropolitano de Madrid. Tras el \u00e9xito obtenido en la edici\u00f3n anterior, la compa\u00f1\u00eda regresa a esta cita clave del sector para seguir expandiendo su red de franquicias y compartir su modelo de negocio de alta rentabilidad y bajo riesgo.<\/p>\n<p><strong>Un aroma dise\u00f1ado especialmente para FIS 2025<\/strong><br \/>\nAdem\u00e1s de su participaci\u00f3n como expositor, Ambiseint ser\u00e1 responsable de la ambientaci\u00f3n olfativa integral del evento, transformando FIS 2025 en una experiencia multisensorial \u00fanica con dos propuestas arom\u00e1ticas dise\u00f1adas especialmente para la ocasi\u00f3n.<\/p>\n<p>El aroma oficial del evento ser\u00e1 \u00abEmprendimiento\u00bb, una fragancia exclusiva de la l\u00ednea Niche de Ambiseint que simboliza la confianza, la ambici\u00f3n y la conexi\u00f3n humana que impulsa los negocios. Pertenece a la familia olfativa Oriental Amaderada y combina notas de bergamota de Sicilia, pimienta rosa y davana, con un coraz\u00f3n de madera de oud, \u00e1mbar blanco y romero, y un fondo de cuero, almizcle y vetiver de Hait\u00ed. Un aroma elegante, envolvente y sofisticado, creado para favorecer la inspiraci\u00f3n y el networking en un entorno donde se encuentran marcas consolidadas, emprendedores e inversores.<\/p>\n<p>Asimismo, las zonas dedicadas al nuevo Hub de las franquicias del canal Horeca estar\u00e1n ambientadas con aromas de la colecci\u00f3n Ambiseint Gourmet, como Cookies, Bakery o Coffee, dise\u00f1ados para despertar el apetito sensorial y transmitir cercan\u00eda, confort y confianza.<\/p>\n<p><strong>Una franquicia consolidada que sigue creciendo<\/strong><br \/>\nAmbiseint cuenta actualmente con m\u00e1s de 105 zonas de servicio, entre franquicias y delegaciones propias, repartidas por tres continentes, y una cartera que supera los 150.000 clientes activos, sin necesidad de local comercial, ni estructuras complejas, permite a los franquiciados operar con baja inversi\u00f3n y alta rentabilidad. Lo que la convierte en una de las franquicias m\u00e1s consolidadas y atractivas del sector de los servicios profesionales especializados.<\/p>\n<p>FIS representa para Ambiseint una oportunidad estrat\u00e9gica para conectar con emprendedores e inversores que buscan franquicias rentables, sostenibles y con visi\u00f3n de futuro. \u00abVolvemos a FIS porque es un evento que encarna el esp\u00edritu emprendedor que nos define: personas que buscan un modelo probado, escalable y con resultados reales\u00bb, afirma Fernando Castillo, CEO de Ambiseint.<\/p>\n<p><strong>Innovaci\u00f3n, sostenibilidad y crecimiento conjunto: las claves del modelo Ambiseint<\/strong><br \/>\nAmbiseint ha sido reconocida con numerosos galardones del sector, entre ellos el Premio Nacional al Mejor Franquiciado del sector servicios del A\u00f1o 2024, otorgado por la Asociaci\u00f3n Espa\u00f1ola de Franquiciadores.<\/p>\n<p>Su presencia en ferias como FIS forma parte de una estrategia global de expansi\u00f3n y fortalecimiento de marca, centrada en el \u00e9xito compartido con sus franquiciados y en un modelo de crecimiento sostenible e innovador.<\/p>\n<\/div>\n","protected":false},"featured_media":22382,"template":"","meta":{"_acf_changed":false},"acf":[],"yoast_head":"<!-- This site is optimized with the Yoast SEO plugin v22.7 - https:\/\/yoast.com\/wordpress\/plugins\/seo\/ -->\n<title>Ambiseint inspira el esp\u00edritu emprendedor en Franchise Innovation Summit 2025 con su aroma Emprendimiento - Blog Club del Emprendimiento<\/title>\n<meta name=\"robots\" content=\"index, follow, max-snippet:-1, max-image-preview:large, max-video-preview:-1\" \/>\n<link rel=\"canonical\" href=\"https:\/\/www.clubdelemprendimiento.com\/blog\/noticia-corporativa\/ambiseint-inspira-el-espiritu-emprendedor-en-franchise-innovation-summit-2025-con-su-aroma-emprendimiento\/\" \/>\n<meta property=\"og:locale\" content=\"es_ES\" \/>\n<meta property=\"og:type\" content=\"article\" \/>\n<meta property=\"og:title\" content=\"Ambiseint inspira el esp\u00edritu emprendedor en Franchise Innovation Summit 2025 con su aroma Emprendimiento - Blog Club del Emprendimiento\" \/>\n<meta property=\"og:description\" content=\"La empresa refuerza su expansi\u00f3n nacional e internacional en FIS 2025 buscando nuevos franquiciados&hellip;\" \/>\n<meta property=\"og:url\" content=\"https:\/\/www.clubdelemprendimiento.com\/blog\/noticia-corporativa\/ambiseint-inspira-el-espiritu-emprendedor-en-franchise-innovation-summit-2025-con-su-aroma-emprendimiento\/\" \/>\n<meta property=\"og:site_name\" content=\"Blog Club del Emprendimiento\" \/>\n<meta property=\"og:image\" content=\"https:\/\/www.clubdelemprendimiento.com\/blog\/wp-content\/uploads\/2025\/10\/Ambiseint_FIS2.jpg\" \/>\n<meta name=\"twitter:card\" content=\"summary_large_image\" \/>\n<meta name=\"twitter:label1\" content=\"Tiempo de lectura\" \/>\n\t<meta name=\"twitter:data1\" content=\"2 minutos\" \/>\n<script type=\"application\/ld+json\" class=\"yoast-schema-graph\">{\"@context\":\"https:\/\/schema.org\",\"@graph\":[{\"@type\":\"WebPage\",\"@id\":\"https:\/\/www.clubdelemprendimiento.com\/blog\/noticia-corporativa\/ambiseint-inspira-el-espiritu-emprendedor-en-franchise-innovation-summit-2025-con-su-aroma-emprendimiento\/\",\"url\":\"https:\/\/www.clubdelemprendimiento.com\/blog\/noticia-corporativa\/ambiseint-inspira-el-espiritu-emprendedor-en-franchise-innovation-summit-2025-con-su-aroma-emprendimiento\/\",\"name\":\"Ambiseint inspira el esp\u00edritu emprendedor en Franchise Innovation Summit 2025 con su aroma Emprendimiento - Blog Club del Emprendimiento\",\"isPartOf\":{\"@id\":\"https:\/\/www.clubdelemprendimiento.com\/blog\/#website\"},\"primaryImageOfPage\":{\"@id\":\"https:\/\/www.clubdelemprendimiento.com\/blog\/noticia-corporativa\/ambiseint-inspira-el-espiritu-emprendedor-en-franchise-innovation-summit-2025-con-su-aroma-emprendimiento\/#primaryimage\"},\"image\":{\"@id\":\"https:\/\/www.clubdelemprendimiento.com\/blog\/noticia-corporativa\/ambiseint-inspira-el-espiritu-emprendedor-en-franchise-innovation-summit-2025-con-su-aroma-emprendimiento\/#primaryimage\"},\"thumbnailUrl\":\"https:\/\/www.clubdelemprendimiento.com\/blog\/wp-content\/uploads\/2025\/10\/Ambiseint_FIS2.jpg\",\"datePublished\":\"2025-10-08T14:04:49+00:00\",\"dateModified\":\"2025-10-08T14:04:49+00:00\",\"breadcrumb\":{\"@id\":\"https:\/\/www.clubdelemprendimiento.com\/blog\/noticia-corporativa\/ambiseint-inspira-el-espiritu-emprendedor-en-franchise-innovation-summit-2025-con-su-aroma-emprendimiento\/#breadcrumb\"},\"inLanguage\":\"es\",\"potentialAction\":[{\"@type\":\"ReadAction\",\"target\":[\"https:\/\/www.clubdelemprendimiento.com\/blog\/noticia-corporativa\/ambiseint-inspira-el-espiritu-emprendedor-en-franchise-innovation-summit-2025-con-su-aroma-emprendimiento\/\"]}]},{\"@type\":\"ImageObject\",\"inLanguage\":\"es\",\"@id\":\"https:\/\/www.clubdelemprendimiento.com\/blog\/noticia-corporativa\/ambiseint-inspira-el-espiritu-emprendedor-en-franchise-innovation-summit-2025-con-su-aroma-emprendimiento\/#primaryimage\",\"url\":\"https:\/\/www.clubdelemprendimiento.com\/blog\/wp-content\/uploads\/2025\/10\/Ambiseint_FIS2.jpg\",\"contentUrl\":\"https:\/\/www.clubdelemprendimiento.com\/blog\/wp-content\/uploads\/2025\/10\/Ambiseint_FIS2.jpg\",\"width\":907,\"height\":1275},{\"@type\":\"BreadcrumbList\",\"@id\":\"https:\/\/www.clubdelemprendimiento.com\/blog\/noticia-corporativa\/ambiseint-inspira-el-espiritu-emprendedor-en-franchise-innovation-summit-2025-con-su-aroma-emprendimiento\/#breadcrumb\",\"itemListElement\":[{\"@type\":\"ListItem\",\"position\":1,\"name\":\"Home\",\"item\":\"https:\/\/www.clubdelemprendimiento.com\/blog\/\"},{\"@type\":\"ListItem\",\"position\":2,\"name\":\"Noticias Corporativas\",\"item\":\"https:\/\/www.clubdelemprendimiento.com\/blog\/noticias-corporativas\/\"},{\"@type\":\"ListItem\",\"position\":3,\"name\":\"Ambiseint inspira el esp\u00edritu emprendedor en Franchise Innovation Summit 2025 con su aroma Emprendimiento\"}]},{\"@type\":\"WebSite\",\"@id\":\"https:\/\/www.clubdelemprendimiento.com\/blog\/#website\",\"url\":\"https:\/\/www.clubdelemprendimiento.com\/blog\/\",\"name\":\"Blog Club del Emprendimiento\",\"description\":\"\",\"potentialAction\":[{\"@type\":\"SearchAction\",\"target\":{\"@type\":\"EntryPoint\",\"urlTemplate\":\"https:\/\/www.clubdelemprendimiento.com\/blog\/?s={search_term_string}\"},\"query-input\":\"required name=search_term_string\"}],\"inLanguage\":\"es\"}]}<\/script>\n<!-- \/ Yoast SEO plugin. -->","yoast_head_json":{"title":"Ambiseint inspira el esp\u00edritu emprendedor en Franchise Innovation Summit 2025 con su aroma Emprendimiento - Blog Club del Emprendimiento","robots":{"index":"index","follow":"follow","max-snippet":"max-snippet:-1","max-image-preview":"max-image-preview:large","max-video-preview":"max-video-preview:-1"},"canonical":"https:\/\/www.clubdelemprendimiento.com\/blog\/noticia-corporativa\/ambiseint-inspira-el-espiritu-emprendedor-en-franchise-innovation-summit-2025-con-su-aroma-emprendimiento\/","og_locale":"es_ES","og_type":"article","og_title":"Ambiseint inspira el esp\u00edritu emprendedor en Franchise Innovation Summit 2025 con su aroma Emprendimiento - Blog Club del Emprendimiento","og_description":"La empresa refuerza su expansi\u00f3n nacional e internacional en FIS 2025 buscando nuevos franquiciados&hellip;","og_url":"https:\/\/www.clubdelemprendimiento.com\/blog\/noticia-corporativa\/ambiseint-inspira-el-espiritu-emprendedor-en-franchise-innovation-summit-2025-con-su-aroma-emprendimiento\/","og_site_name":"Blog Club del Emprendimiento","og_image":[{"url":"https:\/\/www.clubdelemprendimiento.com\/blog\/wp-content\/uploads\/2025\/10\/Ambiseint_FIS2.jpg"}],"twitter_card":"summary_large_image","twitter_misc":{"Tiempo de lectura":"2 minutos"},"schema":{"@context":"https:\/\/schema.org","@graph":[{"@type":"WebPage","@id":"https:\/\/www.clubdelemprendimiento.com\/blog\/noticia-corporativa\/ambiseint-inspira-el-espiritu-emprendedor-en-franchise-innovation-summit-2025-con-su-aroma-emprendimiento\/","url":"https:\/\/www.clubdelemprendimiento.com\/blog\/noticia-corporativa\/ambiseint-inspira-el-espiritu-emprendedor-en-franchise-innovation-summit-2025-con-su-aroma-emprendimiento\/","name":"Ambiseint inspira el esp\u00edritu emprendedor en Franchise Innovation Summit 2025 con su aroma Emprendimiento - Blog Club del Emprendimiento","isPartOf":{"@id":"https:\/\/www.clubdelemprendimiento.com\/blog\/#website"},"primaryImageOfPage":{"@id":"https:\/\/www.clubdelemprendimiento.com\/blog\/noticia-corporativa\/ambiseint-inspira-el-espiritu-emprendedor-en-franchise-innovation-summit-2025-con-su-aroma-emprendimiento\/#primaryimage"},"image":{"@id":"https:\/\/www.clubdelemprendimiento.com\/blog\/noticia-corporativa\/ambiseint-inspira-el-espiritu-emprendedor-en-franchise-innovation-summit-2025-con-su-aroma-emprendimiento\/#primaryimage"},"thumbnailUrl":"https:\/\/www.clubdelemprendimiento.com\/blog\/wp-content\/uploads\/2025\/10\/Ambiseint_FIS2.jpg","datePublished":"2025-10-08T14:04:49+00:00","dateModified":"2025-10-08T14:04:49+00:00","breadcrumb":{"@id":"https:\/\/www.clubdelemprendimiento.com\/blog\/noticia-corporativa\/ambiseint-inspira-el-espiritu-emprendedor-en-franchise-innovation-summit-2025-con-su-aroma-emprendimiento\/#breadcrumb"},"inLanguage":"es","potentialAction":[{"@type":"ReadAction","target":["https:\/\/www.clubdelemprendimiento.com\/blog\/noticia-corporativa\/ambiseint-inspira-el-espiritu-emprendedor-en-franchise-innovation-summit-2025-con-su-aroma-emprendimiento\/"]}]},{"@type":"ImageObject","inLanguage":"es","@id":"https:\/\/www.clubdelemprendimiento.com\/blog\/noticia-corporativa\/ambiseint-inspira-el-espiritu-emprendedor-en-franchise-innovation-summit-2025-con-su-aroma-emprendimiento\/#primaryimage","url":"https:\/\/www.clubdelemprendimiento.com\/blog\/wp-content\/uploads\/2025\/10\/Ambiseint_FIS2.jpg","contentUrl":"https:\/\/www.clubdelemprendimiento.com\/blog\/wp-content\/uploads\/2025\/10\/Ambiseint_FIS2.jpg","width":907,"height":1275},{"@type":"BreadcrumbList","@id":"https:\/\/www.clubdelemprendimiento.com\/blog\/noticia-corporativa\/ambiseint-inspira-el-espiritu-emprendedor-en-franchise-innovation-summit-2025-con-su-aroma-emprendimiento\/#breadcrumb","itemListElement":[{"@type":"ListItem","position":1,"name":"Home","item":"https:\/\/www.clubdelemprendimiento.com\/blog\/"},{"@type":"ListItem","position":2,"name":"Noticias Corporativas","item":"https:\/\/www.clubdelemprendimiento.com\/blog\/noticias-corporativas\/"},{"@type":"ListItem","position":3,"name":"Ambiseint inspira el esp\u00edritu emprendedor en Franchise Innovation Summit 2025 con su aroma Emprendimiento"}]},{"@type":"WebSite","@id":"https:\/\/www.clubdelemprendimiento.com\/blog\/#website","url":"https:\/\/www.clubdelemprendimiento.com\/blog\/","name":"Blog Club del Emprendimiento","description":"","potentialAction":[{"@type":"SearchAction","target":{"@type":"EntryPoint","urlTemplate":"https:\/\/www.clubdelemprendimiento.com\/blog\/?s={search_term_string}"},"query-input":"required name=search_term_string"}],"inLanguage":"es"}]}},"_links":{"self":[{"href":"https:\/\/www.clubdelemprendimiento.com\/blog\/wp-json\/wp\/v2\/noticia-corporativa\/22381"}],"collection":[{"href":"https:\/\/www.clubdelemprendimiento.com\/blog\/wp-json\/wp\/v2\/noticia-corporativa"}],"about":[{"href":"https:\/\/www.clubdelemprendimiento.com\/blog\/wp-json\/wp\/v2\/types\/noticia-corporativa"}],"wp:featuredmedia":[{"embeddable":true,"href":"https:\/\/www.clubdelemprendimiento.com\/blog\/wp-json\/wp\/v2\/media\/22382"}],"wp:attachment":[{"href":"https:\/\/www.clubdelemprendimiento.com\/blog\/wp-json\/wp\/v2\/media?parent=22381"}],"curies":[{"name":"wp","href":"https:\/\/api.w.org\/{rel}","templated":true}]}}