{"id":22379,"date":"2025-10-08T14:04:47","date_gmt":"2025-10-08T14:04:47","guid":{"rendered":"https:\/\/www.clubdelemprendimiento.com\/blog\/noticia-corporativa\/dac-docencia-lidera-la-fp-en-movilidad-segura-sostenible-con-mas-de-400-alumnos-y-cifras-historicas\/"},"modified":"2025-10-08T14:04:47","modified_gmt":"2025-10-08T14:04:47","slug":"dac-docencia-lidera-la-fp-en-movilidad-segura-sostenible-con-mas-de-400-alumnos-y-cifras-historicas","status":"publish","type":"noticia-corporativa","link":"https:\/\/www.clubdelemprendimiento.com\/blog\/noticia-corporativa\/dac-docencia-lidera-la-fp-en-movilidad-segura-sostenible-con-mas-de-400-alumnos-y-cifras-historicas\/","title":{"rendered":"DAC Docencia lidera la FP en Movilidad Segura Sostenible con m\u00e1s de 400 alumnos y cifras hist\u00f3ricas"},"content":{"rendered":"<div>\n<p><a href=\"https:\/\/www.clubdelemprendimiento.com\/blog\/wp-content\/uploads\/2025\/10\/IMG_2155.jpg\" target=\"_blank\" class=\"fotonota\" rel=\"noopener\"> <img decoding=\"async\" src=\"https:\/\/www.clubdelemprendimiento.com\/blog\/wp-content\/uploads\/2025\/10\/IMG_2155.jpg\" style=\"max-width:600px;\" border=\"0\" class=\"postImage\" alt=\"\"><\/a><\/p>\n<p>Seg\u00fan datos del Ministerio de Educaci\u00f3n y Formaci\u00f3n Profesional, el Instituto AT-DAC vuelve a liderar, un a\u00f1o m\u00e1s, la FP de T\u00e9cnico Superior en Formaci\u00f3n para la Movilidad Segura y Sostenible, con presencia en cinco Comunidades Aut\u00f3nomas y alumnado procedente de m\u00e1s de 45 provincias de toda Espa\u00f1a\n<\/p>\n<p><\/p>\n<p>El pasado 24 de septiembre se inaugur\u00f3 el curso 2025\/2026 de <a href=\"https:\/\/dacdocencia.com\/fp-movilidad-segura-sostenible-online\/\" rel=\"nofollow\"><strong>T\u00e9cnico\u00a0Superior en Formaci\u00f3n para la Movilidad Segura y Sostenible<\/strong><\/a>, con una jornada que reuni\u00f3 a referentes del \u00e1mbito de la Movilidad Sostenible, de la Educaci\u00f3n y de la Seguridad Vial. El evento, organizado por <strong>DAC Docencia<\/strong>, reflej\u00f3 el auge de esta titulaci\u00f3n, que solo contabilizando los estudiantes del Instituto AT-DAC cuenta con m\u00e1s de <strong>400 alumnos en cinco comunidades aut\u00f3nomas<\/strong>.<\/p>\n<p>Entre los intervinientes destacaron <strong>Montserrat P\u00e9rez<\/strong>, Subdirectora General de Formaci\u00f3n y Educaci\u00f3n Vial de la DGT; <strong>Ana Novella<\/strong>, Presidenta de Stop Accidentes; <strong>Jos\u00e9 V\u00edctor Esteban<\/strong>, Secretario General de la Fundaci\u00f3n Corell;\u00a0<strong>Elisa Capote<\/strong>, Directora del centro AT-DAC y\u00a0<strong>Francisco Paz<\/strong>, Director de Ecodriver Mobility Group;<\/p>\n<p>Montserrat P\u00e9rez destac\u00f3 el papel de los titulados en esta nueva FP, a quienes defini\u00f3 como<strong> \u00abprofesores 360\u00bb<\/strong>, capaces de impartir toda la formaci\u00f3n que hoy puede recibir un conductor en Espa\u00f1a: desde permisos de conducci\u00f3n hasta cursos CAP, mercanc\u00edas peligrosas, permiso por puntos o conducci\u00f3n segura y eficiente. Francisco Paz reforz\u00f3 esta visi\u00f3n al hablar de los <strong>\u00absuperpoderes educativos\u00bb<\/strong> de estos profesionales, preparados para asumir el rol de <strong>asesores de movilidad<\/strong>, figura clave en el marco de la futura <strong>Ley de Movilidad.<\/strong><\/p>\n<p>Ana Novella aport\u00f3 una visi\u00f3n cr\u00edtica sobre la <strong>\u00abviolencia vial\u00bb<\/strong>, recordando que <strong>m\u00e1s del 95% de las muertes en siniestros viales son evitables<\/strong>. Subray\u00f3 la importancia de formar desde la empat\u00eda y el respeto, para lograr una Movilidad Compartida y Segura.<\/p>\n<p>Por su parte, Jos\u00e9 V\u00edctor Esteban traz\u00f3 la evoluci\u00f3n del sector hacia la digitalizaci\u00f3n y la sostenibilidad, destacando la necesidad de <strong>profesionales con alma y pasi\u00f3n<\/strong>. Reivindic\u00f3 el papel esencial de la Movilidad en Espa\u00f1a y la responsabilidad de los que transitan por sus calles y carreteras. Respecto a la idea de profesionales formados y actualizados en las nuevas formas de movilidad, Francisco Paz hizo menci\u00f3n a la futura Ley de Movilidad y las obligaciones que conllevar\u00e1 para las empresas en cuanto a elaboraci\u00f3n de <strong>Planes de Movilidad<\/strong> que requerir\u00e1n de <a href=\"https:\/\/dacdocencia.com\/grado-c-fp-asesoria-en-movilidad-segura-y-sostenible\/\" rel=\"nofollow\"><strong>asesores de movilidad<\/strong>,<\/a> una de las titulaciones a las que se accede al cursar la FP de Movilidad Segura y Sostenible.<\/p>\n<p>Elisa Capote, Directora del Centro de Formaci\u00f3n Profesional AT-DAC, cerr\u00f3 la jornada recordando los <strong>\u00abm\u00e1s 50 a\u00f1os caminando con el docente del ma\u00f1ana\u00bb<\/strong> que lleva la organizaci\u00f3n, destacando que en este curso escolar dispone de m\u00e1s de 400 estudiantes repartidos en 5 Comunidades Aut\u00f3nomas. Elisa lanz\u00f3 un mensaje a los alumnos presentes en la jornada de inauguraci\u00f3n de la<strong> \u00abgrand\u00edsima responsabilidad hacia toda la sociedad\u00bb<\/strong> que tienen como futuros <a href=\"https:\/\/dacdocencia.com\/grado-c-fp-certificado-de-aptitud-de-profesor-de-formacion-vial\/\" rel=\"nofollow\">profesores de formaci\u00f3n vial<\/a>. Tambi\u00e9n hizo menci\u00f3n a los <strong>Programas de Evaluaci\u00f3n y Acreditaci\u00f3n de Competencias (PEAC)<\/strong>, de manera que las personas que ya llevan a\u00f1os ejerciendo la profesi\u00f3n de profesor de formaci\u00f3n vial pueden convalidar parte de las asignaturas de esta FP.<\/p>\n<p>La jornada dej\u00f3 claro que esta FP no solo forma profesionales, sino agentes de cambio:<\/p>\n<p>&#8216;<strong>Los nuevos titulados est\u00e1n llamados a liderar la transformaci\u00f3n hacia una Movilidad m\u00e1s Segura, Sostenible, Inclusiva y Humana&#8217;.<\/strong><\/p>\n<p class=\"mediakit\"><strong>V\u00eddeos<\/strong><br \/><a href=\"https:\/\/www.youtube.com\/watch?v=Cwx47qjopU0\" target=\"_blank\" class=\"mediakit\" rel=\"noopener\"> Inauguraci\u00f3n de la FP de DAC Docencia como l\u00edder en Movilidad Segura y Sostenible<\/a><\/p>\n<\/div>\n","protected":false},"featured_media":22380,"template":"","meta":{"_acf_changed":false},"acf":[],"yoast_head":"<!-- This site is optimized with the Yoast SEO plugin v22.7 - https:\/\/yoast.com\/wordpress\/plugins\/seo\/ -->\n<title>DAC Docencia lidera la FP en Movilidad Segura Sostenible con m\u00e1s de 400 alumnos y cifras hist\u00f3ricas - Blog Club del Emprendimiento<\/title>\n<meta name=\"robots\" content=\"index, follow, max-snippet:-1, max-image-preview:large, max-video-preview:-1\" \/>\n<link rel=\"canonical\" href=\"https:\/\/www.clubdelemprendimiento.com\/blog\/noticia-corporativa\/dac-docencia-lidera-la-fp-en-movilidad-segura-sostenible-con-mas-de-400-alumnos-y-cifras-historicas\/\" \/>\n<meta property=\"og:locale\" content=\"es_ES\" \/>\n<meta property=\"og:type\" content=\"article\" \/>\n<meta property=\"og:title\" content=\"DAC Docencia lidera la FP en Movilidad Segura Sostenible con m\u00e1s de 400 alumnos y cifras hist\u00f3ricas - Blog Club del Emprendimiento\" \/>\n<meta property=\"og:description\" content=\"Seg\u00fan datos del Ministerio de Educaci\u00f3n y Formaci\u00f3n Profesional, el Instituto AT-DAC vuelve a&hellip;\" \/>\n<meta property=\"og:url\" content=\"https:\/\/www.clubdelemprendimiento.com\/blog\/noticia-corporativa\/dac-docencia-lidera-la-fp-en-movilidad-segura-sostenible-con-mas-de-400-alumnos-y-cifras-historicas\/\" \/>\n<meta property=\"og:site_name\" content=\"Blog Club del Emprendimiento\" \/>\n<meta property=\"og:image\" content=\"https:\/\/www.clubdelemprendimiento.com\/blog\/wp-content\/uploads\/2025\/10\/IMG_2155.jpg\" \/>\n<meta name=\"twitter:card\" content=\"summary_large_image\" \/>\n<meta name=\"twitter:label1\" content=\"Tiempo de lectura\" \/>\n\t<meta name=\"twitter:data1\" content=\"3 minutos\" \/>\n<script type=\"application\/ld+json\" class=\"yoast-schema-graph\">{\"@context\":\"https:\/\/schema.org\",\"@graph\":[{\"@type\":\"WebPage\",\"@id\":\"https:\/\/www.clubdelemprendimiento.com\/blog\/noticia-corporativa\/dac-docencia-lidera-la-fp-en-movilidad-segura-sostenible-con-mas-de-400-alumnos-y-cifras-historicas\/\",\"url\":\"https:\/\/www.clubdelemprendimiento.com\/blog\/noticia-corporativa\/dac-docencia-lidera-la-fp-en-movilidad-segura-sostenible-con-mas-de-400-alumnos-y-cifras-historicas\/\",\"name\":\"DAC Docencia lidera la FP en Movilidad Segura Sostenible con m\u00e1s de 400 alumnos y cifras hist\u00f3ricas - Blog Club del Emprendimiento\",\"isPartOf\":{\"@id\":\"https:\/\/www.clubdelemprendimiento.com\/blog\/#website\"},\"primaryImageOfPage\":{\"@id\":\"https:\/\/www.clubdelemprendimiento.com\/blog\/noticia-corporativa\/dac-docencia-lidera-la-fp-en-movilidad-segura-sostenible-con-mas-de-400-alumnos-y-cifras-historicas\/#primaryimage\"},\"image\":{\"@id\":\"https:\/\/www.clubdelemprendimiento.com\/blog\/noticia-corporativa\/dac-docencia-lidera-la-fp-en-movilidad-segura-sostenible-con-mas-de-400-alumnos-y-cifras-historicas\/#primaryimage\"},\"thumbnailUrl\":\"https:\/\/www.clubdelemprendimiento.com\/blog\/wp-content\/uploads\/2025\/10\/IMG_2155.jpg\",\"datePublished\":\"2025-10-08T14:04:47+00:00\",\"dateModified\":\"2025-10-08T14:04:47+00:00\",\"breadcrumb\":{\"@id\":\"https:\/\/www.clubdelemprendimiento.com\/blog\/noticia-corporativa\/dac-docencia-lidera-la-fp-en-movilidad-segura-sostenible-con-mas-de-400-alumnos-y-cifras-historicas\/#breadcrumb\"},\"inLanguage\":\"es\",\"potentialAction\":[{\"@type\":\"ReadAction\",\"target\":[\"https:\/\/www.clubdelemprendimiento.com\/blog\/noticia-corporativa\/dac-docencia-lidera-la-fp-en-movilidad-segura-sostenible-con-mas-de-400-alumnos-y-cifras-historicas\/\"]}]},{\"@type\":\"ImageObject\",\"inLanguage\":\"es\",\"@id\":\"https:\/\/www.clubdelemprendimiento.com\/blog\/noticia-corporativa\/dac-docencia-lidera-la-fp-en-movilidad-segura-sostenible-con-mas-de-400-alumnos-y-cifras-historicas\/#primaryimage\",\"url\":\"https:\/\/www.clubdelemprendimiento.com\/blog\/wp-content\/uploads\/2025\/10\/IMG_2155.jpg\",\"contentUrl\":\"https:\/\/www.clubdelemprendimiento.com\/blog\/wp-content\/uploads\/2025\/10\/IMG_2155.jpg\",\"width\":2556,\"height\":1179},{\"@type\":\"BreadcrumbList\",\"@id\":\"https:\/\/www.clubdelemprendimiento.com\/blog\/noticia-corporativa\/dac-docencia-lidera-la-fp-en-movilidad-segura-sostenible-con-mas-de-400-alumnos-y-cifras-historicas\/#breadcrumb\",\"itemListElement\":[{\"@type\":\"ListItem\",\"position\":1,\"name\":\"Home\",\"item\":\"https:\/\/www.clubdelemprendimiento.com\/blog\/\"},{\"@type\":\"ListItem\",\"position\":2,\"name\":\"Noticias Corporativas\",\"item\":\"https:\/\/www.clubdelemprendimiento.com\/blog\/noticias-corporativas\/\"},{\"@type\":\"ListItem\",\"position\":3,\"name\":\"DAC Docencia lidera la FP en Movilidad Segura Sostenible con m\u00e1s de 400 alumnos y cifras hist\u00f3ricas\"}]},{\"@type\":\"WebSite\",\"@id\":\"https:\/\/www.clubdelemprendimiento.com\/blog\/#website\",\"url\":\"https:\/\/www.clubdelemprendimiento.com\/blog\/\",\"name\":\"Blog Club del Emprendimiento\",\"description\":\"\",\"potentialAction\":[{\"@type\":\"SearchAction\",\"target\":{\"@type\":\"EntryPoint\",\"urlTemplate\":\"https:\/\/www.clubdelemprendimiento.com\/blog\/?s={search_term_string}\"},\"query-input\":\"required name=search_term_string\"}],\"inLanguage\":\"es\"}]}<\/script>\n<!-- \/ Yoast SEO plugin. -->","yoast_head_json":{"title":"DAC Docencia lidera la FP en Movilidad Segura Sostenible con m\u00e1s de 400 alumnos y cifras hist\u00f3ricas - Blog Club del Emprendimiento","robots":{"index":"index","follow":"follow","max-snippet":"max-snippet:-1","max-image-preview":"max-image-preview:large","max-video-preview":"max-video-preview:-1"},"canonical":"https:\/\/www.clubdelemprendimiento.com\/blog\/noticia-corporativa\/dac-docencia-lidera-la-fp-en-movilidad-segura-sostenible-con-mas-de-400-alumnos-y-cifras-historicas\/","og_locale":"es_ES","og_type":"article","og_title":"DAC Docencia lidera la FP en Movilidad Segura Sostenible con m\u00e1s de 400 alumnos y cifras hist\u00f3ricas - Blog Club del Emprendimiento","og_description":"Seg\u00fan datos del Ministerio de Educaci\u00f3n y Formaci\u00f3n Profesional, el Instituto AT-DAC vuelve a&hellip;","og_url":"https:\/\/www.clubdelemprendimiento.com\/blog\/noticia-corporativa\/dac-docencia-lidera-la-fp-en-movilidad-segura-sostenible-con-mas-de-400-alumnos-y-cifras-historicas\/","og_site_name":"Blog Club del Emprendimiento","og_image":[{"url":"https:\/\/www.clubdelemprendimiento.com\/blog\/wp-content\/uploads\/2025\/10\/IMG_2155.jpg"}],"twitter_card":"summary_large_image","twitter_misc":{"Tiempo de lectura":"3 minutos"},"schema":{"@context":"https:\/\/schema.org","@graph":[{"@type":"WebPage","@id":"https:\/\/www.clubdelemprendimiento.com\/blog\/noticia-corporativa\/dac-docencia-lidera-la-fp-en-movilidad-segura-sostenible-con-mas-de-400-alumnos-y-cifras-historicas\/","url":"https:\/\/www.clubdelemprendimiento.com\/blog\/noticia-corporativa\/dac-docencia-lidera-la-fp-en-movilidad-segura-sostenible-con-mas-de-400-alumnos-y-cifras-historicas\/","name":"DAC Docencia lidera la FP en Movilidad Segura Sostenible con m\u00e1s de 400 alumnos y cifras hist\u00f3ricas - Blog Club del Emprendimiento","isPartOf":{"@id":"https:\/\/www.clubdelemprendimiento.com\/blog\/#website"},"primaryImageOfPage":{"@id":"https:\/\/www.clubdelemprendimiento.com\/blog\/noticia-corporativa\/dac-docencia-lidera-la-fp-en-movilidad-segura-sostenible-con-mas-de-400-alumnos-y-cifras-historicas\/#primaryimage"},"image":{"@id":"https:\/\/www.clubdelemprendimiento.com\/blog\/noticia-corporativa\/dac-docencia-lidera-la-fp-en-movilidad-segura-sostenible-con-mas-de-400-alumnos-y-cifras-historicas\/#primaryimage"},"thumbnailUrl":"https:\/\/www.clubdelemprendimiento.com\/blog\/wp-content\/uploads\/2025\/10\/IMG_2155.jpg","datePublished":"2025-10-08T14:04:47+00:00","dateModified":"2025-10-08T14:04:47+00:00","breadcrumb":{"@id":"https:\/\/www.clubdelemprendimiento.com\/blog\/noticia-corporativa\/dac-docencia-lidera-la-fp-en-movilidad-segura-sostenible-con-mas-de-400-alumnos-y-cifras-historicas\/#breadcrumb"},"inLanguage":"es","potentialAction":[{"@type":"ReadAction","target":["https:\/\/www.clubdelemprendimiento.com\/blog\/noticia-corporativa\/dac-docencia-lidera-la-fp-en-movilidad-segura-sostenible-con-mas-de-400-alumnos-y-cifras-historicas\/"]}]},{"@type":"ImageObject","inLanguage":"es","@id":"https:\/\/www.clubdelemprendimiento.com\/blog\/noticia-corporativa\/dac-docencia-lidera-la-fp-en-movilidad-segura-sostenible-con-mas-de-400-alumnos-y-cifras-historicas\/#primaryimage","url":"https:\/\/www.clubdelemprendimiento.com\/blog\/wp-content\/uploads\/2025\/10\/IMG_2155.jpg","contentUrl":"https:\/\/www.clubdelemprendimiento.com\/blog\/wp-content\/uploads\/2025\/10\/IMG_2155.jpg","width":2556,"height":1179},{"@type":"BreadcrumbList","@id":"https:\/\/www.clubdelemprendimiento.com\/blog\/noticia-corporativa\/dac-docencia-lidera-la-fp-en-movilidad-segura-sostenible-con-mas-de-400-alumnos-y-cifras-historicas\/#breadcrumb","itemListElement":[{"@type":"ListItem","position":1,"name":"Home","item":"https:\/\/www.clubdelemprendimiento.com\/blog\/"},{"@type":"ListItem","position":2,"name":"Noticias Corporativas","item":"https:\/\/www.clubdelemprendimiento.com\/blog\/noticias-corporativas\/"},{"@type":"ListItem","position":3,"name":"DAC Docencia lidera la FP en Movilidad Segura Sostenible con m\u00e1s de 400 alumnos y cifras hist\u00f3ricas"}]},{"@type":"WebSite","@id":"https:\/\/www.clubdelemprendimiento.com\/blog\/#website","url":"https:\/\/www.clubdelemprendimiento.com\/blog\/","name":"Blog Club del Emprendimiento","description":"","potentialAction":[{"@type":"SearchAction","target":{"@type":"EntryPoint","urlTemplate":"https:\/\/www.clubdelemprendimiento.com\/blog\/?s={search_term_string}"},"query-input":"required name=search_term_string"}],"inLanguage":"es"}]}},"_links":{"self":[{"href":"https:\/\/www.clubdelemprendimiento.com\/blog\/wp-json\/wp\/v2\/noticia-corporativa\/22379"}],"collection":[{"href":"https:\/\/www.clubdelemprendimiento.com\/blog\/wp-json\/wp\/v2\/noticia-corporativa"}],"about":[{"href":"https:\/\/www.clubdelemprendimiento.com\/blog\/wp-json\/wp\/v2\/types\/noticia-corporativa"}],"wp:featuredmedia":[{"embeddable":true,"href":"https:\/\/www.clubdelemprendimiento.com\/blog\/wp-json\/wp\/v2\/media\/22380"}],"wp:attachment":[{"href":"https:\/\/www.clubdelemprendimiento.com\/blog\/wp-json\/wp\/v2\/media?parent=22379"}],"curies":[{"name":"wp","href":"https:\/\/api.w.org\/{rel}","templated":true}]}}