{"id":22374,"date":"2025-10-08T13:04:36","date_gmt":"2025-10-08T13:04:36","guid":{"rendered":"https:\/\/www.clubdelemprendimiento.com\/blog\/noticia-corporativa\/el-47-de-los-autonomos-encuestados-por-legalitas-negocios-desconoce-el-sistema-de-facturacion-obligatorio\/"},"modified":"2025-10-08T13:04:36","modified_gmt":"2025-10-08T13:04:36","slug":"el-47-de-los-autonomos-encuestados-por-legalitas-negocios-desconoce-el-sistema-de-facturacion-obligatorio","status":"publish","type":"noticia-corporativa","link":"https:\/\/www.clubdelemprendimiento.com\/blog\/noticia-corporativa\/el-47-de-los-autonomos-encuestados-por-legalitas-negocios-desconoce-el-sistema-de-facturacion-obligatorio\/","title":{"rendered":"El 47% de los aut\u00f3nomos encuestados por Leg\u00e1litas Negocios desconoce el sistema de facturaci\u00f3n obligatorio"},"content":{"rendered":"<div>\n<p>Veri*Factu es el conjunto de requisitos t\u00e9cnicos que deben cumplir obligatoriamente los programas inform\u00e1ticos de facturaci\u00f3n en 2026 y, si no se implanta a tiempo, los aut\u00f3nomos podr\u00edan enfrentarse a sanciones econ\u00f3micas de hasta 50.000 euros por ejercicio fiscal. El an\u00e1lisis realizado por Leg\u00e1litas Negocios revela, adem\u00e1s, que un 25,4% no lo ha implementado porque considera que a\u00fan hay tiempo<\/p>\n<p><\/p>\n<p>A pocos meses de la entrada en vigor de Veri*Factu, el nuevo sistema de facturaci\u00f3n electr\u00f3nica promovido por la\u00a0 AEAT (Agencia Tributaria), casi la mitad de los aut\u00f3nomos y pymes espa\u00f1olas (un 47,3%) a\u00fan desconoce su existencia o su fecha de obligatoriedad, seg\u00fan una encuesta realizada por Leg\u00e1litas Negocios a trav\u00e9s de sus perfiles en redes sociales en la que han participado m\u00e1s de 1.600 emprendedores.<\/p>\n<p>De acuerdo con la normativa, el uso de Veri*Factu ser\u00e1 obligatorio a partir del 1 de enero de 2026 para las sociedades limitadas, sociedades an\u00f3nimas o cualquier otra forma societaria, que cumpla con los requisitos. A partir del 1 de julio del mismo a\u00f1o, la obligaci\u00f3n se extiende a los trabajadores aut\u00f3nomos. Su incumplimiento y no implantaci\u00f3n podr\u00eda acarrear sanciones de hasta 50.000 euros por ejercicio fiscal.<\/p>\n<p>Asimismo, a pesar de que la infraestructura t\u00e9cnica que permite la emisi\u00f3n y validaci\u00f3n de facturas en tiempo real ya se encuentra plenamente operativa y no es necesario esperar a las fechas l\u00edmite para su implementaci\u00f3n, un 25,4% de los encuestados reconoce no haber iniciado todav\u00eda el proceso, confiando en que \u00aba\u00fan hay tiempo\u00bb.<\/p>\n<p>Solo un 27,4% de los empresarios consultados afirma conocer y estar implantando Veri*Factu, lo que evidencia el desconocimiento generalizado y la falta de preparaci\u00f3n del sector ante una reforma que cambiar\u00e1 el modo de emitir y comunicar facturas a la Agencia Tributaria en tiempo real.<\/p>\n<p><strong>\u00bfQu\u00e9 es Veri*Factu?<\/strong><br \/>\nEs el t\u00e9rmino coloquial para referirse a los requisitos t\u00e9cnicos que deben cumplir los programas inform\u00e1ticos de facturaci\u00f3n que utilicen las pymes y los aut\u00f3nomos para que sus facturas emitidas sean consideradas v\u00e1lidas por la Agencia Tributaria (AEAT).<\/p>\n<p>Su implementaci\u00f3n tiene como objetivo principal combatir el fraude fiscal y digitalizar los procesos de facturaci\u00f3n de empresas y aut\u00f3nomos. Por lo que, con Veri*Factu se busca garantizar la transparencia y trazabilidad de las facturas emitidas, garantizando que sean registradas de forma inmediata y segura, que puedan ser verificadas por Hacienda en tiempo real y que no puedan ser alteradas ni eliminadas sin dejar rastro.<\/p>\n<p><strong>\u00bfPara qui\u00e9nes ser\u00e1 obligatorio?<\/strong><br \/>\nCon car\u00e1cter general, est\u00e1n obligados a implementar Veri*Factu aquellas empresas o aut\u00f3nomos que, estando establecidos en territorio espa\u00f1ol, vengan obligados a expedir facturas, incluyendo facturas simplificadas, utilicen sistemas inform\u00e1ticos de facturaci\u00f3n y cumplan las siguientes condiciones:<\/p>\n<ul>\n<li>Que no facturen exclusivamente de forma manual.<\/li>\n<li>Que no est\u00e9n adscritos, de forma obligatoria o voluntaria, a las exigencias del Suministro Inmediato de Informaci\u00f3n (SII).<\/li>\n<li>Que no tengan su domicilio fiscal en la Comunidad Aut\u00f3noma del Pa\u00eds Vasco o de la Comunidad Foral de Navarra.<\/li>\n<li>Que no dispongan de alguna resoluci\u00f3n en vigor de no aplicaci\u00f3n que les exima de cumplir con Veri*Factu.<\/li>\n<\/ul>\n<p><strong>Sanciones por la no adaptaci\u00f3n<\/strong><br \/>\nAquella empresa, sociedad o persona que no implemente Veri*Factu a tiempo podr\u00eda enfrentarse a sanciones econ\u00f3micas de hasta 50.000 euros por ejercicio fiscal. Llegando a los 150.000 euros si se desarrollan o se distribuyen programas ilegales. Adem\u00e1s de los problemas fiscales que puedan generarse, dado que la Agencia Tributaria podr\u00eda intensificar los controles sobre quienes no se adapten.<\/p>\n<p>Asimismo, desde el punto de vista operativo y reputacional, podr\u00eda suponer un rechazo de facturas y retrasos en los cobros, especialmente si se trabaja con grandes empresas que exigen cumplimiento normativo; dificultades en la gesti\u00f3n diaria, ya que un software no adaptado puede generar errores o incompatibilidades; y desconfianza en el negocio, pues no cumplir con la normativa puede afectar la imagen del propio negocio.<\/p>\n<\/div>\n","protected":false},"featured_media":0,"template":"","meta":{"_acf_changed":false},"acf":[],"yoast_head":"<!-- This site is optimized with the Yoast SEO plugin v22.7 - https:\/\/yoast.com\/wordpress\/plugins\/seo\/ -->\n<title>El 47% de los aut\u00f3nomos encuestados por Leg\u00e1litas Negocios desconoce el sistema de facturaci\u00f3n obligatorio - Blog Club del Emprendimiento<\/title>\n<meta name=\"robots\" content=\"index, follow, max-snippet:-1, max-image-preview:large, max-video-preview:-1\" \/>\n<link rel=\"canonical\" href=\"https:\/\/www.clubdelemprendimiento.com\/blog\/noticia-corporativa\/el-47-de-los-autonomos-encuestados-por-legalitas-negocios-desconoce-el-sistema-de-facturacion-obligatorio\/\" \/>\n<meta property=\"og:locale\" content=\"es_ES\" \/>\n<meta property=\"og:type\" content=\"article\" \/>\n<meta property=\"og:title\" content=\"El 47% de los aut\u00f3nomos encuestados por Leg\u00e1litas Negocios desconoce el sistema de facturaci\u00f3n obligatorio - Blog Club del Emprendimiento\" \/>\n<meta property=\"og:description\" content=\"Veri*Factu es el conjunto de requisitos t\u00e9cnicos que deben cumplir obligatoriamente los programas inform\u00e1ticos&hellip;\" \/>\n<meta property=\"og:url\" content=\"https:\/\/www.clubdelemprendimiento.com\/blog\/noticia-corporativa\/el-47-de-los-autonomos-encuestados-por-legalitas-negocios-desconoce-el-sistema-de-facturacion-obligatorio\/\" \/>\n<meta property=\"og:site_name\" content=\"Blog Club del Emprendimiento\" \/>\n<meta name=\"twitter:card\" content=\"summary_large_image\" \/>\n<meta name=\"twitter:label1\" content=\"Tiempo de lectura\" \/>\n\t<meta name=\"twitter:data1\" content=\"3 minutos\" \/>\n<script type=\"application\/ld+json\" class=\"yoast-schema-graph\">{\"@context\":\"https:\/\/schema.org\",\"@graph\":[{\"@type\":\"WebPage\",\"@id\":\"https:\/\/www.clubdelemprendimiento.com\/blog\/noticia-corporativa\/el-47-de-los-autonomos-encuestados-por-legalitas-negocios-desconoce-el-sistema-de-facturacion-obligatorio\/\",\"url\":\"https:\/\/www.clubdelemprendimiento.com\/blog\/noticia-corporativa\/el-47-de-los-autonomos-encuestados-por-legalitas-negocios-desconoce-el-sistema-de-facturacion-obligatorio\/\",\"name\":\"El 47% de los aut\u00f3nomos encuestados por Leg\u00e1litas Negocios desconoce el sistema de facturaci\u00f3n obligatorio - Blog Club del Emprendimiento\",\"isPartOf\":{\"@id\":\"https:\/\/www.clubdelemprendimiento.com\/blog\/#website\"},\"datePublished\":\"2025-10-08T13:04:36+00:00\",\"dateModified\":\"2025-10-08T13:04:36+00:00\",\"breadcrumb\":{\"@id\":\"https:\/\/www.clubdelemprendimiento.com\/blog\/noticia-corporativa\/el-47-de-los-autonomos-encuestados-por-legalitas-negocios-desconoce-el-sistema-de-facturacion-obligatorio\/#breadcrumb\"},\"inLanguage\":\"es\",\"potentialAction\":[{\"@type\":\"ReadAction\",\"target\":[\"https:\/\/www.clubdelemprendimiento.com\/blog\/noticia-corporativa\/el-47-de-los-autonomos-encuestados-por-legalitas-negocios-desconoce-el-sistema-de-facturacion-obligatorio\/\"]}]},{\"@type\":\"BreadcrumbList\",\"@id\":\"https:\/\/www.clubdelemprendimiento.com\/blog\/noticia-corporativa\/el-47-de-los-autonomos-encuestados-por-legalitas-negocios-desconoce-el-sistema-de-facturacion-obligatorio\/#breadcrumb\",\"itemListElement\":[{\"@type\":\"ListItem\",\"position\":1,\"name\":\"Home\",\"item\":\"https:\/\/www.clubdelemprendimiento.com\/blog\/\"},{\"@type\":\"ListItem\",\"position\":2,\"name\":\"Noticias Corporativas\",\"item\":\"https:\/\/www.clubdelemprendimiento.com\/blog\/noticias-corporativas\/\"},{\"@type\":\"ListItem\",\"position\":3,\"name\":\"El 47% de los aut\u00f3nomos encuestados por Leg\u00e1litas Negocios desconoce el sistema de facturaci\u00f3n obligatorio\"}]},{\"@type\":\"WebSite\",\"@id\":\"https:\/\/www.clubdelemprendimiento.com\/blog\/#website\",\"url\":\"https:\/\/www.clubdelemprendimiento.com\/blog\/\",\"name\":\"Blog Club del Emprendimiento\",\"description\":\"\",\"potentialAction\":[{\"@type\":\"SearchAction\",\"target\":{\"@type\":\"EntryPoint\",\"urlTemplate\":\"https:\/\/www.clubdelemprendimiento.com\/blog\/?s={search_term_string}\"},\"query-input\":\"required name=search_term_string\"}],\"inLanguage\":\"es\"}]}<\/script>\n<!-- \/ Yoast SEO plugin. -->","yoast_head_json":{"title":"El 47% de los aut\u00f3nomos encuestados por Leg\u00e1litas Negocios desconoce el sistema de facturaci\u00f3n obligatorio - Blog Club del Emprendimiento","robots":{"index":"index","follow":"follow","max-snippet":"max-snippet:-1","max-image-preview":"max-image-preview:large","max-video-preview":"max-video-preview:-1"},"canonical":"https:\/\/www.clubdelemprendimiento.com\/blog\/noticia-corporativa\/el-47-de-los-autonomos-encuestados-por-legalitas-negocios-desconoce-el-sistema-de-facturacion-obligatorio\/","og_locale":"es_ES","og_type":"article","og_title":"El 47% de los aut\u00f3nomos encuestados por Leg\u00e1litas Negocios desconoce el sistema de facturaci\u00f3n obligatorio - Blog Club del Emprendimiento","og_description":"Veri*Factu es el conjunto de requisitos t\u00e9cnicos que deben cumplir obligatoriamente los programas inform\u00e1ticos&hellip;","og_url":"https:\/\/www.clubdelemprendimiento.com\/blog\/noticia-corporativa\/el-47-de-los-autonomos-encuestados-por-legalitas-negocios-desconoce-el-sistema-de-facturacion-obligatorio\/","og_site_name":"Blog Club del Emprendimiento","twitter_card":"summary_large_image","twitter_misc":{"Tiempo de lectura":"3 minutos"},"schema":{"@context":"https:\/\/schema.org","@graph":[{"@type":"WebPage","@id":"https:\/\/www.clubdelemprendimiento.com\/blog\/noticia-corporativa\/el-47-de-los-autonomos-encuestados-por-legalitas-negocios-desconoce-el-sistema-de-facturacion-obligatorio\/","url":"https:\/\/www.clubdelemprendimiento.com\/blog\/noticia-corporativa\/el-47-de-los-autonomos-encuestados-por-legalitas-negocios-desconoce-el-sistema-de-facturacion-obligatorio\/","name":"El 47% de los aut\u00f3nomos encuestados por Leg\u00e1litas Negocios desconoce el sistema de facturaci\u00f3n obligatorio - Blog Club del Emprendimiento","isPartOf":{"@id":"https:\/\/www.clubdelemprendimiento.com\/blog\/#website"},"datePublished":"2025-10-08T13:04:36+00:00","dateModified":"2025-10-08T13:04:36+00:00","breadcrumb":{"@id":"https:\/\/www.clubdelemprendimiento.com\/blog\/noticia-corporativa\/el-47-de-los-autonomos-encuestados-por-legalitas-negocios-desconoce-el-sistema-de-facturacion-obligatorio\/#breadcrumb"},"inLanguage":"es","potentialAction":[{"@type":"ReadAction","target":["https:\/\/www.clubdelemprendimiento.com\/blog\/noticia-corporativa\/el-47-de-los-autonomos-encuestados-por-legalitas-negocios-desconoce-el-sistema-de-facturacion-obligatorio\/"]}]},{"@type":"BreadcrumbList","@id":"https:\/\/www.clubdelemprendimiento.com\/blog\/noticia-corporativa\/el-47-de-los-autonomos-encuestados-por-legalitas-negocios-desconoce-el-sistema-de-facturacion-obligatorio\/#breadcrumb","itemListElement":[{"@type":"ListItem","position":1,"name":"Home","item":"https:\/\/www.clubdelemprendimiento.com\/blog\/"},{"@type":"ListItem","position":2,"name":"Noticias Corporativas","item":"https:\/\/www.clubdelemprendimiento.com\/blog\/noticias-corporativas\/"},{"@type":"ListItem","position":3,"name":"El 47% de los aut\u00f3nomos encuestados por Leg\u00e1litas Negocios desconoce el sistema de facturaci\u00f3n obligatorio"}]},{"@type":"WebSite","@id":"https:\/\/www.clubdelemprendimiento.com\/blog\/#website","url":"https:\/\/www.clubdelemprendimiento.com\/blog\/","name":"Blog Club del Emprendimiento","description":"","potentialAction":[{"@type":"SearchAction","target":{"@type":"EntryPoint","urlTemplate":"https:\/\/www.clubdelemprendimiento.com\/blog\/?s={search_term_string}"},"query-input":"required name=search_term_string"}],"inLanguage":"es"}]}},"_links":{"self":[{"href":"https:\/\/www.clubdelemprendimiento.com\/blog\/wp-json\/wp\/v2\/noticia-corporativa\/22374"}],"collection":[{"href":"https:\/\/www.clubdelemprendimiento.com\/blog\/wp-json\/wp\/v2\/noticia-corporativa"}],"about":[{"href":"https:\/\/www.clubdelemprendimiento.com\/blog\/wp-json\/wp\/v2\/types\/noticia-corporativa"}],"wp:attachment":[{"href":"https:\/\/www.clubdelemprendimiento.com\/blog\/wp-json\/wp\/v2\/media?parent=22374"}],"curies":[{"name":"wp","href":"https:\/\/api.w.org\/{rel}","templated":true}]}}