{"id":22372,"date":"2025-10-08T13:04:35","date_gmt":"2025-10-08T13:04:35","guid":{"rendered":"https:\/\/www.clubdelemprendimiento.com\/blog\/noticia-corporativa\/20-anos-de-dxc-technology-en-aviles-consolidando-asturias-como-polo-tecnologico-de-referencia-mundial\/"},"modified":"2025-10-08T13:04:35","modified_gmt":"2025-10-08T13:04:35","slug":"20-anos-de-dxc-technology-en-aviles-consolidando-asturias-como-polo-tecnologico-de-referencia-mundial","status":"publish","type":"noticia-corporativa","link":"https:\/\/www.clubdelemprendimiento.com\/blog\/noticia-corporativa\/20-anos-de-dxc-technology-en-aviles-consolidando-asturias-como-polo-tecnologico-de-referencia-mundial\/","title":{"rendered":"20 a\u00f1os de DXC Technology en Avil\u00e9s, consolidando Asturias como polo tecnol\u00f3gico de referencia mundial"},"content":{"rendered":"<div>\n<p><a href=\"https:\/\/www.clubdelemprendimiento.com\/blog\/wp-content\/uploads\/2025\/10\/DXC_Aviles_2.jpg\" target=\"_blank\" class=\"fotonota\" rel=\"noopener\"> <img decoding=\"async\" src=\"https:\/\/www.clubdelemprendimiento.com\/blog\/wp-content\/uploads\/2025\/10\/DXC_Aviles_2.jpg\" style=\"max-width:600px;\" border=\"0\" class=\"postImage\" alt=\"\"><\/a><\/p>\n<p>El centro ha pasado de 150 empleados en sus inicios a m\u00e1s de 1.000 profesionales en la actualidad<\/p>\n<p><\/p>\n<p>DXC Technology celebr\u00f3 su 20\u00ba aniversario de sus oficinas en Avil\u00e9s, un evento que reuni\u00f3 a numerosas personalidades del \u00e1mbito institucional, empresarial, acad\u00e9mico y sindical, consolidando la importancia de este centro como motor de empleo, innovaci\u00f3n y desarrollo tecnol\u00f3gico en Asturias.<\/p>\n<p>Entre los asistentes destacaron el Presidente y la Vicepresidenta del Principado de Asturias, la Alcaldesa de Avil\u00e9s, as\u00ed como autoridades, representantes de la Universidad y centros de formaci\u00f3n asturianos, junto con responsables de empresas locales y multinacionales afincadas en la regi\u00f3n, que quisieron acompa\u00f1ar a DXC en una fecha tan se\u00f1alada para la compa\u00f1\u00eda y para la regi\u00f3n.<\/p>\n<p>Desde su inauguraci\u00f3n en 2004, el centro de Avil\u00e9s ha experimentado un crecimiento exponencial, pasando de 150 empleados a m\u00e1s de 1.000 profesionales que hoy desarrollan proyectos de alto valor a\u00f1adido. Estas instalaciones se han convertido en un referente nacional e internacional en servicios tecnol\u00f3gicos, especializ\u00e1ndose en \u00e1reas clave como la gesti\u00f3n de infraestructuras cr\u00edticas, la modernizaci\u00f3n de sistemas y el desarrollo de aplicaciones inteligentes.<s> <\/s><\/p>\n<p>DXC mantiene desde Avil\u00e9s una estrecha colaboraci\u00f3n con la Administraci\u00f3n P\u00fablica, liderando proyectos de modernizaci\u00f3n digital que contribuyen a la eficiencia de los servicios p\u00fablicos, as\u00ed como con compa\u00f1\u00edas privadas de sectores estrat\u00e9gicos que apuestan por la innovaci\u00f3n como motor de competitividad.<\/p>\n<p>\u00abEl aniversario de nuestro centro en Asturias es un motivo de orgullo y un ejemplo de lo que somos capaces de construir trabajando juntos: instituciones, empresas, universidades y sociedad\u00bb, se\u00f1al\u00f3 <strong>Alfonso Garc\u00eda Muriel, presidente de DXC Technology en Espa\u00f1a<\/strong>. \u00abEstos 20 a\u00f1os nos han permitido crecer, consolidar talento y demostrar que Asturias puede ser un polo tecnol\u00f3gico de referencia a nivel global. Y lo m\u00e1s importante: seguimos mirando hacia el futuro con la ambici\u00f3n de seguir generando oportunidades y valor para la regi\u00f3n\u00bb.<\/p>\n<p>El centro tambi\u00e9n mantiene un fuerte v\u00ednculo con el entorno local a trav\u00e9s de acuerdos con universidades y centros de formaci\u00f3n, que permiten incorporar a j\u00f3venes talentos al mercado laboral en el \u00e1mbito tecnol\u00f3gico. Programas de pr\u00e1cticas, iniciativas de formaci\u00f3n dual y convenios de colaboraci\u00f3n son parte de la estrategia de DXC para garantizar un flujo continuo de profesionales cualificados en Asturias.<\/p>\n<p>La celebraci\u00f3n del 20\u00ba aniversario sirvi\u00f3 no solo para repasar la trayectoria de la compa\u00f1\u00eda en la regi\u00f3n, sino tambi\u00e9n para poner en valor su papel en el impulso econ\u00f3mico y en la creaci\u00f3n de un ecosistema innovador en Avil\u00e9s y en todo el Principado.<\/p>\n<p>Consolidada como una de las compa\u00f1\u00edas tecnol\u00f3gicas l\u00edderes en Espa\u00f1a, DXC reafirma con este aniversario su compromiso de largo plazo con Asturias, con la intenci\u00f3n de seguir creciendo y contribuyendo al desarrollo digital de empresas e instituciones desde su hub en Avil\u00e9s.<\/p>\n<\/div>\n","protected":false},"featured_media":22373,"template":"","meta":{"_acf_changed":false},"acf":[],"yoast_head":"<!-- This site is optimized with the Yoast SEO plugin v22.7 - https:\/\/yoast.com\/wordpress\/plugins\/seo\/ -->\n<title>20 a\u00f1os de DXC Technology en Avil\u00e9s, consolidando Asturias como polo tecnol\u00f3gico de referencia mundial - Blog Club del Emprendimiento<\/title>\n<meta name=\"robots\" content=\"index, follow, max-snippet:-1, max-image-preview:large, max-video-preview:-1\" \/>\n<link rel=\"canonical\" href=\"https:\/\/www.clubdelemprendimiento.com\/blog\/noticia-corporativa\/20-anos-de-dxc-technology-en-aviles-consolidando-asturias-como-polo-tecnologico-de-referencia-mundial\/\" \/>\n<meta property=\"og:locale\" content=\"es_ES\" \/>\n<meta property=\"og:type\" content=\"article\" \/>\n<meta property=\"og:title\" content=\"20 a\u00f1os de DXC Technology en Avil\u00e9s, consolidando Asturias como polo tecnol\u00f3gico de referencia mundial - Blog Club del Emprendimiento\" \/>\n<meta property=\"og:description\" content=\"El centro ha pasado de 150 empleados en sus inicios a m\u00e1s de 1.000&hellip;\" \/>\n<meta property=\"og:url\" content=\"https:\/\/www.clubdelemprendimiento.com\/blog\/noticia-corporativa\/20-anos-de-dxc-technology-en-aviles-consolidando-asturias-como-polo-tecnologico-de-referencia-mundial\/\" \/>\n<meta property=\"og:site_name\" content=\"Blog Club del Emprendimiento\" \/>\n<meta property=\"og:image\" content=\"https:\/\/www.clubdelemprendimiento.com\/blog\/wp-content\/uploads\/2025\/10\/DXC_Aviles_2.jpg\" \/>\n<meta name=\"twitter:card\" content=\"summary_large_image\" \/>\n<meta name=\"twitter:label1\" content=\"Tiempo de lectura\" \/>\n\t<meta name=\"twitter:data1\" content=\"3 minutos\" \/>\n<script type=\"application\/ld+json\" class=\"yoast-schema-graph\">{\"@context\":\"https:\/\/schema.org\",\"@graph\":[{\"@type\":\"WebPage\",\"@id\":\"https:\/\/www.clubdelemprendimiento.com\/blog\/noticia-corporativa\/20-anos-de-dxc-technology-en-aviles-consolidando-asturias-como-polo-tecnologico-de-referencia-mundial\/\",\"url\":\"https:\/\/www.clubdelemprendimiento.com\/blog\/noticia-corporativa\/20-anos-de-dxc-technology-en-aviles-consolidando-asturias-como-polo-tecnologico-de-referencia-mundial\/\",\"name\":\"20 a\u00f1os de DXC Technology en Avil\u00e9s, consolidando Asturias como polo tecnol\u00f3gico de referencia mundial - Blog Club del Emprendimiento\",\"isPartOf\":{\"@id\":\"https:\/\/www.clubdelemprendimiento.com\/blog\/#website\"},\"primaryImageOfPage\":{\"@id\":\"https:\/\/www.clubdelemprendimiento.com\/blog\/noticia-corporativa\/20-anos-de-dxc-technology-en-aviles-consolidando-asturias-como-polo-tecnologico-de-referencia-mundial\/#primaryimage\"},\"image\":{\"@id\":\"https:\/\/www.clubdelemprendimiento.com\/blog\/noticia-corporativa\/20-anos-de-dxc-technology-en-aviles-consolidando-asturias-como-polo-tecnologico-de-referencia-mundial\/#primaryimage\"},\"thumbnailUrl\":\"https:\/\/www.clubdelemprendimiento.com\/blog\/wp-content\/uploads\/2025\/10\/DXC_Aviles_2.jpg\",\"datePublished\":\"2025-10-08T13:04:35+00:00\",\"dateModified\":\"2025-10-08T13:04:35+00:00\",\"breadcrumb\":{\"@id\":\"https:\/\/www.clubdelemprendimiento.com\/blog\/noticia-corporativa\/20-anos-de-dxc-technology-en-aviles-consolidando-asturias-como-polo-tecnologico-de-referencia-mundial\/#breadcrumb\"},\"inLanguage\":\"es\",\"potentialAction\":[{\"@type\":\"ReadAction\",\"target\":[\"https:\/\/www.clubdelemprendimiento.com\/blog\/noticia-corporativa\/20-anos-de-dxc-technology-en-aviles-consolidando-asturias-como-polo-tecnologico-de-referencia-mundial\/\"]}]},{\"@type\":\"ImageObject\",\"inLanguage\":\"es\",\"@id\":\"https:\/\/www.clubdelemprendimiento.com\/blog\/noticia-corporativa\/20-anos-de-dxc-technology-en-aviles-consolidando-asturias-como-polo-tecnologico-de-referencia-mundial\/#primaryimage\",\"url\":\"https:\/\/www.clubdelemprendimiento.com\/blog\/wp-content\/uploads\/2025\/10\/DXC_Aviles_2.jpg\",\"contentUrl\":\"https:\/\/www.clubdelemprendimiento.com\/blog\/wp-content\/uploads\/2025\/10\/DXC_Aviles_2.jpg\",\"width\":2000,\"height\":1333},{\"@type\":\"BreadcrumbList\",\"@id\":\"https:\/\/www.clubdelemprendimiento.com\/blog\/noticia-corporativa\/20-anos-de-dxc-technology-en-aviles-consolidando-asturias-como-polo-tecnologico-de-referencia-mundial\/#breadcrumb\",\"itemListElement\":[{\"@type\":\"ListItem\",\"position\":1,\"name\":\"Home\",\"item\":\"https:\/\/www.clubdelemprendimiento.com\/blog\/\"},{\"@type\":\"ListItem\",\"position\":2,\"name\":\"Noticias Corporativas\",\"item\":\"https:\/\/www.clubdelemprendimiento.com\/blog\/noticias-corporativas\/\"},{\"@type\":\"ListItem\",\"position\":3,\"name\":\"20 a\u00f1os de DXC Technology en Avil\u00e9s, consolidando Asturias como polo tecnol\u00f3gico de referencia mundial\"}]},{\"@type\":\"WebSite\",\"@id\":\"https:\/\/www.clubdelemprendimiento.com\/blog\/#website\",\"url\":\"https:\/\/www.clubdelemprendimiento.com\/blog\/\",\"name\":\"Blog Club del Emprendimiento\",\"description\":\"\",\"potentialAction\":[{\"@type\":\"SearchAction\",\"target\":{\"@type\":\"EntryPoint\",\"urlTemplate\":\"https:\/\/www.clubdelemprendimiento.com\/blog\/?s={search_term_string}\"},\"query-input\":\"required name=search_term_string\"}],\"inLanguage\":\"es\"}]}<\/script>\n<!-- \/ Yoast SEO plugin. -->","yoast_head_json":{"title":"20 a\u00f1os de DXC Technology en Avil\u00e9s, consolidando Asturias como polo tecnol\u00f3gico de referencia mundial - Blog Club del Emprendimiento","robots":{"index":"index","follow":"follow","max-snippet":"max-snippet:-1","max-image-preview":"max-image-preview:large","max-video-preview":"max-video-preview:-1"},"canonical":"https:\/\/www.clubdelemprendimiento.com\/blog\/noticia-corporativa\/20-anos-de-dxc-technology-en-aviles-consolidando-asturias-como-polo-tecnologico-de-referencia-mundial\/","og_locale":"es_ES","og_type":"article","og_title":"20 a\u00f1os de DXC Technology en Avil\u00e9s, consolidando Asturias como polo tecnol\u00f3gico de referencia mundial - Blog Club del Emprendimiento","og_description":"El centro ha pasado de 150 empleados en sus inicios a m\u00e1s de 1.000&hellip;","og_url":"https:\/\/www.clubdelemprendimiento.com\/blog\/noticia-corporativa\/20-anos-de-dxc-technology-en-aviles-consolidando-asturias-como-polo-tecnologico-de-referencia-mundial\/","og_site_name":"Blog Club del Emprendimiento","og_image":[{"url":"https:\/\/www.clubdelemprendimiento.com\/blog\/wp-content\/uploads\/2025\/10\/DXC_Aviles_2.jpg"}],"twitter_card":"summary_large_image","twitter_misc":{"Tiempo de lectura":"3 minutos"},"schema":{"@context":"https:\/\/schema.org","@graph":[{"@type":"WebPage","@id":"https:\/\/www.clubdelemprendimiento.com\/blog\/noticia-corporativa\/20-anos-de-dxc-technology-en-aviles-consolidando-asturias-como-polo-tecnologico-de-referencia-mundial\/","url":"https:\/\/www.clubdelemprendimiento.com\/blog\/noticia-corporativa\/20-anos-de-dxc-technology-en-aviles-consolidando-asturias-como-polo-tecnologico-de-referencia-mundial\/","name":"20 a\u00f1os de DXC Technology en Avil\u00e9s, consolidando Asturias como polo tecnol\u00f3gico de referencia mundial - Blog Club del Emprendimiento","isPartOf":{"@id":"https:\/\/www.clubdelemprendimiento.com\/blog\/#website"},"primaryImageOfPage":{"@id":"https:\/\/www.clubdelemprendimiento.com\/blog\/noticia-corporativa\/20-anos-de-dxc-technology-en-aviles-consolidando-asturias-como-polo-tecnologico-de-referencia-mundial\/#primaryimage"},"image":{"@id":"https:\/\/www.clubdelemprendimiento.com\/blog\/noticia-corporativa\/20-anos-de-dxc-technology-en-aviles-consolidando-asturias-como-polo-tecnologico-de-referencia-mundial\/#primaryimage"},"thumbnailUrl":"https:\/\/www.clubdelemprendimiento.com\/blog\/wp-content\/uploads\/2025\/10\/DXC_Aviles_2.jpg","datePublished":"2025-10-08T13:04:35+00:00","dateModified":"2025-10-08T13:04:35+00:00","breadcrumb":{"@id":"https:\/\/www.clubdelemprendimiento.com\/blog\/noticia-corporativa\/20-anos-de-dxc-technology-en-aviles-consolidando-asturias-como-polo-tecnologico-de-referencia-mundial\/#breadcrumb"},"inLanguage":"es","potentialAction":[{"@type":"ReadAction","target":["https:\/\/www.clubdelemprendimiento.com\/blog\/noticia-corporativa\/20-anos-de-dxc-technology-en-aviles-consolidando-asturias-como-polo-tecnologico-de-referencia-mundial\/"]}]},{"@type":"ImageObject","inLanguage":"es","@id":"https:\/\/www.clubdelemprendimiento.com\/blog\/noticia-corporativa\/20-anos-de-dxc-technology-en-aviles-consolidando-asturias-como-polo-tecnologico-de-referencia-mundial\/#primaryimage","url":"https:\/\/www.clubdelemprendimiento.com\/blog\/wp-content\/uploads\/2025\/10\/DXC_Aviles_2.jpg","contentUrl":"https:\/\/www.clubdelemprendimiento.com\/blog\/wp-content\/uploads\/2025\/10\/DXC_Aviles_2.jpg","width":2000,"height":1333},{"@type":"BreadcrumbList","@id":"https:\/\/www.clubdelemprendimiento.com\/blog\/noticia-corporativa\/20-anos-de-dxc-technology-en-aviles-consolidando-asturias-como-polo-tecnologico-de-referencia-mundial\/#breadcrumb","itemListElement":[{"@type":"ListItem","position":1,"name":"Home","item":"https:\/\/www.clubdelemprendimiento.com\/blog\/"},{"@type":"ListItem","position":2,"name":"Noticias Corporativas","item":"https:\/\/www.clubdelemprendimiento.com\/blog\/noticias-corporativas\/"},{"@type":"ListItem","position":3,"name":"20 a\u00f1os de DXC Technology en Avil\u00e9s, consolidando Asturias como polo tecnol\u00f3gico de referencia mundial"}]},{"@type":"WebSite","@id":"https:\/\/www.clubdelemprendimiento.com\/blog\/#website","url":"https:\/\/www.clubdelemprendimiento.com\/blog\/","name":"Blog Club del Emprendimiento","description":"","potentialAction":[{"@type":"SearchAction","target":{"@type":"EntryPoint","urlTemplate":"https:\/\/www.clubdelemprendimiento.com\/blog\/?s={search_term_string}"},"query-input":"required name=search_term_string"}],"inLanguage":"es"}]}},"_links":{"self":[{"href":"https:\/\/www.clubdelemprendimiento.com\/blog\/wp-json\/wp\/v2\/noticia-corporativa\/22372"}],"collection":[{"href":"https:\/\/www.clubdelemprendimiento.com\/blog\/wp-json\/wp\/v2\/noticia-corporativa"}],"about":[{"href":"https:\/\/www.clubdelemprendimiento.com\/blog\/wp-json\/wp\/v2\/types\/noticia-corporativa"}],"wp:featuredmedia":[{"embeddable":true,"href":"https:\/\/www.clubdelemprendimiento.com\/blog\/wp-json\/wp\/v2\/media\/22373"}],"wp:attachment":[{"href":"https:\/\/www.clubdelemprendimiento.com\/blog\/wp-json\/wp\/v2\/media?parent=22372"}],"curies":[{"name":"wp","href":"https:\/\/api.w.org\/{rel}","templated":true}]}}