{"id":22370,"date":"2025-10-08T13:04:29","date_gmt":"2025-10-08T13:04:29","guid":{"rendered":"https:\/\/www.clubdelemprendimiento.com\/blog\/noticia-corporativa\/grupo-prats-servicio-tecnologia-y-compromiso-con-los-opticos-en-el-dia-mundial-de-la-vision\/"},"modified":"2025-10-08T13:04:29","modified_gmt":"2025-10-08T13:04:29","slug":"grupo-prats-servicio-tecnologia-y-compromiso-con-los-opticos-en-el-dia-mundial-de-la-vision","status":"publish","type":"noticia-corporativa","link":"https:\/\/www.clubdelemprendimiento.com\/blog\/noticia-corporativa\/grupo-prats-servicio-tecnologia-y-compromiso-con-los-opticos-en-el-dia-mundial-de-la-vision\/","title":{"rendered":"Grupo Prats: servicio, tecnolog\u00eda y compromiso con los \u00f3pticos en el D\u00eda Mundial de la Visi\u00f3n"},"content":{"rendered":"<div>\n<p><a href=\"https:\/\/www.clubdelemprendimiento.com\/blog\/wp-content\/uploads\/2025\/10\/b98f9a26-b2ef-46e9-a9a6-cd65f97e872d.jpg\" target=\"_blank\" class=\"fotonota\" rel=\"noopener\"> <img decoding=\"async\" src=\"https:\/\/www.clubdelemprendimiento.com\/blog\/wp-content\/uploads\/2025\/10\/b98f9a26-b2ef-46e9-a9a6-cd65f97e872d.jpg\" style=\"max-width:600px;\" border=\"0\" class=\"postImage\" alt=\"\"><\/a><\/p>\n<p>La compa\u00f1\u00eda celebra el D\u00eda Mundial de la Visi\u00f3n reafirmando su posici\u00f3n en el sector \u00f3ptico gracias a un modelo de servicio \u00e1gil, cercano y respaldado por la innovaci\u00f3n tecnol\u00f3gica m\u00e1s avanzada<\/p>\n<p><\/p>\n<p>En el marco del D\u00eda Mundial de la Visi\u00f3n, PRATS pone de relieve su compromiso con los profesionales de la \u00f3ptica, a quienes acompa\u00f1a desde hace m\u00e1s de un siglo con una propuesta integral basada en la proximidad, la rapidez y la innovaci\u00f3n al servicio del cliente. Bajo el lema &#8216;Focusing on you&#8217;, la compa\u00f1\u00eda sit\u00faa al \u00f3ptico en el centro de su estrategia, reforzando su papel como socio de confianza para mejorar la salud visual de las personas.<\/p>\n<p>Con m\u00e1s de 100 a\u00f1os de trayectoria y presencia en 25 pa\u00edses, PRATS ha consolidado un modelo de trabajo que combina la tecnolog\u00eda m\u00e1s avanzada con la atenci\u00f3n personalizada. Sus centros de producci\u00f3n en Espa\u00f1a y Portugal garantizan entregas r\u00e1pidas, precisi\u00f3n en los pedidos y soluciones adaptadas a las necesidades reales de los profesionales del sector.<\/p>\n<p>\u00abEstos resultados no son un punto de llegada, sino un est\u00edmulo para seguir trabajando cada d\u00eda al lado de los profesionales con soluciones r\u00e1pidas, fiables y cercanas\u00bb, subraya Mauro Pellegrini, Director de Marketing y Ventas Internacionales de Grupo Prats. \u00abLa excelencia t\u00e9cnica solo tiene sentido si se traduce en un servicio excelente para quien cuida de la visi\u00f3n de los dem\u00e1s: el \u00f3ptico\u00bb.<\/p>\n<p><strong>Innovaci\u00f3n aplicada al servicio<\/strong><br \/>\nEl compromiso del grupo con el servicio se apoya en una base tecnol\u00f3gica puntera. La compa\u00f1\u00eda desarrolla toda su ingenier\u00eda de dise\u00f1o y producci\u00f3n en Espa\u00f1a, combinando inteligencia artificial, trazabilidad y control total del proceso productivo para ofrecer lentes de m\u00e1xima calidad y precisi\u00f3n.<\/p>\n<p>Entre sus lanzamientos m\u00e1s destacados figura SENSORIAL EXPERT SYNAPTIC, una lente progresiva de alta gama que incorpora los datos obtenidos por la plataforma WaveFront AI para potenciar la conexi\u00f3n sin\u00e1ptica ojo-cerebro y conseguir una visi\u00f3n m\u00e1s precisa y natural.\u00a0<\/p>\n<p>Adem\u00e1s, las lentes progresivas VIMAX ADAPTATIVE, basadas en IA y Big Data, facilitan el trabajo de los \u00f3pticos al generar autom\u00e1ticamente el dise\u00f1o ideal para cada paciente a partir de sus datos visuales y morfol\u00f3gicos.<\/p>\n<p><strong>Resultados que avalan la excelencia<\/strong><br \/>\nLa orientaci\u00f3n al cliente de Grupo Prats tambi\u00e9n queda reflejada en un estudio independiente <a href=\"https:\/\/apiweb.comunicae.es\/back_office\/destination\/feed?sId=clubdelemprendimiento#_ftn1\" title=\"\" rel=\"nofollow\">[1]<\/a> en el que obtuvo la mejor puntuaci\u00f3n del sector en todas las categor\u00edas analizadas. Destacan especialmente la atenci\u00f3n al cliente (8,6), la rapidez en pedidos (8,6) y el servicio comercial (8,4). Con una media global un 18% por encima del mercado, nueve de cada diez clientes recomendar\u00edan la compa\u00f1\u00eda por la calidad de su servicio.<\/p>\n<p><strong>Compromiso con el futuro de la visi\u00f3n<\/strong><br \/>\nPionera en servicios como el biselado remoto y la plataforma digital de pedidos m\u00e1s completa del mercado, PRATS contin\u00faa apostando por la excelencia t\u00e9cnica y la innovaci\u00f3n al servicio de la visi\u00f3n. Su objetivo es acompa\u00f1ar a las \u00f3pticas en su crecimiento y \u00e9xito compartido, contribuyendo al bienestar visual de millones de personas.<\/p>\n<p><a href=\"https:\/\/apiweb.comunicae.es\/back_office\/destination\/feed?sId=clubdelemprendimiento#_ftnref1\" title=\"\" rel=\"nofollow\">[1]<\/a> IO Investiaci\u00f3n (2021)<\/p>\n<\/div>\n","protected":false},"featured_media":22371,"template":"","meta":{"_acf_changed":false},"acf":[],"yoast_head":"<!-- This site is optimized with the Yoast SEO plugin v22.7 - https:\/\/yoast.com\/wordpress\/plugins\/seo\/ -->\n<title>Grupo Prats: servicio, tecnolog\u00eda y compromiso con los \u00f3pticos en el D\u00eda Mundial de la Visi\u00f3n - Blog Club del Emprendimiento<\/title>\n<meta name=\"robots\" content=\"index, follow, max-snippet:-1, max-image-preview:large, max-video-preview:-1\" \/>\n<link rel=\"canonical\" href=\"https:\/\/www.clubdelemprendimiento.com\/blog\/noticia-corporativa\/grupo-prats-servicio-tecnologia-y-compromiso-con-los-opticos-en-el-dia-mundial-de-la-vision\/\" \/>\n<meta property=\"og:locale\" content=\"es_ES\" \/>\n<meta property=\"og:type\" content=\"article\" \/>\n<meta property=\"og:title\" content=\"Grupo Prats: servicio, tecnolog\u00eda y compromiso con los \u00f3pticos en el D\u00eda Mundial de la Visi\u00f3n - Blog Club del Emprendimiento\" \/>\n<meta property=\"og:description\" content=\"La compa\u00f1\u00eda celebra el D\u00eda Mundial de la Visi\u00f3n reafirmando su posici\u00f3n en el&hellip;\" \/>\n<meta property=\"og:url\" content=\"https:\/\/www.clubdelemprendimiento.com\/blog\/noticia-corporativa\/grupo-prats-servicio-tecnologia-y-compromiso-con-los-opticos-en-el-dia-mundial-de-la-vision\/\" \/>\n<meta property=\"og:site_name\" content=\"Blog Club del Emprendimiento\" \/>\n<meta property=\"og:image\" content=\"https:\/\/www.clubdelemprendimiento.com\/blog\/wp-content\/uploads\/2025\/10\/b98f9a26-b2ef-46e9-a9a6-cd65f97e872d.jpg\" \/>\n<meta name=\"twitter:card\" content=\"summary_large_image\" \/>\n<meta name=\"twitter:label1\" content=\"Tiempo de lectura\" \/>\n\t<meta name=\"twitter:data1\" content=\"3 minutos\" \/>\n<script type=\"application\/ld+json\" class=\"yoast-schema-graph\">{\"@context\":\"https:\/\/schema.org\",\"@graph\":[{\"@type\":\"WebPage\",\"@id\":\"https:\/\/www.clubdelemprendimiento.com\/blog\/noticia-corporativa\/grupo-prats-servicio-tecnologia-y-compromiso-con-los-opticos-en-el-dia-mundial-de-la-vision\/\",\"url\":\"https:\/\/www.clubdelemprendimiento.com\/blog\/noticia-corporativa\/grupo-prats-servicio-tecnologia-y-compromiso-con-los-opticos-en-el-dia-mundial-de-la-vision\/\",\"name\":\"Grupo Prats: servicio, tecnolog\u00eda y compromiso con los \u00f3pticos en el D\u00eda Mundial de la Visi\u00f3n - Blog Club del Emprendimiento\",\"isPartOf\":{\"@id\":\"https:\/\/www.clubdelemprendimiento.com\/blog\/#website\"},\"primaryImageOfPage\":{\"@id\":\"https:\/\/www.clubdelemprendimiento.com\/blog\/noticia-corporativa\/grupo-prats-servicio-tecnologia-y-compromiso-con-los-opticos-en-el-dia-mundial-de-la-vision\/#primaryimage\"},\"image\":{\"@id\":\"https:\/\/www.clubdelemprendimiento.com\/blog\/noticia-corporativa\/grupo-prats-servicio-tecnologia-y-compromiso-con-los-opticos-en-el-dia-mundial-de-la-vision\/#primaryimage\"},\"thumbnailUrl\":\"https:\/\/www.clubdelemprendimiento.com\/blog\/wp-content\/uploads\/2025\/10\/b98f9a26-b2ef-46e9-a9a6-cd65f97e872d-scaled.jpg\",\"datePublished\":\"2025-10-08T13:04:29+00:00\",\"dateModified\":\"2025-10-08T13:04:29+00:00\",\"breadcrumb\":{\"@id\":\"https:\/\/www.clubdelemprendimiento.com\/blog\/noticia-corporativa\/grupo-prats-servicio-tecnologia-y-compromiso-con-los-opticos-en-el-dia-mundial-de-la-vision\/#breadcrumb\"},\"inLanguage\":\"es\",\"potentialAction\":[{\"@type\":\"ReadAction\",\"target\":[\"https:\/\/www.clubdelemprendimiento.com\/blog\/noticia-corporativa\/grupo-prats-servicio-tecnologia-y-compromiso-con-los-opticos-en-el-dia-mundial-de-la-vision\/\"]}]},{\"@type\":\"ImageObject\",\"inLanguage\":\"es\",\"@id\":\"https:\/\/www.clubdelemprendimiento.com\/blog\/noticia-corporativa\/grupo-prats-servicio-tecnologia-y-compromiso-con-los-opticos-en-el-dia-mundial-de-la-vision\/#primaryimage\",\"url\":\"https:\/\/www.clubdelemprendimiento.com\/blog\/wp-content\/uploads\/2025\/10\/b98f9a26-b2ef-46e9-a9a6-cd65f97e872d-scaled.jpg\",\"contentUrl\":\"https:\/\/www.clubdelemprendimiento.com\/blog\/wp-content\/uploads\/2025\/10\/b98f9a26-b2ef-46e9-a9a6-cd65f97e872d-scaled.jpg\",\"width\":2560,\"height\":1703},{\"@type\":\"BreadcrumbList\",\"@id\":\"https:\/\/www.clubdelemprendimiento.com\/blog\/noticia-corporativa\/grupo-prats-servicio-tecnologia-y-compromiso-con-los-opticos-en-el-dia-mundial-de-la-vision\/#breadcrumb\",\"itemListElement\":[{\"@type\":\"ListItem\",\"position\":1,\"name\":\"Home\",\"item\":\"https:\/\/www.clubdelemprendimiento.com\/blog\/\"},{\"@type\":\"ListItem\",\"position\":2,\"name\":\"Noticias Corporativas\",\"item\":\"https:\/\/www.clubdelemprendimiento.com\/blog\/noticias-corporativas\/\"},{\"@type\":\"ListItem\",\"position\":3,\"name\":\"Grupo Prats: servicio, tecnolog\u00eda y compromiso con los \u00f3pticos en el D\u00eda Mundial de la Visi\u00f3n\"}]},{\"@type\":\"WebSite\",\"@id\":\"https:\/\/www.clubdelemprendimiento.com\/blog\/#website\",\"url\":\"https:\/\/www.clubdelemprendimiento.com\/blog\/\",\"name\":\"Blog Club del Emprendimiento\",\"description\":\"\",\"potentialAction\":[{\"@type\":\"SearchAction\",\"target\":{\"@type\":\"EntryPoint\",\"urlTemplate\":\"https:\/\/www.clubdelemprendimiento.com\/blog\/?s={search_term_string}\"},\"query-input\":\"required name=search_term_string\"}],\"inLanguage\":\"es\"}]}<\/script>\n<!-- \/ Yoast SEO plugin. -->","yoast_head_json":{"title":"Grupo Prats: servicio, tecnolog\u00eda y compromiso con los \u00f3pticos en el D\u00eda Mundial de la Visi\u00f3n - Blog Club del Emprendimiento","robots":{"index":"index","follow":"follow","max-snippet":"max-snippet:-1","max-image-preview":"max-image-preview:large","max-video-preview":"max-video-preview:-1"},"canonical":"https:\/\/www.clubdelemprendimiento.com\/blog\/noticia-corporativa\/grupo-prats-servicio-tecnologia-y-compromiso-con-los-opticos-en-el-dia-mundial-de-la-vision\/","og_locale":"es_ES","og_type":"article","og_title":"Grupo Prats: servicio, tecnolog\u00eda y compromiso con los \u00f3pticos en el D\u00eda Mundial de la Visi\u00f3n - Blog Club del Emprendimiento","og_description":"La compa\u00f1\u00eda celebra el D\u00eda Mundial de la Visi\u00f3n reafirmando su posici\u00f3n en el&hellip;","og_url":"https:\/\/www.clubdelemprendimiento.com\/blog\/noticia-corporativa\/grupo-prats-servicio-tecnologia-y-compromiso-con-los-opticos-en-el-dia-mundial-de-la-vision\/","og_site_name":"Blog Club del Emprendimiento","og_image":[{"url":"https:\/\/www.clubdelemprendimiento.com\/blog\/wp-content\/uploads\/2025\/10\/b98f9a26-b2ef-46e9-a9a6-cd65f97e872d.jpg"}],"twitter_card":"summary_large_image","twitter_misc":{"Tiempo de lectura":"3 minutos"},"schema":{"@context":"https:\/\/schema.org","@graph":[{"@type":"WebPage","@id":"https:\/\/www.clubdelemprendimiento.com\/blog\/noticia-corporativa\/grupo-prats-servicio-tecnologia-y-compromiso-con-los-opticos-en-el-dia-mundial-de-la-vision\/","url":"https:\/\/www.clubdelemprendimiento.com\/blog\/noticia-corporativa\/grupo-prats-servicio-tecnologia-y-compromiso-con-los-opticos-en-el-dia-mundial-de-la-vision\/","name":"Grupo Prats: servicio, tecnolog\u00eda y compromiso con los \u00f3pticos en el D\u00eda Mundial de la Visi\u00f3n - Blog Club del Emprendimiento","isPartOf":{"@id":"https:\/\/www.clubdelemprendimiento.com\/blog\/#website"},"primaryImageOfPage":{"@id":"https:\/\/www.clubdelemprendimiento.com\/blog\/noticia-corporativa\/grupo-prats-servicio-tecnologia-y-compromiso-con-los-opticos-en-el-dia-mundial-de-la-vision\/#primaryimage"},"image":{"@id":"https:\/\/www.clubdelemprendimiento.com\/blog\/noticia-corporativa\/grupo-prats-servicio-tecnologia-y-compromiso-con-los-opticos-en-el-dia-mundial-de-la-vision\/#primaryimage"},"thumbnailUrl":"https:\/\/www.clubdelemprendimiento.com\/blog\/wp-content\/uploads\/2025\/10\/b98f9a26-b2ef-46e9-a9a6-cd65f97e872d-scaled.jpg","datePublished":"2025-10-08T13:04:29+00:00","dateModified":"2025-10-08T13:04:29+00:00","breadcrumb":{"@id":"https:\/\/www.clubdelemprendimiento.com\/blog\/noticia-corporativa\/grupo-prats-servicio-tecnologia-y-compromiso-con-los-opticos-en-el-dia-mundial-de-la-vision\/#breadcrumb"},"inLanguage":"es","potentialAction":[{"@type":"ReadAction","target":["https:\/\/www.clubdelemprendimiento.com\/blog\/noticia-corporativa\/grupo-prats-servicio-tecnologia-y-compromiso-con-los-opticos-en-el-dia-mundial-de-la-vision\/"]}]},{"@type":"ImageObject","inLanguage":"es","@id":"https:\/\/www.clubdelemprendimiento.com\/blog\/noticia-corporativa\/grupo-prats-servicio-tecnologia-y-compromiso-con-los-opticos-en-el-dia-mundial-de-la-vision\/#primaryimage","url":"https:\/\/www.clubdelemprendimiento.com\/blog\/wp-content\/uploads\/2025\/10\/b98f9a26-b2ef-46e9-a9a6-cd65f97e872d-scaled.jpg","contentUrl":"https:\/\/www.clubdelemprendimiento.com\/blog\/wp-content\/uploads\/2025\/10\/b98f9a26-b2ef-46e9-a9a6-cd65f97e872d-scaled.jpg","width":2560,"height":1703},{"@type":"BreadcrumbList","@id":"https:\/\/www.clubdelemprendimiento.com\/blog\/noticia-corporativa\/grupo-prats-servicio-tecnologia-y-compromiso-con-los-opticos-en-el-dia-mundial-de-la-vision\/#breadcrumb","itemListElement":[{"@type":"ListItem","position":1,"name":"Home","item":"https:\/\/www.clubdelemprendimiento.com\/blog\/"},{"@type":"ListItem","position":2,"name":"Noticias Corporativas","item":"https:\/\/www.clubdelemprendimiento.com\/blog\/noticias-corporativas\/"},{"@type":"ListItem","position":3,"name":"Grupo Prats: servicio, tecnolog\u00eda y compromiso con los \u00f3pticos en el D\u00eda Mundial de la Visi\u00f3n"}]},{"@type":"WebSite","@id":"https:\/\/www.clubdelemprendimiento.com\/blog\/#website","url":"https:\/\/www.clubdelemprendimiento.com\/blog\/","name":"Blog Club del Emprendimiento","description":"","potentialAction":[{"@type":"SearchAction","target":{"@type":"EntryPoint","urlTemplate":"https:\/\/www.clubdelemprendimiento.com\/blog\/?s={search_term_string}"},"query-input":"required name=search_term_string"}],"inLanguage":"es"}]}},"_links":{"self":[{"href":"https:\/\/www.clubdelemprendimiento.com\/blog\/wp-json\/wp\/v2\/noticia-corporativa\/22370"}],"collection":[{"href":"https:\/\/www.clubdelemprendimiento.com\/blog\/wp-json\/wp\/v2\/noticia-corporativa"}],"about":[{"href":"https:\/\/www.clubdelemprendimiento.com\/blog\/wp-json\/wp\/v2\/types\/noticia-corporativa"}],"wp:featuredmedia":[{"embeddable":true,"href":"https:\/\/www.clubdelemprendimiento.com\/blog\/wp-json\/wp\/v2\/media\/22371"}],"wp:attachment":[{"href":"https:\/\/www.clubdelemprendimiento.com\/blog\/wp-json\/wp\/v2\/media?parent=22370"}],"curies":[{"name":"wp","href":"https:\/\/api.w.org\/{rel}","templated":true}]}}