{"id":22352,"date":"2025-10-08T11:04:35","date_gmt":"2025-10-08T11:04:35","guid":{"rendered":"https:\/\/www.clubdelemprendimiento.com\/blog\/noticia-corporativa\/wondercool-vuelve-a-reunir-a-sus-ingenieros-en-madrid-para-consolidar-la-proxima-revolucion-del-frio\/"},"modified":"2025-10-08T11:04:35","modified_gmt":"2025-10-08T11:04:35","slug":"wondercool-vuelve-a-reunir-a-sus-ingenieros-en-madrid-para-consolidar-la-proxima-revolucion-del-frio","status":"publish","type":"noticia-corporativa","link":"https:\/\/www.clubdelemprendimiento.com\/blog\/noticia-corporativa\/wondercool-vuelve-a-reunir-a-sus-ingenieros-en-madrid-para-consolidar-la-proxima-revolucion-del-frio\/","title":{"rendered":"Wondercool vuelve a reunir a sus ingenieros en Madrid para consolidar la pr\u00f3xima revoluci\u00f3n del fr\u00edo"},"content":{"rendered":"<div>\n<p><a href=\"https:\/\/www.clubdelemprendimiento.com\/blog\/wp-content\/uploads\/2025\/10\/Captura_de_pantalla_2025-10-08_091236.png\" target=\"_blank\" class=\"fotonota\" rel=\"noopener\"> <img decoding=\"async\" src=\"https:\/\/www.clubdelemprendimiento.com\/blog\/wp-content\/uploads\/2025\/10\/Captura_de_pantalla_2025-10-08_091236.png\" style=\"max-width:600px;\" border=\"0\" class=\"postImage\" alt=\"\"><\/a><\/p>\n<p> Entre el 15 y el 19 de septiembre, las oficinas de Wondercool, ubicadas en la Torre Emperador, acogieron un nuevo encuentro de su equipo internacional de I+D. Bajo el liderazgo de Carlos Manzanares, consejero delegado y referente del proyecto desde hace una d\u00e9cada, ingenieros procedentes de Corea del Sur y Alemania participaron en un\u00a0workshop\u00a0centrado en consolidar los desarrollos que marcar\u00e1n los pr\u00f3ximos pasos de la compa\u00f1\u00eda<\/p>\n<p><\/p>\n<p>Durante la jornada, se mantuvo la vista puesta en los lanzamientos previstos para 2026 y 2027, Wondercool ultima innovaciones que prometen redefinir la experiencia del fr\u00edo en la hosteler\u00eda. El sector puede esperar una nueva forma de enfriar, conservar y servir.<\/p>\n<p>Manzanares record\u00f3 que, en el anterior encuentro de su equipo de investigaci\u00f3n, Wondercool logr\u00f3 un avance que supuso un punto de inflexi\u00f3n en su trayectoria. La empresa consigui\u00f3 adaptar una tecnolog\u00eda criog\u00e9nica de origen m\u00e9dico y, tras un proceso propio de desarrollo e innovaci\u00f3n, trasladarla al \u00e1mbito hostelero. El resultado fue un sistema capaz de mantener la cerveza en estado l\u00edquido, de manera estable, incluso por debajo de su punto de congelaci\u00f3n. Este desarrollo cambi\u00f3 la forma de entender la refrigeraci\u00f3n en el sector y consolid\u00f3 a Wondercool como referente en la aplicaci\u00f3n de la precisi\u00f3n cient\u00edfica a la maquinaria de hosteler\u00eda. Su impacto fue inmediato, mejor\u00f3 la experiencia del consumidor y contribuy\u00f3 a impulsar las ventas en un momento clave para la recuperaci\u00f3n del sector.\u00a0\u00a0<\/p>\n<p>Ahora, la compa\u00f1\u00eda da un paso m\u00e1s. Este nuevo encuentro ha servido para consolidar los formatos y tecnolog\u00edas de fr\u00edo en los que el equipo de I+D ha venido trabajando durante los \u00faltimos a\u00f1os, tras aquel lanzamiento que situ\u00f3 a Wondercool en el mapa de la innovaci\u00f3n dentro del sector HORECA. \u00abQueremos cambiar el paradigma del fr\u00edo. Nuestro compromiso es brindar soluciones reales que beneficien directamente al hostelero\u00bb, subray\u00f3 Manzanares durante la apertura de las jornadas.<\/p>\n<p>El encuentro tambi\u00e9n sirvi\u00f3 para reforzar la cohesi\u00f3n de un equipo que opera de forma coordinada a nivel internacional y que afronta una nueva etapa dentro de la estrategia global de innovaci\u00f3n de la compa\u00f1\u00eda, siempre con el foco puesto en la mejora de la eficiencia y la rentabilidad en hosteler\u00eda.<\/p>\n<p>Con un horizonte de lanzamientos disruptivos y un lema que resume su visi\u00f3n \u2014cambiar el sector del fr\u00edo tal y como hoy se conoce\u2014, Wondercool mantiene la expectativa abierta: \u00bfhasta d\u00f3nde llegar\u00e1 la pr\u00f3xima revoluci\u00f3n del fr\u00edo?<\/p>\n<\/div>\n","protected":false},"featured_media":22353,"template":"","meta":{"_acf_changed":false},"acf":[],"yoast_head":"<!-- This site is optimized with the Yoast SEO plugin v22.7 - https:\/\/yoast.com\/wordpress\/plugins\/seo\/ -->\n<title>Wondercool vuelve a reunir a sus ingenieros en Madrid para consolidar la pr\u00f3xima revoluci\u00f3n del fr\u00edo - Blog Club del Emprendimiento<\/title>\n<meta name=\"robots\" content=\"index, follow, max-snippet:-1, max-image-preview:large, max-video-preview:-1\" \/>\n<link rel=\"canonical\" href=\"https:\/\/www.clubdelemprendimiento.com\/blog\/noticia-corporativa\/wondercool-vuelve-a-reunir-a-sus-ingenieros-en-madrid-para-consolidar-la-proxima-revolucion-del-frio\/\" \/>\n<meta property=\"og:locale\" content=\"es_ES\" \/>\n<meta property=\"og:type\" content=\"article\" \/>\n<meta property=\"og:title\" content=\"Wondercool vuelve a reunir a sus ingenieros en Madrid para consolidar la pr\u00f3xima revoluci\u00f3n del fr\u00edo - Blog Club del Emprendimiento\" \/>\n<meta property=\"og:description\" content=\"Entre el 15 y el 19 de septiembre, las oficinas de Wondercool, ubicadas en&hellip;\" \/>\n<meta property=\"og:url\" content=\"https:\/\/www.clubdelemprendimiento.com\/blog\/noticia-corporativa\/wondercool-vuelve-a-reunir-a-sus-ingenieros-en-madrid-para-consolidar-la-proxima-revolucion-del-frio\/\" \/>\n<meta property=\"og:site_name\" content=\"Blog Club del Emprendimiento\" \/>\n<meta property=\"og:image\" content=\"https:\/\/www.clubdelemprendimiento.com\/blog\/wp-content\/uploads\/2025\/10\/Captura_de_pantalla_2025-10-08_091236.png\" \/>\n<meta name=\"twitter:card\" content=\"summary_large_image\" \/>\n<meta name=\"twitter:label1\" content=\"Tiempo de lectura\" \/>\n\t<meta name=\"twitter:data1\" content=\"2 minutos\" \/>\n<script type=\"application\/ld+json\" class=\"yoast-schema-graph\">{\"@context\":\"https:\/\/schema.org\",\"@graph\":[{\"@type\":\"WebPage\",\"@id\":\"https:\/\/www.clubdelemprendimiento.com\/blog\/noticia-corporativa\/wondercool-vuelve-a-reunir-a-sus-ingenieros-en-madrid-para-consolidar-la-proxima-revolucion-del-frio\/\",\"url\":\"https:\/\/www.clubdelemprendimiento.com\/blog\/noticia-corporativa\/wondercool-vuelve-a-reunir-a-sus-ingenieros-en-madrid-para-consolidar-la-proxima-revolucion-del-frio\/\",\"name\":\"Wondercool vuelve a reunir a sus ingenieros en Madrid para consolidar la pr\u00f3xima revoluci\u00f3n del fr\u00edo - Blog Club del Emprendimiento\",\"isPartOf\":{\"@id\":\"https:\/\/www.clubdelemprendimiento.com\/blog\/#website\"},\"primaryImageOfPage\":{\"@id\":\"https:\/\/www.clubdelemprendimiento.com\/blog\/noticia-corporativa\/wondercool-vuelve-a-reunir-a-sus-ingenieros-en-madrid-para-consolidar-la-proxima-revolucion-del-frio\/#primaryimage\"},\"image\":{\"@id\":\"https:\/\/www.clubdelemprendimiento.com\/blog\/noticia-corporativa\/wondercool-vuelve-a-reunir-a-sus-ingenieros-en-madrid-para-consolidar-la-proxima-revolucion-del-frio\/#primaryimage\"},\"thumbnailUrl\":\"https:\/\/www.clubdelemprendimiento.com\/blog\/wp-content\/uploads\/2025\/10\/Captura_de_pantalla_2025-10-08_091236.png\",\"datePublished\":\"2025-10-08T11:04:35+00:00\",\"dateModified\":\"2025-10-08T11:04:35+00:00\",\"breadcrumb\":{\"@id\":\"https:\/\/www.clubdelemprendimiento.com\/blog\/noticia-corporativa\/wondercool-vuelve-a-reunir-a-sus-ingenieros-en-madrid-para-consolidar-la-proxima-revolucion-del-frio\/#breadcrumb\"},\"inLanguage\":\"es\",\"potentialAction\":[{\"@type\":\"ReadAction\",\"target\":[\"https:\/\/www.clubdelemprendimiento.com\/blog\/noticia-corporativa\/wondercool-vuelve-a-reunir-a-sus-ingenieros-en-madrid-para-consolidar-la-proxima-revolucion-del-frio\/\"]}]},{\"@type\":\"ImageObject\",\"inLanguage\":\"es\",\"@id\":\"https:\/\/www.clubdelemprendimiento.com\/blog\/noticia-corporativa\/wondercool-vuelve-a-reunir-a-sus-ingenieros-en-madrid-para-consolidar-la-proxima-revolucion-del-frio\/#primaryimage\",\"url\":\"https:\/\/www.clubdelemprendimiento.com\/blog\/wp-content\/uploads\/2025\/10\/Captura_de_pantalla_2025-10-08_091236.png\",\"contentUrl\":\"https:\/\/www.clubdelemprendimiento.com\/blog\/wp-content\/uploads\/2025\/10\/Captura_de_pantalla_2025-10-08_091236.png\",\"width\":952,\"height\":714},{\"@type\":\"BreadcrumbList\",\"@id\":\"https:\/\/www.clubdelemprendimiento.com\/blog\/noticia-corporativa\/wondercool-vuelve-a-reunir-a-sus-ingenieros-en-madrid-para-consolidar-la-proxima-revolucion-del-frio\/#breadcrumb\",\"itemListElement\":[{\"@type\":\"ListItem\",\"position\":1,\"name\":\"Home\",\"item\":\"https:\/\/www.clubdelemprendimiento.com\/blog\/\"},{\"@type\":\"ListItem\",\"position\":2,\"name\":\"Noticias Corporativas\",\"item\":\"https:\/\/www.clubdelemprendimiento.com\/blog\/noticias-corporativas\/\"},{\"@type\":\"ListItem\",\"position\":3,\"name\":\"Wondercool vuelve a reunir a sus ingenieros en Madrid para consolidar la pr\u00f3xima revoluci\u00f3n del fr\u00edo\"}]},{\"@type\":\"WebSite\",\"@id\":\"https:\/\/www.clubdelemprendimiento.com\/blog\/#website\",\"url\":\"https:\/\/www.clubdelemprendimiento.com\/blog\/\",\"name\":\"Blog Club del Emprendimiento\",\"description\":\"\",\"potentialAction\":[{\"@type\":\"SearchAction\",\"target\":{\"@type\":\"EntryPoint\",\"urlTemplate\":\"https:\/\/www.clubdelemprendimiento.com\/blog\/?s={search_term_string}\"},\"query-input\":\"required name=search_term_string\"}],\"inLanguage\":\"es\"}]}<\/script>\n<!-- \/ Yoast SEO plugin. -->","yoast_head_json":{"title":"Wondercool vuelve a reunir a sus ingenieros en Madrid para consolidar la pr\u00f3xima revoluci\u00f3n del fr\u00edo - Blog Club del Emprendimiento","robots":{"index":"index","follow":"follow","max-snippet":"max-snippet:-1","max-image-preview":"max-image-preview:large","max-video-preview":"max-video-preview:-1"},"canonical":"https:\/\/www.clubdelemprendimiento.com\/blog\/noticia-corporativa\/wondercool-vuelve-a-reunir-a-sus-ingenieros-en-madrid-para-consolidar-la-proxima-revolucion-del-frio\/","og_locale":"es_ES","og_type":"article","og_title":"Wondercool vuelve a reunir a sus ingenieros en Madrid para consolidar la pr\u00f3xima revoluci\u00f3n del fr\u00edo - Blog Club del Emprendimiento","og_description":"Entre el 15 y el 19 de septiembre, las oficinas de Wondercool, ubicadas en&hellip;","og_url":"https:\/\/www.clubdelemprendimiento.com\/blog\/noticia-corporativa\/wondercool-vuelve-a-reunir-a-sus-ingenieros-en-madrid-para-consolidar-la-proxima-revolucion-del-frio\/","og_site_name":"Blog Club del Emprendimiento","og_image":[{"url":"https:\/\/www.clubdelemprendimiento.com\/blog\/wp-content\/uploads\/2025\/10\/Captura_de_pantalla_2025-10-08_091236.png"}],"twitter_card":"summary_large_image","twitter_misc":{"Tiempo de lectura":"2 minutos"},"schema":{"@context":"https:\/\/schema.org","@graph":[{"@type":"WebPage","@id":"https:\/\/www.clubdelemprendimiento.com\/blog\/noticia-corporativa\/wondercool-vuelve-a-reunir-a-sus-ingenieros-en-madrid-para-consolidar-la-proxima-revolucion-del-frio\/","url":"https:\/\/www.clubdelemprendimiento.com\/blog\/noticia-corporativa\/wondercool-vuelve-a-reunir-a-sus-ingenieros-en-madrid-para-consolidar-la-proxima-revolucion-del-frio\/","name":"Wondercool vuelve a reunir a sus ingenieros en Madrid para consolidar la pr\u00f3xima revoluci\u00f3n del fr\u00edo - Blog Club del Emprendimiento","isPartOf":{"@id":"https:\/\/www.clubdelemprendimiento.com\/blog\/#website"},"primaryImageOfPage":{"@id":"https:\/\/www.clubdelemprendimiento.com\/blog\/noticia-corporativa\/wondercool-vuelve-a-reunir-a-sus-ingenieros-en-madrid-para-consolidar-la-proxima-revolucion-del-frio\/#primaryimage"},"image":{"@id":"https:\/\/www.clubdelemprendimiento.com\/blog\/noticia-corporativa\/wondercool-vuelve-a-reunir-a-sus-ingenieros-en-madrid-para-consolidar-la-proxima-revolucion-del-frio\/#primaryimage"},"thumbnailUrl":"https:\/\/www.clubdelemprendimiento.com\/blog\/wp-content\/uploads\/2025\/10\/Captura_de_pantalla_2025-10-08_091236.png","datePublished":"2025-10-08T11:04:35+00:00","dateModified":"2025-10-08T11:04:35+00:00","breadcrumb":{"@id":"https:\/\/www.clubdelemprendimiento.com\/blog\/noticia-corporativa\/wondercool-vuelve-a-reunir-a-sus-ingenieros-en-madrid-para-consolidar-la-proxima-revolucion-del-frio\/#breadcrumb"},"inLanguage":"es","potentialAction":[{"@type":"ReadAction","target":["https:\/\/www.clubdelemprendimiento.com\/blog\/noticia-corporativa\/wondercool-vuelve-a-reunir-a-sus-ingenieros-en-madrid-para-consolidar-la-proxima-revolucion-del-frio\/"]}]},{"@type":"ImageObject","inLanguage":"es","@id":"https:\/\/www.clubdelemprendimiento.com\/blog\/noticia-corporativa\/wondercool-vuelve-a-reunir-a-sus-ingenieros-en-madrid-para-consolidar-la-proxima-revolucion-del-frio\/#primaryimage","url":"https:\/\/www.clubdelemprendimiento.com\/blog\/wp-content\/uploads\/2025\/10\/Captura_de_pantalla_2025-10-08_091236.png","contentUrl":"https:\/\/www.clubdelemprendimiento.com\/blog\/wp-content\/uploads\/2025\/10\/Captura_de_pantalla_2025-10-08_091236.png","width":952,"height":714},{"@type":"BreadcrumbList","@id":"https:\/\/www.clubdelemprendimiento.com\/blog\/noticia-corporativa\/wondercool-vuelve-a-reunir-a-sus-ingenieros-en-madrid-para-consolidar-la-proxima-revolucion-del-frio\/#breadcrumb","itemListElement":[{"@type":"ListItem","position":1,"name":"Home","item":"https:\/\/www.clubdelemprendimiento.com\/blog\/"},{"@type":"ListItem","position":2,"name":"Noticias Corporativas","item":"https:\/\/www.clubdelemprendimiento.com\/blog\/noticias-corporativas\/"},{"@type":"ListItem","position":3,"name":"Wondercool vuelve a reunir a sus ingenieros en Madrid para consolidar la pr\u00f3xima revoluci\u00f3n del fr\u00edo"}]},{"@type":"WebSite","@id":"https:\/\/www.clubdelemprendimiento.com\/blog\/#website","url":"https:\/\/www.clubdelemprendimiento.com\/blog\/","name":"Blog Club del Emprendimiento","description":"","potentialAction":[{"@type":"SearchAction","target":{"@type":"EntryPoint","urlTemplate":"https:\/\/www.clubdelemprendimiento.com\/blog\/?s={search_term_string}"},"query-input":"required name=search_term_string"}],"inLanguage":"es"}]}},"_links":{"self":[{"href":"https:\/\/www.clubdelemprendimiento.com\/blog\/wp-json\/wp\/v2\/noticia-corporativa\/22352"}],"collection":[{"href":"https:\/\/www.clubdelemprendimiento.com\/blog\/wp-json\/wp\/v2\/noticia-corporativa"}],"about":[{"href":"https:\/\/www.clubdelemprendimiento.com\/blog\/wp-json\/wp\/v2\/types\/noticia-corporativa"}],"wp:featuredmedia":[{"embeddable":true,"href":"https:\/\/www.clubdelemprendimiento.com\/blog\/wp-json\/wp\/v2\/media\/22353"}],"wp:attachment":[{"href":"https:\/\/www.clubdelemprendimiento.com\/blog\/wp-json\/wp\/v2\/media?parent=22352"}],"curies":[{"name":"wp","href":"https:\/\/api.w.org\/{rel}","templated":true}]}}