{"id":22340,"date":"2025-10-07T18:00:16","date_gmt":"2025-10-07T18:00:16","guid":{"rendered":"https:\/\/www.clubdelemprendimiento.com\/blog\/noticia-corporativa\/el-dr-jesus-porta-de-la-fundacion-jimenez-diaz-reconocido-por-tercer-ano-consecutivo-con-el-premio-liderazgo-sanitario-clinico-en-neurologia\/"},"modified":"2025-10-07T18:00:16","modified_gmt":"2025-10-07T18:00:16","slug":"el-dr-jesus-porta-de-la-fundacion-jimenez-diaz-reconocido-por-tercer-ano-consecutivo-con-el-premio-liderazgo-sanitario-clinico-en-neurologia","status":"publish","type":"noticia-corporativa","link":"https:\/\/www.clubdelemprendimiento.com\/blog\/noticia-corporativa\/el-dr-jesus-porta-de-la-fundacion-jimenez-diaz-reconocido-por-tercer-ano-consecutivo-con-el-premio-liderazgo-sanitario-clinico-en-neurologia\/","title":{"rendered":"El Dr. Jes\u00fas Porta, de la Fundaci\u00f3n Jim\u00e9nez D\u00edaz, reconocido por tercer a\u00f1o consecutivo con el Premio Liderazgo Sanitario Cl\u00ednico en Neurolog\u00eda"},"content":{"rendered":"<div>\n<p><a href=\"https:\/\/www.clubdelemprendimiento.com\/blog\/wp-content\/uploads\/2025\/10\/doctor-porta-premio.jpg\" target=\"_blank\" class=\"fotonota\" rel=\"noopener\"> <img decoding=\"async\" src=\"https:\/\/www.clubdelemprendimiento.com\/blog\/wp-content\/uploads\/2025\/10\/doctor-porta-premio.jpg\" style=\"max-width:600px;\" border=\"0\" class=\"postImage\" alt=\"\"><\/a><\/p>\n<p>El Observatorio de la Salud y Estudio de Comunicaci\u00f3n distingue su trayectoria profesional en una edici\u00f3n en la que tambi\u00e9n fueron finalistas ocho especialistas del hospital y el propio centro en la categor\u00eda de Gesti\u00f3n Sanitaria<\/p>\n<p><\/p>\n<p>El Dr. Jes\u00fas Porta, jefe del Servicio de Neurolog\u00eda del Hospital Universitario Fundaci\u00f3n Jim\u00e9nez D\u00edaz, ha sido galardonado por tercer a\u00f1o consecutivo con el Premio Liderazgo Sanitario Cl\u00ednico 2025 en la categor\u00eda de <em>Neurolog\u00eda<\/em>, que concede el Observatorio de la Salud junto con Estudio de Comunicaci\u00f3n.\u00a0El acto de entrega, presidido por la consejera de Sanidad de la Comunidad de Madrid, F\u00e1tima Matute, reuni\u00f3 a numerosas personalidades del \u00e1mbito sanitario, cient\u00edfico, farmac\u00e9utico y empresarial, y volvi\u00f3 a poner de relieve el papel del hospital madrile\u00f1o como uno de los grandes referentes de la sanidad espa\u00f1ola.<\/p>\n<p>El premio reconoce la trayectoria profesional y la vocaci\u00f3n de liderazgo del Dr. Porta, quien agradeci\u00f3 el galard\u00f3n destacando las oportunidades que ofrece la Fundaci\u00f3n Jim\u00e9nez D\u00edaz \u00aben la b\u00fasqueda constante de la excelencia\u00bb. El neur\u00f3logo quiso dedicar tambi\u00e9n unas palabras a sus compa\u00f1eros finalistas en la misma categor\u00eda, \u00abporque representan a los 4.000 neur\u00f3logos de Espa\u00f1a y demuestran que el liderazgo est\u00e1 tanto en la juventud como en las personas mayores\u00bb.<\/p>\n<p>Durante su intervenci\u00f3n, record\u00f3 la enorme relevancia de las enfermedades neurol\u00f3gicas en la sociedad actual: \u00abAfectan al 43 por ciento de la poblaci\u00f3n y son las patolog\u00edas que m\u00e1s discapacidad generan\u00bb, explic\u00f3, insistiendo en la necesidad de situar a las personas en el centro del trabajo cl\u00ednico. \u00abHay que poner siempre a la persona que sufre \u2014que no al paciente\u2014 en el centro, como base de la Neurolog\u00eda\u00bb, subray\u00f3. Y concluy\u00f3 con una frase que resume su filosof\u00eda profesional: \u00abSoy neur\u00f3logo; nada de lo humano me es ajeno\u00bb.<\/p>\n<p><strong>Un hospital que impulsa el liderazgo y la excelencia m\u00e9dica<\/strong><br \/>\nLa tercera edici\u00f3n de los Premios Liderazgo Sanitario ha vuelto a reconocer la labor del Hospital Universitario Fundaci\u00f3n Jim\u00e9nez D\u00edaz, que adem\u00e1s de la distinci\u00f3n a su jefe de Neurolog\u00eda, cont\u00f3 con ocho de sus especialistas entre los finalistas en distintas categor\u00edas.<\/p>\n<p>Entre ellos se encuentran la Dra. Sarah Heili, jefa asociada del Servicio de Neumolog\u00eda; el Dr. Borja Ib\u00e1\u00f1ez, cardi\u00f3logo intervencionista; el Dr. Javier B\u00e9cares, jefe del Departamento de Farmacia Hospitalaria; la Dra. Lola Mart\u00edn R\u00edos, jefa del Departamento de Medicina Preventiva; el Dr. Raimundo Andr\u00e9s Ca\u00f1as, jefe asociado del Servicio de Medicina Interna; el Dr. Javier Plaza, jefe del Servicio de Ginecolog\u00eda y Obstetricia; el Dr. Jes\u00fas Garc\u00eda Foncillas, jefe del Departamento de Oncolog\u00eda y director del <em>Comprehensive Cancer Center<\/em>; y el Dr. Enrique Baca, jefe del Departamento de Psiquiatr\u00eda.<\/p>\n<p>El propio hospital tambi\u00e9n fue finalista en la categor\u00eda de \u00abGesti\u00f3n Sanitaria\u00bb de los Premios Liderazgo Sanitario Hospitalario 2025, un reconocimiento que ya hab\u00eda obtenido el a\u00f1o anterior. Con ello, la Fundaci\u00f3n Jim\u00e9nez D\u00edaz reafirma su compromiso con la innovaci\u00f3n, la gesti\u00f3n eficiente y la calidad asistencial.<\/p>\n<p>Este nuevo reconocimiento al Dr. Porta y al conjunto de profesionales del centro refleja la fuerza de un modelo sanitario basado en la excelencia, la investigaci\u00f3n y la atenci\u00f3n centrada en la persona, pilares que han convertido a la Fundaci\u00f3n Jim\u00e9nez D\u00edaz en un referente tanto dentro como fuera de la Comunidad de Madrid.<\/p>\n<\/div>\n","protected":false},"featured_media":22341,"template":"","meta":{"_acf_changed":false},"acf":[],"yoast_head":"<!-- This site is optimized with the Yoast SEO plugin v22.7 - https:\/\/yoast.com\/wordpress\/plugins\/seo\/ -->\n<title>El Dr. Jes\u00fas Porta, de la Fundaci\u00f3n Jim\u00e9nez D\u00edaz, reconocido por tercer a\u00f1o consecutivo con el Premio Liderazgo Sanitario Cl\u00ednico en Neurolog\u00eda - Blog Club del Emprendimiento<\/title>\n<meta name=\"robots\" content=\"index, follow, max-snippet:-1, max-image-preview:large, max-video-preview:-1\" \/>\n<link rel=\"canonical\" href=\"https:\/\/www.clubdelemprendimiento.com\/blog\/noticia-corporativa\/el-dr-jesus-porta-de-la-fundacion-jimenez-diaz-reconocido-por-tercer-ano-consecutivo-con-el-premio-liderazgo-sanitario-clinico-en-neurologia\/\" \/>\n<meta property=\"og:locale\" content=\"es_ES\" \/>\n<meta property=\"og:type\" content=\"article\" \/>\n<meta property=\"og:title\" content=\"El Dr. Jes\u00fas Porta, de la Fundaci\u00f3n Jim\u00e9nez D\u00edaz, reconocido por tercer a\u00f1o consecutivo con el Premio Liderazgo Sanitario Cl\u00ednico en Neurolog\u00eda - Blog Club del Emprendimiento\" \/>\n<meta property=\"og:description\" content=\"El Observatorio de la Salud y Estudio de Comunicaci\u00f3n distingue su trayectoria profesional en&hellip;\" \/>\n<meta property=\"og:url\" content=\"https:\/\/www.clubdelemprendimiento.com\/blog\/noticia-corporativa\/el-dr-jesus-porta-de-la-fundacion-jimenez-diaz-reconocido-por-tercer-ano-consecutivo-con-el-premio-liderazgo-sanitario-clinico-en-neurologia\/\" \/>\n<meta property=\"og:site_name\" content=\"Blog Club del Emprendimiento\" \/>\n<meta property=\"og:image\" content=\"https:\/\/www.clubdelemprendimiento.com\/blog\/wp-content\/uploads\/2025\/10\/doctor-porta-premio.jpg\" \/>\n<meta name=\"twitter:card\" content=\"summary_large_image\" \/>\n<meta name=\"twitter:label1\" content=\"Tiempo de lectura\" \/>\n\t<meta name=\"twitter:data1\" content=\"3 minutos\" \/>\n<script type=\"application\/ld+json\" class=\"yoast-schema-graph\">{\"@context\":\"https:\/\/schema.org\",\"@graph\":[{\"@type\":\"WebPage\",\"@id\":\"https:\/\/www.clubdelemprendimiento.com\/blog\/noticia-corporativa\/el-dr-jesus-porta-de-la-fundacion-jimenez-diaz-reconocido-por-tercer-ano-consecutivo-con-el-premio-liderazgo-sanitario-clinico-en-neurologia\/\",\"url\":\"https:\/\/www.clubdelemprendimiento.com\/blog\/noticia-corporativa\/el-dr-jesus-porta-de-la-fundacion-jimenez-diaz-reconocido-por-tercer-ano-consecutivo-con-el-premio-liderazgo-sanitario-clinico-en-neurologia\/\",\"name\":\"El Dr. Jes\u00fas Porta, de la Fundaci\u00f3n Jim\u00e9nez D\u00edaz, reconocido por tercer a\u00f1o consecutivo con el Premio Liderazgo Sanitario Cl\u00ednico en Neurolog\u00eda - Blog Club del Emprendimiento\",\"isPartOf\":{\"@id\":\"https:\/\/www.clubdelemprendimiento.com\/blog\/#website\"},\"primaryImageOfPage\":{\"@id\":\"https:\/\/www.clubdelemprendimiento.com\/blog\/noticia-corporativa\/el-dr-jesus-porta-de-la-fundacion-jimenez-diaz-reconocido-por-tercer-ano-consecutivo-con-el-premio-liderazgo-sanitario-clinico-en-neurologia\/#primaryimage\"},\"image\":{\"@id\":\"https:\/\/www.clubdelemprendimiento.com\/blog\/noticia-corporativa\/el-dr-jesus-porta-de-la-fundacion-jimenez-diaz-reconocido-por-tercer-ano-consecutivo-con-el-premio-liderazgo-sanitario-clinico-en-neurologia\/#primaryimage\"},\"thumbnailUrl\":\"https:\/\/www.clubdelemprendimiento.com\/blog\/wp-content\/uploads\/2025\/10\/doctor-porta-premio.jpg\",\"datePublished\":\"2025-10-07T18:00:16+00:00\",\"dateModified\":\"2025-10-07T18:00:16+00:00\",\"breadcrumb\":{\"@id\":\"https:\/\/www.clubdelemprendimiento.com\/blog\/noticia-corporativa\/el-dr-jesus-porta-de-la-fundacion-jimenez-diaz-reconocido-por-tercer-ano-consecutivo-con-el-premio-liderazgo-sanitario-clinico-en-neurologia\/#breadcrumb\"},\"inLanguage\":\"es\",\"potentialAction\":[{\"@type\":\"ReadAction\",\"target\":[\"https:\/\/www.clubdelemprendimiento.com\/blog\/noticia-corporativa\/el-dr-jesus-porta-de-la-fundacion-jimenez-diaz-reconocido-por-tercer-ano-consecutivo-con-el-premio-liderazgo-sanitario-clinico-en-neurologia\/\"]}]},{\"@type\":\"ImageObject\",\"inLanguage\":\"es\",\"@id\":\"https:\/\/www.clubdelemprendimiento.com\/blog\/noticia-corporativa\/el-dr-jesus-porta-de-la-fundacion-jimenez-diaz-reconocido-por-tercer-ano-consecutivo-con-el-premio-liderazgo-sanitario-clinico-en-neurologia\/#primaryimage\",\"url\":\"https:\/\/www.clubdelemprendimiento.com\/blog\/wp-content\/uploads\/2025\/10\/doctor-porta-premio.jpg\",\"contentUrl\":\"https:\/\/www.clubdelemprendimiento.com\/blog\/wp-content\/uploads\/2025\/10\/doctor-porta-premio.jpg\",\"width\":1440,\"height\":810},{\"@type\":\"BreadcrumbList\",\"@id\":\"https:\/\/www.clubdelemprendimiento.com\/blog\/noticia-corporativa\/el-dr-jesus-porta-de-la-fundacion-jimenez-diaz-reconocido-por-tercer-ano-consecutivo-con-el-premio-liderazgo-sanitario-clinico-en-neurologia\/#breadcrumb\",\"itemListElement\":[{\"@type\":\"ListItem\",\"position\":1,\"name\":\"Home\",\"item\":\"https:\/\/www.clubdelemprendimiento.com\/blog\/\"},{\"@type\":\"ListItem\",\"position\":2,\"name\":\"Noticias Corporativas\",\"item\":\"https:\/\/www.clubdelemprendimiento.com\/blog\/noticias-corporativas\/\"},{\"@type\":\"ListItem\",\"position\":3,\"name\":\"El Dr. Jes\u00fas Porta, de la Fundaci\u00f3n Jim\u00e9nez D\u00edaz, reconocido por tercer a\u00f1o consecutivo con el Premio Liderazgo Sanitario Cl\u00ednico en Neurolog\u00eda\"}]},{\"@type\":\"WebSite\",\"@id\":\"https:\/\/www.clubdelemprendimiento.com\/blog\/#website\",\"url\":\"https:\/\/www.clubdelemprendimiento.com\/blog\/\",\"name\":\"Blog Club del Emprendimiento\",\"description\":\"\",\"potentialAction\":[{\"@type\":\"SearchAction\",\"target\":{\"@type\":\"EntryPoint\",\"urlTemplate\":\"https:\/\/www.clubdelemprendimiento.com\/blog\/?s={search_term_string}\"},\"query-input\":\"required name=search_term_string\"}],\"inLanguage\":\"es\"}]}<\/script>\n<!-- \/ Yoast SEO plugin. -->","yoast_head_json":{"title":"El Dr. Jes\u00fas Porta, de la Fundaci\u00f3n Jim\u00e9nez D\u00edaz, reconocido por tercer a\u00f1o consecutivo con el Premio Liderazgo Sanitario Cl\u00ednico en Neurolog\u00eda - Blog Club del Emprendimiento","robots":{"index":"index","follow":"follow","max-snippet":"max-snippet:-1","max-image-preview":"max-image-preview:large","max-video-preview":"max-video-preview:-1"},"canonical":"https:\/\/www.clubdelemprendimiento.com\/blog\/noticia-corporativa\/el-dr-jesus-porta-de-la-fundacion-jimenez-diaz-reconocido-por-tercer-ano-consecutivo-con-el-premio-liderazgo-sanitario-clinico-en-neurologia\/","og_locale":"es_ES","og_type":"article","og_title":"El Dr. Jes\u00fas Porta, de la Fundaci\u00f3n Jim\u00e9nez D\u00edaz, reconocido por tercer a\u00f1o consecutivo con el Premio Liderazgo Sanitario Cl\u00ednico en Neurolog\u00eda - Blog Club del Emprendimiento","og_description":"El Observatorio de la Salud y Estudio de Comunicaci\u00f3n distingue su trayectoria profesional en&hellip;","og_url":"https:\/\/www.clubdelemprendimiento.com\/blog\/noticia-corporativa\/el-dr-jesus-porta-de-la-fundacion-jimenez-diaz-reconocido-por-tercer-ano-consecutivo-con-el-premio-liderazgo-sanitario-clinico-en-neurologia\/","og_site_name":"Blog Club del Emprendimiento","og_image":[{"url":"https:\/\/www.clubdelemprendimiento.com\/blog\/wp-content\/uploads\/2025\/10\/doctor-porta-premio.jpg"}],"twitter_card":"summary_large_image","twitter_misc":{"Tiempo de lectura":"3 minutos"},"schema":{"@context":"https:\/\/schema.org","@graph":[{"@type":"WebPage","@id":"https:\/\/www.clubdelemprendimiento.com\/blog\/noticia-corporativa\/el-dr-jesus-porta-de-la-fundacion-jimenez-diaz-reconocido-por-tercer-ano-consecutivo-con-el-premio-liderazgo-sanitario-clinico-en-neurologia\/","url":"https:\/\/www.clubdelemprendimiento.com\/blog\/noticia-corporativa\/el-dr-jesus-porta-de-la-fundacion-jimenez-diaz-reconocido-por-tercer-ano-consecutivo-con-el-premio-liderazgo-sanitario-clinico-en-neurologia\/","name":"El Dr. Jes\u00fas Porta, de la Fundaci\u00f3n Jim\u00e9nez D\u00edaz, reconocido por tercer a\u00f1o consecutivo con el Premio Liderazgo Sanitario Cl\u00ednico en Neurolog\u00eda - Blog Club del Emprendimiento","isPartOf":{"@id":"https:\/\/www.clubdelemprendimiento.com\/blog\/#website"},"primaryImageOfPage":{"@id":"https:\/\/www.clubdelemprendimiento.com\/blog\/noticia-corporativa\/el-dr-jesus-porta-de-la-fundacion-jimenez-diaz-reconocido-por-tercer-ano-consecutivo-con-el-premio-liderazgo-sanitario-clinico-en-neurologia\/#primaryimage"},"image":{"@id":"https:\/\/www.clubdelemprendimiento.com\/blog\/noticia-corporativa\/el-dr-jesus-porta-de-la-fundacion-jimenez-diaz-reconocido-por-tercer-ano-consecutivo-con-el-premio-liderazgo-sanitario-clinico-en-neurologia\/#primaryimage"},"thumbnailUrl":"https:\/\/www.clubdelemprendimiento.com\/blog\/wp-content\/uploads\/2025\/10\/doctor-porta-premio.jpg","datePublished":"2025-10-07T18:00:16+00:00","dateModified":"2025-10-07T18:00:16+00:00","breadcrumb":{"@id":"https:\/\/www.clubdelemprendimiento.com\/blog\/noticia-corporativa\/el-dr-jesus-porta-de-la-fundacion-jimenez-diaz-reconocido-por-tercer-ano-consecutivo-con-el-premio-liderazgo-sanitario-clinico-en-neurologia\/#breadcrumb"},"inLanguage":"es","potentialAction":[{"@type":"ReadAction","target":["https:\/\/www.clubdelemprendimiento.com\/blog\/noticia-corporativa\/el-dr-jesus-porta-de-la-fundacion-jimenez-diaz-reconocido-por-tercer-ano-consecutivo-con-el-premio-liderazgo-sanitario-clinico-en-neurologia\/"]}]},{"@type":"ImageObject","inLanguage":"es","@id":"https:\/\/www.clubdelemprendimiento.com\/blog\/noticia-corporativa\/el-dr-jesus-porta-de-la-fundacion-jimenez-diaz-reconocido-por-tercer-ano-consecutivo-con-el-premio-liderazgo-sanitario-clinico-en-neurologia\/#primaryimage","url":"https:\/\/www.clubdelemprendimiento.com\/blog\/wp-content\/uploads\/2025\/10\/doctor-porta-premio.jpg","contentUrl":"https:\/\/www.clubdelemprendimiento.com\/blog\/wp-content\/uploads\/2025\/10\/doctor-porta-premio.jpg","width":1440,"height":810},{"@type":"BreadcrumbList","@id":"https:\/\/www.clubdelemprendimiento.com\/blog\/noticia-corporativa\/el-dr-jesus-porta-de-la-fundacion-jimenez-diaz-reconocido-por-tercer-ano-consecutivo-con-el-premio-liderazgo-sanitario-clinico-en-neurologia\/#breadcrumb","itemListElement":[{"@type":"ListItem","position":1,"name":"Home","item":"https:\/\/www.clubdelemprendimiento.com\/blog\/"},{"@type":"ListItem","position":2,"name":"Noticias Corporativas","item":"https:\/\/www.clubdelemprendimiento.com\/blog\/noticias-corporativas\/"},{"@type":"ListItem","position":3,"name":"El Dr. Jes\u00fas Porta, de la Fundaci\u00f3n Jim\u00e9nez D\u00edaz, reconocido por tercer a\u00f1o consecutivo con el Premio Liderazgo Sanitario Cl\u00ednico en Neurolog\u00eda"}]},{"@type":"WebSite","@id":"https:\/\/www.clubdelemprendimiento.com\/blog\/#website","url":"https:\/\/www.clubdelemprendimiento.com\/blog\/","name":"Blog Club del Emprendimiento","description":"","potentialAction":[{"@type":"SearchAction","target":{"@type":"EntryPoint","urlTemplate":"https:\/\/www.clubdelemprendimiento.com\/blog\/?s={search_term_string}"},"query-input":"required name=search_term_string"}],"inLanguage":"es"}]}},"_links":{"self":[{"href":"https:\/\/www.clubdelemprendimiento.com\/blog\/wp-json\/wp\/v2\/noticia-corporativa\/22340"}],"collection":[{"href":"https:\/\/www.clubdelemprendimiento.com\/blog\/wp-json\/wp\/v2\/noticia-corporativa"}],"about":[{"href":"https:\/\/www.clubdelemprendimiento.com\/blog\/wp-json\/wp\/v2\/types\/noticia-corporativa"}],"wp:featuredmedia":[{"embeddable":true,"href":"https:\/\/www.clubdelemprendimiento.com\/blog\/wp-json\/wp\/v2\/media\/22341"}],"wp:attachment":[{"href":"https:\/\/www.clubdelemprendimiento.com\/blog\/wp-json\/wp\/v2\/media?parent=22340"}],"curies":[{"name":"wp","href":"https:\/\/api.w.org\/{rel}","templated":true}]}}