{"id":22332,"date":"2025-10-07T16:04:58","date_gmt":"2025-10-07T16:04:58","guid":{"rendered":"https:\/\/www.clubdelemprendimiento.com\/blog\/noticia-corporativa\/de-arquitecto-a-bim-manager-la-formacion-que-permite-reconvertir-la-carrera-profesional\/"},"modified":"2025-10-07T16:04:58","modified_gmt":"2025-10-07T16:04:58","slug":"de-arquitecto-a-bim-manager-la-formacion-que-permite-reconvertir-la-carrera-profesional","status":"publish","type":"noticia-corporativa","link":"https:\/\/www.clubdelemprendimiento.com\/blog\/noticia-corporativa\/de-arquitecto-a-bim-manager-la-formacion-que-permite-reconvertir-la-carrera-profesional\/","title":{"rendered":"De arquitecto a BIM Manager: la formaci\u00f3n que permite reconvertir la carrera profesional"},"content":{"rendered":"<div>\n<p><a href=\"https:\/\/www.clubdelemprendimiento.com\/blog\/wp-content\/uploads\/2025\/10\/de-arquitecto-a-bim-manager.jpg\" target=\"_blank\" class=\"fotonota\" rel=\"noopener\"> <img decoding=\"async\" src=\"https:\/\/www.clubdelemprendimiento.com\/blog\/wp-content\/uploads\/2025\/10\/de-arquitecto-a-bim-manager.jpg\" style=\"max-width:600px;\" border=\"0\" class=\"postImage\" alt=\"\"><\/a><\/p>\n<p>The Factory School impulsa la reconversi\u00f3n profesional en el sector de la arquitectura con el m\u00e1ster que combina metodolog\u00eda BIM con inteligencia artificial, ofreciendo a los arquitectos herramientas necesarias para liderar la digitalizaci\u00f3n del sector y acceder a nuevas oportunidades laborales<\/p>\n<p><\/p>\n<p>El sector de la arquitectura se encuentra en plena transformaci\u00f3n digital, cada vez m\u00e1s profesionales se encuentran con la necesidad de dar un giro a su carrera para adaptarse a las nuevas exigencias. El puesto de <strong>BIM Manager aparece como una nueva salida profesional de gran valor,<\/strong> teniendo la capacidad de abrir nuevas oportunidades a estudios de arquitectura, ingenier\u00eda y grandes promotoras.\u00a0<\/p>\n<p>El informe de \u2018European Construction Sector Observatory 2024\u2019 de la Comisi\u00f3n Europea menciona que m\u00e1s del 70% de las empresas constructoras europeas identifican la <strong>adopci\u00f3n de la metodolog\u00eda BIM como una prioridad estrat\u00e9gica en los pr\u00f3ximos a\u00f1os.<\/strong> Lo que convierte la figura del BIM Manager con competencias en Inteligencia Artificial en uno de los perfiles con gran proyecci\u00f3n y relevancia en el mercado laboral. Con la formaci\u00f3n adecuada, la evoluci\u00f3n de arquitecto a BIM Manager es posible.<\/p>\n<p>The Factory School, escuela especializada en formaci\u00f3n online para el sector AEC, presenta el <a href=\"https:\/\/thefactoryschool.com\/cursos-master\/master-bim-manager\/\" rel=\"nofollow\">M\u00e1ster BIM Manager con IA,<\/a> dise\u00f1ado espec\u00edficamente para profesionales que buscan reconvertirse y acceder a puestos de mayor responsabilidad. Con m\u00e1s de 3.500 alumnos formados en 15 pa\u00edses, la escuela ha creado un programa acad\u00e9mico que combina <strong>la metodolog\u00eda BIM con inteligencia artificial,<\/strong> lo que permite optimizar flujos de trabajo, automatizar procesos y tomar decisiones basadas en datos.<\/p>\n<p>\u00abMuchos de los alumnos vienen de la arquitectura tradicional y quieren un cambio profesional claro. El m\u00e1ster les ofrece las competencias necesarias para dar ese salto y desempe\u00f1arse como BIM Manager, tanto en grandes proyectos como en estudios m\u00e1s peque\u00f1os que digitalizan sus procesos\u00bb, explica Miguel Picado, director del \u00e1rea BIM de The Factory School.<\/p>\n<p>El programa ofrece la posibilidad de obtener un t\u00edtulo universitario oficial europeo expedido por la Universit\u00e0 degli Studi Guglielmo Marconi (Italia), adem\u00e1s de las certificaciones oficiales de Autodesk, buildingSMART y Bentley. Teniendo como ventaja que es una formaci\u00f3n 100% online y permite compatibilizar el temario con la vida profesional.<\/p>\n<p>Las opiniones de los alumnos confirman este impacto en la carrera profesional, en palabras de Omar Galindo, arquitecto y alumno del M\u00e1ster BIM Manager con IA: \u00abEl m\u00e1ster ha representado una experiencia altamente enriquecedora y profesional. La estructura de los contenidos, la calidad pedag\u00f3gica de los instructores y la aplicabilidad pr\u00e1ctica de las herramientas aprendidas son aspectos que destacar\u00eda como fortalezas principales\u00bb.<\/p>\n<p>El <a href=\"http:\/\/thefactoryschool.com\/cursos-master\/master-bim-manager\/\" rel=\"nofollow\">M\u00e1ster BIM Manager + IA<\/a> de <a href=\"https:\/\/thefactoryschool.com\/\" target=\"_blank\" rel=\"nofollow noopener\">The Factory School<\/a> se posiciona as\u00ed como una v\u00eda de especializaci\u00f3n id\u00f3nea para aquellos arquitectos que desean liderar la transformaci\u00f3n digital del sector.<\/p>\n<\/div>\n","protected":false},"featured_media":22333,"template":"","meta":{"_acf_changed":false},"acf":[],"yoast_head":"<!-- This site is optimized with the Yoast SEO plugin v22.7 - https:\/\/yoast.com\/wordpress\/plugins\/seo\/ -->\n<title>De arquitecto a BIM Manager: la formaci\u00f3n que permite reconvertir la carrera profesional - Blog Club del Emprendimiento<\/title>\n<meta name=\"robots\" content=\"index, follow, max-snippet:-1, max-image-preview:large, max-video-preview:-1\" \/>\n<link rel=\"canonical\" href=\"https:\/\/www.clubdelemprendimiento.com\/blog\/noticia-corporativa\/de-arquitecto-a-bim-manager-la-formacion-que-permite-reconvertir-la-carrera-profesional\/\" \/>\n<meta property=\"og:locale\" content=\"es_ES\" \/>\n<meta property=\"og:type\" content=\"article\" \/>\n<meta property=\"og:title\" content=\"De arquitecto a BIM Manager: la formaci\u00f3n que permite reconvertir la carrera profesional - Blog Club del Emprendimiento\" \/>\n<meta property=\"og:description\" content=\"The Factory School impulsa la reconversi\u00f3n profesional en el sector de la arquitectura con&hellip;\" \/>\n<meta property=\"og:url\" content=\"https:\/\/www.clubdelemprendimiento.com\/blog\/noticia-corporativa\/de-arquitecto-a-bim-manager-la-formacion-que-permite-reconvertir-la-carrera-profesional\/\" \/>\n<meta property=\"og:site_name\" content=\"Blog Club del Emprendimiento\" \/>\n<meta property=\"og:image\" content=\"https:\/\/www.clubdelemprendimiento.com\/blog\/wp-content\/uploads\/2025\/10\/de-arquitecto-a-bim-manager.jpg\" \/>\n<meta name=\"twitter:card\" content=\"summary_large_image\" \/>\n<meta name=\"twitter:label1\" content=\"Tiempo de lectura\" \/>\n\t<meta name=\"twitter:data1\" content=\"2 minutos\" \/>\n<script type=\"application\/ld+json\" class=\"yoast-schema-graph\">{\"@context\":\"https:\/\/schema.org\",\"@graph\":[{\"@type\":\"WebPage\",\"@id\":\"https:\/\/www.clubdelemprendimiento.com\/blog\/noticia-corporativa\/de-arquitecto-a-bim-manager-la-formacion-que-permite-reconvertir-la-carrera-profesional\/\",\"url\":\"https:\/\/www.clubdelemprendimiento.com\/blog\/noticia-corporativa\/de-arquitecto-a-bim-manager-la-formacion-que-permite-reconvertir-la-carrera-profesional\/\",\"name\":\"De arquitecto a BIM Manager: la formaci\u00f3n que permite reconvertir la carrera profesional - Blog Club del Emprendimiento\",\"isPartOf\":{\"@id\":\"https:\/\/www.clubdelemprendimiento.com\/blog\/#website\"},\"primaryImageOfPage\":{\"@id\":\"https:\/\/www.clubdelemprendimiento.com\/blog\/noticia-corporativa\/de-arquitecto-a-bim-manager-la-formacion-que-permite-reconvertir-la-carrera-profesional\/#primaryimage\"},\"image\":{\"@id\":\"https:\/\/www.clubdelemprendimiento.com\/blog\/noticia-corporativa\/de-arquitecto-a-bim-manager-la-formacion-que-permite-reconvertir-la-carrera-profesional\/#primaryimage\"},\"thumbnailUrl\":\"https:\/\/www.clubdelemprendimiento.com\/blog\/wp-content\/uploads\/2025\/10\/de-arquitecto-a-bim-manager.jpg\",\"datePublished\":\"2025-10-07T16:04:58+00:00\",\"dateModified\":\"2025-10-07T16:04:58+00:00\",\"breadcrumb\":{\"@id\":\"https:\/\/www.clubdelemprendimiento.com\/blog\/noticia-corporativa\/de-arquitecto-a-bim-manager-la-formacion-que-permite-reconvertir-la-carrera-profesional\/#breadcrumb\"},\"inLanguage\":\"es\",\"potentialAction\":[{\"@type\":\"ReadAction\",\"target\":[\"https:\/\/www.clubdelemprendimiento.com\/blog\/noticia-corporativa\/de-arquitecto-a-bim-manager-la-formacion-que-permite-reconvertir-la-carrera-profesional\/\"]}]},{\"@type\":\"ImageObject\",\"inLanguage\":\"es\",\"@id\":\"https:\/\/www.clubdelemprendimiento.com\/blog\/noticia-corporativa\/de-arquitecto-a-bim-manager-la-formacion-que-permite-reconvertir-la-carrera-profesional\/#primaryimage\",\"url\":\"https:\/\/www.clubdelemprendimiento.com\/blog\/wp-content\/uploads\/2025\/10\/de-arquitecto-a-bim-manager.jpg\",\"contentUrl\":\"https:\/\/www.clubdelemprendimiento.com\/blog\/wp-content\/uploads\/2025\/10\/de-arquitecto-a-bim-manager.jpg\",\"width\":1200,\"height\":800},{\"@type\":\"BreadcrumbList\",\"@id\":\"https:\/\/www.clubdelemprendimiento.com\/blog\/noticia-corporativa\/de-arquitecto-a-bim-manager-la-formacion-que-permite-reconvertir-la-carrera-profesional\/#breadcrumb\",\"itemListElement\":[{\"@type\":\"ListItem\",\"position\":1,\"name\":\"Home\",\"item\":\"https:\/\/www.clubdelemprendimiento.com\/blog\/\"},{\"@type\":\"ListItem\",\"position\":2,\"name\":\"Noticias Corporativas\",\"item\":\"https:\/\/www.clubdelemprendimiento.com\/blog\/noticias-corporativas\/\"},{\"@type\":\"ListItem\",\"position\":3,\"name\":\"De arquitecto a BIM Manager: la formaci\u00f3n que permite reconvertir la carrera profesional\"}]},{\"@type\":\"WebSite\",\"@id\":\"https:\/\/www.clubdelemprendimiento.com\/blog\/#website\",\"url\":\"https:\/\/www.clubdelemprendimiento.com\/blog\/\",\"name\":\"Blog Club del Emprendimiento\",\"description\":\"\",\"potentialAction\":[{\"@type\":\"SearchAction\",\"target\":{\"@type\":\"EntryPoint\",\"urlTemplate\":\"https:\/\/www.clubdelemprendimiento.com\/blog\/?s={search_term_string}\"},\"query-input\":\"required name=search_term_string\"}],\"inLanguage\":\"es\"}]}<\/script>\n<!-- \/ Yoast SEO plugin. -->","yoast_head_json":{"title":"De arquitecto a BIM Manager: la formaci\u00f3n que permite reconvertir la carrera profesional - Blog Club del Emprendimiento","robots":{"index":"index","follow":"follow","max-snippet":"max-snippet:-1","max-image-preview":"max-image-preview:large","max-video-preview":"max-video-preview:-1"},"canonical":"https:\/\/www.clubdelemprendimiento.com\/blog\/noticia-corporativa\/de-arquitecto-a-bim-manager-la-formacion-que-permite-reconvertir-la-carrera-profesional\/","og_locale":"es_ES","og_type":"article","og_title":"De arquitecto a BIM Manager: la formaci\u00f3n que permite reconvertir la carrera profesional - Blog Club del Emprendimiento","og_description":"The Factory School impulsa la reconversi\u00f3n profesional en el sector de la arquitectura con&hellip;","og_url":"https:\/\/www.clubdelemprendimiento.com\/blog\/noticia-corporativa\/de-arquitecto-a-bim-manager-la-formacion-que-permite-reconvertir-la-carrera-profesional\/","og_site_name":"Blog Club del Emprendimiento","og_image":[{"url":"https:\/\/www.clubdelemprendimiento.com\/blog\/wp-content\/uploads\/2025\/10\/de-arquitecto-a-bim-manager.jpg"}],"twitter_card":"summary_large_image","twitter_misc":{"Tiempo de lectura":"2 minutos"},"schema":{"@context":"https:\/\/schema.org","@graph":[{"@type":"WebPage","@id":"https:\/\/www.clubdelemprendimiento.com\/blog\/noticia-corporativa\/de-arquitecto-a-bim-manager-la-formacion-que-permite-reconvertir-la-carrera-profesional\/","url":"https:\/\/www.clubdelemprendimiento.com\/blog\/noticia-corporativa\/de-arquitecto-a-bim-manager-la-formacion-que-permite-reconvertir-la-carrera-profesional\/","name":"De arquitecto a BIM Manager: la formaci\u00f3n que permite reconvertir la carrera profesional - Blog Club del Emprendimiento","isPartOf":{"@id":"https:\/\/www.clubdelemprendimiento.com\/blog\/#website"},"primaryImageOfPage":{"@id":"https:\/\/www.clubdelemprendimiento.com\/blog\/noticia-corporativa\/de-arquitecto-a-bim-manager-la-formacion-que-permite-reconvertir-la-carrera-profesional\/#primaryimage"},"image":{"@id":"https:\/\/www.clubdelemprendimiento.com\/blog\/noticia-corporativa\/de-arquitecto-a-bim-manager-la-formacion-que-permite-reconvertir-la-carrera-profesional\/#primaryimage"},"thumbnailUrl":"https:\/\/www.clubdelemprendimiento.com\/blog\/wp-content\/uploads\/2025\/10\/de-arquitecto-a-bim-manager.jpg","datePublished":"2025-10-07T16:04:58+00:00","dateModified":"2025-10-07T16:04:58+00:00","breadcrumb":{"@id":"https:\/\/www.clubdelemprendimiento.com\/blog\/noticia-corporativa\/de-arquitecto-a-bim-manager-la-formacion-que-permite-reconvertir-la-carrera-profesional\/#breadcrumb"},"inLanguage":"es","potentialAction":[{"@type":"ReadAction","target":["https:\/\/www.clubdelemprendimiento.com\/blog\/noticia-corporativa\/de-arquitecto-a-bim-manager-la-formacion-que-permite-reconvertir-la-carrera-profesional\/"]}]},{"@type":"ImageObject","inLanguage":"es","@id":"https:\/\/www.clubdelemprendimiento.com\/blog\/noticia-corporativa\/de-arquitecto-a-bim-manager-la-formacion-que-permite-reconvertir-la-carrera-profesional\/#primaryimage","url":"https:\/\/www.clubdelemprendimiento.com\/blog\/wp-content\/uploads\/2025\/10\/de-arquitecto-a-bim-manager.jpg","contentUrl":"https:\/\/www.clubdelemprendimiento.com\/blog\/wp-content\/uploads\/2025\/10\/de-arquitecto-a-bim-manager.jpg","width":1200,"height":800},{"@type":"BreadcrumbList","@id":"https:\/\/www.clubdelemprendimiento.com\/blog\/noticia-corporativa\/de-arquitecto-a-bim-manager-la-formacion-que-permite-reconvertir-la-carrera-profesional\/#breadcrumb","itemListElement":[{"@type":"ListItem","position":1,"name":"Home","item":"https:\/\/www.clubdelemprendimiento.com\/blog\/"},{"@type":"ListItem","position":2,"name":"Noticias Corporativas","item":"https:\/\/www.clubdelemprendimiento.com\/blog\/noticias-corporativas\/"},{"@type":"ListItem","position":3,"name":"De arquitecto a BIM Manager: la formaci\u00f3n que permite reconvertir la carrera profesional"}]},{"@type":"WebSite","@id":"https:\/\/www.clubdelemprendimiento.com\/blog\/#website","url":"https:\/\/www.clubdelemprendimiento.com\/blog\/","name":"Blog Club del Emprendimiento","description":"","potentialAction":[{"@type":"SearchAction","target":{"@type":"EntryPoint","urlTemplate":"https:\/\/www.clubdelemprendimiento.com\/blog\/?s={search_term_string}"},"query-input":"required name=search_term_string"}],"inLanguage":"es"}]}},"_links":{"self":[{"href":"https:\/\/www.clubdelemprendimiento.com\/blog\/wp-json\/wp\/v2\/noticia-corporativa\/22332"}],"collection":[{"href":"https:\/\/www.clubdelemprendimiento.com\/blog\/wp-json\/wp\/v2\/noticia-corporativa"}],"about":[{"href":"https:\/\/www.clubdelemprendimiento.com\/blog\/wp-json\/wp\/v2\/types\/noticia-corporativa"}],"wp:featuredmedia":[{"embeddable":true,"href":"https:\/\/www.clubdelemprendimiento.com\/blog\/wp-json\/wp\/v2\/media\/22333"}],"wp:attachment":[{"href":"https:\/\/www.clubdelemprendimiento.com\/blog\/wp-json\/wp\/v2\/media?parent=22332"}],"curies":[{"name":"wp","href":"https:\/\/api.w.org\/{rel}","templated":true}]}}