{"id":21995,"date":"2025-09-29T10:04:36","date_gmt":"2025-09-29T10:04:36","guid":{"rendered":"https:\/\/www.clubdelemprendimiento.com\/blog\/noticia-corporativa\/schneider-electric-situa-la-resiliencia-energetica-en-el-centro-de-la-climate-week-nyc-2025\/"},"modified":"2025-09-29T10:04:36","modified_gmt":"2025-09-29T10:04:36","slug":"schneider-electric-situa-la-resiliencia-energetica-en-el-centro-de-la-climate-week-nyc-2025","status":"publish","type":"noticia-corporativa","link":"https:\/\/www.clubdelemprendimiento.com\/blog\/noticia-corporativa\/schneider-electric-situa-la-resiliencia-energetica-en-el-centro-de-la-climate-week-nyc-2025\/","title":{"rendered":"Schneider Electric sit\u00faa la resiliencia energ\u00e9tica en el centro de la &#8216;Climate Week NYC 2025&#8217;"},"content":{"rendered":"<div>\n<p><a href=\"https:\/\/www.clubdelemprendimiento.com\/blog\/wp-content\/uploads\/2025\/09\/Schneider_Electric_at_New_York_Climate_Week.jpg\" target=\"_blank\" class=\"fotonota\" rel=\"noopener\"> <img decoding=\"async\" src=\"https:\/\/www.clubdelemprendimiento.com\/blog\/wp-content\/uploads\/2025\/09\/Schneider_Electric_at_New_York_Climate_Week.jpg\" style=\"max-width:600px;\" border=\"0\" class=\"postImage\" alt=\"\"><\/a><\/p>\n<p>Nuevas investigaciones sobre acceso fiable a la energ\u00eda y gesti\u00f3n inteligente del agua para guiar la acci\u00f3n empresarial y pol\u00edtica<\/p>\n<p><\/p>\n<p>Los l\u00edderes de la compa\u00f1\u00eda presentan c\u00f3mo prepararse para el futuro con electrificaci\u00f3n, digitalizaci\u00f3n e infraestructuras listas para la IA que impulsen el crecimiento y el empleo.\u00a0<\/p>\n<p>Schneider Electric, l\u00edder global en la transformaci\u00f3n digital de la gesti\u00f3n de la energ\u00eda y la automatizaci\u00f3n, ha presentado hoy sus planes para la\u00a0<a href=\"https:\/\/www.climateweeknyc.org\/\" target=\"_blank\" rel=\"nofollow noopener\">Climate Week NYC 2025<\/a>, donde dar\u00e1 a conocer nuevas investigaciones e iniciativas centradas en garantizar un suministro el\u00e9ctrico fiable, asequible y resiliente, ante el aumento de la demanda procedente de la inteligencia artificial, la fabricaci\u00f3n avanzada y la electrificaci\u00f3n. En la Climate Week NYC, Schneider Electric reunir\u00e1 a l\u00edderes de diferentes sectores para convertir la tecnolog\u00eda energ\u00e9tica en una ventaja competitiva, impulsando el futuro de industrias productivas y econom\u00edas locales resilientes. La compa\u00f1\u00eda presentar\u00e1 un nuevo an\u00e1lisis sobre el acceso fiable a la energ\u00eda y sobre infraestructuras inteligentes de agua, y mostrar\u00e1 estrategias pr\u00e1cticas que ayuden a las organizaciones a reforzar sus operaciones, reducir riesgos y mejorar la eficiencia.<\/p>\n<p>\u00abEl mundo est\u00e1 entrando en un superciclo energ\u00e9tico, a medida que la inteligencia artificial, los autom\u00f3viles y la movilidad en general, los edificios y las industrias se electrifican r\u00e1pidamente, al mismo tiempo que las infraestructuras en muchas regiones tienen dificultades para mantener el ritmo\u00bb, afirm\u00f3 Jean-Pascal Tricoire, Chairman de Schneider Electric. \u00abNuestro objetivo esta semana es avanzar en medidas pr\u00e1cticas que, en los \u00e1mbitos de la demanda, la red y el suministro, aumenten la fiabilidad, mantengan los costes previsibles y a\u00f1adan capacidad con mayor rapidez para ciudades, industrias y comunidades de todo el mundo\u00bb.<\/p>\n<p><strong>Reforzar el acceso a una energ\u00eda fiable con soluciones distribuidas\u00a0<\/strong><br \/>\nEl Sustainability Research Institute de Schneider Electric ha publicado un white paper titulado\u00a0<a href=\"https:\/\/www.se.com\/ww\/en\/insights\/sustainability\/sustainability-research-institute\/energy-poverty\/\" target=\"_blank\" rel=\"nofollow noopener\">Energy Poverty: Schneider Electric\u2019s global vision for sustainable energy for all,<\/a>\u00a0que redefine la pobreza energ\u00e9tica como un triple desaf\u00edo: acceso, asequibilidad y fiabilidad.\u00a0El informe destaca que entre 685 millones y 3.300 millones de personas podr\u00edan considerarse actualmente en situaci\u00f3n de pobreza energ\u00e9tica, con una estimaci\u00f3n media mundial de 1.300 millones. El documento propone v\u00edas pr\u00e1cticas basadas en microrredes solares con almacenamiento y en una gobernanza local inclusiva, enfoques que aumentan la disponibilidad del suministro, generan valor econ\u00f3mico local y reducen la exposici\u00f3n a la volatilidad de los combustibles.<\/p>\n<p><strong>Resiliencia h\u00eddrica y prioridades empresariales<\/strong><br \/>\nSchneider Electric tambi\u00e9n presentar\u00e1 los resultados de una encuesta realizada a directivos de EE.UU. sobre gesti\u00f3n del agua, que revela la posici\u00f3n que ocupa la infraestructura h\u00eddrica inteligente entre las prioridades corporativas y municipales, y analiza la brecha existente entre la ambici\u00f3n y la acci\u00f3n. El informe pone de relieve el papel cada vez m\u00e1s importante del agua en la resiliencia empresarial y en la planificaci\u00f3n urbana, ofreciendo informaci\u00f3n clave para los l\u00edderes que deben afrontar la escasez de recursos.<\/p>\n<p><strong>Schneider Electric se asocia con Makersite para impulsar la sostenibilidad de los productos mediante inteligencia de ciclo de vida\u00a0<\/strong><br \/>\nComo parte de su compromiso con la innovaci\u00f3n sostenible, Schneider Electric ha lanzado LC-Analytics (Life Cycle Analytics)<strong>,<\/strong>\u00a0una iniciativa pionera que aprovecha la inteligencia artificial para generar gemelos digitales de miles de productos. Esta soluci\u00f3n permite la creaci\u00f3n automatizada de datos de An\u00e1lisis de Ciclo de Vida (ACV, Life Cycle Assessment \u2013 LCA), incluidas las huellas de carbono de producto y las Declaraciones Ambientales de Producto (EPD), lo que agiliza de forma significativa la toma de decisiones en ecodise\u00f1o.<\/p>\n<p>Al integrar inteligencia de ciclo de vida de producto en su porfolio a trav\u00e9s de esta colaboraci\u00f3n con Makersite, Schneider Electric incorpora nuevas capacidades para reducir el impacto medioambiental de sus productos. LC-Analytics<strong>\u00a0<\/strong>se convierte en un potente catalizador en el camino de la compa\u00f1\u00eda hacia la descarbonizaci\u00f3n de su porfolio y en el avance medible hacia un futuro m\u00e1s sostenible.<\/p>\n<p><strong>Schneider Electric en la Climate Week NYC<\/strong><br \/>\nSchneider Electric tendr\u00e1 una destacada presencia a lo largo de la Climate Week NYC, participando en los siguientes eventos:<\/p>\n<ul>\n<li>\n<p><a href=\"https:\/\/www.eventbrite.com\/cc\/join-schneider-electric-at-climate-week-2025-4524643\" target=\"_blank\" rel=\"nofollow noopener\"><strong>Schneider Electric en la Climate Week<\/strong><\/a><\/p>\n<p><strong>Martes 23 de septiembre, de 9:00 a 19:00 h (hora local de New York)<\/strong>, incluyendo:<\/p>\n<ul>\n<li>\n<p><em>Trailblazers of Change: Harnessing Sustainability for Innovation and Impact<\/em>\u00a0from 9:00-10:30 h.\u00a0Esther Finidori, Chief Sustainability Officer de Schneider Electric, abordar\u00e1 c\u00f3mo la integraci\u00f3n de la sostenibilidad en la estrategia empresarial refuerza las cadenas de valor, acelera la acci\u00f3n clim\u00e1tica y genera cambios significativos.<\/p>\n<ul>\n<li>\n<p><em>Future-Ready with Schneider Electric: Advancing Sustainability Through Energy Resilience<\/em>\u00a0from 12:00-13:30 h (almuerzo),\u00a0Jean-Pascal Tricoire, Chairman de Schneider Electric, y Steve Wilhite, President, Sustainability Business, explicar\u00e1n c\u00f3mo la electrificaci\u00f3n, la digitalizaci\u00f3n y la resiliencia energ\u00e9tica ayudan a las empresas a transformar la disrupci\u00f3n en una ventaja a largo plazo.<\/p>\n<\/li>\n<li>\n<p><em>Raising the Bar: How Business and Policy is Shaping Carbon Markets<\/em>\u00a0from 17:00-19:00 h.\u00a0Sesi\u00f3n dedicada a explorar la evoluci\u00f3n de los mercados de carbono.<\/p>\n<\/li>\n<\/ul>\n<\/li>\n<li>\n<p><strong>Semafor Next 3 Billion Summit\u00a0Mi\u00e9rcoles 24 de septiembre.<\/strong>\u00a0Jean-Pascal Tricoire se unir\u00e1 a otros l\u00edderes para debatir c\u00f3mo acelerar el acceso a la energ\u00eda y a las infraestructuras de inteligencia artificial para los pr\u00f3ximos 3.000 millones de personas.<\/p>\n<\/li>\n<li>\n<p><strong>The Nest (S&amp;P) Climate Campus\u00a0Mi\u00e9rcoles 24 de septiembre<\/strong>, de 13:00 a 17:45 h en el Javits Center. Jean-Pascal Tricoire participar\u00e1 en una\u00a0<em>fireside chat<\/em>\u00a0a las 13:00 h.<\/p>\n<\/li>\n<\/ul>\n<\/li>\n<\/ul>\n<p>Adem\u00e1s, directivos de Schneider Electric estar\u00e1n disponibles para comentar las \u00faltimas novedades de la compa\u00f1\u00eda, los avances en la reducci\u00f3n de emisiones en la cadena de suministro, la automatizaci\u00f3n en el sector del agua, la descarbonizaci\u00f3n industrial y el acceso fiable a la energ\u00eda. Entre ellos se encuentran:\u00a0<\/p>\n<ul>\n<li>\n<p>Jean-Pascal Tricoire, Chairman<\/p>\n<\/li>\n<li>\n<p>Esther Finidori, Chief Sustainability Officer<\/p>\n<\/li>\n<li>\n<p>Steve Wilhite, President, Sustainability Business\u00a0<\/p>\n<\/li>\n<li>\n<p>Gilles Vermot Desroches, Senior Vice President, Corporate Citizenship and Institutional Affairs<\/p>\n<\/li>\n<li>\n<p>Rafael Segrera, South America Zone President<\/p>\n<\/li>\n<li>\n<p>Vanessa Miler Fels, Senior Vice President, Global Supply Chain, Safety, Environment, Real Estate, and Sustainability<\/p>\n<\/li>\n<li>\n<p>Amit Chaturvedy, Global Head and Managing Partner, SE Ventures\u00a0<\/p>\n<\/li>\n<li>\n<p>Vincent Petit, Senior Vice President, Climate and Energy Transition Research<\/p>\n<\/li>\n<li>\n<p>Asha Devasia, Senior Vice President, Innovation and Sustainability<\/p>\n<\/li>\n<li>\n<p>Michele Hix, Vice President, Strategic Customers, North America<\/p>\n<\/li>\n<li>\n<p>Jeannie Salo, Chief Public Policy Officer, North America<\/p>\n<\/li>\n<li>\n<p>Lisa Wee, Chief Sustainability Officer, AVEVA<\/p>\n<\/li>\n<li>\n<p>Sophie Borgne, President, Water &amp; Environment, Automation<\/p>\n<\/li>\n<li>\n<p>Steve Carlini, Vice President, Innovation and Data Centers<\/p>\n<\/li>\n<li>\n<p>John Powers, Vice President, Renewable Energy &amp; Cleantech<\/p>\n<\/li>\n<li>\n<p>Erin Decker, Senior Director, Renewable Energy &amp; Carbon Advisory<\/p>\n<\/li>\n<li>\n<p>Thomas Kwan, Vice President, Sustainability Research<\/p>\n<\/li>\n<li>\n<p>William Theisen, Global Commercial Head of Nature &amp; Tech-Based Solutions\u00a0<\/p>\n<\/li>\n<li>\n<p>Mathilde Mignot, Group Director of Nature &amp; Tech Based Solutions<\/p>\n<\/li>\n<\/ul>\n<p>En el marco de la Climate Week NYC, Schneider Electric y sus socios anunciar\u00e1n tambi\u00e9n nuevas iniciativas relacionadas con la descarbonizaci\u00f3n, que se dar\u00e1n a conocer a trav\u00e9s de las salas de\u00a0prensa digitales global\u00a0y de\u00a0EE. UU. de la compa\u00f1\u00eda.<\/p>\n<\/div>\n","protected":false},"featured_media":21996,"template":"","meta":{"_acf_changed":false},"acf":[],"yoast_head":"<!-- This site is optimized with the Yoast SEO plugin v22.7 - https:\/\/yoast.com\/wordpress\/plugins\/seo\/ -->\n<title>Schneider Electric sit\u00faa la resiliencia energ\u00e9tica en el centro de la &#039;Climate Week NYC 2025&#039; - Blog Club del Emprendimiento<\/title>\n<meta name=\"robots\" content=\"index, follow, max-snippet:-1, max-image-preview:large, max-video-preview:-1\" \/>\n<link rel=\"canonical\" href=\"https:\/\/www.clubdelemprendimiento.com\/blog\/noticia-corporativa\/schneider-electric-situa-la-resiliencia-energetica-en-el-centro-de-la-climate-week-nyc-2025\/\" \/>\n<meta property=\"og:locale\" content=\"es_ES\" \/>\n<meta property=\"og:type\" content=\"article\" \/>\n<meta property=\"og:title\" content=\"Schneider Electric sit\u00faa la resiliencia energ\u00e9tica en el centro de la &#039;Climate Week NYC 2025&#039; - Blog Club del Emprendimiento\" \/>\n<meta property=\"og:description\" content=\"Nuevas investigaciones sobre acceso fiable a la energ\u00eda y gesti\u00f3n inteligente del agua para&hellip;\" \/>\n<meta property=\"og:url\" content=\"https:\/\/www.clubdelemprendimiento.com\/blog\/noticia-corporativa\/schneider-electric-situa-la-resiliencia-energetica-en-el-centro-de-la-climate-week-nyc-2025\/\" \/>\n<meta property=\"og:site_name\" content=\"Blog Club del Emprendimiento\" \/>\n<meta property=\"og:image\" content=\"https:\/\/www.clubdelemprendimiento.com\/blog\/wp-content\/uploads\/2025\/09\/Schneider_Electric_at_New_York_Climate_Week.jpg\" \/>\n<meta name=\"twitter:card\" content=\"summary_large_image\" \/>\n<meta name=\"twitter:label1\" content=\"Tiempo de lectura\" \/>\n\t<meta name=\"twitter:data1\" content=\"6 minutos\" \/>\n<script type=\"application\/ld+json\" class=\"yoast-schema-graph\">{\"@context\":\"https:\/\/schema.org\",\"@graph\":[{\"@type\":\"WebPage\",\"@id\":\"https:\/\/www.clubdelemprendimiento.com\/blog\/noticia-corporativa\/schneider-electric-situa-la-resiliencia-energetica-en-el-centro-de-la-climate-week-nyc-2025\/\",\"url\":\"https:\/\/www.clubdelemprendimiento.com\/blog\/noticia-corporativa\/schneider-electric-situa-la-resiliencia-energetica-en-el-centro-de-la-climate-week-nyc-2025\/\",\"name\":\"Schneider Electric sit\u00faa la resiliencia energ\u00e9tica en el centro de la 'Climate Week NYC 2025' - Blog Club del Emprendimiento\",\"isPartOf\":{\"@id\":\"https:\/\/www.clubdelemprendimiento.com\/blog\/#website\"},\"primaryImageOfPage\":{\"@id\":\"https:\/\/www.clubdelemprendimiento.com\/blog\/noticia-corporativa\/schneider-electric-situa-la-resiliencia-energetica-en-el-centro-de-la-climate-week-nyc-2025\/#primaryimage\"},\"image\":{\"@id\":\"https:\/\/www.clubdelemprendimiento.com\/blog\/noticia-corporativa\/schneider-electric-situa-la-resiliencia-energetica-en-el-centro-de-la-climate-week-nyc-2025\/#primaryimage\"},\"thumbnailUrl\":\"https:\/\/www.clubdelemprendimiento.com\/blog\/wp-content\/uploads\/2025\/09\/Schneider_Electric_at_New_York_Climate_Week.jpg\",\"datePublished\":\"2025-09-29T10:04:36+00:00\",\"dateModified\":\"2025-09-29T10:04:36+00:00\",\"breadcrumb\":{\"@id\":\"https:\/\/www.clubdelemprendimiento.com\/blog\/noticia-corporativa\/schneider-electric-situa-la-resiliencia-energetica-en-el-centro-de-la-climate-week-nyc-2025\/#breadcrumb\"},\"inLanguage\":\"es\",\"potentialAction\":[{\"@type\":\"ReadAction\",\"target\":[\"https:\/\/www.clubdelemprendimiento.com\/blog\/noticia-corporativa\/schneider-electric-situa-la-resiliencia-energetica-en-el-centro-de-la-climate-week-nyc-2025\/\"]}]},{\"@type\":\"ImageObject\",\"inLanguage\":\"es\",\"@id\":\"https:\/\/www.clubdelemprendimiento.com\/blog\/noticia-corporativa\/schneider-electric-situa-la-resiliencia-energetica-en-el-centro-de-la-climate-week-nyc-2025\/#primaryimage\",\"url\":\"https:\/\/www.clubdelemprendimiento.com\/blog\/wp-content\/uploads\/2025\/09\/Schneider_Electric_at_New_York_Climate_Week.jpg\",\"contentUrl\":\"https:\/\/www.clubdelemprendimiento.com\/blog\/wp-content\/uploads\/2025\/09\/Schneider_Electric_at_New_York_Climate_Week.jpg\",\"width\":1200,\"height\":630},{\"@type\":\"BreadcrumbList\",\"@id\":\"https:\/\/www.clubdelemprendimiento.com\/blog\/noticia-corporativa\/schneider-electric-situa-la-resiliencia-energetica-en-el-centro-de-la-climate-week-nyc-2025\/#breadcrumb\",\"itemListElement\":[{\"@type\":\"ListItem\",\"position\":1,\"name\":\"Home\",\"item\":\"https:\/\/www.clubdelemprendimiento.com\/blog\/\"},{\"@type\":\"ListItem\",\"position\":2,\"name\":\"Noticias Corporativas\",\"item\":\"https:\/\/www.clubdelemprendimiento.com\/blog\/noticias-corporativas\/\"},{\"@type\":\"ListItem\",\"position\":3,\"name\":\"Schneider Electric sit\u00faa la resiliencia energ\u00e9tica en el centro de la &#8216;Climate Week NYC 2025&#8217;\"}]},{\"@type\":\"WebSite\",\"@id\":\"https:\/\/www.clubdelemprendimiento.com\/blog\/#website\",\"url\":\"https:\/\/www.clubdelemprendimiento.com\/blog\/\",\"name\":\"Blog Club del Emprendimiento\",\"description\":\"\",\"potentialAction\":[{\"@type\":\"SearchAction\",\"target\":{\"@type\":\"EntryPoint\",\"urlTemplate\":\"https:\/\/www.clubdelemprendimiento.com\/blog\/?s={search_term_string}\"},\"query-input\":\"required name=search_term_string\"}],\"inLanguage\":\"es\"}]}<\/script>\n<!-- \/ Yoast SEO plugin. -->","yoast_head_json":{"title":"Schneider Electric sit\u00faa la resiliencia energ\u00e9tica en el centro de la 'Climate Week NYC 2025' - Blog Club del Emprendimiento","robots":{"index":"index","follow":"follow","max-snippet":"max-snippet:-1","max-image-preview":"max-image-preview:large","max-video-preview":"max-video-preview:-1"},"canonical":"https:\/\/www.clubdelemprendimiento.com\/blog\/noticia-corporativa\/schneider-electric-situa-la-resiliencia-energetica-en-el-centro-de-la-climate-week-nyc-2025\/","og_locale":"es_ES","og_type":"article","og_title":"Schneider Electric sit\u00faa la resiliencia energ\u00e9tica en el centro de la 'Climate Week NYC 2025' - Blog Club del Emprendimiento","og_description":"Nuevas investigaciones sobre acceso fiable a la energ\u00eda y gesti\u00f3n inteligente del agua para&hellip;","og_url":"https:\/\/www.clubdelemprendimiento.com\/blog\/noticia-corporativa\/schneider-electric-situa-la-resiliencia-energetica-en-el-centro-de-la-climate-week-nyc-2025\/","og_site_name":"Blog Club del Emprendimiento","og_image":[{"url":"https:\/\/www.clubdelemprendimiento.com\/blog\/wp-content\/uploads\/2025\/09\/Schneider_Electric_at_New_York_Climate_Week.jpg"}],"twitter_card":"summary_large_image","twitter_misc":{"Tiempo de lectura":"6 minutos"},"schema":{"@context":"https:\/\/schema.org","@graph":[{"@type":"WebPage","@id":"https:\/\/www.clubdelemprendimiento.com\/blog\/noticia-corporativa\/schneider-electric-situa-la-resiliencia-energetica-en-el-centro-de-la-climate-week-nyc-2025\/","url":"https:\/\/www.clubdelemprendimiento.com\/blog\/noticia-corporativa\/schneider-electric-situa-la-resiliencia-energetica-en-el-centro-de-la-climate-week-nyc-2025\/","name":"Schneider Electric sit\u00faa la resiliencia energ\u00e9tica en el centro de la 'Climate Week NYC 2025' - Blog Club del Emprendimiento","isPartOf":{"@id":"https:\/\/www.clubdelemprendimiento.com\/blog\/#website"},"primaryImageOfPage":{"@id":"https:\/\/www.clubdelemprendimiento.com\/blog\/noticia-corporativa\/schneider-electric-situa-la-resiliencia-energetica-en-el-centro-de-la-climate-week-nyc-2025\/#primaryimage"},"image":{"@id":"https:\/\/www.clubdelemprendimiento.com\/blog\/noticia-corporativa\/schneider-electric-situa-la-resiliencia-energetica-en-el-centro-de-la-climate-week-nyc-2025\/#primaryimage"},"thumbnailUrl":"https:\/\/www.clubdelemprendimiento.com\/blog\/wp-content\/uploads\/2025\/09\/Schneider_Electric_at_New_York_Climate_Week.jpg","datePublished":"2025-09-29T10:04:36+00:00","dateModified":"2025-09-29T10:04:36+00:00","breadcrumb":{"@id":"https:\/\/www.clubdelemprendimiento.com\/blog\/noticia-corporativa\/schneider-electric-situa-la-resiliencia-energetica-en-el-centro-de-la-climate-week-nyc-2025\/#breadcrumb"},"inLanguage":"es","potentialAction":[{"@type":"ReadAction","target":["https:\/\/www.clubdelemprendimiento.com\/blog\/noticia-corporativa\/schneider-electric-situa-la-resiliencia-energetica-en-el-centro-de-la-climate-week-nyc-2025\/"]}]},{"@type":"ImageObject","inLanguage":"es","@id":"https:\/\/www.clubdelemprendimiento.com\/blog\/noticia-corporativa\/schneider-electric-situa-la-resiliencia-energetica-en-el-centro-de-la-climate-week-nyc-2025\/#primaryimage","url":"https:\/\/www.clubdelemprendimiento.com\/blog\/wp-content\/uploads\/2025\/09\/Schneider_Electric_at_New_York_Climate_Week.jpg","contentUrl":"https:\/\/www.clubdelemprendimiento.com\/blog\/wp-content\/uploads\/2025\/09\/Schneider_Electric_at_New_York_Climate_Week.jpg","width":1200,"height":630},{"@type":"BreadcrumbList","@id":"https:\/\/www.clubdelemprendimiento.com\/blog\/noticia-corporativa\/schneider-electric-situa-la-resiliencia-energetica-en-el-centro-de-la-climate-week-nyc-2025\/#breadcrumb","itemListElement":[{"@type":"ListItem","position":1,"name":"Home","item":"https:\/\/www.clubdelemprendimiento.com\/blog\/"},{"@type":"ListItem","position":2,"name":"Noticias Corporativas","item":"https:\/\/www.clubdelemprendimiento.com\/blog\/noticias-corporativas\/"},{"@type":"ListItem","position":3,"name":"Schneider Electric sit\u00faa la resiliencia energ\u00e9tica en el centro de la &#8216;Climate Week NYC 2025&#8217;"}]},{"@type":"WebSite","@id":"https:\/\/www.clubdelemprendimiento.com\/blog\/#website","url":"https:\/\/www.clubdelemprendimiento.com\/blog\/","name":"Blog Club del Emprendimiento","description":"","potentialAction":[{"@type":"SearchAction","target":{"@type":"EntryPoint","urlTemplate":"https:\/\/www.clubdelemprendimiento.com\/blog\/?s={search_term_string}"},"query-input":"required name=search_term_string"}],"inLanguage":"es"}]}},"_links":{"self":[{"href":"https:\/\/www.clubdelemprendimiento.com\/blog\/wp-json\/wp\/v2\/noticia-corporativa\/21995"}],"collection":[{"href":"https:\/\/www.clubdelemprendimiento.com\/blog\/wp-json\/wp\/v2\/noticia-corporativa"}],"about":[{"href":"https:\/\/www.clubdelemprendimiento.com\/blog\/wp-json\/wp\/v2\/types\/noticia-corporativa"}],"wp:featuredmedia":[{"embeddable":true,"href":"https:\/\/www.clubdelemprendimiento.com\/blog\/wp-json\/wp\/v2\/media\/21996"}],"wp:attachment":[{"href":"https:\/\/www.clubdelemprendimiento.com\/blog\/wp-json\/wp\/v2\/media?parent=21995"}],"curies":[{"name":"wp","href":"https:\/\/api.w.org\/{rel}","templated":true}]}}