{"id":21993,"date":"2025-09-29T10:04:34","date_gmt":"2025-09-29T10:04:34","guid":{"rendered":"https:\/\/www.clubdelemprendimiento.com\/blog\/noticia-corporativa\/es-imprescindible-redisenar-el-territorio-para-frenar-el-fuego-aseguran-los-expertos-ante-la-ola-de-incendios-de-este-verano\/"},"modified":"2025-09-29T10:04:34","modified_gmt":"2025-09-29T10:04:34","slug":"es-imprescindible-redisenar-el-territorio-para-frenar-el-fuego-aseguran-los-expertos-ante-la-ola-de-incendios-de-este-verano","status":"publish","type":"noticia-corporativa","link":"https:\/\/www.clubdelemprendimiento.com\/blog\/noticia-corporativa\/es-imprescindible-redisenar-el-territorio-para-frenar-el-fuego-aseguran-los-expertos-ante-la-ola-de-incendios-de-este-verano\/","title":{"rendered":"\u00abEs imprescindible redise\u00f1ar el territorio para frenar el fuego\u00bb, aseguran los expertos, ante la ola de incendios de este verano"},"content":{"rendered":"<div>\n<p><a href=\"https:\/\/www.clubdelemprendimiento.com\/blog\/wp-content\/uploads\/2025\/09\/2151902839.jpg\" target=\"_blank\" class=\"fotonota\" rel=\"noopener\"> <img decoding=\"async\" src=\"https:\/\/www.clubdelemprendimiento.com\/blog\/wp-content\/uploads\/2025\/09\/2151902839.jpg\" style=\"max-width:600px;\" border=\"0\" class=\"postImage\" alt=\"\"><\/a><\/p>\n<p>\u00abNo basta con plantar \u00e1rboles, hay que redise\u00f1ar el territorio para que sea resiliente\u00bb, afirma Samuel Delesque, cofundador de TDF, ecoaldea regenerativa ubicada en la Pen\u00ednsula Ib\u00e9rica<\/p>\n<p><\/p>\n<p>Espa\u00f1a vive la peor temporada de incendios en dos d\u00e9cadas: seg\u00fan el\u00a0<strong>European Forest Fire Information System (EFFIS)<\/strong>, en 2025 se han calcinado m\u00e1s de\u00a0<strong>393.000 hect\u00e1reas hasta agosto<\/strong>, un <strong>55%<\/strong> m\u00e1s que en 2024, que ya hab\u00eda sido un a\u00f1o r\u00e9cord. Esto equivale a\u00a0<strong>cinco veces la media hist\u00f3rica<\/strong>\u00a0y a un territorio mayor que la isla de Mallorca. En lo que va de a\u00f1o se han registrado\u00a0<strong>53 grandes incendios<\/strong>, es decir, de m\u00e1s de 500 hect\u00e1reas, cuando la media era de 17.<\/p>\n<p>Un estudio del consorcio cient\u00edfico\u00a0<strong>World Weather Attribution<\/strong>\u00a0confirma que el cambio clim\u00e1tico <strong>ha multiplicado por\u00a040 la probabilidad\u00a0de que en la Pen\u00ednsula Ib\u00e9rica se den condiciones extremas <\/strong>de calor, sequedad y viento como las que alimentaron los megaincendios de este verano. Antes, un episodio as\u00ed ocurr\u00eda cada 500 a\u00f1os; ahora, cada 15. Si se considera solo la temperatura, la probabilidad es\u00a0<strong>200 veces mayor<\/strong>\u00a0que en un mundo sin calentamiento global. Adem\u00e1s, estas olas son\u00a0<strong>3\u00baC m\u00e1s c\u00e1lidas<\/strong>\u00a0que en la era preindustrial.<\/p>\n<p>El coste directo en extinci\u00f3n de incendios de esta magnitud se acerca a\u00a0<strong>10.000 millones de euros<\/strong>, pero el impacto total (turismo, agricultura, ganader\u00eda, industria) lo multiplicar\u00e1. Seg\u00fan la Comisi\u00f3n Europea, los incendios pueden suponer hasta el\u00a0<strong>4,5% del PIB espa\u00f1ol<\/strong>, unos\u00a0<strong>71.600 millones de euros<\/strong>.<\/p>\n<p>Adem\u00e1s, los incendios han arrasado h\u00e1bitats cr\u00edticos en parques como\u00a0<strong>O Invernadeiro (Ourense)<\/strong>, la\u00a0<strong>Monta\u00f1a Palentina<\/strong>\u00a0y la\u00a0<strong>Cordillera Cant\u00e1brica<\/strong>, afectando especies emblem\u00e1ticas como el\u00a0<strong>oso pardo<\/strong>, el\u00a0<strong>urogallo cant\u00e1brico<\/strong>\u00a0y el\u00a0<strong>\u00e1guila real<\/strong>. M\u00e1s de\u00a0<strong>30.000 personas han sido evacuadas<\/strong>, perdiendo viviendas, cosechas y servicios b\u00e1sicos. Una situaci\u00f3n insostenible ante la cual organizaciones independientes est\u00e1n tomando partido, como es el caso de <a href=\"https:\/\/www.traditionaldreamfactory.com\/\" rel=\"nofollow\"><strong>Traditional Dream Factory<\/strong><\/a><strong> (TDF)<\/strong>.<\/p>\n<p><strong>Redise\u00f1ar el paisaje para frenar el fuego<\/strong><br \/>\nTras uno de los veranos m\u00e1s duros que se recuerdan a causa de los virulentos incendios, adem\u00e1s de una actuaci\u00f3n administrativa puesta en entredicho por gran parte de la poblaci\u00f3n, cada vez hay m\u00e1s iniciativas a lo largo y ancho de la Pen\u00ednsula Ib\u00e9rica que buscan aportar su grano de arena. En Espa\u00f1a, proyectos como\u00a0<strong>AGROFORes<\/strong>\u00a0en Castilla y Le\u00f3n y Extremadura ya est\u00e1n transformando terrenos degradados en\u00a0<strong>sistemas agroforestales multifuncionales<\/strong>, reduciendo as\u00ed biomasa inflamable y creando empleo rural.<\/p>\n<p>Sin embargo, una de las iniciativas m\u00e1s pioneras la encontramos en el pa\u00eds vecino: en Portugal. <strong>Traditional Dream Factory (TDF)<\/strong>, ubicado en la regi\u00f3n costera del Alentejo, es la primera ecoaldea regenerativa de Europa impulsada por la <em>blockchain<\/em>. Su propuesta combina\u00a0la <strong>agroforester\u00eda sintr\u00f3pica o el silvopastoreo, as\u00ed como la creaci\u00f3n de cortafuegos verdes y de obras de retenci\u00f3n h\u00eddrica<\/strong>\u00a0para convertir paisajes vulnerables en terrenos diversos, productivos y resilientes.<\/p>\n<p>\u00ab<strong>No basta con plantar \u00e1rboles, hay que redise\u00f1ar el territorio para que sea resiliente<\/strong>\u00ab, afirma <strong>Samuel Delesque, cofundador de TDF<\/strong>. Seg\u00fan sus estimaciones,\u00a0<strong>sustituir el 50% del eucalipto<\/strong>, plantaci\u00f3n altamente inflamable y muy abundante en Portugal, por agroforester\u00eda<strong>, reducir\u00eda dr\u00e1sticamente los incendios en las zonas m\u00e1s afectadas de la pen\u00ednsula<\/strong>. Adem\u00e1s, con el desarrollo de cultivos propios, se crear\u00edan hasta <strong>43.000 nuevos empleos<\/strong>, lo que se traducir\u00eda en un aumento de alrededor de un <strong>3%<\/strong> del PIB, y la dependencia de la importaci\u00f3n extranjera caer\u00eda considerablemente.<\/p>\n<p>La\u00a0<strong>Pol\u00edtica Agr\u00edcola Com\u00fan de la Uni\u00f3n europea (PAC)<\/strong>\u00a0ya reconoce la agroforester\u00eda como herramienta clave, pero su implementaci\u00f3n es lenta. \u00ab<strong>Ya hay<\/strong>\u00a0<strong>islas de excelencia, necesitamos un archipi\u00e9lago<\/strong>\u00ab, apunta Delesque a modo de radiograf\u00eda de la situaci\u00f3n. Para lograrlo, propone\u00a0<strong>finalizar el catastro rural, organizar la propiedad fragmentada y redirigir los apoyos hacia sistemas mixtos<\/strong>\u00a0que regeneren suelos, fortalezcan la autonom\u00eda alimentaria y revitalicen las comunidades rurales.<\/p>\n<\/div>\n","protected":false},"featured_media":21994,"template":"","meta":{"_acf_changed":false},"acf":[],"yoast_head":"<!-- This site is optimized with the Yoast SEO plugin v22.7 - https:\/\/yoast.com\/wordpress\/plugins\/seo\/ -->\n<title>&quot;Es imprescindible redise\u00f1ar el territorio para frenar el fuego&quot;, aseguran los expertos, ante la ola de incendios de este verano - Blog Club del Emprendimiento<\/title>\n<meta name=\"robots\" content=\"index, follow, max-snippet:-1, max-image-preview:large, max-video-preview:-1\" \/>\n<link rel=\"canonical\" href=\"https:\/\/www.clubdelemprendimiento.com\/blog\/noticia-corporativa\/es-imprescindible-redisenar-el-territorio-para-frenar-el-fuego-aseguran-los-expertos-ante-la-ola-de-incendios-de-este-verano\/\" \/>\n<meta property=\"og:locale\" content=\"es_ES\" \/>\n<meta property=\"og:type\" content=\"article\" \/>\n<meta property=\"og:title\" content=\"&quot;Es imprescindible redise\u00f1ar el territorio para frenar el fuego&quot;, aseguran los expertos, ante la ola de incendios de este verano - Blog Club del Emprendimiento\" \/>\n<meta property=\"og:description\" content=\"\u00abNo basta con plantar \u00e1rboles, hay que redise\u00f1ar el territorio para que sea resiliente\u00bb,&hellip;\" \/>\n<meta property=\"og:url\" content=\"https:\/\/www.clubdelemprendimiento.com\/blog\/noticia-corporativa\/es-imprescindible-redisenar-el-territorio-para-frenar-el-fuego-aseguran-los-expertos-ante-la-ola-de-incendios-de-este-verano\/\" \/>\n<meta property=\"og:site_name\" content=\"Blog Club del Emprendimiento\" \/>\n<meta property=\"og:image\" content=\"https:\/\/www.clubdelemprendimiento.com\/blog\/wp-content\/uploads\/2025\/09\/2151902839.jpg\" \/>\n<meta name=\"twitter:card\" content=\"summary_large_image\" \/>\n<meta name=\"twitter:label1\" content=\"Tiempo de lectura\" \/>\n\t<meta name=\"twitter:data1\" content=\"3 minutos\" \/>\n<script type=\"application\/ld+json\" class=\"yoast-schema-graph\">{\"@context\":\"https:\/\/schema.org\",\"@graph\":[{\"@type\":\"WebPage\",\"@id\":\"https:\/\/www.clubdelemprendimiento.com\/blog\/noticia-corporativa\/es-imprescindible-redisenar-el-territorio-para-frenar-el-fuego-aseguran-los-expertos-ante-la-ola-de-incendios-de-este-verano\/\",\"url\":\"https:\/\/www.clubdelemprendimiento.com\/blog\/noticia-corporativa\/es-imprescindible-redisenar-el-territorio-para-frenar-el-fuego-aseguran-los-expertos-ante-la-ola-de-incendios-de-este-verano\/\",\"name\":\"\\\"Es imprescindible redise\u00f1ar el territorio para frenar el fuego\\\", aseguran los expertos, ante la ola de incendios de este verano - Blog Club del Emprendimiento\",\"isPartOf\":{\"@id\":\"https:\/\/www.clubdelemprendimiento.com\/blog\/#website\"},\"primaryImageOfPage\":{\"@id\":\"https:\/\/www.clubdelemprendimiento.com\/blog\/noticia-corporativa\/es-imprescindible-redisenar-el-territorio-para-frenar-el-fuego-aseguran-los-expertos-ante-la-ola-de-incendios-de-este-verano\/#primaryimage\"},\"image\":{\"@id\":\"https:\/\/www.clubdelemprendimiento.com\/blog\/noticia-corporativa\/es-imprescindible-redisenar-el-territorio-para-frenar-el-fuego-aseguran-los-expertos-ante-la-ola-de-incendios-de-este-verano\/#primaryimage\"},\"thumbnailUrl\":\"https:\/\/www.clubdelemprendimiento.com\/blog\/wp-content\/uploads\/2025\/09\/2151902839.jpg\",\"datePublished\":\"2025-09-29T10:04:34+00:00\",\"dateModified\":\"2025-09-29T10:04:34+00:00\",\"breadcrumb\":{\"@id\":\"https:\/\/www.clubdelemprendimiento.com\/blog\/noticia-corporativa\/es-imprescindible-redisenar-el-territorio-para-frenar-el-fuego-aseguran-los-expertos-ante-la-ola-de-incendios-de-este-verano\/#breadcrumb\"},\"inLanguage\":\"es\",\"potentialAction\":[{\"@type\":\"ReadAction\",\"target\":[\"https:\/\/www.clubdelemprendimiento.com\/blog\/noticia-corporativa\/es-imprescindible-redisenar-el-territorio-para-frenar-el-fuego-aseguran-los-expertos-ante-la-ola-de-incendios-de-este-verano\/\"]}]},{\"@type\":\"ImageObject\",\"inLanguage\":\"es\",\"@id\":\"https:\/\/www.clubdelemprendimiento.com\/blog\/noticia-corporativa\/es-imprescindible-redisenar-el-territorio-para-frenar-el-fuego-aseguran-los-expertos-ante-la-ola-de-incendios-de-este-verano\/#primaryimage\",\"url\":\"https:\/\/www.clubdelemprendimiento.com\/blog\/wp-content\/uploads\/2025\/09\/2151902839.jpg\",\"contentUrl\":\"https:\/\/www.clubdelemprendimiento.com\/blog\/wp-content\/uploads\/2025\/09\/2151902839.jpg\",\"width\":2000,\"height\":1367},{\"@type\":\"BreadcrumbList\",\"@id\":\"https:\/\/www.clubdelemprendimiento.com\/blog\/noticia-corporativa\/es-imprescindible-redisenar-el-territorio-para-frenar-el-fuego-aseguran-los-expertos-ante-la-ola-de-incendios-de-este-verano\/#breadcrumb\",\"itemListElement\":[{\"@type\":\"ListItem\",\"position\":1,\"name\":\"Home\",\"item\":\"https:\/\/www.clubdelemprendimiento.com\/blog\/\"},{\"@type\":\"ListItem\",\"position\":2,\"name\":\"Noticias Corporativas\",\"item\":\"https:\/\/www.clubdelemprendimiento.com\/blog\/noticias-corporativas\/\"},{\"@type\":\"ListItem\",\"position\":3,\"name\":\"\u00abEs imprescindible redise\u00f1ar el territorio para frenar el fuego\u00bb, aseguran los expertos, ante la ola de incendios de este verano\"}]},{\"@type\":\"WebSite\",\"@id\":\"https:\/\/www.clubdelemprendimiento.com\/blog\/#website\",\"url\":\"https:\/\/www.clubdelemprendimiento.com\/blog\/\",\"name\":\"Blog Club del Emprendimiento\",\"description\":\"\",\"potentialAction\":[{\"@type\":\"SearchAction\",\"target\":{\"@type\":\"EntryPoint\",\"urlTemplate\":\"https:\/\/www.clubdelemprendimiento.com\/blog\/?s={search_term_string}\"},\"query-input\":\"required name=search_term_string\"}],\"inLanguage\":\"es\"}]}<\/script>\n<!-- \/ Yoast SEO plugin. -->","yoast_head_json":{"title":"\"Es imprescindible redise\u00f1ar el territorio para frenar el fuego\", aseguran los expertos, ante la ola de incendios de este verano - Blog Club del Emprendimiento","robots":{"index":"index","follow":"follow","max-snippet":"max-snippet:-1","max-image-preview":"max-image-preview:large","max-video-preview":"max-video-preview:-1"},"canonical":"https:\/\/www.clubdelemprendimiento.com\/blog\/noticia-corporativa\/es-imprescindible-redisenar-el-territorio-para-frenar-el-fuego-aseguran-los-expertos-ante-la-ola-de-incendios-de-este-verano\/","og_locale":"es_ES","og_type":"article","og_title":"\"Es imprescindible redise\u00f1ar el territorio para frenar el fuego\", aseguran los expertos, ante la ola de incendios de este verano - Blog Club del Emprendimiento","og_description":"\u00abNo basta con plantar \u00e1rboles, hay que redise\u00f1ar el territorio para que sea resiliente\u00bb,&hellip;","og_url":"https:\/\/www.clubdelemprendimiento.com\/blog\/noticia-corporativa\/es-imprescindible-redisenar-el-territorio-para-frenar-el-fuego-aseguran-los-expertos-ante-la-ola-de-incendios-de-este-verano\/","og_site_name":"Blog Club del Emprendimiento","og_image":[{"url":"https:\/\/www.clubdelemprendimiento.com\/blog\/wp-content\/uploads\/2025\/09\/2151902839.jpg"}],"twitter_card":"summary_large_image","twitter_misc":{"Tiempo de lectura":"3 minutos"},"schema":{"@context":"https:\/\/schema.org","@graph":[{"@type":"WebPage","@id":"https:\/\/www.clubdelemprendimiento.com\/blog\/noticia-corporativa\/es-imprescindible-redisenar-el-territorio-para-frenar-el-fuego-aseguran-los-expertos-ante-la-ola-de-incendios-de-este-verano\/","url":"https:\/\/www.clubdelemprendimiento.com\/blog\/noticia-corporativa\/es-imprescindible-redisenar-el-territorio-para-frenar-el-fuego-aseguran-los-expertos-ante-la-ola-de-incendios-de-este-verano\/","name":"\"Es imprescindible redise\u00f1ar el territorio para frenar el fuego\", aseguran los expertos, ante la ola de incendios de este verano - Blog Club del Emprendimiento","isPartOf":{"@id":"https:\/\/www.clubdelemprendimiento.com\/blog\/#website"},"primaryImageOfPage":{"@id":"https:\/\/www.clubdelemprendimiento.com\/blog\/noticia-corporativa\/es-imprescindible-redisenar-el-territorio-para-frenar-el-fuego-aseguran-los-expertos-ante-la-ola-de-incendios-de-este-verano\/#primaryimage"},"image":{"@id":"https:\/\/www.clubdelemprendimiento.com\/blog\/noticia-corporativa\/es-imprescindible-redisenar-el-territorio-para-frenar-el-fuego-aseguran-los-expertos-ante-la-ola-de-incendios-de-este-verano\/#primaryimage"},"thumbnailUrl":"https:\/\/www.clubdelemprendimiento.com\/blog\/wp-content\/uploads\/2025\/09\/2151902839.jpg","datePublished":"2025-09-29T10:04:34+00:00","dateModified":"2025-09-29T10:04:34+00:00","breadcrumb":{"@id":"https:\/\/www.clubdelemprendimiento.com\/blog\/noticia-corporativa\/es-imprescindible-redisenar-el-territorio-para-frenar-el-fuego-aseguran-los-expertos-ante-la-ola-de-incendios-de-este-verano\/#breadcrumb"},"inLanguage":"es","potentialAction":[{"@type":"ReadAction","target":["https:\/\/www.clubdelemprendimiento.com\/blog\/noticia-corporativa\/es-imprescindible-redisenar-el-territorio-para-frenar-el-fuego-aseguran-los-expertos-ante-la-ola-de-incendios-de-este-verano\/"]}]},{"@type":"ImageObject","inLanguage":"es","@id":"https:\/\/www.clubdelemprendimiento.com\/blog\/noticia-corporativa\/es-imprescindible-redisenar-el-territorio-para-frenar-el-fuego-aseguran-los-expertos-ante-la-ola-de-incendios-de-este-verano\/#primaryimage","url":"https:\/\/www.clubdelemprendimiento.com\/blog\/wp-content\/uploads\/2025\/09\/2151902839.jpg","contentUrl":"https:\/\/www.clubdelemprendimiento.com\/blog\/wp-content\/uploads\/2025\/09\/2151902839.jpg","width":2000,"height":1367},{"@type":"BreadcrumbList","@id":"https:\/\/www.clubdelemprendimiento.com\/blog\/noticia-corporativa\/es-imprescindible-redisenar-el-territorio-para-frenar-el-fuego-aseguran-los-expertos-ante-la-ola-de-incendios-de-este-verano\/#breadcrumb","itemListElement":[{"@type":"ListItem","position":1,"name":"Home","item":"https:\/\/www.clubdelemprendimiento.com\/blog\/"},{"@type":"ListItem","position":2,"name":"Noticias Corporativas","item":"https:\/\/www.clubdelemprendimiento.com\/blog\/noticias-corporativas\/"},{"@type":"ListItem","position":3,"name":"\u00abEs imprescindible redise\u00f1ar el territorio para frenar el fuego\u00bb, aseguran los expertos, ante la ola de incendios de este verano"}]},{"@type":"WebSite","@id":"https:\/\/www.clubdelemprendimiento.com\/blog\/#website","url":"https:\/\/www.clubdelemprendimiento.com\/blog\/","name":"Blog Club del Emprendimiento","description":"","potentialAction":[{"@type":"SearchAction","target":{"@type":"EntryPoint","urlTemplate":"https:\/\/www.clubdelemprendimiento.com\/blog\/?s={search_term_string}"},"query-input":"required name=search_term_string"}],"inLanguage":"es"}]}},"_links":{"self":[{"href":"https:\/\/www.clubdelemprendimiento.com\/blog\/wp-json\/wp\/v2\/noticia-corporativa\/21993"}],"collection":[{"href":"https:\/\/www.clubdelemprendimiento.com\/blog\/wp-json\/wp\/v2\/noticia-corporativa"}],"about":[{"href":"https:\/\/www.clubdelemprendimiento.com\/blog\/wp-json\/wp\/v2\/types\/noticia-corporativa"}],"wp:featuredmedia":[{"embeddable":true,"href":"https:\/\/www.clubdelemprendimiento.com\/blog\/wp-json\/wp\/v2\/media\/21994"}],"wp:attachment":[{"href":"https:\/\/www.clubdelemprendimiento.com\/blog\/wp-json\/wp\/v2\/media?parent=21993"}],"curies":[{"name":"wp","href":"https:\/\/api.w.org\/{rel}","templated":true}]}}