{"id":21969,"date":"2025-09-26T11:05:05","date_gmt":"2025-09-26T11:05:05","guid":{"rendered":"https:\/\/www.clubdelemprendimiento.com\/blog\/noticia-corporativa\/el-coitt-refuerza-la-colaboracion-con-los-tres-ejercitos-para-favorecer-el-acceso-a-las-fuerzas-armadas\/"},"modified":"2025-09-26T11:05:05","modified_gmt":"2025-09-26T11:05:05","slug":"el-coitt-refuerza-la-colaboracion-con-los-tres-ejercitos-para-favorecer-el-acceso-a-las-fuerzas-armadas","status":"publish","type":"noticia-corporativa","link":"https:\/\/www.clubdelemprendimiento.com\/blog\/noticia-corporativa\/el-coitt-refuerza-la-colaboracion-con-los-tres-ejercitos-para-favorecer-el-acceso-a-las-fuerzas-armadas\/","title":{"rendered":"El COITT refuerza la colaboraci\u00f3n con los tres ej\u00e9rcitos para favorecer el acceso a las Fuerzas Armadas"},"content":{"rendered":"<div>\n<p><a href=\"https:\/\/www.clubdelemprendimiento.com\/blog\/wp-content\/uploads\/2025\/09\/np_coitt.png\" target=\"_blank\" class=\"fotonota\" rel=\"noopener\"> <img decoding=\"async\" src=\"https:\/\/www.clubdelemprendimiento.com\/blog\/wp-content\/uploads\/2025\/09\/np_coitt.png\" style=\"max-width:600px;\" border=\"0\" class=\"postImage\" alt=\"\"><\/a><\/p>\n<p>El Colegio Oficial de Ingenieros T\u00e9cnicos de Telecomunicaci\u00f3n facilita oportunidades a los Graduados e Ingenieros T\u00e9cnicos de Telecomunicaci\u00f3n en el \u00e1mbito militar<\/p>\n<p><\/p>\n<p>El <a href=\"https:\/\/www.telecos.zone\/\" rel=\"nofollow\"><strong>Colegio Oficial de Ingenieros T\u00e9cnicos de Telecomunicaci\u00f3n (COITT)<\/strong><\/a> ha fortalecido su v\u00ednculo con las Fuerzas Armadas en el marco del <strong>39\u00ba Encuentro de la Econom\u00eda Digital y las Telecomunicaciones organizado por AMETIC<\/strong>, celebrado recientemente en Santander. Este paso estrat\u00e9gico posiciona al COITT como interlocutor clave entre el talento del sector tecnol\u00f3gico civil y las necesidades crecientes de innovaci\u00f3n en ciberseguridad y telecomunicaciones de la defensa nacional.<\/p>\n<p>Durante el evento, el decano del COITT, <strong>Luis Miguel Chapinal<\/strong>, y el vicesecretario general, <strong>Juan Manuel Mart\u00ednez Mour\u00edn<\/strong>, mantuvieron reuniones institucionales de alto nivel con <strong>representantes del Ej\u00e9rcito de Tierra, la Armada y el Ej\u00e9rcito del Aire y del Espacio<\/strong>, responsables del control, desarrollo y protecci\u00f3n de las telecomunicaciones cr\u00edticas en entornos estrat\u00e9gicos.<\/p>\n<p>El di\u00e1logo permiti\u00f3 trasladar el creciente inter\u00e9s de los colegiados del COITT por <strong>explorar nuevas salidas profesionales en los cuerpos especializados en TIC y ciberdefensa<\/strong> dentro del \u00e1mbito militar. A su vez, los altos mandos expresaron su total disposici\u00f3n a facilitar el acceso a esta v\u00eda, comprometi\u00e9ndose a: brindar informaci\u00f3n actualizada sobre los procesos de incorporaci\u00f3n, ofrecer asesoramiento personalizado a ingenieros interesados, organizar visitas t\u00e9cnicas guiadas a instalaciones de referencia del Ministerio de Defensa.<\/p>\n<p>El COITT agradece especialmente la colaboraci\u00f3n y apertura institucional a <strong>D. Fernando Mor\u00f3n<\/strong>, General de Divisi\u00f3n y Director de Investigaci\u00f3n, Doctrina Org\u00e1nica y Materiales del Ej\u00e9rcito de Tierra; <strong>D. Manuel Alvargonz\u00e1lez M\u00e9ndez<\/strong>, Contralmirante y Jefe de Sistemas de Informaci\u00f3n de la Armada; y <strong>D. Juan Francisco Sanz D\u00edaz<\/strong>, General de Divisi\u00f3n y Jefe de Servicios T\u00e9cnicos y Ciberespacio del Ej\u00e9rcito del Aire y del Espacio.<\/p>\n<p>Este nuevo canal de colaboraci\u00f3n entre el COITT y los tres Ej\u00e9rcitos abre una oportunidad estrat\u00e9gica para que los <strong>Graduados e Ingenieros T\u00e9cnicos de Telecomunicaci\u00f3n<\/strong> puedan aplicar su conocimiento especializado en el fortalecimiento de las capacidades tecnol\u00f3gicas nacionales, especialmente en \u00e1reas como infraestructuras cr\u00edticas, comunicaciones t\u00e1cticas, defensa electr\u00f3nica o seguridad digital.<\/p>\n<p><strong>\u00abLa defensa nacional tambi\u00e9n necesita ingenieros e ingenieras, y el COITT tiene como prop\u00f3sito allanar el camino para que este colectivo profesional participe en un \u00e1mbito de m\u00e1ximo valor estrat\u00e9gico\u00bb,<\/strong> se\u00f1al\u00f3 Luis Miguel Chapinal, decano de COITT.<\/p>\n<p>El colegio profesional gestionar\u00e1 internamente las consultas de colegiados interesados a trav\u00e9s del correo <strong>recepcion@coitt.es<\/strong>, canalizando las solicitudes hacia las unidades correspondientes del Ministerio de Defensa.<\/p>\n<p><strong>Acerca de COITT <\/strong><br \/>\nEl COITT (Colegio Oficial de Ingenieros T\u00e9cnicos de Telecomunicaci\u00f3n) nace ante el compromiso de proteger a los usuarios y ciudadanos, as\u00ed como promover el reconocimiento y ejercicio Profesional de Graduados en Ingenier\u00eda de Telecomunicaci\u00f3n en Espa\u00f1a. Actualmente, el Colegio cuenta con m\u00e1s de 5.000 colegiados y defiende y representa a 30.000 titulados en el conjunto de la profesi\u00f3n, avanzando hacia un crecimiento institucional apoyado en la integraci\u00f3n y participaci\u00f3n de los territorios donde residen sus colegiados en su desempe\u00f1o profesional creciente y en la descentralizaci\u00f3n de actividades en defensa de la Ingenier\u00eda T\u00e9cnica de Telecomunicaci\u00f3n.<\/p>\n<p>Web: <a href=\"https:\/\/telecos.zone\/\" rel=\"nofollow\">https:\/\/telecos.zone\/<\/a><\/p>\n<\/div>\n","protected":false},"featured_media":21970,"template":"","meta":{"_acf_changed":false},"acf":[],"yoast_head":"<!-- This site is optimized with the Yoast SEO plugin v22.7 - https:\/\/yoast.com\/wordpress\/plugins\/seo\/ -->\n<title>El COITT refuerza la colaboraci\u00f3n con los tres ej\u00e9rcitos para favorecer el acceso a las Fuerzas Armadas - Blog Club del Emprendimiento<\/title>\n<meta name=\"robots\" content=\"index, follow, max-snippet:-1, max-image-preview:large, max-video-preview:-1\" \/>\n<link rel=\"canonical\" href=\"https:\/\/www.clubdelemprendimiento.com\/blog\/noticia-corporativa\/el-coitt-refuerza-la-colaboracion-con-los-tres-ejercitos-para-favorecer-el-acceso-a-las-fuerzas-armadas\/\" \/>\n<meta property=\"og:locale\" content=\"es_ES\" \/>\n<meta property=\"og:type\" content=\"article\" \/>\n<meta property=\"og:title\" content=\"El COITT refuerza la colaboraci\u00f3n con los tres ej\u00e9rcitos para favorecer el acceso a las Fuerzas Armadas - Blog Club del Emprendimiento\" \/>\n<meta property=\"og:description\" content=\"El Colegio Oficial de Ingenieros T\u00e9cnicos de Telecomunicaci\u00f3n facilita oportunidades a los Graduados e&hellip;\" \/>\n<meta property=\"og:url\" content=\"https:\/\/www.clubdelemprendimiento.com\/blog\/noticia-corporativa\/el-coitt-refuerza-la-colaboracion-con-los-tres-ejercitos-para-favorecer-el-acceso-a-las-fuerzas-armadas\/\" \/>\n<meta property=\"og:site_name\" content=\"Blog Club del Emprendimiento\" \/>\n<meta property=\"og:image\" content=\"https:\/\/www.clubdelemprendimiento.com\/blog\/wp-content\/uploads\/2025\/09\/np_coitt.png\" \/>\n<meta name=\"twitter:card\" content=\"summary_large_image\" \/>\n<meta name=\"twitter:label1\" content=\"Tiempo de lectura\" \/>\n\t<meta name=\"twitter:data1\" content=\"3 minutos\" \/>\n<script type=\"application\/ld+json\" class=\"yoast-schema-graph\">{\"@context\":\"https:\/\/schema.org\",\"@graph\":[{\"@type\":\"WebPage\",\"@id\":\"https:\/\/www.clubdelemprendimiento.com\/blog\/noticia-corporativa\/el-coitt-refuerza-la-colaboracion-con-los-tres-ejercitos-para-favorecer-el-acceso-a-las-fuerzas-armadas\/\",\"url\":\"https:\/\/www.clubdelemprendimiento.com\/blog\/noticia-corporativa\/el-coitt-refuerza-la-colaboracion-con-los-tres-ejercitos-para-favorecer-el-acceso-a-las-fuerzas-armadas\/\",\"name\":\"El COITT refuerza la colaboraci\u00f3n con los tres ej\u00e9rcitos para favorecer el acceso a las Fuerzas Armadas - Blog Club del Emprendimiento\",\"isPartOf\":{\"@id\":\"https:\/\/www.clubdelemprendimiento.com\/blog\/#website\"},\"primaryImageOfPage\":{\"@id\":\"https:\/\/www.clubdelemprendimiento.com\/blog\/noticia-corporativa\/el-coitt-refuerza-la-colaboracion-con-los-tres-ejercitos-para-favorecer-el-acceso-a-las-fuerzas-armadas\/#primaryimage\"},\"image\":{\"@id\":\"https:\/\/www.clubdelemprendimiento.com\/blog\/noticia-corporativa\/el-coitt-refuerza-la-colaboracion-con-los-tres-ejercitos-para-favorecer-el-acceso-a-las-fuerzas-armadas\/#primaryimage\"},\"thumbnailUrl\":\"https:\/\/www.clubdelemprendimiento.com\/blog\/wp-content\/uploads\/2025\/09\/np_coitt.png\",\"datePublished\":\"2025-09-26T11:05:05+00:00\",\"dateModified\":\"2025-09-26T11:05:05+00:00\",\"breadcrumb\":{\"@id\":\"https:\/\/www.clubdelemprendimiento.com\/blog\/noticia-corporativa\/el-coitt-refuerza-la-colaboracion-con-los-tres-ejercitos-para-favorecer-el-acceso-a-las-fuerzas-armadas\/#breadcrumb\"},\"inLanguage\":\"es\",\"potentialAction\":[{\"@type\":\"ReadAction\",\"target\":[\"https:\/\/www.clubdelemprendimiento.com\/blog\/noticia-corporativa\/el-coitt-refuerza-la-colaboracion-con-los-tres-ejercitos-para-favorecer-el-acceso-a-las-fuerzas-armadas\/\"]}]},{\"@type\":\"ImageObject\",\"inLanguage\":\"es\",\"@id\":\"https:\/\/www.clubdelemprendimiento.com\/blog\/noticia-corporativa\/el-coitt-refuerza-la-colaboracion-con-los-tres-ejercitos-para-favorecer-el-acceso-a-las-fuerzas-armadas\/#primaryimage\",\"url\":\"https:\/\/www.clubdelemprendimiento.com\/blog\/wp-content\/uploads\/2025\/09\/np_coitt.png\",\"contentUrl\":\"https:\/\/www.clubdelemprendimiento.com\/blog\/wp-content\/uploads\/2025\/09\/np_coitt.png\",\"width\":974,\"height\":722},{\"@type\":\"BreadcrumbList\",\"@id\":\"https:\/\/www.clubdelemprendimiento.com\/blog\/noticia-corporativa\/el-coitt-refuerza-la-colaboracion-con-los-tres-ejercitos-para-favorecer-el-acceso-a-las-fuerzas-armadas\/#breadcrumb\",\"itemListElement\":[{\"@type\":\"ListItem\",\"position\":1,\"name\":\"Home\",\"item\":\"https:\/\/www.clubdelemprendimiento.com\/blog\/\"},{\"@type\":\"ListItem\",\"position\":2,\"name\":\"Noticias Corporativas\",\"item\":\"https:\/\/www.clubdelemprendimiento.com\/blog\/noticias-corporativas\/\"},{\"@type\":\"ListItem\",\"position\":3,\"name\":\"El COITT refuerza la colaboraci\u00f3n con los tres ej\u00e9rcitos para favorecer el acceso a las Fuerzas Armadas\"}]},{\"@type\":\"WebSite\",\"@id\":\"https:\/\/www.clubdelemprendimiento.com\/blog\/#website\",\"url\":\"https:\/\/www.clubdelemprendimiento.com\/blog\/\",\"name\":\"Blog Club del Emprendimiento\",\"description\":\"\",\"potentialAction\":[{\"@type\":\"SearchAction\",\"target\":{\"@type\":\"EntryPoint\",\"urlTemplate\":\"https:\/\/www.clubdelemprendimiento.com\/blog\/?s={search_term_string}\"},\"query-input\":\"required name=search_term_string\"}],\"inLanguage\":\"es\"}]}<\/script>\n<!-- \/ Yoast SEO plugin. -->","yoast_head_json":{"title":"El COITT refuerza la colaboraci\u00f3n con los tres ej\u00e9rcitos para favorecer el acceso a las Fuerzas Armadas - Blog Club del Emprendimiento","robots":{"index":"index","follow":"follow","max-snippet":"max-snippet:-1","max-image-preview":"max-image-preview:large","max-video-preview":"max-video-preview:-1"},"canonical":"https:\/\/www.clubdelemprendimiento.com\/blog\/noticia-corporativa\/el-coitt-refuerza-la-colaboracion-con-los-tres-ejercitos-para-favorecer-el-acceso-a-las-fuerzas-armadas\/","og_locale":"es_ES","og_type":"article","og_title":"El COITT refuerza la colaboraci\u00f3n con los tres ej\u00e9rcitos para favorecer el acceso a las Fuerzas Armadas - Blog Club del Emprendimiento","og_description":"El Colegio Oficial de Ingenieros T\u00e9cnicos de Telecomunicaci\u00f3n facilita oportunidades a los Graduados e&hellip;","og_url":"https:\/\/www.clubdelemprendimiento.com\/blog\/noticia-corporativa\/el-coitt-refuerza-la-colaboracion-con-los-tres-ejercitos-para-favorecer-el-acceso-a-las-fuerzas-armadas\/","og_site_name":"Blog Club del Emprendimiento","og_image":[{"url":"https:\/\/www.clubdelemprendimiento.com\/blog\/wp-content\/uploads\/2025\/09\/np_coitt.png"}],"twitter_card":"summary_large_image","twitter_misc":{"Tiempo de lectura":"3 minutos"},"schema":{"@context":"https:\/\/schema.org","@graph":[{"@type":"WebPage","@id":"https:\/\/www.clubdelemprendimiento.com\/blog\/noticia-corporativa\/el-coitt-refuerza-la-colaboracion-con-los-tres-ejercitos-para-favorecer-el-acceso-a-las-fuerzas-armadas\/","url":"https:\/\/www.clubdelemprendimiento.com\/blog\/noticia-corporativa\/el-coitt-refuerza-la-colaboracion-con-los-tres-ejercitos-para-favorecer-el-acceso-a-las-fuerzas-armadas\/","name":"El COITT refuerza la colaboraci\u00f3n con los tres ej\u00e9rcitos para favorecer el acceso a las Fuerzas Armadas - Blog Club del Emprendimiento","isPartOf":{"@id":"https:\/\/www.clubdelemprendimiento.com\/blog\/#website"},"primaryImageOfPage":{"@id":"https:\/\/www.clubdelemprendimiento.com\/blog\/noticia-corporativa\/el-coitt-refuerza-la-colaboracion-con-los-tres-ejercitos-para-favorecer-el-acceso-a-las-fuerzas-armadas\/#primaryimage"},"image":{"@id":"https:\/\/www.clubdelemprendimiento.com\/blog\/noticia-corporativa\/el-coitt-refuerza-la-colaboracion-con-los-tres-ejercitos-para-favorecer-el-acceso-a-las-fuerzas-armadas\/#primaryimage"},"thumbnailUrl":"https:\/\/www.clubdelemprendimiento.com\/blog\/wp-content\/uploads\/2025\/09\/np_coitt.png","datePublished":"2025-09-26T11:05:05+00:00","dateModified":"2025-09-26T11:05:05+00:00","breadcrumb":{"@id":"https:\/\/www.clubdelemprendimiento.com\/blog\/noticia-corporativa\/el-coitt-refuerza-la-colaboracion-con-los-tres-ejercitos-para-favorecer-el-acceso-a-las-fuerzas-armadas\/#breadcrumb"},"inLanguage":"es","potentialAction":[{"@type":"ReadAction","target":["https:\/\/www.clubdelemprendimiento.com\/blog\/noticia-corporativa\/el-coitt-refuerza-la-colaboracion-con-los-tres-ejercitos-para-favorecer-el-acceso-a-las-fuerzas-armadas\/"]}]},{"@type":"ImageObject","inLanguage":"es","@id":"https:\/\/www.clubdelemprendimiento.com\/blog\/noticia-corporativa\/el-coitt-refuerza-la-colaboracion-con-los-tres-ejercitos-para-favorecer-el-acceso-a-las-fuerzas-armadas\/#primaryimage","url":"https:\/\/www.clubdelemprendimiento.com\/blog\/wp-content\/uploads\/2025\/09\/np_coitt.png","contentUrl":"https:\/\/www.clubdelemprendimiento.com\/blog\/wp-content\/uploads\/2025\/09\/np_coitt.png","width":974,"height":722},{"@type":"BreadcrumbList","@id":"https:\/\/www.clubdelemprendimiento.com\/blog\/noticia-corporativa\/el-coitt-refuerza-la-colaboracion-con-los-tres-ejercitos-para-favorecer-el-acceso-a-las-fuerzas-armadas\/#breadcrumb","itemListElement":[{"@type":"ListItem","position":1,"name":"Home","item":"https:\/\/www.clubdelemprendimiento.com\/blog\/"},{"@type":"ListItem","position":2,"name":"Noticias Corporativas","item":"https:\/\/www.clubdelemprendimiento.com\/blog\/noticias-corporativas\/"},{"@type":"ListItem","position":3,"name":"El COITT refuerza la colaboraci\u00f3n con los tres ej\u00e9rcitos para favorecer el acceso a las Fuerzas Armadas"}]},{"@type":"WebSite","@id":"https:\/\/www.clubdelemprendimiento.com\/blog\/#website","url":"https:\/\/www.clubdelemprendimiento.com\/blog\/","name":"Blog Club del Emprendimiento","description":"","potentialAction":[{"@type":"SearchAction","target":{"@type":"EntryPoint","urlTemplate":"https:\/\/www.clubdelemprendimiento.com\/blog\/?s={search_term_string}"},"query-input":"required name=search_term_string"}],"inLanguage":"es"}]}},"_links":{"self":[{"href":"https:\/\/www.clubdelemprendimiento.com\/blog\/wp-json\/wp\/v2\/noticia-corporativa\/21969"}],"collection":[{"href":"https:\/\/www.clubdelemprendimiento.com\/blog\/wp-json\/wp\/v2\/noticia-corporativa"}],"about":[{"href":"https:\/\/www.clubdelemprendimiento.com\/blog\/wp-json\/wp\/v2\/types\/noticia-corporativa"}],"wp:featuredmedia":[{"embeddable":true,"href":"https:\/\/www.clubdelemprendimiento.com\/blog\/wp-json\/wp\/v2\/media\/21970"}],"wp:attachment":[{"href":"https:\/\/www.clubdelemprendimiento.com\/blog\/wp-json\/wp\/v2\/media?parent=21969"}],"curies":[{"name":"wp","href":"https:\/\/api.w.org\/{rel}","templated":true}]}}