{"id":21962,"date":"2025-09-26T10:04:42","date_gmt":"2025-09-26T10:04:42","guid":{"rendered":"https:\/\/www.clubdelemprendimiento.com\/blog\/noticia-corporativa\/la-desinformacion-amenaza-a-la-democracia-la-economia-y-la-convivencia-social\/"},"modified":"2025-09-26T10:04:42","modified_gmt":"2025-09-26T10:04:42","slug":"la-desinformacion-amenaza-a-la-democracia-la-economia-y-la-convivencia-social","status":"publish","type":"noticia-corporativa","link":"https:\/\/www.clubdelemprendimiento.com\/blog\/noticia-corporativa\/la-desinformacion-amenaza-a-la-democracia-la-economia-y-la-convivencia-social\/","title":{"rendered":"La desinformaci\u00f3n amenaza a la democracia, la econom\u00eda y la convivencia social"},"content":{"rendered":"<div>\n<p>De la mano del Ateneo de Madrid la Fundaci\u00f3n Comunicando Futuro \u2013 Alejandro Echevarr\u00eda ha concluido un ciclo de cuatro sesiones de debate en el que expertos de la comunicaci\u00f3n, la empresa, la academia y las instituciones han coincidido en se\u00f1alar que la desinformaci\u00f3n se ha convertido en un riesgo transversal que afecta a la democracia, la econom\u00eda y la confianza social<\/p>\n<p><\/p>\n<p>Los datos no son tranquilizadores:<\/p>\n<ul>\n<li>En 2024\u00a0se reciben\u00a0<strong>no menos de 178 noticias falsas al d\u00eda<\/strong>.<\/li>\n<li>El 85% de la ciudadana considera la desinformaci\u00f3n un problema grave.<\/li>\n<li>El 50% de los j\u00f3venes <strong>reconoce haber compartido bulos<\/strong>.<\/li>\n<li>Un <strong>30% de j\u00f3venes ya se desconecta informativamente<\/strong>, lo que aumenta su vulnerabilidad.<\/li>\n<li>Una crisis reputacional puede suponer la p\u00e9rdida de hasta un <strong>20% de los beneficios empresariales<\/strong>.<\/li>\n<li>El coste global de las <em>fake news<\/em> supera los <strong>78.000 millones de d\u00f3lares anuales<\/strong>.<\/li>\n<\/ul>\n<p>Intervinieron en el ciclo 19 expertos capaces de aportar diferentes visiones sobre un mismo problema: Garbi\u00f1e Ab\u00e1solo; Guillermo Altares; Jos\u00e9 Manuel \u00c1lvarez; Gonzalo Artiach; Francisco Asensi Viana; Luis Barreda Gago; Pilar Bernat; Alberto Berrocal de Dompablo; Amaia Celorrio; Aletxu Echevarr\u00eda Estivar\u00edz; Alberto Fern\u00e1ndez Parr\u00f3n; Siana Kalinova; Ludi Garc\u00eda; Mariaje Gonz\u00e1lez Flor; Cristina Manzano; Beatriz Mart\u00edn Padura; Carolina Miyata; Carla Pina y Mario Rodr\u00edguez.<\/p>\n<p>Los ponentes coincidieron en que la desinformaci\u00f3n es un <strong>\u00abtsunami silencioso\u00bb<\/strong> que erosiona la confianza y polariza a la sociedad. Adem\u00e1s, se\u00f1alaron que las <strong>redes sociales y los algoritmos amplifican los bulos<\/strong> un 70% m\u00e1s r\u00e1pido que las noticias verdaderas, y el 70% de los espa\u00f1oles teme no distinguir lo verdadero de lo falso. <strong>La IA y otras tecnolog\u00edas<\/strong> pueden ser aliadas en la detecci\u00f3n de bulos, aunque tambi\u00e9n suponen riesgos si se usan sin criterio.<\/p>\n<p>La credibilidad se ha desplazado de los medios tradicionales a redes sociales sin filtros.<\/p>\n<p><strong>Soluciones: educaci\u00f3n, prevenci\u00f3n, mejora de la regulaci\u00f3n y narrativas innovadoras<\/strong><br \/>\nLas propuestas m\u00e1s destacadas del ciclo incluyen:<\/p>\n<ul>\n<li><strong>Alfabetizaci\u00f3n medi\u00e1tica desde la infancia, siguiendo modelos como Finlandia.<\/strong><\/li>\n<li><strong>Formaci\u00f3n de directivos y empleados<\/strong> en protocolos anti-desinformaci\u00f3n.<\/li>\n<li><strong>Prevenci\u00f3n y comunicaci\u00f3n proactiva<\/strong> como herramienta de confianza para empresas e instituciones.<\/li>\n<li><strong>Regulaci\u00f3n equilibrada<\/strong> que respete la libertad de expresi\u00f3n y refuerce los valores democr\u00e1ticos.<\/li>\n<li><strong>Uso responsable de la IA y la tecnolog\u00eda<\/strong>, capaces de detectar bulos, pero tambi\u00e9n de crearlos.<\/li>\n<li><strong>Colaboraci\u00f3n<\/strong> entre instituciones, empresas, medios, plataformas y sociedad civil.<\/li>\n<li>Recuperar la credibilidad social exige <strong>cambiar los mensajes y narrativas<\/strong> para alcanzar p\u00fablicos entre aquellos medios de comunicaci\u00f3n que ya no logran impactar.<\/li>\n<li>Es fundamental un registro de medios de comunicaci\u00f3n.<\/li>\n<li>Crear una cultura positiva sobre la verdad y hacerla Cool, es responsabilidad de todos.<\/li>\n<\/ul>\n<p>\u00abCombatir la desinformaci\u00f3n no es solo proteger la reputaci\u00f3n de las instituciones o empresas: es <strong>defender la democracia, la convivencia y el derecho al pensamiento cr\u00edtico<\/strong>\u00ab, afirm\u00f3 Aletxu Echevarr\u00edapresidente de la Fundaci\u00f3n Comunicando Futuro.<\/p>\n<p>La Fundaci\u00f3n anuncia que en breve, de cara a impulsar espacios de debate, colaboraci\u00f3n y formaci\u00f3n para situar a la sociedad espa\u00f1ola en la vanguardia de la lucha contra la desinformaci\u00f3n,\u00a0<strong>presentar\u00e1 el Informe Desinfo Stop 2025<\/strong>. \u00a0Un estudio que realiza una radiograf\u00eda sobre los problemas y soluciones de la desinformaci\u00f3n que analiza el mercado, escuchando a profesionales de diversos sectores y realizando una encuesta entre ciudadanos, que aporte de esta forma una visi\u00f3n global del problema.<\/p>\n<p>ENLACES Fundaci\u00f3n Comunicando Futuro:<\/p>\n<ul>\n<li><a href=\"https:\/\/www.linkedin.com\/company\/fundacion-comunicando-futuro-alejandro-echevarria\/\" rel=\"nofollow\">LinkedIn<\/a><\/li>\n<li><a href=\"https:\/\/fundacioncomunicandofuturo.org\/\" rel=\"nofollow\">Fundaci\u00f3n Comunicando Futuro \u2013 Alejandro Echevarr\u00eda<\/a><\/li>\n<li><a href=\"https:\/\/drive.google.com\/drive\/folders\/1LdIJSEnQUrgEbP1tdUC787pAXZtBHMjb?usp=sharing\" rel=\"nofollow\">Im\u00e1genes ciclo sobre la desinformaci\u00f3n<\/a><\/li>\n<\/ul>\n<\/div>\n","protected":false},"featured_media":0,"template":"","meta":{"_acf_changed":false},"acf":[],"yoast_head":"<!-- This site is optimized with the Yoast SEO plugin v22.7 - https:\/\/yoast.com\/wordpress\/plugins\/seo\/ -->\n<title>La desinformaci\u00f3n amenaza a la democracia, la econom\u00eda y la convivencia social - Blog Club del Emprendimiento<\/title>\n<meta name=\"robots\" content=\"index, follow, max-snippet:-1, max-image-preview:large, max-video-preview:-1\" \/>\n<link rel=\"canonical\" href=\"https:\/\/www.clubdelemprendimiento.com\/blog\/noticia-corporativa\/la-desinformacion-amenaza-a-la-democracia-la-economia-y-la-convivencia-social\/\" \/>\n<meta property=\"og:locale\" content=\"es_ES\" \/>\n<meta property=\"og:type\" content=\"article\" \/>\n<meta property=\"og:title\" content=\"La desinformaci\u00f3n amenaza a la democracia, la econom\u00eda y la convivencia social - Blog Club del Emprendimiento\" \/>\n<meta property=\"og:description\" content=\"De la mano del Ateneo de Madrid la Fundaci\u00f3n Comunicando Futuro \u2013 Alejandro Echevarr\u00eda&hellip;\" \/>\n<meta property=\"og:url\" content=\"https:\/\/www.clubdelemprendimiento.com\/blog\/noticia-corporativa\/la-desinformacion-amenaza-a-la-democracia-la-economia-y-la-convivencia-social\/\" \/>\n<meta property=\"og:site_name\" content=\"Blog Club del Emprendimiento\" \/>\n<meta name=\"twitter:card\" content=\"summary_large_image\" \/>\n<meta name=\"twitter:label1\" content=\"Tiempo de lectura\" \/>\n\t<meta name=\"twitter:data1\" content=\"3 minutos\" \/>\n<script type=\"application\/ld+json\" class=\"yoast-schema-graph\">{\"@context\":\"https:\/\/schema.org\",\"@graph\":[{\"@type\":\"WebPage\",\"@id\":\"https:\/\/www.clubdelemprendimiento.com\/blog\/noticia-corporativa\/la-desinformacion-amenaza-a-la-democracia-la-economia-y-la-convivencia-social\/\",\"url\":\"https:\/\/www.clubdelemprendimiento.com\/blog\/noticia-corporativa\/la-desinformacion-amenaza-a-la-democracia-la-economia-y-la-convivencia-social\/\",\"name\":\"La desinformaci\u00f3n amenaza a la democracia, la econom\u00eda y la convivencia social - Blog Club del Emprendimiento\",\"isPartOf\":{\"@id\":\"https:\/\/www.clubdelemprendimiento.com\/blog\/#website\"},\"datePublished\":\"2025-09-26T10:04:42+00:00\",\"dateModified\":\"2025-09-26T10:04:42+00:00\",\"breadcrumb\":{\"@id\":\"https:\/\/www.clubdelemprendimiento.com\/blog\/noticia-corporativa\/la-desinformacion-amenaza-a-la-democracia-la-economia-y-la-convivencia-social\/#breadcrumb\"},\"inLanguage\":\"es\",\"potentialAction\":[{\"@type\":\"ReadAction\",\"target\":[\"https:\/\/www.clubdelemprendimiento.com\/blog\/noticia-corporativa\/la-desinformacion-amenaza-a-la-democracia-la-economia-y-la-convivencia-social\/\"]}]},{\"@type\":\"BreadcrumbList\",\"@id\":\"https:\/\/www.clubdelemprendimiento.com\/blog\/noticia-corporativa\/la-desinformacion-amenaza-a-la-democracia-la-economia-y-la-convivencia-social\/#breadcrumb\",\"itemListElement\":[{\"@type\":\"ListItem\",\"position\":1,\"name\":\"Home\",\"item\":\"https:\/\/www.clubdelemprendimiento.com\/blog\/\"},{\"@type\":\"ListItem\",\"position\":2,\"name\":\"Noticias Corporativas\",\"item\":\"https:\/\/www.clubdelemprendimiento.com\/blog\/noticias-corporativas\/\"},{\"@type\":\"ListItem\",\"position\":3,\"name\":\"La desinformaci\u00f3n amenaza a la democracia, la econom\u00eda y la convivencia social\"}]},{\"@type\":\"WebSite\",\"@id\":\"https:\/\/www.clubdelemprendimiento.com\/blog\/#website\",\"url\":\"https:\/\/www.clubdelemprendimiento.com\/blog\/\",\"name\":\"Blog Club del Emprendimiento\",\"description\":\"\",\"potentialAction\":[{\"@type\":\"SearchAction\",\"target\":{\"@type\":\"EntryPoint\",\"urlTemplate\":\"https:\/\/www.clubdelemprendimiento.com\/blog\/?s={search_term_string}\"},\"query-input\":\"required name=search_term_string\"}],\"inLanguage\":\"es\"}]}<\/script>\n<!-- \/ Yoast SEO plugin. -->","yoast_head_json":{"title":"La desinformaci\u00f3n amenaza a la democracia, la econom\u00eda y la convivencia social - Blog Club del Emprendimiento","robots":{"index":"index","follow":"follow","max-snippet":"max-snippet:-1","max-image-preview":"max-image-preview:large","max-video-preview":"max-video-preview:-1"},"canonical":"https:\/\/www.clubdelemprendimiento.com\/blog\/noticia-corporativa\/la-desinformacion-amenaza-a-la-democracia-la-economia-y-la-convivencia-social\/","og_locale":"es_ES","og_type":"article","og_title":"La desinformaci\u00f3n amenaza a la democracia, la econom\u00eda y la convivencia social - Blog Club del Emprendimiento","og_description":"De la mano del Ateneo de Madrid la Fundaci\u00f3n Comunicando Futuro \u2013 Alejandro Echevarr\u00eda&hellip;","og_url":"https:\/\/www.clubdelemprendimiento.com\/blog\/noticia-corporativa\/la-desinformacion-amenaza-a-la-democracia-la-economia-y-la-convivencia-social\/","og_site_name":"Blog Club del Emprendimiento","twitter_card":"summary_large_image","twitter_misc":{"Tiempo de lectura":"3 minutos"},"schema":{"@context":"https:\/\/schema.org","@graph":[{"@type":"WebPage","@id":"https:\/\/www.clubdelemprendimiento.com\/blog\/noticia-corporativa\/la-desinformacion-amenaza-a-la-democracia-la-economia-y-la-convivencia-social\/","url":"https:\/\/www.clubdelemprendimiento.com\/blog\/noticia-corporativa\/la-desinformacion-amenaza-a-la-democracia-la-economia-y-la-convivencia-social\/","name":"La desinformaci\u00f3n amenaza a la democracia, la econom\u00eda y la convivencia social - Blog Club del Emprendimiento","isPartOf":{"@id":"https:\/\/www.clubdelemprendimiento.com\/blog\/#website"},"datePublished":"2025-09-26T10:04:42+00:00","dateModified":"2025-09-26T10:04:42+00:00","breadcrumb":{"@id":"https:\/\/www.clubdelemprendimiento.com\/blog\/noticia-corporativa\/la-desinformacion-amenaza-a-la-democracia-la-economia-y-la-convivencia-social\/#breadcrumb"},"inLanguage":"es","potentialAction":[{"@type":"ReadAction","target":["https:\/\/www.clubdelemprendimiento.com\/blog\/noticia-corporativa\/la-desinformacion-amenaza-a-la-democracia-la-economia-y-la-convivencia-social\/"]}]},{"@type":"BreadcrumbList","@id":"https:\/\/www.clubdelemprendimiento.com\/blog\/noticia-corporativa\/la-desinformacion-amenaza-a-la-democracia-la-economia-y-la-convivencia-social\/#breadcrumb","itemListElement":[{"@type":"ListItem","position":1,"name":"Home","item":"https:\/\/www.clubdelemprendimiento.com\/blog\/"},{"@type":"ListItem","position":2,"name":"Noticias Corporativas","item":"https:\/\/www.clubdelemprendimiento.com\/blog\/noticias-corporativas\/"},{"@type":"ListItem","position":3,"name":"La desinformaci\u00f3n amenaza a la democracia, la econom\u00eda y la convivencia social"}]},{"@type":"WebSite","@id":"https:\/\/www.clubdelemprendimiento.com\/blog\/#website","url":"https:\/\/www.clubdelemprendimiento.com\/blog\/","name":"Blog Club del Emprendimiento","description":"","potentialAction":[{"@type":"SearchAction","target":{"@type":"EntryPoint","urlTemplate":"https:\/\/www.clubdelemprendimiento.com\/blog\/?s={search_term_string}"},"query-input":"required name=search_term_string"}],"inLanguage":"es"}]}},"_links":{"self":[{"href":"https:\/\/www.clubdelemprendimiento.com\/blog\/wp-json\/wp\/v2\/noticia-corporativa\/21962"}],"collection":[{"href":"https:\/\/www.clubdelemprendimiento.com\/blog\/wp-json\/wp\/v2\/noticia-corporativa"}],"about":[{"href":"https:\/\/www.clubdelemprendimiento.com\/blog\/wp-json\/wp\/v2\/types\/noticia-corporativa"}],"wp:attachment":[{"href":"https:\/\/www.clubdelemprendimiento.com\/blog\/wp-json\/wp\/v2\/media?parent=21962"}],"curies":[{"name":"wp","href":"https:\/\/api.w.org\/{rel}","templated":true}]}}