{"id":21951,"date":"2025-09-25T18:00:51","date_gmt":"2025-09-25T18:00:51","guid":{"rendered":"https:\/\/www.clubdelemprendimiento.com\/blog\/noticia-corporativa\/rodilla-busca-instaurar-el-dia-nacional-de-la-merienda\/"},"modified":"2025-09-25T18:00:51","modified_gmt":"2025-09-25T18:00:51","slug":"rodilla-busca-instaurar-el-dia-nacional-de-la-merienda","status":"publish","type":"noticia-corporativa","link":"https:\/\/www.clubdelemprendimiento.com\/blog\/noticia-corporativa\/rodilla-busca-instaurar-el-dia-nacional-de-la-merienda\/","title":{"rendered":"Rodilla busca instaurar el D\u00eda Nacional de la Merienda"},"content":{"rendered":"<div>\n<p><a href=\"https:\/\/www.clubdelemprendimiento.com\/blog\/wp-content\/uploads\/2025\/09\/Da_Nacional_de_la_Merienda.jpg\" target=\"_blank\" class=\"fotonota\" rel=\"noopener\"> <img decoding=\"async\" src=\"https:\/\/www.clubdelemprendimiento.com\/blog\/wp-content\/uploads\/2025\/09\/Da_Nacional_de_la_Merienda.jpg\" style=\"max-width:600px;\" border=\"0\" class=\"postImage\" alt=\"\"><\/a><\/p>\n<p>La cadena de restauraci\u00f3n lanza una recogida de firmas en Change.org para que el 22 de octubre sea reconocido como el D\u00eda Nacional de la Merienda. Con esta iniciativa, Rodilla busca impulsar uno de los rituales m\u00e1s entra\u00f1ables de la cultura gastron\u00f3mica y convertirlo en una cita anual de referencia<\/p>\n<p><\/p>\n<p><a href=\"https:\/\/www.rodilla.es\/?gad_source=1&amp;gclid=Cj0KCQjwlN6wBhCcARIsAKZvD5ij9diXk6rCMsC24VLQtubhe39cwkE5jIpnoc2Q0O-dw4nS2j3uwEYaAsy8EALw_wcB\" rel=\"nofollow\">Rodilla<\/a><strong>,<\/strong> cadena artesana de restauraci\u00f3n fundada en Madrid hace 86 a\u00f1os, ha presentado su propuesta para crear el <strong>D\u00eda Nacional de la Merienda<\/strong>, una iniciativa que busca rendir homenaje a uno de los momentos m\u00e1s caracter\u00edsticos de nuestra gastronom\u00eda y darle el lugar que merece en el calendario.<\/p>\n<p>As\u00ed, la compa\u00f1\u00eda invita a sus clientes a apoyar la propuesta a trav\u00e9s de una <strong>recogida de firmas en Change.org,<\/strong> con el objetivo de que cada <strong>22 de octubre<\/strong> se celebre oficialmente esta efem\u00e9ride.<\/p>\n<p><strong>Una tradici\u00f3n con arraigo en nuestra cultura<\/strong><br \/>\nLa merienda ha formado parte durante d\u00e9cadas de los h\u00e1bitos alimentarios en Espa\u00f1a, consolid\u00e1ndose como un momento caracter\u00edstico de la jornada en el que se combina alimentaci\u00f3n y socializaci\u00f3n. Hist\u00f3ricamente vinculada a la infancia y al entorno familiar, ha sido un espacio de encuentro intergeneracional que, con el paso del tiempo, ha ido perdiendo protagonismo frente a otros formatos de consumo.<\/p>\n<p>Con la creaci\u00f3n de esta efem\u00e9ride, Rodilla busca poner en valor la merienda como un <strong>ritual gastron\u00f3mico propio de nuestra cultura<\/strong>, fomentando que vuelva a ocupar un lugar destacado en la vida cotidiana de los ciudadanos.<\/p>\n<p><strong>Iv\u00e1n Pulido, Marketing Manager de Grupo Rodilla<\/strong><em>, <\/em>ha querido destacar: \u00ab\u00bfQui\u00e9n no recuerda aquel pan con chocolate al salir del colegio o un bocadillo envuelto en papel de aluminio para ir al parque? Existen d\u00edas para la hamburguesa, para el caf\u00e9 e incluso para la pizza, pero a\u00fan no tenemos ninguno para algo tan nuestro como la merienda. Con esta propuesta queremos recuperar esas tardes que guardamos en la memoria con tanto cari\u00f1o\u00bb.<\/p>\n<p><strong>86 a\u00f1os acompa\u00f1ando a distintas generaciones<\/strong><br \/>\nDesde 1939, Rodilla ha formado parte de la rutina de la merienda en Espa\u00f1a. Generaciones enteras han compartido caf\u00e9s y s\u00e1ndwiches artesanos en sus locales, consolidando a la marca como un referente donde tradici\u00f3n, cercan\u00eda y sabor se encuentran en uno de los momentos m\u00e1s especiales del d\u00eda.<\/p>\n<p>Con el objetivo de dar mayor visibilidad a la iniciativa, Rodilla pondr\u00e1 en marcha distintas promociones en sus establecimientos a lo largo del mes de octubre.<\/p>\n<p>Puedes firmar la petici\u00f3n de change.org y ayudar a instaurar el D\u00eda Nacional de la Merienda\u00a0<a href=\"https:\/\/www.change.org\/dia-nacional-de-la-merienda\" rel=\"nofollow\">aqu\u00ed<\/a>.<\/p>\n<p>FICHA T\u00c9CNICA:<\/p>\n<ul>\n<li><strong><em>Anunciante:<\/em><\/strong><em>\u00a0Rodilla<\/em><\/li>\n<li><strong><em>Sector:<\/em><\/strong><em> Marketing y comunicaci\u00f3n. Alimentaci\u00f3n \u00a0<\/em><\/li>\n<li><strong><em>Contacto cliente<\/em><\/strong><em>: Iv\u00e1n Pulido<\/em><\/li>\n<li><strong><em>Creatividad, PR, comunicaci\u00f3n<\/em><\/strong><em>: Santiago Esteban, Marina Gasc\u00f3n, Mar\u00eda Borgo\u00f1\u00f3n y Alejandra Enr\u00edquez (Newlink) <\/em><\/li>\n<\/ul>\n<\/div>\n","protected":false},"featured_media":21952,"template":"","meta":{"_acf_changed":false},"acf":[],"yoast_head":"<!-- This site is optimized with the Yoast SEO plugin v22.7 - https:\/\/yoast.com\/wordpress\/plugins\/seo\/ -->\n<title>Rodilla busca instaurar el D\u00eda Nacional de la Merienda - Blog Club del Emprendimiento<\/title>\n<meta name=\"robots\" content=\"index, follow, max-snippet:-1, max-image-preview:large, max-video-preview:-1\" \/>\n<link rel=\"canonical\" href=\"https:\/\/www.clubdelemprendimiento.com\/blog\/noticia-corporativa\/rodilla-busca-instaurar-el-dia-nacional-de-la-merienda\/\" \/>\n<meta property=\"og:locale\" content=\"es_ES\" \/>\n<meta property=\"og:type\" content=\"article\" \/>\n<meta property=\"og:title\" content=\"Rodilla busca instaurar el D\u00eda Nacional de la Merienda - Blog Club del Emprendimiento\" \/>\n<meta property=\"og:description\" content=\"La cadena de restauraci\u00f3n lanza una recogida de firmas en Change.org para que el&hellip;\" \/>\n<meta property=\"og:url\" content=\"https:\/\/www.clubdelemprendimiento.com\/blog\/noticia-corporativa\/rodilla-busca-instaurar-el-dia-nacional-de-la-merienda\/\" \/>\n<meta property=\"og:site_name\" content=\"Blog Club del Emprendimiento\" \/>\n<meta property=\"og:image\" content=\"https:\/\/www.clubdelemprendimiento.com\/blog\/wp-content\/uploads\/2025\/09\/Da_Nacional_de_la_Merienda.jpg\" \/>\n<meta name=\"twitter:card\" content=\"summary_large_image\" \/>\n<meta name=\"twitter:label1\" content=\"Tiempo de lectura\" \/>\n\t<meta name=\"twitter:data1\" content=\"2 minutos\" \/>\n<script type=\"application\/ld+json\" class=\"yoast-schema-graph\">{\"@context\":\"https:\/\/schema.org\",\"@graph\":[{\"@type\":\"WebPage\",\"@id\":\"https:\/\/www.clubdelemprendimiento.com\/blog\/noticia-corporativa\/rodilla-busca-instaurar-el-dia-nacional-de-la-merienda\/\",\"url\":\"https:\/\/www.clubdelemprendimiento.com\/blog\/noticia-corporativa\/rodilla-busca-instaurar-el-dia-nacional-de-la-merienda\/\",\"name\":\"Rodilla busca instaurar el D\u00eda Nacional de la Merienda - Blog Club del Emprendimiento\",\"isPartOf\":{\"@id\":\"https:\/\/www.clubdelemprendimiento.com\/blog\/#website\"},\"primaryImageOfPage\":{\"@id\":\"https:\/\/www.clubdelemprendimiento.com\/blog\/noticia-corporativa\/rodilla-busca-instaurar-el-dia-nacional-de-la-merienda\/#primaryimage\"},\"image\":{\"@id\":\"https:\/\/www.clubdelemprendimiento.com\/blog\/noticia-corporativa\/rodilla-busca-instaurar-el-dia-nacional-de-la-merienda\/#primaryimage\"},\"thumbnailUrl\":\"https:\/\/www.clubdelemprendimiento.com\/blog\/wp-content\/uploads\/2025\/09\/Da_Nacional_de_la_Merienda.jpg\",\"datePublished\":\"2025-09-25T18:00:51+00:00\",\"dateModified\":\"2025-09-25T18:00:51+00:00\",\"breadcrumb\":{\"@id\":\"https:\/\/www.clubdelemprendimiento.com\/blog\/noticia-corporativa\/rodilla-busca-instaurar-el-dia-nacional-de-la-merienda\/#breadcrumb\"},\"inLanguage\":\"es\",\"potentialAction\":[{\"@type\":\"ReadAction\",\"target\":[\"https:\/\/www.clubdelemprendimiento.com\/blog\/noticia-corporativa\/rodilla-busca-instaurar-el-dia-nacional-de-la-merienda\/\"]}]},{\"@type\":\"ImageObject\",\"inLanguage\":\"es\",\"@id\":\"https:\/\/www.clubdelemprendimiento.com\/blog\/noticia-corporativa\/rodilla-busca-instaurar-el-dia-nacional-de-la-merienda\/#primaryimage\",\"url\":\"https:\/\/www.clubdelemprendimiento.com\/blog\/wp-content\/uploads\/2025\/09\/Da_Nacional_de_la_Merienda.jpg\",\"contentUrl\":\"https:\/\/www.clubdelemprendimiento.com\/blog\/wp-content\/uploads\/2025\/09\/Da_Nacional_de_la_Merienda.jpg\",\"width\":1772,\"height\":1338},{\"@type\":\"BreadcrumbList\",\"@id\":\"https:\/\/www.clubdelemprendimiento.com\/blog\/noticia-corporativa\/rodilla-busca-instaurar-el-dia-nacional-de-la-merienda\/#breadcrumb\",\"itemListElement\":[{\"@type\":\"ListItem\",\"position\":1,\"name\":\"Home\",\"item\":\"https:\/\/www.clubdelemprendimiento.com\/blog\/\"},{\"@type\":\"ListItem\",\"position\":2,\"name\":\"Noticias Corporativas\",\"item\":\"https:\/\/www.clubdelemprendimiento.com\/blog\/noticias-corporativas\/\"},{\"@type\":\"ListItem\",\"position\":3,\"name\":\"Rodilla busca instaurar el D\u00eda Nacional de la Merienda\"}]},{\"@type\":\"WebSite\",\"@id\":\"https:\/\/www.clubdelemprendimiento.com\/blog\/#website\",\"url\":\"https:\/\/www.clubdelemprendimiento.com\/blog\/\",\"name\":\"Blog Club del Emprendimiento\",\"description\":\"\",\"potentialAction\":[{\"@type\":\"SearchAction\",\"target\":{\"@type\":\"EntryPoint\",\"urlTemplate\":\"https:\/\/www.clubdelemprendimiento.com\/blog\/?s={search_term_string}\"},\"query-input\":\"required name=search_term_string\"}],\"inLanguage\":\"es\"}]}<\/script>\n<!-- \/ Yoast SEO plugin. -->","yoast_head_json":{"title":"Rodilla busca instaurar el D\u00eda Nacional de la Merienda - Blog Club del Emprendimiento","robots":{"index":"index","follow":"follow","max-snippet":"max-snippet:-1","max-image-preview":"max-image-preview:large","max-video-preview":"max-video-preview:-1"},"canonical":"https:\/\/www.clubdelemprendimiento.com\/blog\/noticia-corporativa\/rodilla-busca-instaurar-el-dia-nacional-de-la-merienda\/","og_locale":"es_ES","og_type":"article","og_title":"Rodilla busca instaurar el D\u00eda Nacional de la Merienda - Blog Club del Emprendimiento","og_description":"La cadena de restauraci\u00f3n lanza una recogida de firmas en Change.org para que el&hellip;","og_url":"https:\/\/www.clubdelemprendimiento.com\/blog\/noticia-corporativa\/rodilla-busca-instaurar-el-dia-nacional-de-la-merienda\/","og_site_name":"Blog Club del Emprendimiento","og_image":[{"url":"https:\/\/www.clubdelemprendimiento.com\/blog\/wp-content\/uploads\/2025\/09\/Da_Nacional_de_la_Merienda.jpg"}],"twitter_card":"summary_large_image","twitter_misc":{"Tiempo de lectura":"2 minutos"},"schema":{"@context":"https:\/\/schema.org","@graph":[{"@type":"WebPage","@id":"https:\/\/www.clubdelemprendimiento.com\/blog\/noticia-corporativa\/rodilla-busca-instaurar-el-dia-nacional-de-la-merienda\/","url":"https:\/\/www.clubdelemprendimiento.com\/blog\/noticia-corporativa\/rodilla-busca-instaurar-el-dia-nacional-de-la-merienda\/","name":"Rodilla busca instaurar el D\u00eda Nacional de la Merienda - Blog Club del Emprendimiento","isPartOf":{"@id":"https:\/\/www.clubdelemprendimiento.com\/blog\/#website"},"primaryImageOfPage":{"@id":"https:\/\/www.clubdelemprendimiento.com\/blog\/noticia-corporativa\/rodilla-busca-instaurar-el-dia-nacional-de-la-merienda\/#primaryimage"},"image":{"@id":"https:\/\/www.clubdelemprendimiento.com\/blog\/noticia-corporativa\/rodilla-busca-instaurar-el-dia-nacional-de-la-merienda\/#primaryimage"},"thumbnailUrl":"https:\/\/www.clubdelemprendimiento.com\/blog\/wp-content\/uploads\/2025\/09\/Da_Nacional_de_la_Merienda.jpg","datePublished":"2025-09-25T18:00:51+00:00","dateModified":"2025-09-25T18:00:51+00:00","breadcrumb":{"@id":"https:\/\/www.clubdelemprendimiento.com\/blog\/noticia-corporativa\/rodilla-busca-instaurar-el-dia-nacional-de-la-merienda\/#breadcrumb"},"inLanguage":"es","potentialAction":[{"@type":"ReadAction","target":["https:\/\/www.clubdelemprendimiento.com\/blog\/noticia-corporativa\/rodilla-busca-instaurar-el-dia-nacional-de-la-merienda\/"]}]},{"@type":"ImageObject","inLanguage":"es","@id":"https:\/\/www.clubdelemprendimiento.com\/blog\/noticia-corporativa\/rodilla-busca-instaurar-el-dia-nacional-de-la-merienda\/#primaryimage","url":"https:\/\/www.clubdelemprendimiento.com\/blog\/wp-content\/uploads\/2025\/09\/Da_Nacional_de_la_Merienda.jpg","contentUrl":"https:\/\/www.clubdelemprendimiento.com\/blog\/wp-content\/uploads\/2025\/09\/Da_Nacional_de_la_Merienda.jpg","width":1772,"height":1338},{"@type":"BreadcrumbList","@id":"https:\/\/www.clubdelemprendimiento.com\/blog\/noticia-corporativa\/rodilla-busca-instaurar-el-dia-nacional-de-la-merienda\/#breadcrumb","itemListElement":[{"@type":"ListItem","position":1,"name":"Home","item":"https:\/\/www.clubdelemprendimiento.com\/blog\/"},{"@type":"ListItem","position":2,"name":"Noticias Corporativas","item":"https:\/\/www.clubdelemprendimiento.com\/blog\/noticias-corporativas\/"},{"@type":"ListItem","position":3,"name":"Rodilla busca instaurar el D\u00eda Nacional de la Merienda"}]},{"@type":"WebSite","@id":"https:\/\/www.clubdelemprendimiento.com\/blog\/#website","url":"https:\/\/www.clubdelemprendimiento.com\/blog\/","name":"Blog Club del Emprendimiento","description":"","potentialAction":[{"@type":"SearchAction","target":{"@type":"EntryPoint","urlTemplate":"https:\/\/www.clubdelemprendimiento.com\/blog\/?s={search_term_string}"},"query-input":"required name=search_term_string"}],"inLanguage":"es"}]}},"_links":{"self":[{"href":"https:\/\/www.clubdelemprendimiento.com\/blog\/wp-json\/wp\/v2\/noticia-corporativa\/21951"}],"collection":[{"href":"https:\/\/www.clubdelemprendimiento.com\/blog\/wp-json\/wp\/v2\/noticia-corporativa"}],"about":[{"href":"https:\/\/www.clubdelemprendimiento.com\/blog\/wp-json\/wp\/v2\/types\/noticia-corporativa"}],"wp:featuredmedia":[{"embeddable":true,"href":"https:\/\/www.clubdelemprendimiento.com\/blog\/wp-json\/wp\/v2\/media\/21952"}],"wp:attachment":[{"href":"https:\/\/www.clubdelemprendimiento.com\/blog\/wp-json\/wp\/v2\/media?parent=21951"}],"curies":[{"name":"wp","href":"https:\/\/api.w.org\/{rel}","templated":true}]}}