{"id":21945,"date":"2025-09-25T15:04:50","date_gmt":"2025-09-25T15:04:50","guid":{"rendered":"https:\/\/www.clubdelemprendimiento.com\/blog\/noticia-corporativa\/el-tenerife-cook-music-fest-2026-se-celebrara-los-dias-16-17-y-18-de-julio\/"},"modified":"2025-09-25T15:04:50","modified_gmt":"2025-09-25T15:04:50","slug":"el-tenerife-cook-music-fest-2026-se-celebrara-los-dias-16-17-y-18-de-julio","status":"publish","type":"noticia-corporativa","link":"https:\/\/www.clubdelemprendimiento.com\/blog\/noticia-corporativa\/el-tenerife-cook-music-fest-2026-se-celebrara-los-dias-16-17-y-18-de-julio\/","title":{"rendered":"El Tenerife Cook Music Fest 2026 se celebrar\u00e1 los d\u00edas 16, 17 y 18 de julio"},"content":{"rendered":"<div>\n<p><a href=\"https:\/\/www.clubdelemprendimiento.com\/blog\/wp-content\/uploads\/2025\/09\/CMF_-_Julio_25_-_Generales_-_Angel_Fumero_-24_1.jpg\" target=\"_blank\" class=\"fotonota\" rel=\"noopener\"> <img decoding=\"async\" src=\"https:\/\/www.clubdelemprendimiento.com\/blog\/wp-content\/uploads\/2025\/09\/CMF_-_Julio_25_-_Generales_-_Angel_Fumero_-24_1.jpg\" style=\"max-width:600px;\" border=\"0\" class=\"postImage\" alt=\"\"><\/a><\/p>\n<p>El Tenerife Cook Music Fest abre su preventa especial con 5.000 entradas al 50% en su quinto aniversario<\/p>\n<p><\/p>\n<p>Despu\u00e9s del rotundo \u00e9xito de la edici\u00f3n de 2025, en la que m\u00e1s de 60.000 personas disfrutaron de un cartel inigualable, el Tenerife Cook Music Fest confirma sus fechas para 2026: los pr\u00f3ximos <strong>16, 17 y 18 de julio<\/strong>.<\/p>\n<p>El evento, que en esta ocasi\u00f3n celebra su <strong>5\u00ba aniversario<\/strong>, prepara una edici\u00f3n \u00fanica repleta de sorpresas, novedades y experiencias dise\u00f1adas para marcar un antes y un despu\u00e9s en la historia del festival. Ya consolidado como uno de los encuentros culturales m\u00e1s importantes de Canarias y con una proyecci\u00f3n internacional cada vez mayor, el Cook volver\u00e1 a ofrecer una programaci\u00f3n diversa en la que convivir\u00e1n el pop, los ritmos latinos y los sonidos urbanos, reforzando su esencia multicultural y festiva.<\/p>\n<p>En 2025, el festival cont\u00f3 con artistas de talla mundial como <strong>Jennifer Lopez, Gloria Estefan, Beele, Sebasti\u00e1n Yatra, Juan Mag\u00e1n, La India y Olga Ta\u00f1\u00f3n<\/strong>, entre otros, lo que reafirm\u00f3 su papel como referente musical en Europa.<\/p>\n<p><strong>Registro abierto para la preventa<\/strong><br \/>\nEl Tenerife Cook Music Fest ha puesto en marcha su preventa exclusiva, que incluye <strong>5.000 entradas con un 50% de descuento<\/strong>. Esta oferta solo estar\u00e1 disponible para quienes se registren hasta el <strong>30 de septiembre<\/strong>.<\/p>\n<p>Cada persona registrada recibir\u00e1 un c\u00f3digo \u00fanico, indispensable para acceder a la compra, que deber\u00e1 realizarse con el mismo correo utilizado en el registro. Habr\u00e1 disponibles <strong>abonos de dos y tres d\u00edas<\/strong> en diferentes categor\u00edas (General, Front Stage, VIP, VIP Sof\u00e1 y Exclusive). Todas las entradas incluyen una <strong>caja sorpresa con merchandising oficial<\/strong>, y en el caso de las modalidades <strong>VIP Sof\u00e1 y Exclusive<\/strong>, se a\u00f1ade adem\u00e1s el <strong>env\u00edo gratuito de la pulsera a domicilio<\/strong>.<\/p>\n<p>A partir del <strong>2 de octubre<\/strong>, las entradas estar\u00e1n disponibles en la web oficial: <strong><a href=\"http:\/\/www.cookmusicfest.es\/\" rel=\"nofollow\">www.cookmusicfest.es<\/a><\/strong>.<\/p>\n<p>El festival cuenta con el respaldo del <strong>Ayuntamiento de Santa Cruz de Tenerife, Turismo de Tenerife, Islas Canarias \u2013 Latitud de Vida y el Gobierno de Canarias<\/strong>, reafirmando as\u00ed su posici\u00f3n como uno de los eventos culturales m\u00e1s destacados del Archipi\u00e9lago.<\/p>\n<p class=\"mediakit\"><strong>V\u00eddeos<\/strong><br \/><a href=\"https:\/\/www.youtube.com\/watch?v=QWByU6UKv3Y\" target=\"_blank\" class=\"mediakit\" rel=\"noopener\"> Aftermovie Oficial &#8211; Tenerife Cook Music Fest 2025  \u2728<\/a><\/p>\n<\/div>\n","protected":false},"featured_media":21946,"template":"","meta":{"_acf_changed":false},"acf":[],"yoast_head":"<!-- This site is optimized with the Yoast SEO plugin v22.7 - https:\/\/yoast.com\/wordpress\/plugins\/seo\/ -->\n<title>El Tenerife Cook Music Fest 2026 se celebrar\u00e1 los d\u00edas 16, 17 y 18 de julio - Blog Club del Emprendimiento<\/title>\n<meta name=\"robots\" content=\"index, follow, max-snippet:-1, max-image-preview:large, max-video-preview:-1\" \/>\n<link rel=\"canonical\" href=\"https:\/\/www.clubdelemprendimiento.com\/blog\/noticia-corporativa\/el-tenerife-cook-music-fest-2026-se-celebrara-los-dias-16-17-y-18-de-julio\/\" \/>\n<meta property=\"og:locale\" content=\"es_ES\" \/>\n<meta property=\"og:type\" content=\"article\" \/>\n<meta property=\"og:title\" content=\"El Tenerife Cook Music Fest 2026 se celebrar\u00e1 los d\u00edas 16, 17 y 18 de julio - Blog Club del Emprendimiento\" \/>\n<meta property=\"og:description\" content=\"El Tenerife Cook Music Fest abre su preventa especial con 5.000 entradas al 50%&hellip;\" \/>\n<meta property=\"og:url\" content=\"https:\/\/www.clubdelemprendimiento.com\/blog\/noticia-corporativa\/el-tenerife-cook-music-fest-2026-se-celebrara-los-dias-16-17-y-18-de-julio\/\" \/>\n<meta property=\"og:site_name\" content=\"Blog Club del Emprendimiento\" \/>\n<meta property=\"og:image\" content=\"https:\/\/www.clubdelemprendimiento.com\/blog\/wp-content\/uploads\/2025\/09\/CMF_-_Julio_25_-_Generales_-_Angel_Fumero_-24_1.jpg\" \/>\n<meta name=\"twitter:card\" content=\"summary_large_image\" \/>\n<meta name=\"twitter:label1\" content=\"Tiempo de lectura\" \/>\n\t<meta name=\"twitter:data1\" content=\"2 minutos\" \/>\n<script type=\"application\/ld+json\" class=\"yoast-schema-graph\">{\"@context\":\"https:\/\/schema.org\",\"@graph\":[{\"@type\":\"WebPage\",\"@id\":\"https:\/\/www.clubdelemprendimiento.com\/blog\/noticia-corporativa\/el-tenerife-cook-music-fest-2026-se-celebrara-los-dias-16-17-y-18-de-julio\/\",\"url\":\"https:\/\/www.clubdelemprendimiento.com\/blog\/noticia-corporativa\/el-tenerife-cook-music-fest-2026-se-celebrara-los-dias-16-17-y-18-de-julio\/\",\"name\":\"El Tenerife Cook Music Fest 2026 se celebrar\u00e1 los d\u00edas 16, 17 y 18 de julio - Blog Club del Emprendimiento\",\"isPartOf\":{\"@id\":\"https:\/\/www.clubdelemprendimiento.com\/blog\/#website\"},\"primaryImageOfPage\":{\"@id\":\"https:\/\/www.clubdelemprendimiento.com\/blog\/noticia-corporativa\/el-tenerife-cook-music-fest-2026-se-celebrara-los-dias-16-17-y-18-de-julio\/#primaryimage\"},\"image\":{\"@id\":\"https:\/\/www.clubdelemprendimiento.com\/blog\/noticia-corporativa\/el-tenerife-cook-music-fest-2026-se-celebrara-los-dias-16-17-y-18-de-julio\/#primaryimage\"},\"thumbnailUrl\":\"https:\/\/www.clubdelemprendimiento.com\/blog\/wp-content\/uploads\/2025\/09\/CMF_-_Julio_25_-_Generales_-_Angel_Fumero_-24_1-scaled.jpg\",\"datePublished\":\"2025-09-25T15:04:50+00:00\",\"dateModified\":\"2025-09-25T15:04:50+00:00\",\"breadcrumb\":{\"@id\":\"https:\/\/www.clubdelemprendimiento.com\/blog\/noticia-corporativa\/el-tenerife-cook-music-fest-2026-se-celebrara-los-dias-16-17-y-18-de-julio\/#breadcrumb\"},\"inLanguage\":\"es\",\"potentialAction\":[{\"@type\":\"ReadAction\",\"target\":[\"https:\/\/www.clubdelemprendimiento.com\/blog\/noticia-corporativa\/el-tenerife-cook-music-fest-2026-se-celebrara-los-dias-16-17-y-18-de-julio\/\"]}]},{\"@type\":\"ImageObject\",\"inLanguage\":\"es\",\"@id\":\"https:\/\/www.clubdelemprendimiento.com\/blog\/noticia-corporativa\/el-tenerife-cook-music-fest-2026-se-celebrara-los-dias-16-17-y-18-de-julio\/#primaryimage\",\"url\":\"https:\/\/www.clubdelemprendimiento.com\/blog\/wp-content\/uploads\/2025\/09\/CMF_-_Julio_25_-_Generales_-_Angel_Fumero_-24_1-scaled.jpg\",\"contentUrl\":\"https:\/\/www.clubdelemprendimiento.com\/blog\/wp-content\/uploads\/2025\/09\/CMF_-_Julio_25_-_Generales_-_Angel_Fumero_-24_1-scaled.jpg\",\"width\":2560,\"height\":1707},{\"@type\":\"BreadcrumbList\",\"@id\":\"https:\/\/www.clubdelemprendimiento.com\/blog\/noticia-corporativa\/el-tenerife-cook-music-fest-2026-se-celebrara-los-dias-16-17-y-18-de-julio\/#breadcrumb\",\"itemListElement\":[{\"@type\":\"ListItem\",\"position\":1,\"name\":\"Home\",\"item\":\"https:\/\/www.clubdelemprendimiento.com\/blog\/\"},{\"@type\":\"ListItem\",\"position\":2,\"name\":\"Noticias Corporativas\",\"item\":\"https:\/\/www.clubdelemprendimiento.com\/blog\/noticias-corporativas\/\"},{\"@type\":\"ListItem\",\"position\":3,\"name\":\"El Tenerife Cook Music Fest 2026 se celebrar\u00e1 los d\u00edas 16, 17 y 18 de julio\"}]},{\"@type\":\"WebSite\",\"@id\":\"https:\/\/www.clubdelemprendimiento.com\/blog\/#website\",\"url\":\"https:\/\/www.clubdelemprendimiento.com\/blog\/\",\"name\":\"Blog Club del Emprendimiento\",\"description\":\"\",\"potentialAction\":[{\"@type\":\"SearchAction\",\"target\":{\"@type\":\"EntryPoint\",\"urlTemplate\":\"https:\/\/www.clubdelemprendimiento.com\/blog\/?s={search_term_string}\"},\"query-input\":\"required name=search_term_string\"}],\"inLanguage\":\"es\"}]}<\/script>\n<!-- \/ Yoast SEO plugin. -->","yoast_head_json":{"title":"El Tenerife Cook Music Fest 2026 se celebrar\u00e1 los d\u00edas 16, 17 y 18 de julio - Blog Club del Emprendimiento","robots":{"index":"index","follow":"follow","max-snippet":"max-snippet:-1","max-image-preview":"max-image-preview:large","max-video-preview":"max-video-preview:-1"},"canonical":"https:\/\/www.clubdelemprendimiento.com\/blog\/noticia-corporativa\/el-tenerife-cook-music-fest-2026-se-celebrara-los-dias-16-17-y-18-de-julio\/","og_locale":"es_ES","og_type":"article","og_title":"El Tenerife Cook Music Fest 2026 se celebrar\u00e1 los d\u00edas 16, 17 y 18 de julio - Blog Club del Emprendimiento","og_description":"El Tenerife Cook Music Fest abre su preventa especial con 5.000 entradas al 50%&hellip;","og_url":"https:\/\/www.clubdelemprendimiento.com\/blog\/noticia-corporativa\/el-tenerife-cook-music-fest-2026-se-celebrara-los-dias-16-17-y-18-de-julio\/","og_site_name":"Blog Club del Emprendimiento","og_image":[{"url":"https:\/\/www.clubdelemprendimiento.com\/blog\/wp-content\/uploads\/2025\/09\/CMF_-_Julio_25_-_Generales_-_Angel_Fumero_-24_1.jpg"}],"twitter_card":"summary_large_image","twitter_misc":{"Tiempo de lectura":"2 minutos"},"schema":{"@context":"https:\/\/schema.org","@graph":[{"@type":"WebPage","@id":"https:\/\/www.clubdelemprendimiento.com\/blog\/noticia-corporativa\/el-tenerife-cook-music-fest-2026-se-celebrara-los-dias-16-17-y-18-de-julio\/","url":"https:\/\/www.clubdelemprendimiento.com\/blog\/noticia-corporativa\/el-tenerife-cook-music-fest-2026-se-celebrara-los-dias-16-17-y-18-de-julio\/","name":"El Tenerife Cook Music Fest 2026 se celebrar\u00e1 los d\u00edas 16, 17 y 18 de julio - Blog Club del Emprendimiento","isPartOf":{"@id":"https:\/\/www.clubdelemprendimiento.com\/blog\/#website"},"primaryImageOfPage":{"@id":"https:\/\/www.clubdelemprendimiento.com\/blog\/noticia-corporativa\/el-tenerife-cook-music-fest-2026-se-celebrara-los-dias-16-17-y-18-de-julio\/#primaryimage"},"image":{"@id":"https:\/\/www.clubdelemprendimiento.com\/blog\/noticia-corporativa\/el-tenerife-cook-music-fest-2026-se-celebrara-los-dias-16-17-y-18-de-julio\/#primaryimage"},"thumbnailUrl":"https:\/\/www.clubdelemprendimiento.com\/blog\/wp-content\/uploads\/2025\/09\/CMF_-_Julio_25_-_Generales_-_Angel_Fumero_-24_1-scaled.jpg","datePublished":"2025-09-25T15:04:50+00:00","dateModified":"2025-09-25T15:04:50+00:00","breadcrumb":{"@id":"https:\/\/www.clubdelemprendimiento.com\/blog\/noticia-corporativa\/el-tenerife-cook-music-fest-2026-se-celebrara-los-dias-16-17-y-18-de-julio\/#breadcrumb"},"inLanguage":"es","potentialAction":[{"@type":"ReadAction","target":["https:\/\/www.clubdelemprendimiento.com\/blog\/noticia-corporativa\/el-tenerife-cook-music-fest-2026-se-celebrara-los-dias-16-17-y-18-de-julio\/"]}]},{"@type":"ImageObject","inLanguage":"es","@id":"https:\/\/www.clubdelemprendimiento.com\/blog\/noticia-corporativa\/el-tenerife-cook-music-fest-2026-se-celebrara-los-dias-16-17-y-18-de-julio\/#primaryimage","url":"https:\/\/www.clubdelemprendimiento.com\/blog\/wp-content\/uploads\/2025\/09\/CMF_-_Julio_25_-_Generales_-_Angel_Fumero_-24_1-scaled.jpg","contentUrl":"https:\/\/www.clubdelemprendimiento.com\/blog\/wp-content\/uploads\/2025\/09\/CMF_-_Julio_25_-_Generales_-_Angel_Fumero_-24_1-scaled.jpg","width":2560,"height":1707},{"@type":"BreadcrumbList","@id":"https:\/\/www.clubdelemprendimiento.com\/blog\/noticia-corporativa\/el-tenerife-cook-music-fest-2026-se-celebrara-los-dias-16-17-y-18-de-julio\/#breadcrumb","itemListElement":[{"@type":"ListItem","position":1,"name":"Home","item":"https:\/\/www.clubdelemprendimiento.com\/blog\/"},{"@type":"ListItem","position":2,"name":"Noticias Corporativas","item":"https:\/\/www.clubdelemprendimiento.com\/blog\/noticias-corporativas\/"},{"@type":"ListItem","position":3,"name":"El Tenerife Cook Music Fest 2026 se celebrar\u00e1 los d\u00edas 16, 17 y 18 de julio"}]},{"@type":"WebSite","@id":"https:\/\/www.clubdelemprendimiento.com\/blog\/#website","url":"https:\/\/www.clubdelemprendimiento.com\/blog\/","name":"Blog Club del Emprendimiento","description":"","potentialAction":[{"@type":"SearchAction","target":{"@type":"EntryPoint","urlTemplate":"https:\/\/www.clubdelemprendimiento.com\/blog\/?s={search_term_string}"},"query-input":"required name=search_term_string"}],"inLanguage":"es"}]}},"_links":{"self":[{"href":"https:\/\/www.clubdelemprendimiento.com\/blog\/wp-json\/wp\/v2\/noticia-corporativa\/21945"}],"collection":[{"href":"https:\/\/www.clubdelemprendimiento.com\/blog\/wp-json\/wp\/v2\/noticia-corporativa"}],"about":[{"href":"https:\/\/www.clubdelemprendimiento.com\/blog\/wp-json\/wp\/v2\/types\/noticia-corporativa"}],"wp:featuredmedia":[{"embeddable":true,"href":"https:\/\/www.clubdelemprendimiento.com\/blog\/wp-json\/wp\/v2\/media\/21946"}],"wp:attachment":[{"href":"https:\/\/www.clubdelemprendimiento.com\/blog\/wp-json\/wp\/v2\/media?parent=21945"}],"curies":[{"name":"wp","href":"https:\/\/api.w.org\/{rel}","templated":true}]}}