{"id":21941,"date":"2025-09-25T15:04:43","date_gmt":"2025-09-25T15:04:43","guid":{"rendered":"https:\/\/www.clubdelemprendimiento.com\/blog\/noticia-corporativa\/el-departamento-de-salud-del-gobierno-vasco-recibe-al-consejo-de-farmaceuticos-de-euskadi-con-motivo-del-dia-mundial-de-la-profesion\/"},"modified":"2025-09-25T15:04:43","modified_gmt":"2025-09-25T15:04:43","slug":"el-departamento-de-salud-del-gobierno-vasco-recibe-al-consejo-de-farmaceuticos-de-euskadi-con-motivo-del-dia-mundial-de-la-profesion","status":"publish","type":"noticia-corporativa","link":"https:\/\/www.clubdelemprendimiento.com\/blog\/noticia-corporativa\/el-departamento-de-salud-del-gobierno-vasco-recibe-al-consejo-de-farmaceuticos-de-euskadi-con-motivo-del-dia-mundial-de-la-profesion\/","title":{"rendered":"El Departamento de Salud del Gobierno Vasco recibe al Consejo de Farmac\u00e9uticos de Euskadi con motivo del D\u00eda Mundial de la profesi\u00f3n"},"content":{"rendered":"<div>\n<p><a href=\"https:\/\/www.clubdelemprendimiento.com\/blog\/wp-content\/uploads\/2025\/09\/recepcion1.jpeg\" target=\"_blank\" class=\"fotonota\" rel=\"noopener\"> <img decoding=\"async\" src=\"https:\/\/www.clubdelemprendimiento.com\/blog\/wp-content\/uploads\/2025\/09\/recepcion1.jpeg\" style=\"max-width:600px;\" border=\"0\" class=\"postImage\" alt=\"\"><\/a><\/p>\n<p>Con motivo del D\u00eda Mundial del Farmac\u00e9utico, el consejero de Salud, Alberto Mart\u00ednez, ha incidido en la importancia de un rol activo de las farmacias, reforzando su papel como \u00abagentes de salud\u00bb. M\u00e1s de 3.695 farmac\u00e9uticas y farmac\u00e9uticos trabajan en la Comunidad Aut\u00f3noma Vasca, tanto en las 844 farmacias comunitarias, como en hospitales, an\u00e1lisis cl\u00ednicos, botiquines, salud p\u00fablica, atenci\u00f3n primaria, investigaci\u00f3n, distribuci\u00f3n, industria o docencia<\/p>\n<p><\/p>\n<p>El consejero de Salud del Gobierno Vasco, Alberto Mart\u00ednez; ha recibido hoy a los presidentes de los Colegios Oficiales de Farmac\u00e9uticos de \u00c1lava, Milagros L\u00f3pez de Oc\u00e1riz; Bizkaia, Juan Uriarte, y Gipuzkoa, Miguel \u00c1ngel Gastelurrutia, con motivo del D\u00eda Mundial del Farmac\u00e9utico que se conmemora hoy en todo el mundo bajo el lema &#8216;<em>Piensa en salud, piensa en farmacia&#8217;.<\/em> En la reuni\u00f3n celebrada en Vitoria-Gasteiz, ha estado acompa\u00f1ado por los viceconsejeros de Salud y Transformaci\u00f3n Digital, Gontzal Tamayo; y de Administraci\u00f3n y Financiaci\u00f3n Sanitarias, Aritz Uriarte; y el director de Farmacia del Gobierno vasco, Jon I\u00f1aki Betolaza.<\/p>\n<p>Los representantes del Departamento de Salud han abordado con los representantes de los casi 3.700 farmac\u00e9uticos y farmac\u00e9uticas que trabajan en Euskadi los principales retos que aborda la profesi\u00f3n y la farmacia comunitaria. Durante el encuentro, el Departamento de Salud ha incidido en la importancia de un rol activo de las farmacias en la atenci\u00f3n farmac\u00e9utica, reforzando su papel como \u00abagentes de salud\u00bb. \u00abQueremos potenciar la comunicaci\u00f3n de los y las profesionales farmac\u00e9uticas, de las oficinas de farmacia, con las y los profesionales de los centros de salud de cara a mejorar la calidad de la atenci\u00f3n a nuestras personas, as\u00ed como aumentar la seguridad en relaci\u00f3n con el uso y consumo de medicamentos\u00bb, ha remarcado el consejero de Salud Alberto Mart\u00ednez.<\/p>\n<p>Ambas instituciones <strong>han reiterado su disposici\u00f3n a colaborar<\/strong>, junto con otros profesionales sanitarios y con las entidades del tercer sector, para seguir sumando en la respuesta a aquellos retos que se plantean en el \u00e1mbito sanitario y sociosanitario vasco, atendiendo las necesidades de los pacientes, ofreciendo todos los recursos para mejorar y hacer m\u00e1s sostenible el sistema sanitario vasco.<\/p>\n<p>El Departamento de Salud ha mostrado su voluntad de seguir potenciando los actuales <strong>convenios<\/strong> de colaboraci\u00f3n con los Colegios y las oficinas de farmacia que incluyen la dispensaci\u00f3n de <strong>metadona, la detecci\u00f3n del VIH-SIDA<\/strong> y la mejora del Uso de la Medicaci\u00f3n en personas atendidas por los <strong>servicios de ayuda domiciliaria<\/strong> y servicios sociales. Adem\u00e1s, de fomentar los programas de adherencia en <strong>asma-EPOC y al seguimiento farmacoterap\u00e9utico en diabetes tipo 2.<\/strong><\/p>\n<p>Asimismo, el consejero de Salud ha hecho hincapi\u00e9 en dos programas referentes: la reci\u00e9n presentada <strong>\u00abBotika etxean eskura\u00bb<\/strong> para la mejora de la atenci\u00f3n farmac\u00e9utica de la poblaci\u00f3n del \u00e1mbito rural de las Comarcas de A\u00f1ana y Monta\u00f1a Alavesa, que contribuye a mejorar la autonom\u00eda de las personas que viven en la zona rural, con un trato cercano y personalizado por parte del profesional farmac\u00e9utico, y que tambi\u00e9n forma en h\u00e1bitos de vida saludables junto con el resto de profesionales sanitarios y agentes sociales. Y, por otra parte, el impulso a la extensi\u00f3n del nuevo modelo de gesti\u00f3n de la prestaci\u00f3n farmac\u00e9utica en el \u00e1mbito sociosanitario, <strong>\u00abFarmabide\u00bb<\/strong> que permitir\u00e1 a las personas que viven en las residencias vascas una mejor calidad de la atenci\u00f3n y un aumento de la seguridad en relaci\u00f3n con el consumo de medicamentos.<\/p>\n<p>Los presidentes de los tres colegios han agradecido la implicaci\u00f3n del Departamento de Salud de Gobierno vasco para que la farmacia potencie su pr\u00e1ctica asistencial y se integre en el sistema vasco de salud.<\/p>\n<p>As\u00ed se contempla, de hecho, en el concierto de prestaci\u00f3n farmac\u00e9utica de Euskadi, firmado en 2024, que recoge de manera expl\u00edcita que la farmacia debe integrarse en el sistema de salud. Adem\u00e1s de ello, el Departamento de Salud realiza una inversi\u00f3n econ\u00f3mica para potenciar y financiar la implantaci\u00f3n de servicios farmac\u00e9uticos remunerados. \u00abEstamos alineados para avanzar hacia una farmacia m\u00e1s cl\u00ednica, asistencial y social\u00bb, han subrayado los presidentes de los colegios de farmac\u00e9uticos.<\/p>\n<p>Se calcula que<strong>, cada d\u00eda, m\u00e1s de 100.000 personas entran en alguna de las 844 farmacias<\/strong> vascas, dispens\u00e1ndose m\u00e1s de 120.000 recetas a diario, un 99,5% de las cuales son en formato electr\u00f3nico. Tal y como subrayan desde el Consejo de Farmac\u00e9uticos del Pa\u00eds Vasco, \u00abla farmacia comunitaria es, con frecuencia, el primer establecimiento sanitario al que acuden los pacientes cuando tienen un problema de salud o dudas\u00bb. De hecho, seg\u00fan datos del Consejo General de Farmac\u00e9uticos, se calcula que una de cada tres personas entra a la farmacia en busca de consejo sanitario. Esto supone que en las farmacias vascas se aportan <strong>7,5 millones de consejos farmac\u00e9uticos cada a\u00f1o.<\/strong><\/p>\n<p>De las 844 farmacias ubicadas en la Comunidad Aut\u00f3noma Vasca (CAV), 313 se sit\u00faan en las tres capitales y las 531 restantes en el resto del territorio. La CAV cuenta con 3,3 farmac\u00e9uticos por farmacia comunitaria (muy por encima de la media estatal situada en 2,5) y con una farmacia por cada 2.639 habitantes (de los cuales 629 son mayores de 65 a\u00f1os). Euskadi es, adem\u00e1s, la <strong>comunidad aut\u00f3noma con mayor porcentaje de mujeres entre sus colegiados, un 80,4%,<\/strong> muy por encima del promedio estatal del 71,9%.<\/p>\n<\/div>\n","protected":false},"featured_media":21942,"template":"","meta":{"_acf_changed":false},"acf":[],"yoast_head":"<!-- This site is optimized with the Yoast SEO plugin v22.7 - https:\/\/yoast.com\/wordpress\/plugins\/seo\/ -->\n<title>El Departamento de Salud del Gobierno Vasco recibe al Consejo de Farmac\u00e9uticos de Euskadi con motivo del D\u00eda Mundial de la profesi\u00f3n - Blog Club del Emprendimiento<\/title>\n<meta name=\"robots\" content=\"index, follow, max-snippet:-1, max-image-preview:large, max-video-preview:-1\" \/>\n<link rel=\"canonical\" href=\"https:\/\/www.clubdelemprendimiento.com\/blog\/noticia-corporativa\/el-departamento-de-salud-del-gobierno-vasco-recibe-al-consejo-de-farmaceuticos-de-euskadi-con-motivo-del-dia-mundial-de-la-profesion\/\" \/>\n<meta property=\"og:locale\" content=\"es_ES\" \/>\n<meta property=\"og:type\" content=\"article\" \/>\n<meta property=\"og:title\" content=\"El Departamento de Salud del Gobierno Vasco recibe al Consejo de Farmac\u00e9uticos de Euskadi con motivo del D\u00eda Mundial de la profesi\u00f3n - Blog Club del Emprendimiento\" \/>\n<meta property=\"og:description\" content=\"Con motivo del D\u00eda Mundial del Farmac\u00e9utico, el consejero de Salud, Alberto Mart\u00ednez, ha&hellip;\" \/>\n<meta property=\"og:url\" content=\"https:\/\/www.clubdelemprendimiento.com\/blog\/noticia-corporativa\/el-departamento-de-salud-del-gobierno-vasco-recibe-al-consejo-de-farmaceuticos-de-euskadi-con-motivo-del-dia-mundial-de-la-profesion\/\" \/>\n<meta property=\"og:site_name\" content=\"Blog Club del Emprendimiento\" \/>\n<meta property=\"og:image\" content=\"https:\/\/www.clubdelemprendimiento.com\/blog\/wp-content\/uploads\/2025\/09\/recepcion1.jpeg\" \/>\n<meta name=\"twitter:card\" content=\"summary_large_image\" \/>\n<meta name=\"twitter:label1\" content=\"Tiempo de lectura\" \/>\n\t<meta name=\"twitter:data1\" content=\"5 minutos\" \/>\n<script type=\"application\/ld+json\" class=\"yoast-schema-graph\">{\"@context\":\"https:\/\/schema.org\",\"@graph\":[{\"@type\":\"WebPage\",\"@id\":\"https:\/\/www.clubdelemprendimiento.com\/blog\/noticia-corporativa\/el-departamento-de-salud-del-gobierno-vasco-recibe-al-consejo-de-farmaceuticos-de-euskadi-con-motivo-del-dia-mundial-de-la-profesion\/\",\"url\":\"https:\/\/www.clubdelemprendimiento.com\/blog\/noticia-corporativa\/el-departamento-de-salud-del-gobierno-vasco-recibe-al-consejo-de-farmaceuticos-de-euskadi-con-motivo-del-dia-mundial-de-la-profesion\/\",\"name\":\"El Departamento de Salud del Gobierno Vasco recibe al Consejo de Farmac\u00e9uticos de Euskadi con motivo del D\u00eda Mundial de la profesi\u00f3n - Blog Club del Emprendimiento\",\"isPartOf\":{\"@id\":\"https:\/\/www.clubdelemprendimiento.com\/blog\/#website\"},\"primaryImageOfPage\":{\"@id\":\"https:\/\/www.clubdelemprendimiento.com\/blog\/noticia-corporativa\/el-departamento-de-salud-del-gobierno-vasco-recibe-al-consejo-de-farmaceuticos-de-euskadi-con-motivo-del-dia-mundial-de-la-profesion\/#primaryimage\"},\"image\":{\"@id\":\"https:\/\/www.clubdelemprendimiento.com\/blog\/noticia-corporativa\/el-departamento-de-salud-del-gobierno-vasco-recibe-al-consejo-de-farmaceuticos-de-euskadi-con-motivo-del-dia-mundial-de-la-profesion\/#primaryimage\"},\"thumbnailUrl\":\"https:\/\/www.clubdelemprendimiento.com\/blog\/wp-content\/uploads\/2025\/09\/recepcion1-scaled.jpeg\",\"datePublished\":\"2025-09-25T15:04:43+00:00\",\"dateModified\":\"2025-09-25T15:04:43+00:00\",\"breadcrumb\":{\"@id\":\"https:\/\/www.clubdelemprendimiento.com\/blog\/noticia-corporativa\/el-departamento-de-salud-del-gobierno-vasco-recibe-al-consejo-de-farmaceuticos-de-euskadi-con-motivo-del-dia-mundial-de-la-profesion\/#breadcrumb\"},\"inLanguage\":\"es\",\"potentialAction\":[{\"@type\":\"ReadAction\",\"target\":[\"https:\/\/www.clubdelemprendimiento.com\/blog\/noticia-corporativa\/el-departamento-de-salud-del-gobierno-vasco-recibe-al-consejo-de-farmaceuticos-de-euskadi-con-motivo-del-dia-mundial-de-la-profesion\/\"]}]},{\"@type\":\"ImageObject\",\"inLanguage\":\"es\",\"@id\":\"https:\/\/www.clubdelemprendimiento.com\/blog\/noticia-corporativa\/el-departamento-de-salud-del-gobierno-vasco-recibe-al-consejo-de-farmaceuticos-de-euskadi-con-motivo-del-dia-mundial-de-la-profesion\/#primaryimage\",\"url\":\"https:\/\/www.clubdelemprendimiento.com\/blog\/wp-content\/uploads\/2025\/09\/recepcion1-scaled.jpeg\",\"contentUrl\":\"https:\/\/www.clubdelemprendimiento.com\/blog\/wp-content\/uploads\/2025\/09\/recepcion1-scaled.jpeg\",\"width\":2560,\"height\":1707},{\"@type\":\"BreadcrumbList\",\"@id\":\"https:\/\/www.clubdelemprendimiento.com\/blog\/noticia-corporativa\/el-departamento-de-salud-del-gobierno-vasco-recibe-al-consejo-de-farmaceuticos-de-euskadi-con-motivo-del-dia-mundial-de-la-profesion\/#breadcrumb\",\"itemListElement\":[{\"@type\":\"ListItem\",\"position\":1,\"name\":\"Home\",\"item\":\"https:\/\/www.clubdelemprendimiento.com\/blog\/\"},{\"@type\":\"ListItem\",\"position\":2,\"name\":\"Noticias Corporativas\",\"item\":\"https:\/\/www.clubdelemprendimiento.com\/blog\/noticias-corporativas\/\"},{\"@type\":\"ListItem\",\"position\":3,\"name\":\"El Departamento de Salud del Gobierno Vasco recibe al Consejo de Farmac\u00e9uticos de Euskadi con motivo del D\u00eda Mundial de la profesi\u00f3n\"}]},{\"@type\":\"WebSite\",\"@id\":\"https:\/\/www.clubdelemprendimiento.com\/blog\/#website\",\"url\":\"https:\/\/www.clubdelemprendimiento.com\/blog\/\",\"name\":\"Blog Club del Emprendimiento\",\"description\":\"\",\"potentialAction\":[{\"@type\":\"SearchAction\",\"target\":{\"@type\":\"EntryPoint\",\"urlTemplate\":\"https:\/\/www.clubdelemprendimiento.com\/blog\/?s={search_term_string}\"},\"query-input\":\"required name=search_term_string\"}],\"inLanguage\":\"es\"}]}<\/script>\n<!-- \/ Yoast SEO plugin. -->","yoast_head_json":{"title":"El Departamento de Salud del Gobierno Vasco recibe al Consejo de Farmac\u00e9uticos de Euskadi con motivo del D\u00eda Mundial de la profesi\u00f3n - Blog Club del Emprendimiento","robots":{"index":"index","follow":"follow","max-snippet":"max-snippet:-1","max-image-preview":"max-image-preview:large","max-video-preview":"max-video-preview:-1"},"canonical":"https:\/\/www.clubdelemprendimiento.com\/blog\/noticia-corporativa\/el-departamento-de-salud-del-gobierno-vasco-recibe-al-consejo-de-farmaceuticos-de-euskadi-con-motivo-del-dia-mundial-de-la-profesion\/","og_locale":"es_ES","og_type":"article","og_title":"El Departamento de Salud del Gobierno Vasco recibe al Consejo de Farmac\u00e9uticos de Euskadi con motivo del D\u00eda Mundial de la profesi\u00f3n - Blog Club del Emprendimiento","og_description":"Con motivo del D\u00eda Mundial del Farmac\u00e9utico, el consejero de Salud, Alberto Mart\u00ednez, ha&hellip;","og_url":"https:\/\/www.clubdelemprendimiento.com\/blog\/noticia-corporativa\/el-departamento-de-salud-del-gobierno-vasco-recibe-al-consejo-de-farmaceuticos-de-euskadi-con-motivo-del-dia-mundial-de-la-profesion\/","og_site_name":"Blog Club del Emprendimiento","og_image":[{"url":"https:\/\/www.clubdelemprendimiento.com\/blog\/wp-content\/uploads\/2025\/09\/recepcion1.jpeg"}],"twitter_card":"summary_large_image","twitter_misc":{"Tiempo de lectura":"5 minutos"},"schema":{"@context":"https:\/\/schema.org","@graph":[{"@type":"WebPage","@id":"https:\/\/www.clubdelemprendimiento.com\/blog\/noticia-corporativa\/el-departamento-de-salud-del-gobierno-vasco-recibe-al-consejo-de-farmaceuticos-de-euskadi-con-motivo-del-dia-mundial-de-la-profesion\/","url":"https:\/\/www.clubdelemprendimiento.com\/blog\/noticia-corporativa\/el-departamento-de-salud-del-gobierno-vasco-recibe-al-consejo-de-farmaceuticos-de-euskadi-con-motivo-del-dia-mundial-de-la-profesion\/","name":"El Departamento de Salud del Gobierno Vasco recibe al Consejo de Farmac\u00e9uticos de Euskadi con motivo del D\u00eda Mundial de la profesi\u00f3n - Blog Club del Emprendimiento","isPartOf":{"@id":"https:\/\/www.clubdelemprendimiento.com\/blog\/#website"},"primaryImageOfPage":{"@id":"https:\/\/www.clubdelemprendimiento.com\/blog\/noticia-corporativa\/el-departamento-de-salud-del-gobierno-vasco-recibe-al-consejo-de-farmaceuticos-de-euskadi-con-motivo-del-dia-mundial-de-la-profesion\/#primaryimage"},"image":{"@id":"https:\/\/www.clubdelemprendimiento.com\/blog\/noticia-corporativa\/el-departamento-de-salud-del-gobierno-vasco-recibe-al-consejo-de-farmaceuticos-de-euskadi-con-motivo-del-dia-mundial-de-la-profesion\/#primaryimage"},"thumbnailUrl":"https:\/\/www.clubdelemprendimiento.com\/blog\/wp-content\/uploads\/2025\/09\/recepcion1-scaled.jpeg","datePublished":"2025-09-25T15:04:43+00:00","dateModified":"2025-09-25T15:04:43+00:00","breadcrumb":{"@id":"https:\/\/www.clubdelemprendimiento.com\/blog\/noticia-corporativa\/el-departamento-de-salud-del-gobierno-vasco-recibe-al-consejo-de-farmaceuticos-de-euskadi-con-motivo-del-dia-mundial-de-la-profesion\/#breadcrumb"},"inLanguage":"es","potentialAction":[{"@type":"ReadAction","target":["https:\/\/www.clubdelemprendimiento.com\/blog\/noticia-corporativa\/el-departamento-de-salud-del-gobierno-vasco-recibe-al-consejo-de-farmaceuticos-de-euskadi-con-motivo-del-dia-mundial-de-la-profesion\/"]}]},{"@type":"ImageObject","inLanguage":"es","@id":"https:\/\/www.clubdelemprendimiento.com\/blog\/noticia-corporativa\/el-departamento-de-salud-del-gobierno-vasco-recibe-al-consejo-de-farmaceuticos-de-euskadi-con-motivo-del-dia-mundial-de-la-profesion\/#primaryimage","url":"https:\/\/www.clubdelemprendimiento.com\/blog\/wp-content\/uploads\/2025\/09\/recepcion1-scaled.jpeg","contentUrl":"https:\/\/www.clubdelemprendimiento.com\/blog\/wp-content\/uploads\/2025\/09\/recepcion1-scaled.jpeg","width":2560,"height":1707},{"@type":"BreadcrumbList","@id":"https:\/\/www.clubdelemprendimiento.com\/blog\/noticia-corporativa\/el-departamento-de-salud-del-gobierno-vasco-recibe-al-consejo-de-farmaceuticos-de-euskadi-con-motivo-del-dia-mundial-de-la-profesion\/#breadcrumb","itemListElement":[{"@type":"ListItem","position":1,"name":"Home","item":"https:\/\/www.clubdelemprendimiento.com\/blog\/"},{"@type":"ListItem","position":2,"name":"Noticias Corporativas","item":"https:\/\/www.clubdelemprendimiento.com\/blog\/noticias-corporativas\/"},{"@type":"ListItem","position":3,"name":"El Departamento de Salud del Gobierno Vasco recibe al Consejo de Farmac\u00e9uticos de Euskadi con motivo del D\u00eda Mundial de la profesi\u00f3n"}]},{"@type":"WebSite","@id":"https:\/\/www.clubdelemprendimiento.com\/blog\/#website","url":"https:\/\/www.clubdelemprendimiento.com\/blog\/","name":"Blog Club del Emprendimiento","description":"","potentialAction":[{"@type":"SearchAction","target":{"@type":"EntryPoint","urlTemplate":"https:\/\/www.clubdelemprendimiento.com\/blog\/?s={search_term_string}"},"query-input":"required name=search_term_string"}],"inLanguage":"es"}]}},"_links":{"self":[{"href":"https:\/\/www.clubdelemprendimiento.com\/blog\/wp-json\/wp\/v2\/noticia-corporativa\/21941"}],"collection":[{"href":"https:\/\/www.clubdelemprendimiento.com\/blog\/wp-json\/wp\/v2\/noticia-corporativa"}],"about":[{"href":"https:\/\/www.clubdelemprendimiento.com\/blog\/wp-json\/wp\/v2\/types\/noticia-corporativa"}],"wp:featuredmedia":[{"embeddable":true,"href":"https:\/\/www.clubdelemprendimiento.com\/blog\/wp-json\/wp\/v2\/media\/21942"}],"wp:attachment":[{"href":"https:\/\/www.clubdelemprendimiento.com\/blog\/wp-json\/wp\/v2\/media?parent=21941"}],"curies":[{"name":"wp","href":"https:\/\/api.w.org\/{rel}","templated":true}]}}