{"id":21939,"date":"2025-09-25T15:04:41","date_gmt":"2025-09-25T15:04:41","guid":{"rendered":"https:\/\/www.clubdelemprendimiento.com\/blog\/noticia-corporativa\/ia-talento-e-innovacion-se-dan-cita-en-hr-expo-2025-la-principal-feria-de-rrhh-en-espana\/"},"modified":"2025-09-25T15:04:41","modified_gmt":"2025-09-25T15:04:41","slug":"ia-talento-e-innovacion-se-dan-cita-en-hr-expo-2025-la-principal-feria-de-rrhh-en-espana","status":"publish","type":"noticia-corporativa","link":"https:\/\/www.clubdelemprendimiento.com\/blog\/noticia-corporativa\/ia-talento-e-innovacion-se-dan-cita-en-hr-expo-2025-la-principal-feria-de-rrhh-en-espana\/","title":{"rendered":"IA, talento e innovaci\u00f3n se dan cita en HR EXPO 2025, la principal feria de RRHH en Espa\u00f1a"},"content":{"rendered":"<div>\n<p><a href=\"https:\/\/www.clubdelemprendimiento.com\/blog\/wp-content\/uploads\/2025\/09\/HR_EXPO_2025.jpg\" target=\"_blank\" class=\"fotonota\" rel=\"noopener\"> <img decoding=\"async\" src=\"https:\/\/www.clubdelemprendimiento.com\/blog\/wp-content\/uploads\/2025\/09\/HR_EXPO_2025.jpg\" style=\"max-width:600px;\" border=\"0\" class=\"postImage\" alt=\"\"><\/a><\/p>\n<p>Tras el \u00e9xito de su primera edici\u00f3n, vuelve HR EXPO 2025 con el objetivo de dar visibilidad a la funci\u00f3n de RRHH y convertir la gesti\u00f3n de personas y equipos en el eje estrat\u00e9gico de las empresas<\/p>\n<p><\/p>\n<p><a href=\"https:\/\/www.hrexpo.es\/\" rel=\"nofollow\"><strong>HR EXPO<\/strong><\/a>, la feria de referencia dirigida a profesionales de RRHH en Espa\u00f1a, celebrar\u00e1 su segunda edici\u00f3n los pr\u00f3ximos <strong>5 y 6 de noviembre<\/strong> en el <strong>Recinto Ferial de IFEMA MADRID. <\/strong>El encuentro reafirma su prop\u00f3sito de <strong>convertir la gesti\u00f3n de personas y equipos en el eje estrat\u00e9gico de cualquier empresa<\/strong>, impulsando la innovaci\u00f3n, la cultura y el crecimiento sostenible.<\/p>\n<p>Los asistentes a <strong>HR <\/strong><strong>EXPO 2025<\/strong> podr\u00e1n conocer las <strong>mejores pr\u00e1cticas<\/strong> que est\u00e1n marcando <strong>tendencia en departamentos de RRHH globales<\/strong> muchas de ellas relacionadas con la implantaci\u00f3n y el uso de herramientas y tecnolog\u00eda para la gesti\u00f3n del talento, beneficios, formaci\u00f3n y bienestar en el entorno laboral y c\u00f3mo aplicarlas en sus propias empresas.<\/p>\n<p>En las m\u00e1s de <strong>70 ponencias<\/strong> y mesas redondas que se impartir\u00e1n en <strong>HR <\/strong><strong>EXPO 2025<\/strong>, se abordar\u00e1n los grandes retos y oportunidades que hoy transforman la gesti\u00f3n de personas: desde el impacto real de la <strong>Inteligencia Artificial en reclutamiento, n\u00f3minas y experiencia del empleado<\/strong>, hasta las nuevas estrategias de <strong>formaci\u00f3n, upskilling y reskilling<\/strong>, la creaci\u00f3n de <strong>entornos de trabajo diversos e inclusivos<\/strong>, <strong>movilidad internacional y trabajo h\u00edbrido<\/strong>, el dise\u00f1o de <strong>planes de beneficios y bienestar<\/strong> que fidelizan a los equipos, y la evoluci\u00f3n de los RRHH hacia <strong>un rol m\u00e1s<\/strong> <strong>estrat\u00e9gico y directivo dentro de la empresa<\/strong>.<\/p>\n<p>Figuras l\u00edderes en el \u00e1mbito de RRHH compartir\u00e1n durante los dos d\u00edas de celebraci\u00f3n de <strong>HR <\/strong><strong>EXPO 2025<\/strong> sus puntos de vista sobre los retos y oportunidades con los que se encuentran en su d\u00eda a d\u00eda, mostrar\u00e1n las mejores pr\u00e1cticas de atracci\u00f3n de talento dentro de la compa\u00f1\u00eda, y analizaran c\u00f3mo la IA, la diversidad y las nuevas formas de trabajo est\u00e1n transformando la gesti\u00f3n del talento y la cultura organizativa en las empresas.<\/p>\n<p>Entre los ponentes del programa de conferencias de <strong>HR <\/strong><strong>EXPO 2025<\/strong> destacan figuras como:<\/p>\n<ul>\n<li><strong>Tiago Santos, #1 HR Influencer in Spain <\/strong>mostrar\u00e1 c\u00f3mo las conversaciones dif\u00edciles transforman la cultura de una empresa.<\/li>\n<li><strong>Patricia (Pat) Iglesias, Chief People &amp; Culture Officer <\/strong>revelar\u00e1 la f\u00f3rmula (no tan) secreta para transformar organizaciones: la seguridad psicol\u00f3gica y el liderazgo humanista.<\/li>\n<li><strong>Vicente Ribes Mu\u00f1oz (LinkedIn Top Voice) <\/strong>hablar\u00e1 sobre c\u00f3mo la IA puede mejorar la experiencia del candidato.<\/li>\n<li><strong>Toni Gimeno, Inbound Recruiting <\/strong>compartir\u00e1 las claves para atraer m\u00e1s y mejor talento con Inbound Recruiting e Inteligencia Artificial.<\/li>\n<li><strong>Gianluca Rosania (LinkedIn Top Voice) <\/strong>abordar\u00e1 c\u00f3mo liderar equipos intergeneracionales y convertir la diversidad en una ventaja competitiva.<\/li>\n<\/ul>\n<p><strong>Cristina Claveria Visa<\/strong>, directora ferial de<strong> <\/strong><strong>HR <\/strong><strong>EXPO<\/strong>, asegura que \u00aben HR EXPO 2025 vamos a hablar de lo que realmente est\u00e1 transformando los departamentos de RRHH: desde c\u00f3mo aplicar la <strong>Inteligencia Artificial de forma pr\u00e1ctica<\/strong>, hasta c\u00f3mo <strong>redefinir la experiencia del empleado para atraer, motivar y fidelizar talento<\/strong> en un mercado altamente competitivo. Queremos que cada profesional de RRHH que asista se lleve ideas concretas y el contacto directo con quienes ya lo est\u00e1n haciendo posible\u00bb.<\/p>\n<p><strong>HR <\/strong><strong>EXPO 2025<\/strong><strong> <\/strong>se celebrar\u00e1 junto a <strong>ACCOUNTEX Espa\u00f1a<\/strong>, el evento de referencia en gesti\u00f3n empresarial para despachos profesionales, asesor\u00edas y compa\u00f1\u00edas, que este a\u00f1o alcanza su cuarta edici\u00f3n. Esto permitir\u00e1 a los asistentes acceder tambi\u00e9n a las \u00faltimas tendencias e innovaciones en la gesti\u00f3n de despachos, con el objetivo de optimizar procesos tanto en el \u00e1mbito financiero como en el de recursos humanos.<\/p>\n<p><strong>HR <\/strong><strong>EXPO 2025<\/strong> cuenta con la colaboraci\u00f3n de la Asociaci\u00f3n Espa\u00f1ola de Directores de Recursos Humanos (AEDRH), Asociaci\u00f3n Espa\u00f1ola de Direcci\u00f3n y Desarrollo de Personas (AEDIPE), Asociaci\u00f3n de Directivos de Relaciones Laborales (ADIRELAB), Consejo General de Graduados Sociales de Espa\u00f1a, Asociaci\u00f3n de Especialistas en Prevenci\u00f3n y Salud Laboral (AEPSAL), Asociaci\u00f3n Nacional de Centros y Proveedores de E-learning (ANCYPEL), El Club de los RRHH, Foro de los RRHH, C\u00e1mara de Comercio de Madrid, adem\u00e1s de contar con expositores como Wolters Kluwer, Cegid, Sage, Factorial, Lucca, Endalia, Pluxee , Lefebvre y Randstad.<\/p>\n<p>Para todos los profesionales interesados en visitar la feria, el plazo de inscripci\u00f3n ya est\u00e1 abierto y pueden registrarse a trav\u00e9s del siguiente <a href=\"https:\/\/eventdata.uk\/VisitantesHR\/HRExpo2025.aspx?TrackingCode=HRXRESCOM\" rel=\"nofollow\">enlace<\/a>. Adem\u00e1s, ya se puede consultar el <a href=\"https:\/\/www.accountexespana.es\/events\/?theatre=All+Theatres\" rel=\"nofollow\">programa completo<\/a> de <strong>HR <\/strong><strong>EXPO 2025<\/strong><strong>.<\/strong><\/p>\n<\/div>\n","protected":false},"featured_media":21940,"template":"","meta":{"_acf_changed":false},"acf":[],"yoast_head":"<!-- This site is optimized with the Yoast SEO plugin v22.7 - https:\/\/yoast.com\/wordpress\/plugins\/seo\/ -->\n<title>IA, talento e innovaci\u00f3n se dan cita en HR EXPO 2025, la principal feria de RRHH en Espa\u00f1a - Blog Club del Emprendimiento<\/title>\n<meta name=\"robots\" content=\"index, follow, max-snippet:-1, max-image-preview:large, max-video-preview:-1\" \/>\n<link rel=\"canonical\" href=\"https:\/\/www.clubdelemprendimiento.com\/blog\/noticia-corporativa\/ia-talento-e-innovacion-se-dan-cita-en-hr-expo-2025-la-principal-feria-de-rrhh-en-espana\/\" \/>\n<meta property=\"og:locale\" content=\"es_ES\" \/>\n<meta property=\"og:type\" content=\"article\" \/>\n<meta property=\"og:title\" content=\"IA, talento e innovaci\u00f3n se dan cita en HR EXPO 2025, la principal feria de RRHH en Espa\u00f1a - Blog Club del Emprendimiento\" \/>\n<meta property=\"og:description\" content=\"Tras el \u00e9xito de su primera edici\u00f3n, vuelve HR EXPO 2025 con el objetivo&hellip;\" \/>\n<meta property=\"og:url\" content=\"https:\/\/www.clubdelemprendimiento.com\/blog\/noticia-corporativa\/ia-talento-e-innovacion-se-dan-cita-en-hr-expo-2025-la-principal-feria-de-rrhh-en-espana\/\" \/>\n<meta property=\"og:site_name\" content=\"Blog Club del Emprendimiento\" \/>\n<meta property=\"og:image\" content=\"https:\/\/www.clubdelemprendimiento.com\/blog\/wp-content\/uploads\/2025\/09\/HR_EXPO_2025.jpg\" \/>\n<meta name=\"twitter:card\" content=\"summary_large_image\" \/>\n<meta name=\"twitter:label1\" content=\"Tiempo de lectura\" \/>\n\t<meta name=\"twitter:data1\" content=\"4 minutos\" \/>\n<script type=\"application\/ld+json\" class=\"yoast-schema-graph\">{\"@context\":\"https:\/\/schema.org\",\"@graph\":[{\"@type\":\"WebPage\",\"@id\":\"https:\/\/www.clubdelemprendimiento.com\/blog\/noticia-corporativa\/ia-talento-e-innovacion-se-dan-cita-en-hr-expo-2025-la-principal-feria-de-rrhh-en-espana\/\",\"url\":\"https:\/\/www.clubdelemprendimiento.com\/blog\/noticia-corporativa\/ia-talento-e-innovacion-se-dan-cita-en-hr-expo-2025-la-principal-feria-de-rrhh-en-espana\/\",\"name\":\"IA, talento e innovaci\u00f3n se dan cita en HR EXPO 2025, la principal feria de RRHH en Espa\u00f1a - Blog Club del Emprendimiento\",\"isPartOf\":{\"@id\":\"https:\/\/www.clubdelemprendimiento.com\/blog\/#website\"},\"primaryImageOfPage\":{\"@id\":\"https:\/\/www.clubdelemprendimiento.com\/blog\/noticia-corporativa\/ia-talento-e-innovacion-se-dan-cita-en-hr-expo-2025-la-principal-feria-de-rrhh-en-espana\/#primaryimage\"},\"image\":{\"@id\":\"https:\/\/www.clubdelemprendimiento.com\/blog\/noticia-corporativa\/ia-talento-e-innovacion-se-dan-cita-en-hr-expo-2025-la-principal-feria-de-rrhh-en-espana\/#primaryimage\"},\"thumbnailUrl\":\"https:\/\/www.clubdelemprendimiento.com\/blog\/wp-content\/uploads\/2025\/09\/HR_EXPO_2025.jpg\",\"datePublished\":\"2025-09-25T15:04:41+00:00\",\"dateModified\":\"2025-09-25T15:04:41+00:00\",\"breadcrumb\":{\"@id\":\"https:\/\/www.clubdelemprendimiento.com\/blog\/noticia-corporativa\/ia-talento-e-innovacion-se-dan-cita-en-hr-expo-2025-la-principal-feria-de-rrhh-en-espana\/#breadcrumb\"},\"inLanguage\":\"es\",\"potentialAction\":[{\"@type\":\"ReadAction\",\"target\":[\"https:\/\/www.clubdelemprendimiento.com\/blog\/noticia-corporativa\/ia-talento-e-innovacion-se-dan-cita-en-hr-expo-2025-la-principal-feria-de-rrhh-en-espana\/\"]}]},{\"@type\":\"ImageObject\",\"inLanguage\":\"es\",\"@id\":\"https:\/\/www.clubdelemprendimiento.com\/blog\/noticia-corporativa\/ia-talento-e-innovacion-se-dan-cita-en-hr-expo-2025-la-principal-feria-de-rrhh-en-espana\/#primaryimage\",\"url\":\"https:\/\/www.clubdelemprendimiento.com\/blog\/wp-content\/uploads\/2025\/09\/HR_EXPO_2025.jpg\",\"contentUrl\":\"https:\/\/www.clubdelemprendimiento.com\/blog\/wp-content\/uploads\/2025\/09\/HR_EXPO_2025.jpg\",\"width\":2100,\"height\":1400},{\"@type\":\"BreadcrumbList\",\"@id\":\"https:\/\/www.clubdelemprendimiento.com\/blog\/noticia-corporativa\/ia-talento-e-innovacion-se-dan-cita-en-hr-expo-2025-la-principal-feria-de-rrhh-en-espana\/#breadcrumb\",\"itemListElement\":[{\"@type\":\"ListItem\",\"position\":1,\"name\":\"Home\",\"item\":\"https:\/\/www.clubdelemprendimiento.com\/blog\/\"},{\"@type\":\"ListItem\",\"position\":2,\"name\":\"Noticias Corporativas\",\"item\":\"https:\/\/www.clubdelemprendimiento.com\/blog\/noticias-corporativas\/\"},{\"@type\":\"ListItem\",\"position\":3,\"name\":\"IA, talento e innovaci\u00f3n se dan cita en HR EXPO 2025, la principal feria de RRHH en Espa\u00f1a\"}]},{\"@type\":\"WebSite\",\"@id\":\"https:\/\/www.clubdelemprendimiento.com\/blog\/#website\",\"url\":\"https:\/\/www.clubdelemprendimiento.com\/blog\/\",\"name\":\"Blog Club del Emprendimiento\",\"description\":\"\",\"potentialAction\":[{\"@type\":\"SearchAction\",\"target\":{\"@type\":\"EntryPoint\",\"urlTemplate\":\"https:\/\/www.clubdelemprendimiento.com\/blog\/?s={search_term_string}\"},\"query-input\":\"required name=search_term_string\"}],\"inLanguage\":\"es\"}]}<\/script>\n<!-- \/ Yoast SEO plugin. -->","yoast_head_json":{"title":"IA, talento e innovaci\u00f3n se dan cita en HR EXPO 2025, la principal feria de RRHH en Espa\u00f1a - Blog Club del Emprendimiento","robots":{"index":"index","follow":"follow","max-snippet":"max-snippet:-1","max-image-preview":"max-image-preview:large","max-video-preview":"max-video-preview:-1"},"canonical":"https:\/\/www.clubdelemprendimiento.com\/blog\/noticia-corporativa\/ia-talento-e-innovacion-se-dan-cita-en-hr-expo-2025-la-principal-feria-de-rrhh-en-espana\/","og_locale":"es_ES","og_type":"article","og_title":"IA, talento e innovaci\u00f3n se dan cita en HR EXPO 2025, la principal feria de RRHH en Espa\u00f1a - Blog Club del Emprendimiento","og_description":"Tras el \u00e9xito de su primera edici\u00f3n, vuelve HR EXPO 2025 con el objetivo&hellip;","og_url":"https:\/\/www.clubdelemprendimiento.com\/blog\/noticia-corporativa\/ia-talento-e-innovacion-se-dan-cita-en-hr-expo-2025-la-principal-feria-de-rrhh-en-espana\/","og_site_name":"Blog Club del Emprendimiento","og_image":[{"url":"https:\/\/www.clubdelemprendimiento.com\/blog\/wp-content\/uploads\/2025\/09\/HR_EXPO_2025.jpg"}],"twitter_card":"summary_large_image","twitter_misc":{"Tiempo de lectura":"4 minutos"},"schema":{"@context":"https:\/\/schema.org","@graph":[{"@type":"WebPage","@id":"https:\/\/www.clubdelemprendimiento.com\/blog\/noticia-corporativa\/ia-talento-e-innovacion-se-dan-cita-en-hr-expo-2025-la-principal-feria-de-rrhh-en-espana\/","url":"https:\/\/www.clubdelemprendimiento.com\/blog\/noticia-corporativa\/ia-talento-e-innovacion-se-dan-cita-en-hr-expo-2025-la-principal-feria-de-rrhh-en-espana\/","name":"IA, talento e innovaci\u00f3n se dan cita en HR EXPO 2025, la principal feria de RRHH en Espa\u00f1a - Blog Club del Emprendimiento","isPartOf":{"@id":"https:\/\/www.clubdelemprendimiento.com\/blog\/#website"},"primaryImageOfPage":{"@id":"https:\/\/www.clubdelemprendimiento.com\/blog\/noticia-corporativa\/ia-talento-e-innovacion-se-dan-cita-en-hr-expo-2025-la-principal-feria-de-rrhh-en-espana\/#primaryimage"},"image":{"@id":"https:\/\/www.clubdelemprendimiento.com\/blog\/noticia-corporativa\/ia-talento-e-innovacion-se-dan-cita-en-hr-expo-2025-la-principal-feria-de-rrhh-en-espana\/#primaryimage"},"thumbnailUrl":"https:\/\/www.clubdelemprendimiento.com\/blog\/wp-content\/uploads\/2025\/09\/HR_EXPO_2025.jpg","datePublished":"2025-09-25T15:04:41+00:00","dateModified":"2025-09-25T15:04:41+00:00","breadcrumb":{"@id":"https:\/\/www.clubdelemprendimiento.com\/blog\/noticia-corporativa\/ia-talento-e-innovacion-se-dan-cita-en-hr-expo-2025-la-principal-feria-de-rrhh-en-espana\/#breadcrumb"},"inLanguage":"es","potentialAction":[{"@type":"ReadAction","target":["https:\/\/www.clubdelemprendimiento.com\/blog\/noticia-corporativa\/ia-talento-e-innovacion-se-dan-cita-en-hr-expo-2025-la-principal-feria-de-rrhh-en-espana\/"]}]},{"@type":"ImageObject","inLanguage":"es","@id":"https:\/\/www.clubdelemprendimiento.com\/blog\/noticia-corporativa\/ia-talento-e-innovacion-se-dan-cita-en-hr-expo-2025-la-principal-feria-de-rrhh-en-espana\/#primaryimage","url":"https:\/\/www.clubdelemprendimiento.com\/blog\/wp-content\/uploads\/2025\/09\/HR_EXPO_2025.jpg","contentUrl":"https:\/\/www.clubdelemprendimiento.com\/blog\/wp-content\/uploads\/2025\/09\/HR_EXPO_2025.jpg","width":2100,"height":1400},{"@type":"BreadcrumbList","@id":"https:\/\/www.clubdelemprendimiento.com\/blog\/noticia-corporativa\/ia-talento-e-innovacion-se-dan-cita-en-hr-expo-2025-la-principal-feria-de-rrhh-en-espana\/#breadcrumb","itemListElement":[{"@type":"ListItem","position":1,"name":"Home","item":"https:\/\/www.clubdelemprendimiento.com\/blog\/"},{"@type":"ListItem","position":2,"name":"Noticias Corporativas","item":"https:\/\/www.clubdelemprendimiento.com\/blog\/noticias-corporativas\/"},{"@type":"ListItem","position":3,"name":"IA, talento e innovaci\u00f3n se dan cita en HR EXPO 2025, la principal feria de RRHH en Espa\u00f1a"}]},{"@type":"WebSite","@id":"https:\/\/www.clubdelemprendimiento.com\/blog\/#website","url":"https:\/\/www.clubdelemprendimiento.com\/blog\/","name":"Blog Club del Emprendimiento","description":"","potentialAction":[{"@type":"SearchAction","target":{"@type":"EntryPoint","urlTemplate":"https:\/\/www.clubdelemprendimiento.com\/blog\/?s={search_term_string}"},"query-input":"required name=search_term_string"}],"inLanguage":"es"}]}},"_links":{"self":[{"href":"https:\/\/www.clubdelemprendimiento.com\/blog\/wp-json\/wp\/v2\/noticia-corporativa\/21939"}],"collection":[{"href":"https:\/\/www.clubdelemprendimiento.com\/blog\/wp-json\/wp\/v2\/noticia-corporativa"}],"about":[{"href":"https:\/\/www.clubdelemprendimiento.com\/blog\/wp-json\/wp\/v2\/types\/noticia-corporativa"}],"wp:featuredmedia":[{"embeddable":true,"href":"https:\/\/www.clubdelemprendimiento.com\/blog\/wp-json\/wp\/v2\/media\/21940"}],"wp:attachment":[{"href":"https:\/\/www.clubdelemprendimiento.com\/blog\/wp-json\/wp\/v2\/media?parent=21939"}],"curies":[{"name":"wp","href":"https:\/\/api.w.org\/{rel}","templated":true}]}}