{"id":21923,"date":"2025-09-25T13:04:39","date_gmt":"2025-09-25T13:04:39","guid":{"rendered":"https:\/\/www.clubdelemprendimiento.com\/blog\/noticia-corporativa\/responsables-de-airbus-constatan-en-recilec-la-eficacia-en-el-reciclaje-de-sus-residuos-electricos\/"},"modified":"2025-09-25T13:04:39","modified_gmt":"2025-09-25T13:04:39","slug":"responsables-de-airbus-constatan-en-recilec-la-eficacia-en-el-reciclaje-de-sus-residuos-electricos","status":"publish","type":"noticia-corporativa","link":"https:\/\/www.clubdelemprendimiento.com\/blog\/noticia-corporativa\/responsables-de-airbus-constatan-en-recilec-la-eficacia-en-el-reciclaje-de-sus-residuos-electricos\/","title":{"rendered":"Responsables de Airbus constatan en RECILEC la eficacia en el reciclaje de sus residuos el\u00e9ctricos"},"content":{"rendered":"<div>\n<p><a href=\"https:\/\/www.clubdelemprendimiento.com\/blog\/wp-content\/uploads\/2025\/09\/1000246883.jpg\" target=\"_blank\" class=\"fotonota\" rel=\"noopener\"> <img decoding=\"async\" src=\"https:\/\/www.clubdelemprendimiento.com\/blog\/wp-content\/uploads\/2025\/09\/1000246883.jpg\" style=\"max-width:600px;\" border=\"0\" class=\"postImage\" alt=\"\"><\/a><\/p>\n<p>La planta de Aznalcollar, participada por FCC Ambito, con quien la multinacional tiene un convenio de gesti\u00f3n de residuos y asistencia t\u00e9cnica, fue visitada por los principales responsables medioambientales del consorcio europeo<\/p>\n<p><\/p>\n<p>En el marco del contrato que<strong>\u00a0FCC \u00c1mbito<\/strong>\u00a0mantiene con<strong>\u00a0la multinacional Airbus<\/strong>\u00a0para la\u00a0<strong>gesti\u00f3n de residuos y la asistencia t\u00e9cnica medioambiental y energ\u00e9tica<\/strong>, el pasado 17 de septiembre tuvo lugar una visita institucional a la planta de\u00a0<strong>RECILEC<\/strong>, especializada en el tratamiento de residuos el\u00e9ctricos y electr\u00f3nicos, ubicada en Aznalc\u00f3llar (Sevilla).<\/p>\n<p>Durante la jornada, los responsables de Environment de los diferentes centros de producci\u00f3n de Airbus Espa\u00f1a, junto con su responsable nacional, estuvieron acompa\u00f1ados por el equipo t\u00e9cnico de FCC \u00c1mbito de las distintas plantas y por el responsable del contrato.<\/p>\n<p>La visita fue conducida por el equipo de RECILEC, con su gerente, Juan Pedro Felipe, al frente, y permiti\u00f3 mostrar los distintos procesos de reciclaje y valorizaci\u00f3n a los que se someten los RAEE procedentes de los centros de Airbus. Fundada en 1970 como consorcio europeo, la multinacional es actualmente uno de los principales fabricantes mundiales de aeronaves, helic\u00f3pteros y sistemas aeroespaciales.<\/p>\n<p>Por su parte, la planta de Aznalcollar consigue valorizar m\u00e1s del 95 % de los residuos que recibe, reflejando el\u00a0<strong>firme compromiso de FCC \u00c1mbito y RECILEC con la econom\u00eda circular y la sostenibilidad ambiental.\u00a0 <\/strong>En 2024, RECILEC celebr\u00f3 sus primeros 20 a\u00f1os como la \u00fanica planta 100% andaluza dedicada al reciclaje de Residuos de Aparatos El\u00e9ctricos y Electr\u00f3nicos (RAE). Este hito refuerza su compromiso con la Econom\u00eda Circular, destacando como referentes en tecnolog\u00eda, innovaci\u00f3n y sostenibilidad en toda Espa\u00f1a. La compa\u00f1\u00eda apuesta definitivamente por la Econom\u00eda Circular con la recogida selectiva de los residuos electr\u00f3nicos, pilas y acumuladores y su transporte a las instalaciones, garantizando su descontaminaci\u00f3n y reciclaje y generando empleo verde. Adem\u00e1s, con la incorporaci\u00f3n <strong>del Centro de Preparaci\u00f3n para la Reutilizaci\u00f3n (CPR)<\/strong>\u00a0 se ha dado un paso m\u00e1s para el desarrollo en el pa\u00eds de la estrategia europea en materia de econom\u00eda circular.<\/p>\n<\/div>\n","protected":false},"featured_media":21924,"template":"","meta":{"_acf_changed":false},"acf":[],"yoast_head":"<!-- This site is optimized with the Yoast SEO plugin v22.7 - https:\/\/yoast.com\/wordpress\/plugins\/seo\/ -->\n<title>Responsables de Airbus constatan en RECILEC la eficacia en el reciclaje de sus residuos el\u00e9ctricos - Blog Club del Emprendimiento<\/title>\n<meta name=\"robots\" content=\"index, follow, max-snippet:-1, max-image-preview:large, max-video-preview:-1\" \/>\n<link rel=\"canonical\" href=\"https:\/\/www.clubdelemprendimiento.com\/blog\/noticia-corporativa\/responsables-de-airbus-constatan-en-recilec-la-eficacia-en-el-reciclaje-de-sus-residuos-electricos\/\" \/>\n<meta property=\"og:locale\" content=\"es_ES\" \/>\n<meta property=\"og:type\" content=\"article\" \/>\n<meta property=\"og:title\" content=\"Responsables de Airbus constatan en RECILEC la eficacia en el reciclaje de sus residuos el\u00e9ctricos - Blog Club del Emprendimiento\" \/>\n<meta property=\"og:description\" content=\"La planta de Aznalcollar, participada por FCC Ambito, con quien la multinacional tiene un&hellip;\" \/>\n<meta property=\"og:url\" content=\"https:\/\/www.clubdelemprendimiento.com\/blog\/noticia-corporativa\/responsables-de-airbus-constatan-en-recilec-la-eficacia-en-el-reciclaje-de-sus-residuos-electricos\/\" \/>\n<meta property=\"og:site_name\" content=\"Blog Club del Emprendimiento\" \/>\n<meta property=\"og:image\" content=\"https:\/\/www.clubdelemprendimiento.com\/blog\/wp-content\/uploads\/2025\/09\/1000246883.jpg\" \/>\n<meta name=\"twitter:card\" content=\"summary_large_image\" \/>\n<meta name=\"twitter:label1\" content=\"Tiempo de lectura\" \/>\n\t<meta name=\"twitter:data1\" content=\"2 minutos\" \/>\n<script type=\"application\/ld+json\" class=\"yoast-schema-graph\">{\"@context\":\"https:\/\/schema.org\",\"@graph\":[{\"@type\":\"WebPage\",\"@id\":\"https:\/\/www.clubdelemprendimiento.com\/blog\/noticia-corporativa\/responsables-de-airbus-constatan-en-recilec-la-eficacia-en-el-reciclaje-de-sus-residuos-electricos\/\",\"url\":\"https:\/\/www.clubdelemprendimiento.com\/blog\/noticia-corporativa\/responsables-de-airbus-constatan-en-recilec-la-eficacia-en-el-reciclaje-de-sus-residuos-electricos\/\",\"name\":\"Responsables de Airbus constatan en RECILEC la eficacia en el reciclaje de sus residuos el\u00e9ctricos - Blog Club del Emprendimiento\",\"isPartOf\":{\"@id\":\"https:\/\/www.clubdelemprendimiento.com\/blog\/#website\"},\"primaryImageOfPage\":{\"@id\":\"https:\/\/www.clubdelemprendimiento.com\/blog\/noticia-corporativa\/responsables-de-airbus-constatan-en-recilec-la-eficacia-en-el-reciclaje-de-sus-residuos-electricos\/#primaryimage\"},\"image\":{\"@id\":\"https:\/\/www.clubdelemprendimiento.com\/blog\/noticia-corporativa\/responsables-de-airbus-constatan-en-recilec-la-eficacia-en-el-reciclaje-de-sus-residuos-electricos\/#primaryimage\"},\"thumbnailUrl\":\"https:\/\/www.clubdelemprendimiento.com\/blog\/wp-content\/uploads\/2025\/09\/1000246883.jpg\",\"datePublished\":\"2025-09-25T13:04:39+00:00\",\"dateModified\":\"2025-09-25T13:04:39+00:00\",\"breadcrumb\":{\"@id\":\"https:\/\/www.clubdelemprendimiento.com\/blog\/noticia-corporativa\/responsables-de-airbus-constatan-en-recilec-la-eficacia-en-el-reciclaje-de-sus-residuos-electricos\/#breadcrumb\"},\"inLanguage\":\"es\",\"potentialAction\":[{\"@type\":\"ReadAction\",\"target\":[\"https:\/\/www.clubdelemprendimiento.com\/blog\/noticia-corporativa\/responsables-de-airbus-constatan-en-recilec-la-eficacia-en-el-reciclaje-de-sus-residuos-electricos\/\"]}]},{\"@type\":\"ImageObject\",\"inLanguage\":\"es\",\"@id\":\"https:\/\/www.clubdelemprendimiento.com\/blog\/noticia-corporativa\/responsables-de-airbus-constatan-en-recilec-la-eficacia-en-el-reciclaje-de-sus-residuos-electricos\/#primaryimage\",\"url\":\"https:\/\/www.clubdelemprendimiento.com\/blog\/wp-content\/uploads\/2025\/09\/1000246883.jpg\",\"contentUrl\":\"https:\/\/www.clubdelemprendimiento.com\/blog\/wp-content\/uploads\/2025\/09\/1000246883.jpg\",\"width\":2048,\"height\":1536},{\"@type\":\"BreadcrumbList\",\"@id\":\"https:\/\/www.clubdelemprendimiento.com\/blog\/noticia-corporativa\/responsables-de-airbus-constatan-en-recilec-la-eficacia-en-el-reciclaje-de-sus-residuos-electricos\/#breadcrumb\",\"itemListElement\":[{\"@type\":\"ListItem\",\"position\":1,\"name\":\"Home\",\"item\":\"https:\/\/www.clubdelemprendimiento.com\/blog\/\"},{\"@type\":\"ListItem\",\"position\":2,\"name\":\"Noticias Corporativas\",\"item\":\"https:\/\/www.clubdelemprendimiento.com\/blog\/noticias-corporativas\/\"},{\"@type\":\"ListItem\",\"position\":3,\"name\":\"Responsables de Airbus constatan en RECILEC la eficacia en el reciclaje de sus residuos el\u00e9ctricos\"}]},{\"@type\":\"WebSite\",\"@id\":\"https:\/\/www.clubdelemprendimiento.com\/blog\/#website\",\"url\":\"https:\/\/www.clubdelemprendimiento.com\/blog\/\",\"name\":\"Blog Club del Emprendimiento\",\"description\":\"\",\"potentialAction\":[{\"@type\":\"SearchAction\",\"target\":{\"@type\":\"EntryPoint\",\"urlTemplate\":\"https:\/\/www.clubdelemprendimiento.com\/blog\/?s={search_term_string}\"},\"query-input\":\"required name=search_term_string\"}],\"inLanguage\":\"es\"}]}<\/script>\n<!-- \/ Yoast SEO plugin. -->","yoast_head_json":{"title":"Responsables de Airbus constatan en RECILEC la eficacia en el reciclaje de sus residuos el\u00e9ctricos - Blog Club del Emprendimiento","robots":{"index":"index","follow":"follow","max-snippet":"max-snippet:-1","max-image-preview":"max-image-preview:large","max-video-preview":"max-video-preview:-1"},"canonical":"https:\/\/www.clubdelemprendimiento.com\/blog\/noticia-corporativa\/responsables-de-airbus-constatan-en-recilec-la-eficacia-en-el-reciclaje-de-sus-residuos-electricos\/","og_locale":"es_ES","og_type":"article","og_title":"Responsables de Airbus constatan en RECILEC la eficacia en el reciclaje de sus residuos el\u00e9ctricos - Blog Club del Emprendimiento","og_description":"La planta de Aznalcollar, participada por FCC Ambito, con quien la multinacional tiene un&hellip;","og_url":"https:\/\/www.clubdelemprendimiento.com\/blog\/noticia-corporativa\/responsables-de-airbus-constatan-en-recilec-la-eficacia-en-el-reciclaje-de-sus-residuos-electricos\/","og_site_name":"Blog Club del Emprendimiento","og_image":[{"url":"https:\/\/www.clubdelemprendimiento.com\/blog\/wp-content\/uploads\/2025\/09\/1000246883.jpg"}],"twitter_card":"summary_large_image","twitter_misc":{"Tiempo de lectura":"2 minutos"},"schema":{"@context":"https:\/\/schema.org","@graph":[{"@type":"WebPage","@id":"https:\/\/www.clubdelemprendimiento.com\/blog\/noticia-corporativa\/responsables-de-airbus-constatan-en-recilec-la-eficacia-en-el-reciclaje-de-sus-residuos-electricos\/","url":"https:\/\/www.clubdelemprendimiento.com\/blog\/noticia-corporativa\/responsables-de-airbus-constatan-en-recilec-la-eficacia-en-el-reciclaje-de-sus-residuos-electricos\/","name":"Responsables de Airbus constatan en RECILEC la eficacia en el reciclaje de sus residuos el\u00e9ctricos - Blog Club del Emprendimiento","isPartOf":{"@id":"https:\/\/www.clubdelemprendimiento.com\/blog\/#website"},"primaryImageOfPage":{"@id":"https:\/\/www.clubdelemprendimiento.com\/blog\/noticia-corporativa\/responsables-de-airbus-constatan-en-recilec-la-eficacia-en-el-reciclaje-de-sus-residuos-electricos\/#primaryimage"},"image":{"@id":"https:\/\/www.clubdelemprendimiento.com\/blog\/noticia-corporativa\/responsables-de-airbus-constatan-en-recilec-la-eficacia-en-el-reciclaje-de-sus-residuos-electricos\/#primaryimage"},"thumbnailUrl":"https:\/\/www.clubdelemprendimiento.com\/blog\/wp-content\/uploads\/2025\/09\/1000246883.jpg","datePublished":"2025-09-25T13:04:39+00:00","dateModified":"2025-09-25T13:04:39+00:00","breadcrumb":{"@id":"https:\/\/www.clubdelemprendimiento.com\/blog\/noticia-corporativa\/responsables-de-airbus-constatan-en-recilec-la-eficacia-en-el-reciclaje-de-sus-residuos-electricos\/#breadcrumb"},"inLanguage":"es","potentialAction":[{"@type":"ReadAction","target":["https:\/\/www.clubdelemprendimiento.com\/blog\/noticia-corporativa\/responsables-de-airbus-constatan-en-recilec-la-eficacia-en-el-reciclaje-de-sus-residuos-electricos\/"]}]},{"@type":"ImageObject","inLanguage":"es","@id":"https:\/\/www.clubdelemprendimiento.com\/blog\/noticia-corporativa\/responsables-de-airbus-constatan-en-recilec-la-eficacia-en-el-reciclaje-de-sus-residuos-electricos\/#primaryimage","url":"https:\/\/www.clubdelemprendimiento.com\/blog\/wp-content\/uploads\/2025\/09\/1000246883.jpg","contentUrl":"https:\/\/www.clubdelemprendimiento.com\/blog\/wp-content\/uploads\/2025\/09\/1000246883.jpg","width":2048,"height":1536},{"@type":"BreadcrumbList","@id":"https:\/\/www.clubdelemprendimiento.com\/blog\/noticia-corporativa\/responsables-de-airbus-constatan-en-recilec-la-eficacia-en-el-reciclaje-de-sus-residuos-electricos\/#breadcrumb","itemListElement":[{"@type":"ListItem","position":1,"name":"Home","item":"https:\/\/www.clubdelemprendimiento.com\/blog\/"},{"@type":"ListItem","position":2,"name":"Noticias Corporativas","item":"https:\/\/www.clubdelemprendimiento.com\/blog\/noticias-corporativas\/"},{"@type":"ListItem","position":3,"name":"Responsables de Airbus constatan en RECILEC la eficacia en el reciclaje de sus residuos el\u00e9ctricos"}]},{"@type":"WebSite","@id":"https:\/\/www.clubdelemprendimiento.com\/blog\/#website","url":"https:\/\/www.clubdelemprendimiento.com\/blog\/","name":"Blog Club del Emprendimiento","description":"","potentialAction":[{"@type":"SearchAction","target":{"@type":"EntryPoint","urlTemplate":"https:\/\/www.clubdelemprendimiento.com\/blog\/?s={search_term_string}"},"query-input":"required name=search_term_string"}],"inLanguage":"es"}]}},"_links":{"self":[{"href":"https:\/\/www.clubdelemprendimiento.com\/blog\/wp-json\/wp\/v2\/noticia-corporativa\/21923"}],"collection":[{"href":"https:\/\/www.clubdelemprendimiento.com\/blog\/wp-json\/wp\/v2\/noticia-corporativa"}],"about":[{"href":"https:\/\/www.clubdelemprendimiento.com\/blog\/wp-json\/wp\/v2\/types\/noticia-corporativa"}],"wp:featuredmedia":[{"embeddable":true,"href":"https:\/\/www.clubdelemprendimiento.com\/blog\/wp-json\/wp\/v2\/media\/21924"}],"wp:attachment":[{"href":"https:\/\/www.clubdelemprendimiento.com\/blog\/wp-json\/wp\/v2\/media?parent=21923"}],"curies":[{"name":"wp","href":"https:\/\/api.w.org\/{rel}","templated":true}]}}