{"id":21921,"date":"2025-09-25T13:04:38","date_gmt":"2025-09-25T13:04:38","guid":{"rendered":"https:\/\/www.clubdelemprendimiento.com\/blog\/noticia-corporativa\/the-yoga-gallery-fest-celebrara-en-sevilla-su-primera-edicion-en-otono\/"},"modified":"2025-09-25T13:04:38","modified_gmt":"2025-09-25T13:04:38","slug":"the-yoga-gallery-fest-celebrara-en-sevilla-su-primera-edicion-en-otono","status":"publish","type":"noticia-corporativa","link":"https:\/\/www.clubdelemprendimiento.com\/blog\/noticia-corporativa\/the-yoga-gallery-fest-celebrara-en-sevilla-su-primera-edicion-en-otono\/","title":{"rendered":"THE YOGA GALLERY FEST celebrar\u00e1 en Sevilla su primera edici\u00f3n en oto\u00f1o"},"content":{"rendered":"<div>\n<p><a href=\"https:\/\/www.clubdelemprendimiento.com\/blog\/wp-content\/uploads\/2025\/09\/Convento_Santa_Clara_1_copia.jpg\" target=\"_blank\" class=\"fotonota\" rel=\"noopener\"> <img decoding=\"async\" src=\"https:\/\/www.clubdelemprendimiento.com\/blog\/wp-content\/uploads\/2025\/09\/Convento_Santa_Clara_1_copia.jpg\" style=\"max-width:600px;\" border=\"0\" class=\"postImage\" alt=\"\"><\/a><\/p>\n<p>Los d\u00edas 13,14 y 15 de noviembre el emblem\u00e1tico Convento de Santa Clara acoger\u00e1 la nueva edici\u00f3n del Festival Internacional The Yoga Gallery Fest, que desembarca por primera vez en Sevilla tras 6 ediciones previas en otras ciudades espa\u00f1olas. Un movimiento comprometido con el activismo, los derechos humanos y la sostenibilidad planetaria a trav\u00e9s origen del Yoga<\/p>\n<p><\/p>\n<p>El festival, que constituye uno de los <strong>eventos de Yoga<\/strong> mejor valorados <strong>a nivel nacional y europeo<\/strong>, ofrecer\u00e1 a sus participantes m\u00e1s de<strong> 50 actividades vinculadas al yoga, a la m\u00fasica y al arte<\/strong>: asanas, meditaciones, talleres y charlas,\u00a0 todo ello impartido por algunos de los m\u00e1s <strong>reputados maestros de Yoga <\/strong>de la comunidad nacional y extranjera, adem\u00e1s <strong>de conciertos y exposiciones de artes contempor\u00e1neas<\/strong> en un espacio que invita a la introspecci\u00f3n y la creatividad.<\/p>\n<p>Escogido por su tradici\u00f3n vinculada a la espiritualidad y por ser <strong>una gran referencia cultural y arquitect\u00f3nica<\/strong> en la ciudad, el <strong>Convento de Santa Clara<\/strong> ser\u00e1 el centro neur\u00e1lgico de un festival que no solo busca implicar a la comunidad yogui local, sino que tambi\u00e9n se propone convocar a un gran porcentaje de <strong>visitantes de todo el mundo<\/strong>, gracias al atractivo tur\u00edstico y cultural de la ciudad, con el objetivo de posicionar Sevilla como una de las nuevas capitales europeas del yoga.\u00a0<\/p>\n<p><strong>Una experiencia \u00fanica: yoga, arte y cultura <\/strong><br \/>\nComo movimiento comprometido con el activismo, los derechos humanos, y la sostenibilidad planetaria, <strong>The Yoga Gallery<\/strong> busca integrar el yoga dentro de la tradici\u00f3n europea heredera del cristianismo y la ilustraci\u00f3n, por eso combina la pr\u00e1ctica de esta tradici\u00f3n milenaria, con exposiciones de arte y otras actividades culturales, eligiendo entornos de gran valor arquit\u00e9ctonico, tradicional como la Seu Vella de Lleida o en este caso el Convento de Santa Clara.<\/p>\n<p><strong>Maestros internacionales y perfiles destacados <\/strong><br \/>\nLa propuesta educativa y art\u00edstica est\u00e1 a cargo de m\u00e1s de diez maestros, artistas y facilitadores de referencia internacional, entre los que destaca el <strong>Dr<\/strong>. <strong>Ratan Singh,<\/strong> fundador del centro <strong>de Ayurveda<\/strong> y <strong>Yoga en Gokarna<\/strong>, India, una humilde cl\u00ednica desde la que ayuda a centenares de personas cada a\u00f1o.<\/p>\n<p>Con miles de seguidores, Ratan es considerado el <strong>referente m\u00e1s reconocible de la disciplina Ayurveda<\/strong>, que <strong>integra el Yoga<\/strong> con <strong>la medicina tradicional india<\/strong> facilitando procesos de sanaci\u00f3n espiritual y f\u00edsica, verdaderamente transformadores.<\/p>\n<p>As\u00ed mismo, tambi\u00e9n destaca la participaci\u00f3n de otros grandes maestros como <strong>Candida Vivalda<\/strong>, referente de <strong>Jivamukti Yoga<\/strong>, miembro de yoga sensible al trauma, meditadora y divulgadora <strong>del <\/strong>mensaje de la<strong> compasi\u00f3n<\/strong> de ra\u00edz budista y activista pro derechos humanos; <strong>Mireia Coma-Cros<\/strong>, fil\u00f3sofa y educadora social pionera en la aplicaci\u00f3n del yoga como intervenci\u00f3n social y terap\u00e9utica para personas con enfermedades cr\u00f3nicas; <strong>Alejandra Estrada<\/strong>, gran referente entre los practicantes del Yoga en el sur de Espa\u00f1a; <strong>Eva Oller<\/strong>, formada con maestros internacionales como Sri K Pattabhi y directora de diversos retiros y formaciones de Yoga en Espa\u00f1a o <strong>Alexis Racionero<\/strong>, especialista en Kundalini Yoga y meditaci\u00f3n, creador del m\u00e9todo Wakenpath y autor de diversos libros sobre espiritualidad, viajes y filosof\u00eda oriental.<\/p>\n<p>Por su parte<strong>, fundador y coordinador<\/strong> del festival,\u00a0<strong>Gabriel Pena<\/strong>, es profesor formado en India,\u00a0<strong>escritor y divulgador del yoga<\/strong>\u00a0<strong>como\u00a0herramienta de autoconocimiento y transformaci\u00f3n social<\/strong>.\u00a0Su visi\u00f3n es transversal, inclusiva y solidaria, uniendo la pr\u00e1ctica milenaria con <strong>la filosof\u00eda espiritual y cultural europea.<\/strong><\/p>\n<p><strong>El Convento de Santa Clara: un escenario hist\u00f3rico \u00edntimamente ligado a la reflexi\u00f3n, el silencio y la cultura de la ciudad<\/strong><br \/>\nFundado oficialmente en 1289, sobre el antiguo palacio almohade, el Convento de Santa Clara es hoy un centro cultural y patrimonial declarado monumento nacional, con siglos de historia vinculada a la espiritualidad, el arte y la vida comunitaria sevillana. Sus patios y recintos mud\u00e9jares son un entorno privilegiado para la vivencia del yoga y la creaci\u00f3n art\u00edstica.<\/p>\n<p><strong>Valores y proyecci\u00f3n internacional de The Yoga Gallery<\/strong><br \/>\nThe Yoga Gallery promueve los valores de inclusi\u00f3n, activismo, espiritualidad y solidaridad, trasladando el mensaje original del yoga a una perspectiva occidental y contempor\u00e1nea. El festival se presenta no solo como evento de pr\u00e1cticas, sino como movimiento cultural global en expansi\u00f3n y con un programa dise\u00f1ado para favorecer el autoconocimiento, la autoestima, el despertar, y la capacidad de compartir de manera abierta y aut\u00e9ntica.<\/p>\n<p><strong>Un incentivo tur\u00edstico de impacto<\/strong><br \/>\nLa estructura del festival y su programa de alta calidad atraer\u00e1n a m\u00e1s de un 80% de participantes provenientes de distintas partes de Espa\u00f1a y del extranjero, posicionando Sevilla como destino de referencia en el turismo vinculado a conectar cuerpo y mente. La oferta cultural, gastron\u00f3mica y patrimonial de la ciudad, ser\u00e1 uno de los grandes atractivos para los asistentes, con una expectativa de dinamizar el sector hotelero y de servicios locales.<\/p>\n<p><strong>Informaci\u00f3n pr\u00e1ctica<\/strong><br \/>\nFechas: 13, 14 y 15 de noviembre de 2025<\/p>\n<ul>\n<li>Lugar: Convento de Santa Clara, Sevilla<\/li>\n<li>Programa: +50 horas de clases, meditaci\u00f3n, m\u00fasica y artes, 10 profesores y artistas reconocidos, 3 conciertos, hasta 3 clases simult\u00e1neas y actividades para todos los niveles.<\/li>\n<\/ul>\n<p>Para m\u00e1s informaci\u00f3n y acreditaciones de prensa:\u00a0<a href=\"http:\/\/www.theyoga.gallery.com\/\" target=\"_blank\" rel=\"nofollow noopener\">www.theyoga.gallery.com<\/a><\/p>\n<\/div>\n","protected":false},"featured_media":21922,"template":"","meta":{"_acf_changed":false},"acf":[],"yoast_head":"<!-- This site is optimized with the Yoast SEO plugin v22.7 - https:\/\/yoast.com\/wordpress\/plugins\/seo\/ -->\n<title>THE YOGA GALLERY FEST celebrar\u00e1 en Sevilla su primera edici\u00f3n en oto\u00f1o - Blog Club del Emprendimiento<\/title>\n<meta name=\"robots\" content=\"index, follow, max-snippet:-1, max-image-preview:large, max-video-preview:-1\" \/>\n<link rel=\"canonical\" href=\"https:\/\/www.clubdelemprendimiento.com\/blog\/noticia-corporativa\/the-yoga-gallery-fest-celebrara-en-sevilla-su-primera-edicion-en-otono\/\" \/>\n<meta property=\"og:locale\" content=\"es_ES\" \/>\n<meta property=\"og:type\" content=\"article\" \/>\n<meta property=\"og:title\" content=\"THE YOGA GALLERY FEST celebrar\u00e1 en Sevilla su primera edici\u00f3n en oto\u00f1o - Blog Club del Emprendimiento\" \/>\n<meta property=\"og:description\" content=\"Los d\u00edas 13,14 y 15 de noviembre el emblem\u00e1tico Convento de Santa Clara acoger\u00e1&hellip;\" \/>\n<meta property=\"og:url\" content=\"https:\/\/www.clubdelemprendimiento.com\/blog\/noticia-corporativa\/the-yoga-gallery-fest-celebrara-en-sevilla-su-primera-edicion-en-otono\/\" \/>\n<meta property=\"og:site_name\" content=\"Blog Club del Emprendimiento\" \/>\n<meta property=\"og:image\" content=\"https:\/\/www.clubdelemprendimiento.com\/blog\/wp-content\/uploads\/2025\/09\/Convento_Santa_Clara_1_copia.jpg\" \/>\n<meta name=\"twitter:card\" content=\"summary_large_image\" \/>\n<meta name=\"twitter:label1\" content=\"Tiempo de lectura\" \/>\n\t<meta name=\"twitter:data1\" content=\"4 minutos\" \/>\n<script type=\"application\/ld+json\" class=\"yoast-schema-graph\">{\"@context\":\"https:\/\/schema.org\",\"@graph\":[{\"@type\":\"WebPage\",\"@id\":\"https:\/\/www.clubdelemprendimiento.com\/blog\/noticia-corporativa\/the-yoga-gallery-fest-celebrara-en-sevilla-su-primera-edicion-en-otono\/\",\"url\":\"https:\/\/www.clubdelemprendimiento.com\/blog\/noticia-corporativa\/the-yoga-gallery-fest-celebrara-en-sevilla-su-primera-edicion-en-otono\/\",\"name\":\"THE YOGA GALLERY FEST celebrar\u00e1 en Sevilla su primera edici\u00f3n en oto\u00f1o - Blog Club del Emprendimiento\",\"isPartOf\":{\"@id\":\"https:\/\/www.clubdelemprendimiento.com\/blog\/#website\"},\"primaryImageOfPage\":{\"@id\":\"https:\/\/www.clubdelemprendimiento.com\/blog\/noticia-corporativa\/the-yoga-gallery-fest-celebrara-en-sevilla-su-primera-edicion-en-otono\/#primaryimage\"},\"image\":{\"@id\":\"https:\/\/www.clubdelemprendimiento.com\/blog\/noticia-corporativa\/the-yoga-gallery-fest-celebrara-en-sevilla-su-primera-edicion-en-otono\/#primaryimage\"},\"thumbnailUrl\":\"https:\/\/www.clubdelemprendimiento.com\/blog\/wp-content\/uploads\/2025\/09\/Convento_Santa_Clara_1_copia.jpg\",\"datePublished\":\"2025-09-25T13:04:38+00:00\",\"dateModified\":\"2025-09-25T13:04:38+00:00\",\"breadcrumb\":{\"@id\":\"https:\/\/www.clubdelemprendimiento.com\/blog\/noticia-corporativa\/the-yoga-gallery-fest-celebrara-en-sevilla-su-primera-edicion-en-otono\/#breadcrumb\"},\"inLanguage\":\"es\",\"potentialAction\":[{\"@type\":\"ReadAction\",\"target\":[\"https:\/\/www.clubdelemprendimiento.com\/blog\/noticia-corporativa\/the-yoga-gallery-fest-celebrara-en-sevilla-su-primera-edicion-en-otono\/\"]}]},{\"@type\":\"ImageObject\",\"inLanguage\":\"es\",\"@id\":\"https:\/\/www.clubdelemprendimiento.com\/blog\/noticia-corporativa\/the-yoga-gallery-fest-celebrara-en-sevilla-su-primera-edicion-en-otono\/#primaryimage\",\"url\":\"https:\/\/www.clubdelemprendimiento.com\/blog\/wp-content\/uploads\/2025\/09\/Convento_Santa_Clara_1_copia.jpg\",\"contentUrl\":\"https:\/\/www.clubdelemprendimiento.com\/blog\/wp-content\/uploads\/2025\/09\/Convento_Santa_Clara_1_copia.jpg\",\"width\":853,\"height\":1280},{\"@type\":\"BreadcrumbList\",\"@id\":\"https:\/\/www.clubdelemprendimiento.com\/blog\/noticia-corporativa\/the-yoga-gallery-fest-celebrara-en-sevilla-su-primera-edicion-en-otono\/#breadcrumb\",\"itemListElement\":[{\"@type\":\"ListItem\",\"position\":1,\"name\":\"Home\",\"item\":\"https:\/\/www.clubdelemprendimiento.com\/blog\/\"},{\"@type\":\"ListItem\",\"position\":2,\"name\":\"Noticias Corporativas\",\"item\":\"https:\/\/www.clubdelemprendimiento.com\/blog\/noticias-corporativas\/\"},{\"@type\":\"ListItem\",\"position\":3,\"name\":\"THE YOGA GALLERY FEST celebrar\u00e1 en Sevilla su primera edici\u00f3n en oto\u00f1o\"}]},{\"@type\":\"WebSite\",\"@id\":\"https:\/\/www.clubdelemprendimiento.com\/blog\/#website\",\"url\":\"https:\/\/www.clubdelemprendimiento.com\/blog\/\",\"name\":\"Blog Club del Emprendimiento\",\"description\":\"\",\"potentialAction\":[{\"@type\":\"SearchAction\",\"target\":{\"@type\":\"EntryPoint\",\"urlTemplate\":\"https:\/\/www.clubdelemprendimiento.com\/blog\/?s={search_term_string}\"},\"query-input\":\"required name=search_term_string\"}],\"inLanguage\":\"es\"}]}<\/script>\n<!-- \/ Yoast SEO plugin. -->","yoast_head_json":{"title":"THE YOGA GALLERY FEST celebrar\u00e1 en Sevilla su primera edici\u00f3n en oto\u00f1o - Blog Club del Emprendimiento","robots":{"index":"index","follow":"follow","max-snippet":"max-snippet:-1","max-image-preview":"max-image-preview:large","max-video-preview":"max-video-preview:-1"},"canonical":"https:\/\/www.clubdelemprendimiento.com\/blog\/noticia-corporativa\/the-yoga-gallery-fest-celebrara-en-sevilla-su-primera-edicion-en-otono\/","og_locale":"es_ES","og_type":"article","og_title":"THE YOGA GALLERY FEST celebrar\u00e1 en Sevilla su primera edici\u00f3n en oto\u00f1o - Blog Club del Emprendimiento","og_description":"Los d\u00edas 13,14 y 15 de noviembre el emblem\u00e1tico Convento de Santa Clara acoger\u00e1&hellip;","og_url":"https:\/\/www.clubdelemprendimiento.com\/blog\/noticia-corporativa\/the-yoga-gallery-fest-celebrara-en-sevilla-su-primera-edicion-en-otono\/","og_site_name":"Blog Club del Emprendimiento","og_image":[{"url":"https:\/\/www.clubdelemprendimiento.com\/blog\/wp-content\/uploads\/2025\/09\/Convento_Santa_Clara_1_copia.jpg"}],"twitter_card":"summary_large_image","twitter_misc":{"Tiempo de lectura":"4 minutos"},"schema":{"@context":"https:\/\/schema.org","@graph":[{"@type":"WebPage","@id":"https:\/\/www.clubdelemprendimiento.com\/blog\/noticia-corporativa\/the-yoga-gallery-fest-celebrara-en-sevilla-su-primera-edicion-en-otono\/","url":"https:\/\/www.clubdelemprendimiento.com\/blog\/noticia-corporativa\/the-yoga-gallery-fest-celebrara-en-sevilla-su-primera-edicion-en-otono\/","name":"THE YOGA GALLERY FEST celebrar\u00e1 en Sevilla su primera edici\u00f3n en oto\u00f1o - Blog Club del Emprendimiento","isPartOf":{"@id":"https:\/\/www.clubdelemprendimiento.com\/blog\/#website"},"primaryImageOfPage":{"@id":"https:\/\/www.clubdelemprendimiento.com\/blog\/noticia-corporativa\/the-yoga-gallery-fest-celebrara-en-sevilla-su-primera-edicion-en-otono\/#primaryimage"},"image":{"@id":"https:\/\/www.clubdelemprendimiento.com\/blog\/noticia-corporativa\/the-yoga-gallery-fest-celebrara-en-sevilla-su-primera-edicion-en-otono\/#primaryimage"},"thumbnailUrl":"https:\/\/www.clubdelemprendimiento.com\/blog\/wp-content\/uploads\/2025\/09\/Convento_Santa_Clara_1_copia.jpg","datePublished":"2025-09-25T13:04:38+00:00","dateModified":"2025-09-25T13:04:38+00:00","breadcrumb":{"@id":"https:\/\/www.clubdelemprendimiento.com\/blog\/noticia-corporativa\/the-yoga-gallery-fest-celebrara-en-sevilla-su-primera-edicion-en-otono\/#breadcrumb"},"inLanguage":"es","potentialAction":[{"@type":"ReadAction","target":["https:\/\/www.clubdelemprendimiento.com\/blog\/noticia-corporativa\/the-yoga-gallery-fest-celebrara-en-sevilla-su-primera-edicion-en-otono\/"]}]},{"@type":"ImageObject","inLanguage":"es","@id":"https:\/\/www.clubdelemprendimiento.com\/blog\/noticia-corporativa\/the-yoga-gallery-fest-celebrara-en-sevilla-su-primera-edicion-en-otono\/#primaryimage","url":"https:\/\/www.clubdelemprendimiento.com\/blog\/wp-content\/uploads\/2025\/09\/Convento_Santa_Clara_1_copia.jpg","contentUrl":"https:\/\/www.clubdelemprendimiento.com\/blog\/wp-content\/uploads\/2025\/09\/Convento_Santa_Clara_1_copia.jpg","width":853,"height":1280},{"@type":"BreadcrumbList","@id":"https:\/\/www.clubdelemprendimiento.com\/blog\/noticia-corporativa\/the-yoga-gallery-fest-celebrara-en-sevilla-su-primera-edicion-en-otono\/#breadcrumb","itemListElement":[{"@type":"ListItem","position":1,"name":"Home","item":"https:\/\/www.clubdelemprendimiento.com\/blog\/"},{"@type":"ListItem","position":2,"name":"Noticias Corporativas","item":"https:\/\/www.clubdelemprendimiento.com\/blog\/noticias-corporativas\/"},{"@type":"ListItem","position":3,"name":"THE YOGA GALLERY FEST celebrar\u00e1 en Sevilla su primera edici\u00f3n en oto\u00f1o"}]},{"@type":"WebSite","@id":"https:\/\/www.clubdelemprendimiento.com\/blog\/#website","url":"https:\/\/www.clubdelemprendimiento.com\/blog\/","name":"Blog Club del Emprendimiento","description":"","potentialAction":[{"@type":"SearchAction","target":{"@type":"EntryPoint","urlTemplate":"https:\/\/www.clubdelemprendimiento.com\/blog\/?s={search_term_string}"},"query-input":"required name=search_term_string"}],"inLanguage":"es"}]}},"_links":{"self":[{"href":"https:\/\/www.clubdelemprendimiento.com\/blog\/wp-json\/wp\/v2\/noticia-corporativa\/21921"}],"collection":[{"href":"https:\/\/www.clubdelemprendimiento.com\/blog\/wp-json\/wp\/v2\/noticia-corporativa"}],"about":[{"href":"https:\/\/www.clubdelemprendimiento.com\/blog\/wp-json\/wp\/v2\/types\/noticia-corporativa"}],"wp:featuredmedia":[{"embeddable":true,"href":"https:\/\/www.clubdelemprendimiento.com\/blog\/wp-json\/wp\/v2\/media\/21922"}],"wp:attachment":[{"href":"https:\/\/www.clubdelemprendimiento.com\/blog\/wp-json\/wp\/v2\/media?parent=21921"}],"curies":[{"name":"wp","href":"https:\/\/api.w.org\/{rel}","templated":true}]}}