{"id":21915,"date":"2025-09-25T11:04:36","date_gmt":"2025-09-25T11:04:36","guid":{"rendered":"https:\/\/www.clubdelemprendimiento.com\/blog\/noticia-corporativa\/concreta-2025-la-apuesta-por-la-arquitectura-y-el-diseno-de-interiores-sostenible\/"},"modified":"2025-09-25T11:04:36","modified_gmt":"2025-09-25T11:04:36","slug":"concreta-2025-la-apuesta-por-la-arquitectura-y-el-diseno-de-interiores-sostenible","status":"publish","type":"noticia-corporativa","link":"https:\/\/www.clubdelemprendimiento.com\/blog\/noticia-corporativa\/concreta-2025-la-apuesta-por-la-arquitectura-y-el-diseno-de-interiores-sostenible\/","title":{"rendered":"+Concreta 2025 la apuesta por la arquitectura y el dise\u00f1o de interiores sostenible"},"content":{"rendered":"<div>\n<p><a href=\"https:\/\/www.clubdelemprendimiento.com\/blog\/wp-content\/uploads\/2025\/09\/Exponor_Concreta_Full-106.jpg\" target=\"_blank\" class=\"fotonota\" rel=\"noopener\"> <img decoding=\"async\" src=\"https:\/\/www.clubdelemprendimiento.com\/blog\/wp-content\/uploads\/2025\/09\/Exponor_Concreta_Full-106.jpg\" style=\"max-width:600px;\" border=\"0\" class=\"postImage\" alt=\"\"><\/a><\/p>\n<p>Centro de Congresos Alf\u00e2ndega do Oporto, acoger\u00e1 +Concreta 2025 durante los d\u00edas 6 al 7 de noviembre, al sector de acabados en arquitectura y dise\u00f1o de interiores premium<\/p>\n<p><\/p>\n<p>El <strong>Centro de Congresos Alf\u00e2ndega do Oporto<\/strong>, se prepara para recibir <a href=\"https:\/\/exponor.pt\/maisconcreta\/\" rel=\"nofollow\"><strong>+Concreta<\/strong><\/a><strong> 2025<\/strong> los pr\u00f3ximos <strong>6 y 7 de noviembre de 2025<\/strong>, una cita profesional que vuelve a poner sobre la mesa soluciones constructivas y materiales orientados a la durabilidad, la circularidad y la reducci\u00f3n de la huella de carbono. El encuentro, que reunir\u00e1 a fabricantes, estudios de arquitectura y prescriptores, reivindica la innovaci\u00f3n como herramienta para un futuro m\u00e1s sostenible, bajo el lema &#8216;menos carbono, m\u00e1s innovaci\u00f3n, m\u00e1s futuro&#8217;.<\/p>\n<p><strong>Un foro para mirar (y construir) hacia el futuro<\/strong><br \/>\n+Concreta 2025 se enfocar\u00e1 en <strong>pr\u00e1cticas sostenibles, destacando estrategias y productos que promueven la reducci\u00f3n de la explotaci\u00f3n de recursos naturales<\/strong>, la producci\u00f3n de materiales duraderos y la reutilizaci\u00f3n de residuos en nuevos desarrollos. Se presenta como un escenario de soluciones que apostar\u00e1n por la durabilidad, la circularidad y la disminuci\u00f3n de la explotaci\u00f3n de los recursos naturales.<\/p>\n<p>Para ello, el evento contar\u00e1 con una selecci\u00f3n de fabricantes y marcas portuguesas que operan en el \u00e1mbito B2B en \u00e1reas como revestimientos, pavimentos, puertas y ventanas, equipamiento el\u00e9ctrico, dom\u00f3tica, accesorios, pintura, cocina y ba\u00f1o.<\/p>\n<p>La programaci\u00f3n de +Concreta combina exhibici\u00f3n comercial con un programa de contenido profesional: conferencias, sesiones t\u00e9cnicas y actividades pensadas para facilitar el di\u00e1logo entre fabricantes y proyectistas. La edici\u00f3n 2025 pone \u00e9nfasis en pr\u00e1cticas que minimicen la explotaci\u00f3n de recursos naturales y fomenten materiales y procesos de larga vida \u00fatil, as\u00ed como la reapropiaci\u00f3n de residuos en nuevos desarrollos.<\/p>\n<p><strong>Formatos pensados para el conocimiento y el aprendizaje<\/strong><br \/>\n+Concreta 2025 dedicar\u00e1 dos d\u00edas a conectar ideas y oportunidades a trav\u00e9s de un din\u00e1mico programa de actividades. Se celebrar\u00e1n conferencias tem\u00e1ticas y sesiones t\u00e9cnicas con una cuidada selecci\u00f3n de reconocidos arquitectos y la presencia de un ponente internacional. Entre ellos, en esta edici\u00f3n destaca la participaci\u00f3n de los <strong>estudios franceses GENS y BAST<\/strong>.<\/p>\n<p>Adem\u00e1s, la feria tambi\u00e9n contar\u00e1 con la presencia de varios protagonistas del sector portugueses, que traer\u00e1n a Oporto soluciones t\u00e9cnicas y materiales alineados con la filosof\u00eda del evento, entre ellos:<\/p>\n<ul>\n<li><strong>RCN \u2013 Minimalist Windows<\/strong>: especialista en sistemas de aluminio para carpinter\u00eda minimalista y soluciones arquitect\u00f3nicas que combinan transparencia y control t\u00e9cnico; en su oferta destacan sistemas de ventanas, puertas correderas y fachadas dise\u00f1ados para maximizar la luz y el rendimiento t\u00e9cnico en proyectos contempor\u00e1neos. Entre las propuestas que mostrar\u00e1n en +Concreta se encuentra el <strong>EXP PIV<\/strong>, sistema pivotante concebido para grandes huecos; el <strong>EXP 36 HR<\/strong>, corredero minimalista con riel oculto y doble vidrio; y el <strong>EXP 54 HR<\/strong>, que incorpora triple vidrio para un mayor rendimiento t\u00e9rmico. Tambi\u00e9n estar\u00e1n presentes el <strong>EXP G<\/strong>, un sistema de guillotina vertical para paneles de gran formato, y el <strong>EXP X Steel<\/strong>, pensado para proyectos especiales donde la resistencia del acero se combina con una est\u00e9tica ligera y depurada.<\/li>\n<li><strong>EFAPEL<\/strong>: fabricante portugu\u00e9s de material el\u00e9ctrico y soluciones para la gesti\u00f3n de instalaciones, con experiencia en equipos y componentes pensados para la eficiencia y la seguridad en la edificaci\u00f3n.<\/li>\n<li><strong>TUPAI<\/strong>: empresa con m\u00e1s de cuatro d\u00e9cadas en la metalomec\u00e1nica ligera, especializada en herrajes, tiradores, bisagras y otros accesorios para la construcci\u00f3n y el mobiliario. TUPAI destaca por su capacidad de producci\u00f3n, variedad de acabados y por integrar procesos que favorecen la calidad y la durabilidad de los productos.<\/li>\n<li><strong>TCC Whitestone<\/strong>: firma centrada en la artesan\u00eda y la transformaci\u00f3n de piedra natural, con un discurso en torno a la circularidad y la mezcla de materiales, composites, maderas y metales, para generar piezas con sello de sostenibilidad y <em>zero-waste<\/em>. En +Concreta presentar\u00e1 una selecci\u00f3n de propuestas desarrolladas a partir de <strong>Stonesis<\/strong>, un material mineral creado a partir de residuos industriales. Entre las piezas destacadas estar\u00e1n el <strong>Cobog\u00f3 Mucuri<\/strong>, los paneles <strong>Polp<\/strong> y el lavabo <strong>Unir<\/strong>, ejemplos de c\u00f3mo la piedra puede reinventarse en soluciones sostenibles, modulares y expresivas. Adem\u00e1s, la presencia de <strong>Maami Home<\/strong>, marca de TCC Whitestone, reforzar\u00e1 este compromiso mostrando accesorios dise\u00f1ados a partir del reciclaje de residuos industriales, donde la escala dom\u00e9stica tambi\u00e9n se convierte en terreno f\u00e9rtil para la sostenibilidad y la identidad creativa.<\/li>\n<\/ul>\n<p>+Concreta 2025 no se limita a mostrar productos, este evento contempla espacios para el intercambio de conocimiento entre profesionales, con conferencias lideradas por estudios internacionales y sesiones t\u00e9cnicas organizadas con instituciones profesionales. El objetivo es convertir el encuentro en una <strong>plataforma donde se compartan tanto soluciones concretas como reflexiones necesarias<\/strong> para una pr\u00e1ctica arquitect\u00f3nica con menos impacto ambiental.<\/p>\n<\/div>\n","protected":false},"featured_media":21916,"template":"","meta":{"_acf_changed":false},"acf":[],"yoast_head":"<!-- This site is optimized with the Yoast SEO plugin v22.7 - https:\/\/yoast.com\/wordpress\/plugins\/seo\/ -->\n<title>+Concreta 2025 la apuesta por la arquitectura y el dise\u00f1o de interiores sostenible - Blog Club del Emprendimiento<\/title>\n<meta name=\"robots\" content=\"index, follow, max-snippet:-1, max-image-preview:large, max-video-preview:-1\" \/>\n<link rel=\"canonical\" href=\"https:\/\/www.clubdelemprendimiento.com\/blog\/noticia-corporativa\/concreta-2025-la-apuesta-por-la-arquitectura-y-el-diseno-de-interiores-sostenible\/\" \/>\n<meta property=\"og:locale\" content=\"es_ES\" \/>\n<meta property=\"og:type\" content=\"article\" \/>\n<meta property=\"og:title\" content=\"+Concreta 2025 la apuesta por la arquitectura y el dise\u00f1o de interiores sostenible - Blog Club del Emprendimiento\" \/>\n<meta property=\"og:description\" content=\"Centro de Congresos Alf\u00e2ndega do Oporto, acoger\u00e1 +Concreta 2025 durante los d\u00edas 6 al&hellip;\" \/>\n<meta property=\"og:url\" content=\"https:\/\/www.clubdelemprendimiento.com\/blog\/noticia-corporativa\/concreta-2025-la-apuesta-por-la-arquitectura-y-el-diseno-de-interiores-sostenible\/\" \/>\n<meta property=\"og:site_name\" content=\"Blog Club del Emprendimiento\" \/>\n<meta property=\"og:image\" content=\"https:\/\/www.clubdelemprendimiento.com\/blog\/wp-content\/uploads\/2025\/09\/Exponor_Concreta_Full-106.jpg\" \/>\n<meta name=\"twitter:card\" content=\"summary_large_image\" \/>\n<meta name=\"twitter:label1\" content=\"Tiempo de lectura\" \/>\n\t<meta name=\"twitter:data1\" content=\"4 minutos\" \/>\n<script type=\"application\/ld+json\" class=\"yoast-schema-graph\">{\"@context\":\"https:\/\/schema.org\",\"@graph\":[{\"@type\":\"WebPage\",\"@id\":\"https:\/\/www.clubdelemprendimiento.com\/blog\/noticia-corporativa\/concreta-2025-la-apuesta-por-la-arquitectura-y-el-diseno-de-interiores-sostenible\/\",\"url\":\"https:\/\/www.clubdelemprendimiento.com\/blog\/noticia-corporativa\/concreta-2025-la-apuesta-por-la-arquitectura-y-el-diseno-de-interiores-sostenible\/\",\"name\":\"+Concreta 2025 la apuesta por la arquitectura y el dise\u00f1o de interiores sostenible - Blog Club del Emprendimiento\",\"isPartOf\":{\"@id\":\"https:\/\/www.clubdelemprendimiento.com\/blog\/#website\"},\"primaryImageOfPage\":{\"@id\":\"https:\/\/www.clubdelemprendimiento.com\/blog\/noticia-corporativa\/concreta-2025-la-apuesta-por-la-arquitectura-y-el-diseno-de-interiores-sostenible\/#primaryimage\"},\"image\":{\"@id\":\"https:\/\/www.clubdelemprendimiento.com\/blog\/noticia-corporativa\/concreta-2025-la-apuesta-por-la-arquitectura-y-el-diseno-de-interiores-sostenible\/#primaryimage\"},\"thumbnailUrl\":\"https:\/\/www.clubdelemprendimiento.com\/blog\/wp-content\/uploads\/2025\/09\/Exponor_Concreta_Full-106-scaled.jpg\",\"datePublished\":\"2025-09-25T11:04:36+00:00\",\"dateModified\":\"2025-09-25T11:04:36+00:00\",\"breadcrumb\":{\"@id\":\"https:\/\/www.clubdelemprendimiento.com\/blog\/noticia-corporativa\/concreta-2025-la-apuesta-por-la-arquitectura-y-el-diseno-de-interiores-sostenible\/#breadcrumb\"},\"inLanguage\":\"es\",\"potentialAction\":[{\"@type\":\"ReadAction\",\"target\":[\"https:\/\/www.clubdelemprendimiento.com\/blog\/noticia-corporativa\/concreta-2025-la-apuesta-por-la-arquitectura-y-el-diseno-de-interiores-sostenible\/\"]}]},{\"@type\":\"ImageObject\",\"inLanguage\":\"es\",\"@id\":\"https:\/\/www.clubdelemprendimiento.com\/blog\/noticia-corporativa\/concreta-2025-la-apuesta-por-la-arquitectura-y-el-diseno-de-interiores-sostenible\/#primaryimage\",\"url\":\"https:\/\/www.clubdelemprendimiento.com\/blog\/wp-content\/uploads\/2025\/09\/Exponor_Concreta_Full-106-scaled.jpg\",\"contentUrl\":\"https:\/\/www.clubdelemprendimiento.com\/blog\/wp-content\/uploads\/2025\/09\/Exponor_Concreta_Full-106-scaled.jpg\",\"width\":2560,\"height\":1707},{\"@type\":\"BreadcrumbList\",\"@id\":\"https:\/\/www.clubdelemprendimiento.com\/blog\/noticia-corporativa\/concreta-2025-la-apuesta-por-la-arquitectura-y-el-diseno-de-interiores-sostenible\/#breadcrumb\",\"itemListElement\":[{\"@type\":\"ListItem\",\"position\":1,\"name\":\"Home\",\"item\":\"https:\/\/www.clubdelemprendimiento.com\/blog\/\"},{\"@type\":\"ListItem\",\"position\":2,\"name\":\"Noticias Corporativas\",\"item\":\"https:\/\/www.clubdelemprendimiento.com\/blog\/noticias-corporativas\/\"},{\"@type\":\"ListItem\",\"position\":3,\"name\":\"+Concreta 2025 la apuesta por la arquitectura y el dise\u00f1o de interiores sostenible\"}]},{\"@type\":\"WebSite\",\"@id\":\"https:\/\/www.clubdelemprendimiento.com\/blog\/#website\",\"url\":\"https:\/\/www.clubdelemprendimiento.com\/blog\/\",\"name\":\"Blog Club del Emprendimiento\",\"description\":\"\",\"potentialAction\":[{\"@type\":\"SearchAction\",\"target\":{\"@type\":\"EntryPoint\",\"urlTemplate\":\"https:\/\/www.clubdelemprendimiento.com\/blog\/?s={search_term_string}\"},\"query-input\":\"required name=search_term_string\"}],\"inLanguage\":\"es\"}]}<\/script>\n<!-- \/ Yoast SEO plugin. -->","yoast_head_json":{"title":"+Concreta 2025 la apuesta por la arquitectura y el dise\u00f1o de interiores sostenible - Blog Club del Emprendimiento","robots":{"index":"index","follow":"follow","max-snippet":"max-snippet:-1","max-image-preview":"max-image-preview:large","max-video-preview":"max-video-preview:-1"},"canonical":"https:\/\/www.clubdelemprendimiento.com\/blog\/noticia-corporativa\/concreta-2025-la-apuesta-por-la-arquitectura-y-el-diseno-de-interiores-sostenible\/","og_locale":"es_ES","og_type":"article","og_title":"+Concreta 2025 la apuesta por la arquitectura y el dise\u00f1o de interiores sostenible - Blog Club del Emprendimiento","og_description":"Centro de Congresos Alf\u00e2ndega do Oporto, acoger\u00e1 +Concreta 2025 durante los d\u00edas 6 al&hellip;","og_url":"https:\/\/www.clubdelemprendimiento.com\/blog\/noticia-corporativa\/concreta-2025-la-apuesta-por-la-arquitectura-y-el-diseno-de-interiores-sostenible\/","og_site_name":"Blog Club del Emprendimiento","og_image":[{"url":"https:\/\/www.clubdelemprendimiento.com\/blog\/wp-content\/uploads\/2025\/09\/Exponor_Concreta_Full-106.jpg"}],"twitter_card":"summary_large_image","twitter_misc":{"Tiempo de lectura":"4 minutos"},"schema":{"@context":"https:\/\/schema.org","@graph":[{"@type":"WebPage","@id":"https:\/\/www.clubdelemprendimiento.com\/blog\/noticia-corporativa\/concreta-2025-la-apuesta-por-la-arquitectura-y-el-diseno-de-interiores-sostenible\/","url":"https:\/\/www.clubdelemprendimiento.com\/blog\/noticia-corporativa\/concreta-2025-la-apuesta-por-la-arquitectura-y-el-diseno-de-interiores-sostenible\/","name":"+Concreta 2025 la apuesta por la arquitectura y el dise\u00f1o de interiores sostenible - Blog Club del Emprendimiento","isPartOf":{"@id":"https:\/\/www.clubdelemprendimiento.com\/blog\/#website"},"primaryImageOfPage":{"@id":"https:\/\/www.clubdelemprendimiento.com\/blog\/noticia-corporativa\/concreta-2025-la-apuesta-por-la-arquitectura-y-el-diseno-de-interiores-sostenible\/#primaryimage"},"image":{"@id":"https:\/\/www.clubdelemprendimiento.com\/blog\/noticia-corporativa\/concreta-2025-la-apuesta-por-la-arquitectura-y-el-diseno-de-interiores-sostenible\/#primaryimage"},"thumbnailUrl":"https:\/\/www.clubdelemprendimiento.com\/blog\/wp-content\/uploads\/2025\/09\/Exponor_Concreta_Full-106-scaled.jpg","datePublished":"2025-09-25T11:04:36+00:00","dateModified":"2025-09-25T11:04:36+00:00","breadcrumb":{"@id":"https:\/\/www.clubdelemprendimiento.com\/blog\/noticia-corporativa\/concreta-2025-la-apuesta-por-la-arquitectura-y-el-diseno-de-interiores-sostenible\/#breadcrumb"},"inLanguage":"es","potentialAction":[{"@type":"ReadAction","target":["https:\/\/www.clubdelemprendimiento.com\/blog\/noticia-corporativa\/concreta-2025-la-apuesta-por-la-arquitectura-y-el-diseno-de-interiores-sostenible\/"]}]},{"@type":"ImageObject","inLanguage":"es","@id":"https:\/\/www.clubdelemprendimiento.com\/blog\/noticia-corporativa\/concreta-2025-la-apuesta-por-la-arquitectura-y-el-diseno-de-interiores-sostenible\/#primaryimage","url":"https:\/\/www.clubdelemprendimiento.com\/blog\/wp-content\/uploads\/2025\/09\/Exponor_Concreta_Full-106-scaled.jpg","contentUrl":"https:\/\/www.clubdelemprendimiento.com\/blog\/wp-content\/uploads\/2025\/09\/Exponor_Concreta_Full-106-scaled.jpg","width":2560,"height":1707},{"@type":"BreadcrumbList","@id":"https:\/\/www.clubdelemprendimiento.com\/blog\/noticia-corporativa\/concreta-2025-la-apuesta-por-la-arquitectura-y-el-diseno-de-interiores-sostenible\/#breadcrumb","itemListElement":[{"@type":"ListItem","position":1,"name":"Home","item":"https:\/\/www.clubdelemprendimiento.com\/blog\/"},{"@type":"ListItem","position":2,"name":"Noticias Corporativas","item":"https:\/\/www.clubdelemprendimiento.com\/blog\/noticias-corporativas\/"},{"@type":"ListItem","position":3,"name":"+Concreta 2025 la apuesta por la arquitectura y el dise\u00f1o de interiores sostenible"}]},{"@type":"WebSite","@id":"https:\/\/www.clubdelemprendimiento.com\/blog\/#website","url":"https:\/\/www.clubdelemprendimiento.com\/blog\/","name":"Blog Club del Emprendimiento","description":"","potentialAction":[{"@type":"SearchAction","target":{"@type":"EntryPoint","urlTemplate":"https:\/\/www.clubdelemprendimiento.com\/blog\/?s={search_term_string}"},"query-input":"required name=search_term_string"}],"inLanguage":"es"}]}},"_links":{"self":[{"href":"https:\/\/www.clubdelemprendimiento.com\/blog\/wp-json\/wp\/v2\/noticia-corporativa\/21915"}],"collection":[{"href":"https:\/\/www.clubdelemprendimiento.com\/blog\/wp-json\/wp\/v2\/noticia-corporativa"}],"about":[{"href":"https:\/\/www.clubdelemprendimiento.com\/blog\/wp-json\/wp\/v2\/types\/noticia-corporativa"}],"wp:featuredmedia":[{"embeddable":true,"href":"https:\/\/www.clubdelemprendimiento.com\/blog\/wp-json\/wp\/v2\/media\/21916"}],"wp:attachment":[{"href":"https:\/\/www.clubdelemprendimiento.com\/blog\/wp-json\/wp\/v2\/media?parent=21915"}],"curies":[{"name":"wp","href":"https:\/\/api.w.org\/{rel}","templated":true}]}}