{"id":21908,"date":"2025-09-25T11:04:28","date_gmt":"2025-09-25T11:04:28","guid":{"rendered":"https:\/\/www.clubdelemprendimiento.com\/blog\/noticia-corporativa\/chabaneix-abogados-referente-en-derecho-penal-se-traslada-junto-a-la-audiencia-nacional-y-tribunal-supremo\/"},"modified":"2025-09-25T11:04:28","modified_gmt":"2025-09-25T11:04:28","slug":"chabaneix-abogados-referente-en-derecho-penal-se-traslada-junto-a-la-audiencia-nacional-y-tribunal-supremo","status":"publish","type":"noticia-corporativa","link":"https:\/\/www.clubdelemprendimiento.com\/blog\/noticia-corporativa\/chabaneix-abogados-referente-en-derecho-penal-se-traslada-junto-a-la-audiencia-nacional-y-tribunal-supremo\/","title":{"rendered":"Chabaneix Abogados, referente en derecho penal, se traslada junto a la Audiencia Nacional y Tribunal Supremo"},"content":{"rendered":"<div>\n<p><a href=\"https:\/\/www.clubdelemprendimiento.com\/blog\/wp-content\/uploads\/2025\/09\/Chabaneix_julio_24-33.jpg\" target=\"_blank\" class=\"fotonota\" rel=\"noopener\"> <img decoding=\"async\" src=\"https:\/\/www.clubdelemprendimiento.com\/blog\/wp-content\/uploads\/2025\/09\/Chabaneix_julio_24-33.jpg\" style=\"max-width:600px;\" border=\"0\" class=\"postImage\" alt=\"Chabaneix Abogados, referente en derecho penal, se traslada junto a la Audiencia Nacional y Tribunal Supremo\"><\/a><\/p>\n<p>El despacho, referente en derecho penal en Madrid y con amplia experiencia en extradiciones y derecho penal econ\u00f3mico, refuerza su presencia con una nueva sede frente a la Audiencia Nacional y al Tribunal Supremo<\/p>\n<p><\/p>\n<p>El despacho penalista <strong>Chabaneix Abogados<\/strong>, reconocido como uno de los bufetes de referencia en el \u00e1mbito penal en Espa\u00f1a, ha trasladado su sede a la <strong>Plaza Villa de Par\u00eds<\/strong>, epicentro jur\u00eddico de Madrid. La nueva oficina, situada en el <strong>n\u00famero 13 de la calle General Casta\u00f1os<\/strong>, se encuentra a escasos metros de la <strong>Audiencia Nacional<\/strong> y frente al <strong>Tribunal Supremo<\/strong>, las dos de las instituciones clave de la justicia penal espa\u00f1ola.<\/p>\n<p>Este movimiento estrat\u00e9gico responde a la necesidad de <strong>reforzar su presencia en el coraz\u00f3n de la jurisdicci\u00f3n penal<\/strong>, all\u00ed donde se deciden los casos m\u00e1s relevantes del pa\u00eds y donde Chabaneix Abogados desarrolla de manera constante su labor.<\/p>\n<p>Desde su fundaci\u00f3n, Chabaneix Abogados ha intervenido en <strong>procedimientos de alta complejidad<\/strong>, tanto en extradiciones como en <strong>delitos econ\u00f3micos<\/strong> y procesos penales de especial trascendencia. El despacho es <strong>recomendado por embajadas como las de Francia, EE. UU., Canad\u00e1 y B\u00e9lgica<\/strong>, y sus abogados ejercen en <strong>espa\u00f1ol, franc\u00e9s, ingl\u00e9s, ruso, chino, italiano, armenio y \u00e1rabe,<\/strong> lo que le ha permitido consolidar una amplia cartera de clientes y colaboradores internacionales.<\/p>\n<p>El bufete atraviesa adem\u00e1s un momento de consolidaci\u00f3n tras la reciente incorporaci\u00f3n de <strong>Carlos Bautista<\/strong>, ex Fiscal de la Audiencia Nacional y uno de los mayores expertos en derecho penal y extradiciones en Espa\u00f1a. Su llegada refuerza la capacidad t\u00e9cnica y el prestigio del equipo liderado por <strong>Luis Chabaneix<\/strong>.<\/p>\n<p><strong>El socio fundador del despacho<\/strong> ha se\u00f1alado: \u00abCon esta nueva sede reforzamos nuestro compromiso de estar junto a los tribunales donde se deciden los casos m\u00e1s relevantes de la justicia penal en Espa\u00f1a, y de ofrecer a nuestros\u00a0clientes la m\u00e1xima cercan\u00eda y excelencia en su defensa\u00bb.<\/p>\n<p>Por su parte, <strong>Carlos Bautista, ex Fiscal de la Audiencia Nacional y recientemente incorporado al despacho<\/strong>, ha destacado: \u00abEsta nueva etapa me permite poner al servicio de los clientes mi\u00a0experiencia en el \u00e1mbito penal, desde las extradiciones hasta los procedimientos econ\u00f3micos m\u00e1s complejos, reforzando el trabajo que Chabaneix Abogados viene desarrollando desde hace a\u00f1os\u00bb.<\/p>\n<p>Con este traslado, Chabaneix Abogados consolida su posici\u00f3n como uno de los <strong>despachos penalistas en Madrid m\u00e1s influyentes del panorama nacional e internacional<\/strong>, y reafirma su vocaci\u00f3n de estar siempre en primera l\u00ednea de la justicia.<\/p>\n<\/div>\n","protected":false},"featured_media":21909,"template":"","meta":{"_acf_changed":false},"acf":[],"yoast_head":"<!-- This site is optimized with the Yoast SEO plugin v22.7 - https:\/\/yoast.com\/wordpress\/plugins\/seo\/ -->\n<title>Chabaneix Abogados, referente en derecho penal, se traslada junto a la Audiencia Nacional y Tribunal Supremo - Blog Club del Emprendimiento<\/title>\n<meta name=\"robots\" content=\"index, follow, max-snippet:-1, max-image-preview:large, max-video-preview:-1\" \/>\n<link rel=\"canonical\" href=\"https:\/\/www.clubdelemprendimiento.com\/blog\/noticia-corporativa\/chabaneix-abogados-referente-en-derecho-penal-se-traslada-junto-a-la-audiencia-nacional-y-tribunal-supremo\/\" \/>\n<meta property=\"og:locale\" content=\"es_ES\" \/>\n<meta property=\"og:type\" content=\"article\" \/>\n<meta property=\"og:title\" content=\"Chabaneix Abogados, referente en derecho penal, se traslada junto a la Audiencia Nacional y Tribunal Supremo - Blog Club del Emprendimiento\" \/>\n<meta property=\"og:description\" content=\"El despacho, referente en derecho penal en Madrid y con amplia experiencia en extradiciones&hellip;\" \/>\n<meta property=\"og:url\" content=\"https:\/\/www.clubdelemprendimiento.com\/blog\/noticia-corporativa\/chabaneix-abogados-referente-en-derecho-penal-se-traslada-junto-a-la-audiencia-nacional-y-tribunal-supremo\/\" \/>\n<meta property=\"og:site_name\" content=\"Blog Club del Emprendimiento\" \/>\n<meta property=\"og:image\" content=\"https:\/\/www.clubdelemprendimiento.com\/blog\/wp-content\/uploads\/2025\/09\/Chabaneix_julio_24-33.jpg\" \/>\n<meta name=\"twitter:card\" content=\"summary_large_image\" \/>\n<meta name=\"twitter:label1\" content=\"Tiempo de lectura\" \/>\n\t<meta name=\"twitter:data1\" content=\"2 minutos\" \/>\n<script type=\"application\/ld+json\" class=\"yoast-schema-graph\">{\"@context\":\"https:\/\/schema.org\",\"@graph\":[{\"@type\":\"WebPage\",\"@id\":\"https:\/\/www.clubdelemprendimiento.com\/blog\/noticia-corporativa\/chabaneix-abogados-referente-en-derecho-penal-se-traslada-junto-a-la-audiencia-nacional-y-tribunal-supremo\/\",\"url\":\"https:\/\/www.clubdelemprendimiento.com\/blog\/noticia-corporativa\/chabaneix-abogados-referente-en-derecho-penal-se-traslada-junto-a-la-audiencia-nacional-y-tribunal-supremo\/\",\"name\":\"Chabaneix Abogados, referente en derecho penal, se traslada junto a la Audiencia Nacional y Tribunal Supremo - Blog Club del Emprendimiento\",\"isPartOf\":{\"@id\":\"https:\/\/www.clubdelemprendimiento.com\/blog\/#website\"},\"primaryImageOfPage\":{\"@id\":\"https:\/\/www.clubdelemprendimiento.com\/blog\/noticia-corporativa\/chabaneix-abogados-referente-en-derecho-penal-se-traslada-junto-a-la-audiencia-nacional-y-tribunal-supremo\/#primaryimage\"},\"image\":{\"@id\":\"https:\/\/www.clubdelemprendimiento.com\/blog\/noticia-corporativa\/chabaneix-abogados-referente-en-derecho-penal-se-traslada-junto-a-la-audiencia-nacional-y-tribunal-supremo\/#primaryimage\"},\"thumbnailUrl\":\"https:\/\/www.clubdelemprendimiento.com\/blog\/wp-content\/uploads\/2025\/09\/Chabaneix_julio_24-33-scaled.jpg\",\"datePublished\":\"2025-09-25T11:04:28+00:00\",\"dateModified\":\"2025-09-25T11:04:28+00:00\",\"breadcrumb\":{\"@id\":\"https:\/\/www.clubdelemprendimiento.com\/blog\/noticia-corporativa\/chabaneix-abogados-referente-en-derecho-penal-se-traslada-junto-a-la-audiencia-nacional-y-tribunal-supremo\/#breadcrumb\"},\"inLanguage\":\"es\",\"potentialAction\":[{\"@type\":\"ReadAction\",\"target\":[\"https:\/\/www.clubdelemprendimiento.com\/blog\/noticia-corporativa\/chabaneix-abogados-referente-en-derecho-penal-se-traslada-junto-a-la-audiencia-nacional-y-tribunal-supremo\/\"]}]},{\"@type\":\"ImageObject\",\"inLanguage\":\"es\",\"@id\":\"https:\/\/www.clubdelemprendimiento.com\/blog\/noticia-corporativa\/chabaneix-abogados-referente-en-derecho-penal-se-traslada-junto-a-la-audiencia-nacional-y-tribunal-supremo\/#primaryimage\",\"url\":\"https:\/\/www.clubdelemprendimiento.com\/blog\/wp-content\/uploads\/2025\/09\/Chabaneix_julio_24-33-scaled.jpg\",\"contentUrl\":\"https:\/\/www.clubdelemprendimiento.com\/blog\/wp-content\/uploads\/2025\/09\/Chabaneix_julio_24-33-scaled.jpg\",\"width\":2560,\"height\":1703,\"caption\":\"Chabaneix Abogados, referente en derecho penal, se traslada junto a la Audiencia Nacional y Tribunal Supremo\"},{\"@type\":\"BreadcrumbList\",\"@id\":\"https:\/\/www.clubdelemprendimiento.com\/blog\/noticia-corporativa\/chabaneix-abogados-referente-en-derecho-penal-se-traslada-junto-a-la-audiencia-nacional-y-tribunal-supremo\/#breadcrumb\",\"itemListElement\":[{\"@type\":\"ListItem\",\"position\":1,\"name\":\"Home\",\"item\":\"https:\/\/www.clubdelemprendimiento.com\/blog\/\"},{\"@type\":\"ListItem\",\"position\":2,\"name\":\"Noticias Corporativas\",\"item\":\"https:\/\/www.clubdelemprendimiento.com\/blog\/noticias-corporativas\/\"},{\"@type\":\"ListItem\",\"position\":3,\"name\":\"Chabaneix Abogados, referente en derecho penal, se traslada junto a la Audiencia Nacional y Tribunal Supremo\"}]},{\"@type\":\"WebSite\",\"@id\":\"https:\/\/www.clubdelemprendimiento.com\/blog\/#website\",\"url\":\"https:\/\/www.clubdelemprendimiento.com\/blog\/\",\"name\":\"Blog Club del Emprendimiento\",\"description\":\"\",\"potentialAction\":[{\"@type\":\"SearchAction\",\"target\":{\"@type\":\"EntryPoint\",\"urlTemplate\":\"https:\/\/www.clubdelemprendimiento.com\/blog\/?s={search_term_string}\"},\"query-input\":\"required name=search_term_string\"}],\"inLanguage\":\"es\"}]}<\/script>\n<!-- \/ Yoast SEO plugin. -->","yoast_head_json":{"title":"Chabaneix Abogados, referente en derecho penal, se traslada junto a la Audiencia Nacional y Tribunal Supremo - Blog Club del Emprendimiento","robots":{"index":"index","follow":"follow","max-snippet":"max-snippet:-1","max-image-preview":"max-image-preview:large","max-video-preview":"max-video-preview:-1"},"canonical":"https:\/\/www.clubdelemprendimiento.com\/blog\/noticia-corporativa\/chabaneix-abogados-referente-en-derecho-penal-se-traslada-junto-a-la-audiencia-nacional-y-tribunal-supremo\/","og_locale":"es_ES","og_type":"article","og_title":"Chabaneix Abogados, referente en derecho penal, se traslada junto a la Audiencia Nacional y Tribunal Supremo - Blog Club del Emprendimiento","og_description":"El despacho, referente en derecho penal en Madrid y con amplia experiencia en extradiciones&hellip;","og_url":"https:\/\/www.clubdelemprendimiento.com\/blog\/noticia-corporativa\/chabaneix-abogados-referente-en-derecho-penal-se-traslada-junto-a-la-audiencia-nacional-y-tribunal-supremo\/","og_site_name":"Blog Club del Emprendimiento","og_image":[{"url":"https:\/\/www.clubdelemprendimiento.com\/blog\/wp-content\/uploads\/2025\/09\/Chabaneix_julio_24-33.jpg"}],"twitter_card":"summary_large_image","twitter_misc":{"Tiempo de lectura":"2 minutos"},"schema":{"@context":"https:\/\/schema.org","@graph":[{"@type":"WebPage","@id":"https:\/\/www.clubdelemprendimiento.com\/blog\/noticia-corporativa\/chabaneix-abogados-referente-en-derecho-penal-se-traslada-junto-a-la-audiencia-nacional-y-tribunal-supremo\/","url":"https:\/\/www.clubdelemprendimiento.com\/blog\/noticia-corporativa\/chabaneix-abogados-referente-en-derecho-penal-se-traslada-junto-a-la-audiencia-nacional-y-tribunal-supremo\/","name":"Chabaneix Abogados, referente en derecho penal, se traslada junto a la Audiencia Nacional y Tribunal Supremo - Blog Club del Emprendimiento","isPartOf":{"@id":"https:\/\/www.clubdelemprendimiento.com\/blog\/#website"},"primaryImageOfPage":{"@id":"https:\/\/www.clubdelemprendimiento.com\/blog\/noticia-corporativa\/chabaneix-abogados-referente-en-derecho-penal-se-traslada-junto-a-la-audiencia-nacional-y-tribunal-supremo\/#primaryimage"},"image":{"@id":"https:\/\/www.clubdelemprendimiento.com\/blog\/noticia-corporativa\/chabaneix-abogados-referente-en-derecho-penal-se-traslada-junto-a-la-audiencia-nacional-y-tribunal-supremo\/#primaryimage"},"thumbnailUrl":"https:\/\/www.clubdelemprendimiento.com\/blog\/wp-content\/uploads\/2025\/09\/Chabaneix_julio_24-33-scaled.jpg","datePublished":"2025-09-25T11:04:28+00:00","dateModified":"2025-09-25T11:04:28+00:00","breadcrumb":{"@id":"https:\/\/www.clubdelemprendimiento.com\/blog\/noticia-corporativa\/chabaneix-abogados-referente-en-derecho-penal-se-traslada-junto-a-la-audiencia-nacional-y-tribunal-supremo\/#breadcrumb"},"inLanguage":"es","potentialAction":[{"@type":"ReadAction","target":["https:\/\/www.clubdelemprendimiento.com\/blog\/noticia-corporativa\/chabaneix-abogados-referente-en-derecho-penal-se-traslada-junto-a-la-audiencia-nacional-y-tribunal-supremo\/"]}]},{"@type":"ImageObject","inLanguage":"es","@id":"https:\/\/www.clubdelemprendimiento.com\/blog\/noticia-corporativa\/chabaneix-abogados-referente-en-derecho-penal-se-traslada-junto-a-la-audiencia-nacional-y-tribunal-supremo\/#primaryimage","url":"https:\/\/www.clubdelemprendimiento.com\/blog\/wp-content\/uploads\/2025\/09\/Chabaneix_julio_24-33-scaled.jpg","contentUrl":"https:\/\/www.clubdelemprendimiento.com\/blog\/wp-content\/uploads\/2025\/09\/Chabaneix_julio_24-33-scaled.jpg","width":2560,"height":1703,"caption":"Chabaneix Abogados, referente en derecho penal, se traslada junto a la Audiencia Nacional y Tribunal Supremo"},{"@type":"BreadcrumbList","@id":"https:\/\/www.clubdelemprendimiento.com\/blog\/noticia-corporativa\/chabaneix-abogados-referente-en-derecho-penal-se-traslada-junto-a-la-audiencia-nacional-y-tribunal-supremo\/#breadcrumb","itemListElement":[{"@type":"ListItem","position":1,"name":"Home","item":"https:\/\/www.clubdelemprendimiento.com\/blog\/"},{"@type":"ListItem","position":2,"name":"Noticias Corporativas","item":"https:\/\/www.clubdelemprendimiento.com\/blog\/noticias-corporativas\/"},{"@type":"ListItem","position":3,"name":"Chabaneix Abogados, referente en derecho penal, se traslada junto a la Audiencia Nacional y Tribunal Supremo"}]},{"@type":"WebSite","@id":"https:\/\/www.clubdelemprendimiento.com\/blog\/#website","url":"https:\/\/www.clubdelemprendimiento.com\/blog\/","name":"Blog Club del Emprendimiento","description":"","potentialAction":[{"@type":"SearchAction","target":{"@type":"EntryPoint","urlTemplate":"https:\/\/www.clubdelemprendimiento.com\/blog\/?s={search_term_string}"},"query-input":"required name=search_term_string"}],"inLanguage":"es"}]}},"_links":{"self":[{"href":"https:\/\/www.clubdelemprendimiento.com\/blog\/wp-json\/wp\/v2\/noticia-corporativa\/21908"}],"collection":[{"href":"https:\/\/www.clubdelemprendimiento.com\/blog\/wp-json\/wp\/v2\/noticia-corporativa"}],"about":[{"href":"https:\/\/www.clubdelemprendimiento.com\/blog\/wp-json\/wp\/v2\/types\/noticia-corporativa"}],"wp:featuredmedia":[{"embeddable":true,"href":"https:\/\/www.clubdelemprendimiento.com\/blog\/wp-json\/wp\/v2\/media\/21909"}],"wp:attachment":[{"href":"https:\/\/www.clubdelemprendimiento.com\/blog\/wp-json\/wp\/v2\/media?parent=21908"}],"curies":[{"name":"wp","href":"https:\/\/api.w.org\/{rel}","templated":true}]}}