{"id":21900,"date":"2025-09-25T09:00:40","date_gmt":"2025-09-25T09:00:40","guid":{"rendered":"https:\/\/www.clubdelemprendimiento.com\/blog\/noticia-corporativa\/bodegas-obergo-finaliza-la-vendimia-2025-las-ultimas-uvas-seran-las-cabernet-sauvignon-y-garnacha\/"},"modified":"2025-09-25T09:00:40","modified_gmt":"2025-09-25T09:00:40","slug":"bodegas-obergo-finaliza-la-vendimia-2025-las-ultimas-uvas-seran-las-cabernet-sauvignon-y-garnacha","status":"publish","type":"noticia-corporativa","link":"https:\/\/www.clubdelemprendimiento.com\/blog\/noticia-corporativa\/bodegas-obergo-finaliza-la-vendimia-2025-las-ultimas-uvas-seran-las-cabernet-sauvignon-y-garnacha\/","title":{"rendered":"Bodegas Obergo finaliza la vendimia 2025: las \u00faltimas uvas ser\u00e1n las Cabernet Sauvignon y Garnacha"},"content":{"rendered":"<div>\n<p><a href=\"https:\/\/www.clubdelemprendimiento.com\/blog\/wp-content\/uploads\/2025\/09\/Bodegas_Obergo_finaliza_la_vendimia_2025.jpg\" target=\"_blank\" class=\"fotonota\" rel=\"noopener\"> <img decoding=\"async\" src=\"https:\/\/www.clubdelemprendimiento.com\/blog\/wp-content\/uploads\/2025\/09\/Bodegas_Obergo_finaliza_la_vendimia_2025.jpg\" style=\"max-width:600px;\" border=\"0\" class=\"postImage\" alt=\"\"><\/a><\/p>\n<p>La bodega familiar de la D.O.P. Somontano concluye la vendimia 2025 con la cosecha de la uva Cabernet Sauvignon, una de las variedades m\u00e1s representativas de la zona, y la uva Garnacha, procedentes de los vi\u00f1edos situados en el Valle de Secastilla<\/p>\n<p><\/p>\n<p><strong>Bodegas Obergo<\/strong>, una de las principales bodegas del Somontano, se aproxima al fin de su vendimia 2025 con la recolecci\u00f3n de las \u00faltimas uvas <a href=\"https:\/\/www.obergo.es\/cabernet-sauvignon-somontano.php\" rel=\"nofollow\"><strong>Cabernet Sauvignon Somontano<\/strong><\/a> y Garnacha provenientes de la parte m\u00e1s alta de sus vi\u00f1edos en el Valle de Secastilla. La vendimia en la bodega se caracteriza por un enfoque adaptado a la climatolog\u00eda de cada a\u00f1o, y, al igual que en otras cosechas, los \u00faltimos racimos en ser recolectados corresponden a estas variedades que requieren m\u00e1s tiempo para alcanzar su maduraci\u00f3n \u00f3ptima.<\/p>\n<p><strong>Intensidad y car\u00e1cter<\/strong><br \/>\nLa <strong>uva Cabernet Sauvignon es conocida<\/strong> por su intensidad, su estructura y su capacidad para ofrecer vinos complejos y de gran calidad. Su cosecha es siempre un momento esperado por el equipo de en\u00f3logos de la empresa, quienes se aseguran de que las uvas se recojan en el momento exacto en que su potencial de maduraci\u00f3n se encuentra en su punto m\u00e1s \u00f3ptimo.<\/p>\n<p>Adem\u00e1s, la <strong>Cabernet Sauvignon Somontano<\/strong> es una de las variedades m\u00e1s destacadas dentro del portfolio de <strong>Bodegas Obergo<\/strong>. Su proceso de vinificaci\u00f3n requiere un control riguroso desde la recolecci\u00f3n hasta la fermentaci\u00f3n, lo que permite obtener un vino de gran cuerpo, con una expresi\u00f3n intensa de frutas negras y notas especiadas. Este vino, que madura en barricas de roble americano y franc\u00e9s, ofrece una complejidad que lo convierte en una excelente opci\u00f3n para maridar con carnes rojas, platos especiados y quesos curados.<\/p>\n<p>Por otro lado, las condiciones clim\u00e1ticas del Somontano, con su altitud y la marcada diferencia de temperaturas entre el d\u00eda y la noche, son ideales para la maduraci\u00f3n de esta variedad. El resultado es un vino con gran concentraci\u00f3n de aromas y sabores, con una estructura t\u00e1nica equilibrada y un final largo y persistente.<\/p>\n<p><strong>La Garnacha del Valle de Secastilla, una joya de la altitud<\/strong><br \/>\nPor otro lado, la uva <strong>Garnacha<\/strong> que proviene de los vi\u00f1edos situados en el Valle de Secastilla, a una altitud superior, tambi\u00e9n son una de las \u00faltimas en ser cosechadas. Estas uvas, que requieren m\u00e1s tiempo para madurar debido a las condiciones m\u00e1s frescas de la zona, son seleccionadas cuidadosamente para asegurar que cada racimo se recoja en su punto ideal de maduraci\u00f3n. La altitud a la que se encuentran estos vi\u00f1edos aporta una frescura adicional a las uvas, lo que se traduce en vinos con una acidez equilibrada y una gran frescura, caracter\u00edsticas que definen los vinos de <strong>Bodegas Obergo<\/strong>.<\/p>\n<p>La <strong>Garnacha<\/strong> del Somontano, adem\u00e1s, es una variedad que se adapta perfectamente a las condiciones de la regi\u00f3n, se cultiva con esmero para obtener vinos que destacan por su complejidad y elegancia. Esta variedad es especialmente apreciada por sus aromas afrutados y su cuerpo ligero, que la convierten en una excelente opci\u00f3n para maridar con platos mediterr\u00e1neos, arroces y tapas.<\/p>\n<p><strong>Un proceso de vendimia adaptado al clima del Somontano<\/strong><br \/>\nLa vendimia en la compa\u00f1\u00eda se realiza de manera manual, lo que permite seleccionar los mejores racimos de uvas y asegura que cada botella de vino refleje lo mejor del terroir del Somontano. A lo largo de todo el proceso, el en\u00f3logo de Bodegas Obergo se asegura de que las uvas se recojan en su punto \u00f3ptimo de maduraci\u00f3n, y que cada vino elabore una representaci\u00f3n fiel de las condiciones del a\u00f1o.<\/p>\n<p>Y es que, la ubicaci\u00f3n de los vi\u00f1edos a 700 metros de altitud y la influencia del clima del Somontano, con inviernos fr\u00edos y veranos c\u00e1lidos, favorecen una maduraci\u00f3n lenta y controlada de las uvas. Estas condiciones resultan en vinos con gran concentraci\u00f3n de aromas, una estructura equilibrada y una frescura caracter\u00edstica.<\/p>\n<p><strong>A modo de conclusi\u00f3n<\/strong><br \/>\nEl inicio de la vendimia 2025 marc\u00f3 el comienzo de un proceso que culminar\u00e1 en la creaci\u00f3n de vinos excepcionales. Las \u00faltimas uvas en ser cosechadas, como las <strong>Cabernet Sauvignon Somontano<\/strong> y <strong>Garnacha<\/strong> del Valle de Secastilla, reflejan la adaptabilidad de la bodega a las condiciones clim\u00e1ticas y su enfoque en la obtenci\u00f3n de la mejor calidad. Adem\u00e1s, con la crianza en barricas de roble y el respeto por el terru\u00f1o del Somontano, <strong>Bodegas Obergo<\/strong> contin\u00faa destac\u00e1ndose como un referente de calidad en la denominaci\u00f3n de origen protegida.<\/p>\n<\/div>\n","protected":false},"featured_media":21901,"template":"","meta":{"_acf_changed":false},"acf":[],"yoast_head":"<!-- This site is optimized with the Yoast SEO plugin v22.7 - https:\/\/yoast.com\/wordpress\/plugins\/seo\/ -->\n<title>Bodegas Obergo finaliza la vendimia 2025: las \u00faltimas uvas ser\u00e1n las Cabernet Sauvignon y Garnacha - Blog Club del Emprendimiento<\/title>\n<meta name=\"robots\" content=\"index, follow, max-snippet:-1, max-image-preview:large, max-video-preview:-1\" \/>\n<link rel=\"canonical\" href=\"https:\/\/www.clubdelemprendimiento.com\/blog\/noticia-corporativa\/bodegas-obergo-finaliza-la-vendimia-2025-las-ultimas-uvas-seran-las-cabernet-sauvignon-y-garnacha\/\" \/>\n<meta property=\"og:locale\" content=\"es_ES\" \/>\n<meta property=\"og:type\" content=\"article\" \/>\n<meta property=\"og:title\" content=\"Bodegas Obergo finaliza la vendimia 2025: las \u00faltimas uvas ser\u00e1n las Cabernet Sauvignon y Garnacha - Blog Club del Emprendimiento\" \/>\n<meta property=\"og:description\" content=\"La bodega familiar de la D.O.P. Somontano concluye la vendimia 2025 con la cosecha&hellip;\" \/>\n<meta property=\"og:url\" content=\"https:\/\/www.clubdelemprendimiento.com\/blog\/noticia-corporativa\/bodegas-obergo-finaliza-la-vendimia-2025-las-ultimas-uvas-seran-las-cabernet-sauvignon-y-garnacha\/\" \/>\n<meta property=\"og:site_name\" content=\"Blog Club del Emprendimiento\" \/>\n<meta property=\"og:image\" content=\"https:\/\/www.clubdelemprendimiento.com\/blog\/wp-content\/uploads\/2025\/09\/Bodegas_Obergo_finaliza_la_vendimia_2025.jpg\" \/>\n<meta name=\"twitter:card\" content=\"summary_large_image\" \/>\n<meta name=\"twitter:label1\" content=\"Tiempo de lectura\" \/>\n\t<meta name=\"twitter:data1\" content=\"4 minutos\" \/>\n<script type=\"application\/ld+json\" class=\"yoast-schema-graph\">{\"@context\":\"https:\/\/schema.org\",\"@graph\":[{\"@type\":\"WebPage\",\"@id\":\"https:\/\/www.clubdelemprendimiento.com\/blog\/noticia-corporativa\/bodegas-obergo-finaliza-la-vendimia-2025-las-ultimas-uvas-seran-las-cabernet-sauvignon-y-garnacha\/\",\"url\":\"https:\/\/www.clubdelemprendimiento.com\/blog\/noticia-corporativa\/bodegas-obergo-finaliza-la-vendimia-2025-las-ultimas-uvas-seran-las-cabernet-sauvignon-y-garnacha\/\",\"name\":\"Bodegas Obergo finaliza la vendimia 2025: las \u00faltimas uvas ser\u00e1n las Cabernet Sauvignon y Garnacha - Blog Club del Emprendimiento\",\"isPartOf\":{\"@id\":\"https:\/\/www.clubdelemprendimiento.com\/blog\/#website\"},\"primaryImageOfPage\":{\"@id\":\"https:\/\/www.clubdelemprendimiento.com\/blog\/noticia-corporativa\/bodegas-obergo-finaliza-la-vendimia-2025-las-ultimas-uvas-seran-las-cabernet-sauvignon-y-garnacha\/#primaryimage\"},\"image\":{\"@id\":\"https:\/\/www.clubdelemprendimiento.com\/blog\/noticia-corporativa\/bodegas-obergo-finaliza-la-vendimia-2025-las-ultimas-uvas-seran-las-cabernet-sauvignon-y-garnacha\/#primaryimage\"},\"thumbnailUrl\":\"https:\/\/www.clubdelemprendimiento.com\/blog\/wp-content\/uploads\/2025\/09\/Bodegas_Obergo_finaliza_la_vendimia_2025-scaled.jpg\",\"datePublished\":\"2025-09-25T09:00:40+00:00\",\"dateModified\":\"2025-09-25T09:00:40+00:00\",\"breadcrumb\":{\"@id\":\"https:\/\/www.clubdelemprendimiento.com\/blog\/noticia-corporativa\/bodegas-obergo-finaliza-la-vendimia-2025-las-ultimas-uvas-seran-las-cabernet-sauvignon-y-garnacha\/#breadcrumb\"},\"inLanguage\":\"es\",\"potentialAction\":[{\"@type\":\"ReadAction\",\"target\":[\"https:\/\/www.clubdelemprendimiento.com\/blog\/noticia-corporativa\/bodegas-obergo-finaliza-la-vendimia-2025-las-ultimas-uvas-seran-las-cabernet-sauvignon-y-garnacha\/\"]}]},{\"@type\":\"ImageObject\",\"inLanguage\":\"es\",\"@id\":\"https:\/\/www.clubdelemprendimiento.com\/blog\/noticia-corporativa\/bodegas-obergo-finaliza-la-vendimia-2025-las-ultimas-uvas-seran-las-cabernet-sauvignon-y-garnacha\/#primaryimage\",\"url\":\"https:\/\/www.clubdelemprendimiento.com\/blog\/wp-content\/uploads\/2025\/09\/Bodegas_Obergo_finaliza_la_vendimia_2025-scaled.jpg\",\"contentUrl\":\"https:\/\/www.clubdelemprendimiento.com\/blog\/wp-content\/uploads\/2025\/09\/Bodegas_Obergo_finaliza_la_vendimia_2025-scaled.jpg\",\"width\":2560,\"height\":1435},{\"@type\":\"BreadcrumbList\",\"@id\":\"https:\/\/www.clubdelemprendimiento.com\/blog\/noticia-corporativa\/bodegas-obergo-finaliza-la-vendimia-2025-las-ultimas-uvas-seran-las-cabernet-sauvignon-y-garnacha\/#breadcrumb\",\"itemListElement\":[{\"@type\":\"ListItem\",\"position\":1,\"name\":\"Home\",\"item\":\"https:\/\/www.clubdelemprendimiento.com\/blog\/\"},{\"@type\":\"ListItem\",\"position\":2,\"name\":\"Noticias Corporativas\",\"item\":\"https:\/\/www.clubdelemprendimiento.com\/blog\/noticias-corporativas\/\"},{\"@type\":\"ListItem\",\"position\":3,\"name\":\"Bodegas Obergo finaliza la vendimia 2025: las \u00faltimas uvas ser\u00e1n las Cabernet Sauvignon y Garnacha\"}]},{\"@type\":\"WebSite\",\"@id\":\"https:\/\/www.clubdelemprendimiento.com\/blog\/#website\",\"url\":\"https:\/\/www.clubdelemprendimiento.com\/blog\/\",\"name\":\"Blog Club del Emprendimiento\",\"description\":\"\",\"potentialAction\":[{\"@type\":\"SearchAction\",\"target\":{\"@type\":\"EntryPoint\",\"urlTemplate\":\"https:\/\/www.clubdelemprendimiento.com\/blog\/?s={search_term_string}\"},\"query-input\":\"required name=search_term_string\"}],\"inLanguage\":\"es\"}]}<\/script>\n<!-- \/ Yoast SEO plugin. -->","yoast_head_json":{"title":"Bodegas Obergo finaliza la vendimia 2025: las \u00faltimas uvas ser\u00e1n las Cabernet Sauvignon y Garnacha - Blog Club del Emprendimiento","robots":{"index":"index","follow":"follow","max-snippet":"max-snippet:-1","max-image-preview":"max-image-preview:large","max-video-preview":"max-video-preview:-1"},"canonical":"https:\/\/www.clubdelemprendimiento.com\/blog\/noticia-corporativa\/bodegas-obergo-finaliza-la-vendimia-2025-las-ultimas-uvas-seran-las-cabernet-sauvignon-y-garnacha\/","og_locale":"es_ES","og_type":"article","og_title":"Bodegas Obergo finaliza la vendimia 2025: las \u00faltimas uvas ser\u00e1n las Cabernet Sauvignon y Garnacha - Blog Club del Emprendimiento","og_description":"La bodega familiar de la D.O.P. Somontano concluye la vendimia 2025 con la cosecha&hellip;","og_url":"https:\/\/www.clubdelemprendimiento.com\/blog\/noticia-corporativa\/bodegas-obergo-finaliza-la-vendimia-2025-las-ultimas-uvas-seran-las-cabernet-sauvignon-y-garnacha\/","og_site_name":"Blog Club del Emprendimiento","og_image":[{"url":"https:\/\/www.clubdelemprendimiento.com\/blog\/wp-content\/uploads\/2025\/09\/Bodegas_Obergo_finaliza_la_vendimia_2025.jpg"}],"twitter_card":"summary_large_image","twitter_misc":{"Tiempo de lectura":"4 minutos"},"schema":{"@context":"https:\/\/schema.org","@graph":[{"@type":"WebPage","@id":"https:\/\/www.clubdelemprendimiento.com\/blog\/noticia-corporativa\/bodegas-obergo-finaliza-la-vendimia-2025-las-ultimas-uvas-seran-las-cabernet-sauvignon-y-garnacha\/","url":"https:\/\/www.clubdelemprendimiento.com\/blog\/noticia-corporativa\/bodegas-obergo-finaliza-la-vendimia-2025-las-ultimas-uvas-seran-las-cabernet-sauvignon-y-garnacha\/","name":"Bodegas Obergo finaliza la vendimia 2025: las \u00faltimas uvas ser\u00e1n las Cabernet Sauvignon y Garnacha - Blog Club del Emprendimiento","isPartOf":{"@id":"https:\/\/www.clubdelemprendimiento.com\/blog\/#website"},"primaryImageOfPage":{"@id":"https:\/\/www.clubdelemprendimiento.com\/blog\/noticia-corporativa\/bodegas-obergo-finaliza-la-vendimia-2025-las-ultimas-uvas-seran-las-cabernet-sauvignon-y-garnacha\/#primaryimage"},"image":{"@id":"https:\/\/www.clubdelemprendimiento.com\/blog\/noticia-corporativa\/bodegas-obergo-finaliza-la-vendimia-2025-las-ultimas-uvas-seran-las-cabernet-sauvignon-y-garnacha\/#primaryimage"},"thumbnailUrl":"https:\/\/www.clubdelemprendimiento.com\/blog\/wp-content\/uploads\/2025\/09\/Bodegas_Obergo_finaliza_la_vendimia_2025-scaled.jpg","datePublished":"2025-09-25T09:00:40+00:00","dateModified":"2025-09-25T09:00:40+00:00","breadcrumb":{"@id":"https:\/\/www.clubdelemprendimiento.com\/blog\/noticia-corporativa\/bodegas-obergo-finaliza-la-vendimia-2025-las-ultimas-uvas-seran-las-cabernet-sauvignon-y-garnacha\/#breadcrumb"},"inLanguage":"es","potentialAction":[{"@type":"ReadAction","target":["https:\/\/www.clubdelemprendimiento.com\/blog\/noticia-corporativa\/bodegas-obergo-finaliza-la-vendimia-2025-las-ultimas-uvas-seran-las-cabernet-sauvignon-y-garnacha\/"]}]},{"@type":"ImageObject","inLanguage":"es","@id":"https:\/\/www.clubdelemprendimiento.com\/blog\/noticia-corporativa\/bodegas-obergo-finaliza-la-vendimia-2025-las-ultimas-uvas-seran-las-cabernet-sauvignon-y-garnacha\/#primaryimage","url":"https:\/\/www.clubdelemprendimiento.com\/blog\/wp-content\/uploads\/2025\/09\/Bodegas_Obergo_finaliza_la_vendimia_2025-scaled.jpg","contentUrl":"https:\/\/www.clubdelemprendimiento.com\/blog\/wp-content\/uploads\/2025\/09\/Bodegas_Obergo_finaliza_la_vendimia_2025-scaled.jpg","width":2560,"height":1435},{"@type":"BreadcrumbList","@id":"https:\/\/www.clubdelemprendimiento.com\/blog\/noticia-corporativa\/bodegas-obergo-finaliza-la-vendimia-2025-las-ultimas-uvas-seran-las-cabernet-sauvignon-y-garnacha\/#breadcrumb","itemListElement":[{"@type":"ListItem","position":1,"name":"Home","item":"https:\/\/www.clubdelemprendimiento.com\/blog\/"},{"@type":"ListItem","position":2,"name":"Noticias Corporativas","item":"https:\/\/www.clubdelemprendimiento.com\/blog\/noticias-corporativas\/"},{"@type":"ListItem","position":3,"name":"Bodegas Obergo finaliza la vendimia 2025: las \u00faltimas uvas ser\u00e1n las Cabernet Sauvignon y Garnacha"}]},{"@type":"WebSite","@id":"https:\/\/www.clubdelemprendimiento.com\/blog\/#website","url":"https:\/\/www.clubdelemprendimiento.com\/blog\/","name":"Blog Club del Emprendimiento","description":"","potentialAction":[{"@type":"SearchAction","target":{"@type":"EntryPoint","urlTemplate":"https:\/\/www.clubdelemprendimiento.com\/blog\/?s={search_term_string}"},"query-input":"required name=search_term_string"}],"inLanguage":"es"}]}},"_links":{"self":[{"href":"https:\/\/www.clubdelemprendimiento.com\/blog\/wp-json\/wp\/v2\/noticia-corporativa\/21900"}],"collection":[{"href":"https:\/\/www.clubdelemprendimiento.com\/blog\/wp-json\/wp\/v2\/noticia-corporativa"}],"about":[{"href":"https:\/\/www.clubdelemprendimiento.com\/blog\/wp-json\/wp\/v2\/types\/noticia-corporativa"}],"wp:featuredmedia":[{"embeddable":true,"href":"https:\/\/www.clubdelemprendimiento.com\/blog\/wp-json\/wp\/v2\/media\/21901"}],"wp:attachment":[{"href":"https:\/\/www.clubdelemprendimiento.com\/blog\/wp-json\/wp\/v2\/media?parent=21900"}],"curies":[{"name":"wp","href":"https:\/\/api.w.org\/{rel}","templated":true}]}}