{"id":21879,"date":"2025-09-24T16:05:42","date_gmt":"2025-09-24T16:05:42","guid":{"rendered":"https:\/\/www.clubdelemprendimiento.com\/blog\/noticia-corporativa\/la-fundacion-adecco-conmemora-15-anos-en-navarra-impulsando-la-inclusion-social-y-laboral-de-las-personas-que-lo-tienen-mas-dificil\/"},"modified":"2025-09-24T16:05:42","modified_gmt":"2025-09-24T16:05:42","slug":"la-fundacion-adecco-conmemora-15-anos-en-navarra-impulsando-la-inclusion-social-y-laboral-de-las-personas-que-lo-tienen-mas-dificil","status":"publish","type":"noticia-corporativa","link":"https:\/\/www.clubdelemprendimiento.com\/blog\/noticia-corporativa\/la-fundacion-adecco-conmemora-15-anos-en-navarra-impulsando-la-inclusion-social-y-laboral-de-las-personas-que-lo-tienen-mas-dificil\/","title":{"rendered":"La Fundaci\u00f3n Adecco conmemora 15 a\u00f1os en Navarra impulsando la inclusi\u00f3n social y laboral de las personas que lo tienen m\u00e1s dif\u00edcil"},"content":{"rendered":"<div>\n<p><a href=\"https:\/\/www.clubdelemprendimiento.com\/blog\/wp-content\/uploads\/2025\/09\/Aniversario_Navarra_FA.jpg\" target=\"_blank\" class=\"fotonota\" rel=\"noopener\"> <img decoding=\"async\" src=\"https:\/\/www.clubdelemprendimiento.com\/blog\/wp-content\/uploads\/2025\/09\/Aniversario_Navarra_FA.jpg\" style=\"max-width:600px;\" border=\"0\" class=\"postImage\" alt=\"\"><\/a><\/p>\n<p>Durante estos a\u00f1os la Fundaci\u00f3n Adecco ha realizado m\u00e1s de 9.000 acciones de acompa\u00f1amiento a personas en situaci\u00f3n de vulnerabilidad, generando 2.673 empleos para ellas<\/p>\n<p><\/p>\n<p>La Fundaci\u00f3n Adecco ha celebrado, en la sede de la <strong>Confederaci\u00f3n Empresarial de Navarra (CEN)<\/strong>, el acto conmemorativo de su <strong>15\u00ba aniversario en la Comunidad Foral<\/strong>, una cita a la que han asistido empresas colaboradoras y representantes institucionales. La jornada ha puesto en valor el impacto alcanzado durante estos quince a\u00f1os y ha reforzado la importancia de las alianzas para seguir impulsando la inclusi\u00f3n social y laboral de las personas que lo tienen m\u00e1s dif\u00edcil.<\/p>\n<p><strong>Alianzas y prop\u00f3sito: voces en el 15\u00ba aniversario de la Fundaci\u00f3n Adecco en Navarra<\/strong><br \/>\nLa sesi\u00f3n ha comenzado con la intervenci\u00f3n de <strong>M\u00aa Carmen Maeztu Villafranca<\/strong>, <strong>consejera de Derechos Sociales, Econom\u00eda Social y Empleo<\/strong>, quien ha reconocido la labor de la Fundaci\u00f3n Adecco y el papel tractor de la colaboraci\u00f3n p\u00fablico-privada:\u00a0\u00abQuiero manifestar mi agradecimiento a la Fundaci\u00f3n Adecco por su compromiso y su estrecha colaboraci\u00f3n con el Gobierno de Navarra, que se ha traducido en resultados muy concretos y palpables. En los \u00faltimos a\u00f1os, se han destinado cerca de 670.000 euros, procedentes tanto de fondos propios como de fondos europeos, al desarrollo conjunto de programas de empleo inclusivo, iniciativas dirigidas a mujeres en entornos rurales y urbanos, as\u00ed como proyectos territoriales que buscan dar respuesta a las necesidades de las personas m\u00e1s vulnerables. Esta inversi\u00f3n demuestra el compromiso compartido de avanzar hacia una sociedad m\u00e1s cohesionada y justa. Gracias a vuestro trabajo, muchas personas que encontraban serias dificultades para acceder al mercado laboral han podido mejorar sus oportunidades, avanzar en su autonom\u00eda y participar de forma activa en la vida social y econ\u00f3mica de esta\u00a0tierra\u00bb.<\/p>\n<p>A continuaci\u00f3n, ha intervenido<strong> Carlos Fern\u00e1ndez Valdivielso, secretario general\u00a0de la CEN,<\/strong> quien ha reconocido la labor de la Fundaci\u00f3n Adecco durante estos 15 a\u00f1os:<\/p>\n<p>\u00abHoy queremos poner en valor la extraordinaria labor que desarrolla la Fundaci\u00f3n Adecco, un referente en el impulso de la inclusi\u00f3n laboral y la igualdad de oportunidades. Su trabajo, siempre cercano y profesional, no solo contribuye a mejorar la vida de muchas personas, sino que tambi\u00e9n ayuda a las empresas a avanzar en sus pol\u00edticas de responsabilidad social y en la construcci\u00f3n de entornos m\u00e1s diversos y sostenibles. La alianza con la Fundaci\u00f3n Adecco es, sin duda, un ejemplo de c\u00f3mo la colaboraci\u00f3n entre entidades sociales y el tejido empresarial puede generar un impacto positivo y duradero en la sociedad\u00bb.<\/p>\n<p>Posteriormente, <strong>Marta Basterra, directora regional de la Fundaci\u00f3n Adecco en Navarra desde su nacimiento en 2010<\/strong>, ha repasado los momentos clave de estos 15 a\u00f1os:<\/p>\n<p>\u00abEn este tiempo hemos generado 2.673 empleos gracias a itinerarios personalizados de inclusi\u00f3n laboral y a alianzas s\u00f3lidas con las empresas y la Administraci\u00f3n P\u00fablica. Muchas gracias a todas ellas porque, sin vuestra colaboraci\u00f3n, nuestra misi\u00f3n social no podr\u00eda materializarse. Juntos, hemos logrado romper barreras y dar oportunidades reales a personas que part\u00edan de situaciones muy complicadas, generando as\u00ed un mercado laboral m\u00e1s justo, ecu\u00e1nime e inclusivo.\u00a0 Sin embargo, el reto por delante sigue siendo de gran magnitud\u00bb.<\/p>\n<p>En este sentido, Basterra ha subrayado que: \u00abNavarra siempre ha destacado por sus buenos indicadores de cohesi\u00f3n social, pero en los \u00faltimos a\u00f1os la situaci\u00f3n tiende a complicarse. En 2019 la tasa AROPE (personas en riesgo de pobreza o exclusi\u00f3n) era del 11,7% -la m\u00e1s baja del pa\u00eds- y en 2024 ha alcanzado el 17,7%. Es un aumento de 6 puntos, muy por encima del incremento nacional, que apenas ha sido de 0,8. Esto significa que, aunque seguimos teniendo mejores indicadores que otras comunidades, la desigualdad crece con m\u00e1s rapidez aqu\u00ed, y cada vez se abre m\u00e1s la brecha entre quienes m\u00e1s tienen y quienes menos. En este escenario, las personas con discapacidad, los mayores de 45 a\u00f1os en desempleo de larga duraci\u00f3n o las mujeres en situaci\u00f3n de especial vulnerabilidad son quienes m\u00e1s riesgo afrontan. Solo de la mano de las empresas y de las instituciones p\u00fablicas podremos evitar que esta brecha siga creciendo y convertir la ilusi\u00f3n en oportunidades, y las oportunidades en empleo real. Sin ese compromiso com\u00fan, la inclusi\u00f3n se queda en palabras; con \u00e9l, cambia vidas.\u00bb, ha explicado.<\/p>\n<p>El enfoque estrat\u00e9gico de futuro se ha abordado en la ponencia de <strong>Pablo Garc\u00eda Mench\u00e9n<\/strong>, director de Comunicaci\u00f3n de la Fundaci\u00f3n Adecco, quien ha centrado su intervenci\u00f3n en la importancia de perseguir el prop\u00f3sito y el bien com\u00fan: \u00abHemos constatado que, en un momento de creciente polarizaci\u00f3n, los valores humanos fundamentales deben ser la br\u00fajula que gu\u00ede nuestras decisiones, m\u00e1s all\u00e1 del ruido ideol\u00f3gico. Solo as\u00ed podremos avanzar hacia un empleo verdaderamente sostenible y con prop\u00f3sito: un empleo que impulse el desarrollo humano y social, que refuerce la competitividad de las empresas y que contribuya al crecimiento econ\u00f3mico, garantizando la participaci\u00f3n de quienes suelen quedar al margen\u00bb, ha destacado.<\/p>\n<p>El encuentro ha concluido con el testimonio de <strong>Javi Mart\u00edn, embajador de la Fundaci\u00f3n Adecco que fue diagnosticado con trastorno bipolar<\/strong>, y que ha compartido una reflexi\u00f3n sobre salud mental y empleo: \u00abLos entornos laborales inclusivos han sido clave para que muchas personas con dificultades hayan recuperado su confianza y hayan encontrado un lugar en el que sentirse valorados. Las empresas han demostrado que, cuando valoran la diversidad de sus equipos, mejoran el clima, la productividad y el bienestar de la plantilla\u00bb.<\/p>\n<p><strong>15 a\u00f1os de inclusi\u00f3n en Navarra<\/strong><br \/>\nLa Fundaci\u00f3n Adecco abri\u00f3 su delegaci\u00f3n de Pamplona en 2010, 11 a\u00f1os despu\u00e9s del nacimiento de la entidad, en 1999, para acercar su misi\u00f3n al tejido social y empresarial navarro. Desde entonces, ha consolidado un equipo especializado que ha acompa\u00f1ado itinerarios de inclusi\u00f3n, ha impulsado programas de orientaci\u00f3n y formaci\u00f3n adaptados a cada persona y ha tejido alianzas estables con empresas, administraciones y entidades sociales de la Comunidad Foral. Con esta presencia territorial, la Fundaci\u00f3n Adecco ha reforzado la sensibilizaci\u00f3n sobre diversidad, equidad e inclusi\u00f3n (DEI), ha promovido entornos laborales m\u00e1s accesibles e inclusivos y ha conectado talento y oportunidades con un objetivo claro: que ninguna persona quede fuera del mercado de trabajo por raz\u00f3n de edad, discapacidad o cualquier otra etiqueta.<\/p>\n<p>Desde su nacimiento en 2010, la Fundaci\u00f3n Adecco en Navarra ha realizado <strong>m\u00e1s de 9.000 acciones de acompa\u00f1amiento dirigidas a personas en situaci\u00f3n de vulnerabilidad, generando 2673 empleos para ellas:<\/strong> con discapacidad, mayores de 45 a\u00f1os desempleados de larga duraci\u00f3n, mujeres con responsabilidades familiares no compartidas y\/o v\u00edctimas de la violencia de g\u00e9nero y otras personas en riesgo de exclusi\u00f3n social.<\/p>\n<\/div>\n","protected":false},"featured_media":21880,"template":"","meta":{"_acf_changed":false},"acf":[],"yoast_head":"<!-- This site is optimized with the Yoast SEO plugin v22.7 - https:\/\/yoast.com\/wordpress\/plugins\/seo\/ -->\n<title>La Fundaci\u00f3n Adecco conmemora 15 a\u00f1os en Navarra impulsando la inclusi\u00f3n social y laboral de las personas que lo tienen m\u00e1s dif\u00edcil - Blog Club del Emprendimiento<\/title>\n<meta name=\"robots\" content=\"index, follow, max-snippet:-1, max-image-preview:large, max-video-preview:-1\" \/>\n<link rel=\"canonical\" href=\"https:\/\/www.clubdelemprendimiento.com\/blog\/noticia-corporativa\/la-fundacion-adecco-conmemora-15-anos-en-navarra-impulsando-la-inclusion-social-y-laboral-de-las-personas-que-lo-tienen-mas-dificil\/\" \/>\n<meta property=\"og:locale\" content=\"es_ES\" \/>\n<meta property=\"og:type\" content=\"article\" \/>\n<meta property=\"og:title\" content=\"La Fundaci\u00f3n Adecco conmemora 15 a\u00f1os en Navarra impulsando la inclusi\u00f3n social y laboral de las personas que lo tienen m\u00e1s dif\u00edcil - Blog Club del Emprendimiento\" \/>\n<meta property=\"og:description\" content=\"Durante estos a\u00f1os la Fundaci\u00f3n Adecco ha realizado m\u00e1s de 9.000 acciones de acompa\u00f1amiento&hellip;\" \/>\n<meta property=\"og:url\" content=\"https:\/\/www.clubdelemprendimiento.com\/blog\/noticia-corporativa\/la-fundacion-adecco-conmemora-15-anos-en-navarra-impulsando-la-inclusion-social-y-laboral-de-las-personas-que-lo-tienen-mas-dificil\/\" \/>\n<meta property=\"og:site_name\" content=\"Blog Club del Emprendimiento\" \/>\n<meta property=\"og:image\" content=\"https:\/\/www.clubdelemprendimiento.com\/blog\/wp-content\/uploads\/2025\/09\/Aniversario_Navarra_FA.jpg\" \/>\n<meta name=\"twitter:card\" content=\"summary_large_image\" \/>\n<meta name=\"twitter:label1\" content=\"Tiempo de lectura\" \/>\n\t<meta name=\"twitter:data1\" content=\"6 minutos\" \/>\n<script type=\"application\/ld+json\" class=\"yoast-schema-graph\">{\"@context\":\"https:\/\/schema.org\",\"@graph\":[{\"@type\":\"WebPage\",\"@id\":\"https:\/\/www.clubdelemprendimiento.com\/blog\/noticia-corporativa\/la-fundacion-adecco-conmemora-15-anos-en-navarra-impulsando-la-inclusion-social-y-laboral-de-las-personas-que-lo-tienen-mas-dificil\/\",\"url\":\"https:\/\/www.clubdelemprendimiento.com\/blog\/noticia-corporativa\/la-fundacion-adecco-conmemora-15-anos-en-navarra-impulsando-la-inclusion-social-y-laboral-de-las-personas-que-lo-tienen-mas-dificil\/\",\"name\":\"La Fundaci\u00f3n Adecco conmemora 15 a\u00f1os en Navarra impulsando la inclusi\u00f3n social y laboral de las personas que lo tienen m\u00e1s dif\u00edcil - Blog Club del Emprendimiento\",\"isPartOf\":{\"@id\":\"https:\/\/www.clubdelemprendimiento.com\/blog\/#website\"},\"primaryImageOfPage\":{\"@id\":\"https:\/\/www.clubdelemprendimiento.com\/blog\/noticia-corporativa\/la-fundacion-adecco-conmemora-15-anos-en-navarra-impulsando-la-inclusion-social-y-laboral-de-las-personas-que-lo-tienen-mas-dificil\/#primaryimage\"},\"image\":{\"@id\":\"https:\/\/www.clubdelemprendimiento.com\/blog\/noticia-corporativa\/la-fundacion-adecco-conmemora-15-anos-en-navarra-impulsando-la-inclusion-social-y-laboral-de-las-personas-que-lo-tienen-mas-dificil\/#primaryimage\"},\"thumbnailUrl\":\"https:\/\/www.clubdelemprendimiento.com\/blog\/wp-content\/uploads\/2025\/09\/Aniversario_Navarra_FA-scaled.jpg\",\"datePublished\":\"2025-09-24T16:05:42+00:00\",\"dateModified\":\"2025-09-24T16:05:42+00:00\",\"breadcrumb\":{\"@id\":\"https:\/\/www.clubdelemprendimiento.com\/blog\/noticia-corporativa\/la-fundacion-adecco-conmemora-15-anos-en-navarra-impulsando-la-inclusion-social-y-laboral-de-las-personas-que-lo-tienen-mas-dificil\/#breadcrumb\"},\"inLanguage\":\"es\",\"potentialAction\":[{\"@type\":\"ReadAction\",\"target\":[\"https:\/\/www.clubdelemprendimiento.com\/blog\/noticia-corporativa\/la-fundacion-adecco-conmemora-15-anos-en-navarra-impulsando-la-inclusion-social-y-laboral-de-las-personas-que-lo-tienen-mas-dificil\/\"]}]},{\"@type\":\"ImageObject\",\"inLanguage\":\"es\",\"@id\":\"https:\/\/www.clubdelemprendimiento.com\/blog\/noticia-corporativa\/la-fundacion-adecco-conmemora-15-anos-en-navarra-impulsando-la-inclusion-social-y-laboral-de-las-personas-que-lo-tienen-mas-dificil\/#primaryimage\",\"url\":\"https:\/\/www.clubdelemprendimiento.com\/blog\/wp-content\/uploads\/2025\/09\/Aniversario_Navarra_FA-scaled.jpg\",\"contentUrl\":\"https:\/\/www.clubdelemprendimiento.com\/blog\/wp-content\/uploads\/2025\/09\/Aniversario_Navarra_FA-scaled.jpg\",\"width\":2560,\"height\":1707},{\"@type\":\"BreadcrumbList\",\"@id\":\"https:\/\/www.clubdelemprendimiento.com\/blog\/noticia-corporativa\/la-fundacion-adecco-conmemora-15-anos-en-navarra-impulsando-la-inclusion-social-y-laboral-de-las-personas-que-lo-tienen-mas-dificil\/#breadcrumb\",\"itemListElement\":[{\"@type\":\"ListItem\",\"position\":1,\"name\":\"Home\",\"item\":\"https:\/\/www.clubdelemprendimiento.com\/blog\/\"},{\"@type\":\"ListItem\",\"position\":2,\"name\":\"Noticias Corporativas\",\"item\":\"https:\/\/www.clubdelemprendimiento.com\/blog\/noticias-corporativas\/\"},{\"@type\":\"ListItem\",\"position\":3,\"name\":\"La Fundaci\u00f3n Adecco conmemora 15 a\u00f1os en Navarra impulsando la inclusi\u00f3n social y laboral de las personas que lo tienen m\u00e1s dif\u00edcil\"}]},{\"@type\":\"WebSite\",\"@id\":\"https:\/\/www.clubdelemprendimiento.com\/blog\/#website\",\"url\":\"https:\/\/www.clubdelemprendimiento.com\/blog\/\",\"name\":\"Blog Club del Emprendimiento\",\"description\":\"\",\"potentialAction\":[{\"@type\":\"SearchAction\",\"target\":{\"@type\":\"EntryPoint\",\"urlTemplate\":\"https:\/\/www.clubdelemprendimiento.com\/blog\/?s={search_term_string}\"},\"query-input\":\"required name=search_term_string\"}],\"inLanguage\":\"es\"}]}<\/script>\n<!-- \/ Yoast SEO plugin. -->","yoast_head_json":{"title":"La Fundaci\u00f3n Adecco conmemora 15 a\u00f1os en Navarra impulsando la inclusi\u00f3n social y laboral de las personas que lo tienen m\u00e1s dif\u00edcil - Blog Club del Emprendimiento","robots":{"index":"index","follow":"follow","max-snippet":"max-snippet:-1","max-image-preview":"max-image-preview:large","max-video-preview":"max-video-preview:-1"},"canonical":"https:\/\/www.clubdelemprendimiento.com\/blog\/noticia-corporativa\/la-fundacion-adecco-conmemora-15-anos-en-navarra-impulsando-la-inclusion-social-y-laboral-de-las-personas-que-lo-tienen-mas-dificil\/","og_locale":"es_ES","og_type":"article","og_title":"La Fundaci\u00f3n Adecco conmemora 15 a\u00f1os en Navarra impulsando la inclusi\u00f3n social y laboral de las personas que lo tienen m\u00e1s dif\u00edcil - Blog Club del Emprendimiento","og_description":"Durante estos a\u00f1os la Fundaci\u00f3n Adecco ha realizado m\u00e1s de 9.000 acciones de acompa\u00f1amiento&hellip;","og_url":"https:\/\/www.clubdelemprendimiento.com\/blog\/noticia-corporativa\/la-fundacion-adecco-conmemora-15-anos-en-navarra-impulsando-la-inclusion-social-y-laboral-de-las-personas-que-lo-tienen-mas-dificil\/","og_site_name":"Blog Club del Emprendimiento","og_image":[{"url":"https:\/\/www.clubdelemprendimiento.com\/blog\/wp-content\/uploads\/2025\/09\/Aniversario_Navarra_FA.jpg"}],"twitter_card":"summary_large_image","twitter_misc":{"Tiempo de lectura":"6 minutos"},"schema":{"@context":"https:\/\/schema.org","@graph":[{"@type":"WebPage","@id":"https:\/\/www.clubdelemprendimiento.com\/blog\/noticia-corporativa\/la-fundacion-adecco-conmemora-15-anos-en-navarra-impulsando-la-inclusion-social-y-laboral-de-las-personas-que-lo-tienen-mas-dificil\/","url":"https:\/\/www.clubdelemprendimiento.com\/blog\/noticia-corporativa\/la-fundacion-adecco-conmemora-15-anos-en-navarra-impulsando-la-inclusion-social-y-laboral-de-las-personas-que-lo-tienen-mas-dificil\/","name":"La Fundaci\u00f3n Adecco conmemora 15 a\u00f1os en Navarra impulsando la inclusi\u00f3n social y laboral de las personas que lo tienen m\u00e1s dif\u00edcil - Blog Club del Emprendimiento","isPartOf":{"@id":"https:\/\/www.clubdelemprendimiento.com\/blog\/#website"},"primaryImageOfPage":{"@id":"https:\/\/www.clubdelemprendimiento.com\/blog\/noticia-corporativa\/la-fundacion-adecco-conmemora-15-anos-en-navarra-impulsando-la-inclusion-social-y-laboral-de-las-personas-que-lo-tienen-mas-dificil\/#primaryimage"},"image":{"@id":"https:\/\/www.clubdelemprendimiento.com\/blog\/noticia-corporativa\/la-fundacion-adecco-conmemora-15-anos-en-navarra-impulsando-la-inclusion-social-y-laboral-de-las-personas-que-lo-tienen-mas-dificil\/#primaryimage"},"thumbnailUrl":"https:\/\/www.clubdelemprendimiento.com\/blog\/wp-content\/uploads\/2025\/09\/Aniversario_Navarra_FA-scaled.jpg","datePublished":"2025-09-24T16:05:42+00:00","dateModified":"2025-09-24T16:05:42+00:00","breadcrumb":{"@id":"https:\/\/www.clubdelemprendimiento.com\/blog\/noticia-corporativa\/la-fundacion-adecco-conmemora-15-anos-en-navarra-impulsando-la-inclusion-social-y-laboral-de-las-personas-que-lo-tienen-mas-dificil\/#breadcrumb"},"inLanguage":"es","potentialAction":[{"@type":"ReadAction","target":["https:\/\/www.clubdelemprendimiento.com\/blog\/noticia-corporativa\/la-fundacion-adecco-conmemora-15-anos-en-navarra-impulsando-la-inclusion-social-y-laboral-de-las-personas-que-lo-tienen-mas-dificil\/"]}]},{"@type":"ImageObject","inLanguage":"es","@id":"https:\/\/www.clubdelemprendimiento.com\/blog\/noticia-corporativa\/la-fundacion-adecco-conmemora-15-anos-en-navarra-impulsando-la-inclusion-social-y-laboral-de-las-personas-que-lo-tienen-mas-dificil\/#primaryimage","url":"https:\/\/www.clubdelemprendimiento.com\/blog\/wp-content\/uploads\/2025\/09\/Aniversario_Navarra_FA-scaled.jpg","contentUrl":"https:\/\/www.clubdelemprendimiento.com\/blog\/wp-content\/uploads\/2025\/09\/Aniversario_Navarra_FA-scaled.jpg","width":2560,"height":1707},{"@type":"BreadcrumbList","@id":"https:\/\/www.clubdelemprendimiento.com\/blog\/noticia-corporativa\/la-fundacion-adecco-conmemora-15-anos-en-navarra-impulsando-la-inclusion-social-y-laboral-de-las-personas-que-lo-tienen-mas-dificil\/#breadcrumb","itemListElement":[{"@type":"ListItem","position":1,"name":"Home","item":"https:\/\/www.clubdelemprendimiento.com\/blog\/"},{"@type":"ListItem","position":2,"name":"Noticias Corporativas","item":"https:\/\/www.clubdelemprendimiento.com\/blog\/noticias-corporativas\/"},{"@type":"ListItem","position":3,"name":"La Fundaci\u00f3n Adecco conmemora 15 a\u00f1os en Navarra impulsando la inclusi\u00f3n social y laboral de las personas que lo tienen m\u00e1s dif\u00edcil"}]},{"@type":"WebSite","@id":"https:\/\/www.clubdelemprendimiento.com\/blog\/#website","url":"https:\/\/www.clubdelemprendimiento.com\/blog\/","name":"Blog Club del Emprendimiento","description":"","potentialAction":[{"@type":"SearchAction","target":{"@type":"EntryPoint","urlTemplate":"https:\/\/www.clubdelemprendimiento.com\/blog\/?s={search_term_string}"},"query-input":"required name=search_term_string"}],"inLanguage":"es"}]}},"_links":{"self":[{"href":"https:\/\/www.clubdelemprendimiento.com\/blog\/wp-json\/wp\/v2\/noticia-corporativa\/21879"}],"collection":[{"href":"https:\/\/www.clubdelemprendimiento.com\/blog\/wp-json\/wp\/v2\/noticia-corporativa"}],"about":[{"href":"https:\/\/www.clubdelemprendimiento.com\/blog\/wp-json\/wp\/v2\/types\/noticia-corporativa"}],"wp:featuredmedia":[{"embeddable":true,"href":"https:\/\/www.clubdelemprendimiento.com\/blog\/wp-json\/wp\/v2\/media\/21880"}],"wp:attachment":[{"href":"https:\/\/www.clubdelemprendimiento.com\/blog\/wp-json\/wp\/v2\/media?parent=21879"}],"curies":[{"name":"wp","href":"https:\/\/api.w.org\/{rel}","templated":true}]}}