{"id":21875,"date":"2025-09-24T16:05:32","date_gmt":"2025-09-24T16:05:32","guid":{"rendered":"https:\/\/www.clubdelemprendimiento.com\/blog\/noticia-corporativa\/salerm-cosmetics-lanza-salerm-21-pink-edition-para-apoyar-la-investigacion-contra-el-cancer-de-mama\/"},"modified":"2025-09-24T16:05:32","modified_gmt":"2025-09-24T16:05:32","slug":"salerm-cosmetics-lanza-salerm-21-pink-edition-para-apoyar-la-investigacion-contra-el-cancer-de-mama","status":"publish","type":"noticia-corporativa","link":"https:\/\/www.clubdelemprendimiento.com\/blog\/noticia-corporativa\/salerm-cosmetics-lanza-salerm-21-pink-edition-para-apoyar-la-investigacion-contra-el-cancer-de-mama\/","title":{"rendered":"Salerm Cosmetics lanza Salerm 21 Pink Edition para apoyar la investigaci\u00f3n contra el c\u00e1ncer de mama"},"content":{"rendered":"<div>\n<p><a href=\"https:\/\/www.clubdelemprendimiento.com\/blog\/wp-content\/uploads\/2025\/09\/DSC2347_copia.jpg\" target=\"_blank\" class=\"fotonota\" rel=\"noopener\"> <img decoding=\"async\" src=\"https:\/\/www.clubdelemprendimiento.com\/blog\/wp-content\/uploads\/2025\/09\/DSC2347_copia.jpg\" style=\"max-width:600px;\" border=\"0\" class=\"postImage\" alt=\"\"><\/a><\/p>\n<p>#BellezaQueTransforma: cuando cuidar de uno mismo puede ser, al mismo tiempo, un acto de cuidado hacia los dem\u00e1s. Este 2025, en el marco del D\u00eda Mundial contra el C\u00e1ncer de Mama del pr\u00f3ximo 19 de octubre, Salerm Cosmetics presenta una nueva edici\u00f3n de su producto ic\u00f3nico m\u00e1s solidario, el Salerm 21 Pink Edition, con el objetivo de recaudar fondos para la investigaci\u00f3n cient\u00edfica contra el c\u00e1ncer y visibilizar la importancia de la detecci\u00f3n precoz<\/p>\n<p><\/p>\n<p><strong>Una colaboraci\u00f3n art\u00edstica con prop\u00f3sito<\/strong><br \/>\nLa edici\u00f3n 2025 de Salerm 21 Pink ha sido dise\u00f1ada en colaboraci\u00f3n con <strong>Elena L\u00f3pez Noia (@elenoia_)<\/strong>, ilustradora y profesora que, tras superar un linfoma, ha encontrado en el arte una herramienta para expresar sus emociones y celebrar la vida. Su propuesta creativa para esta edici\u00f3n combina ilustraciones org\u00e1nicas, colores vibrantes y mensajes de esperanza, evocando la fuerza y el renacer que acompa\u00f1an a quienes atraviesan la enfermedad.<\/p>\n<blockquote>\n<p><em>\u00abDibujar me ayuda a entenderme y a entender el mundo. Para este proyecto quise transmitir ilusi\u00f3n y resiliencia, y recordar que siempre hay motivos para seguir adelante\u00bb\u00a0<\/em>, explica <strong>Elenoia.<\/strong><\/p>\n<\/blockquote>\n<p>Acceder al video completo con Elena, <a href=\"http:\/\/youtube.com\/watch?si=6Z19Y6F6AnA20501&amp;v=dabuA1bTXl8&amp;feature=youtu.be\" rel=\"nofollow\">aqu\u00ed<\/a>.<\/p>\n<p><strong>Un producto ic\u00f3nico con causa<\/strong><br \/>\nSalerm 21 es el producto m\u00e1s emblem\u00e1tico de la marca: una mascarilla capilar sin enjuague con prote\u00ednas de seda que hidrata en profundidad, repara la fibra capilar y protege frente al calor, el sol y la humedad. <a href=\"https:\/\/www.salerm.com\/es\/salerm-21-pink-edition-by-elenoia?utm_source=press&amp;utm_term=tratamientos&amp;utm_content=salerm+21\" rel=\"nofollow\">Salerm 21 Pink Edition<\/a> mantiene su f\u00f3rmula original y suma un valor solidario: <strong>por cada unidad vendida se destinar\u00e1 1 \u20ac a la investigaci\u00f3n cient\u00edfica contra el c\u00e1ncer<\/strong>.<\/p>\n<p>Adem\u00e1s de su f\u00f3rmula de doble acci\u00f3n (con o sin aclarado) y su nueva fragancia fresca y floral con notas de bergamota, jazm\u00edn y vainilla, esta edici\u00f3n especial se convierte en un recordatorio visible del compromiso de Salerm Cosmetics con la salud y el bienestar de la sociedad.<\/p>\n<p><strong>Una iniciativa en colaboraci\u00f3n con la Fundaci\u00f3n V\u00edctor Mart\u00ednez Vicario<\/strong><br \/>\nEsta campa\u00f1a anual se lleva a cabo a trav\u00e9s de la <strong>Fundaci\u00f3n V\u00edctor Mart\u00ednez Vicario<\/strong>, creada en 2008 por la familia Mart\u00ednez Ribes para impulsar proyectos solidarios en cuatro ejes: apoyo a trabajadores y profesionales, educaci\u00f3n en el sector, sostenibilidad y financiaci\u00f3n de proyectos de investigaci\u00f3n oncol\u00f3gica. Desde 2015, la Fundaci\u00f3n colabora con instituciones como la Asociaci\u00f3n Espa\u00f1ola contra el C\u00e1ncer y el Hospital Cl\u00ednic de Barcelona, y participa activamente en programas de acompa\u00f1amiento a mujeres con c\u00e1ncer.<\/p>\n<blockquote>\n<p>\u00a0<em>\u00ab<\/em><em>Con esta campa\u00f1a se quiere\u00a0unir dos universos en un gesto \u00fanico, donde belleza y solidaridad van de la mano. Porqu\u00e9 cuidar de uno mismo puede ser, al mismo tiempo, un acto de cuidado hacia los dem\u00e1s. Esta es la magia de esta campa\u00f1a tan especial que repetimos cada a\u00f1o.<\/em> <em>Cada Pink Edition vendida es un paso m\u00e1s hacia la investigaci\u00f3n, la prevenci\u00f3n y la esperanza\u00bb<\/em>, se\u00f1ala <strong>Ana Ribes<\/strong>, presidenta de la Fundaci\u00f3n y vicepresidenta de VMV Cosmetic Group.<\/p>\n<\/blockquote>\n<p><strong>&#8216;\u00danete a Salerm 21 Pink Edition&#8217;.<\/strong><\/p>\n<p><a href=\"https:\/\/www.youtube.com\/hashtag\/bellezaquetransforma\" rel=\"nofollow\"><strong>#BellezaQueTransforma<\/strong><\/a><strong> <\/strong><\/p>\n<p class=\"mediakit\"><strong>V\u00eddeos<\/strong><br \/><a href=\"https:\/\/youtu.be\/dabuA1bTXl8?si=Lp-e1NGBKpj7ecs-\" target=\"_blank\" class=\"mediakit\" rel=\"noopener\"> Campa\u00f1a Salerm 21 Pink &amp; ELENOIA | Fundaci\u00f3n V\u00edctor Mart\u00ednez Vicario<\/a><\/p>\n<\/div>\n","protected":false},"featured_media":21876,"template":"","meta":{"_acf_changed":false},"acf":[],"yoast_head":"<!-- This site is optimized with the Yoast SEO plugin v22.7 - https:\/\/yoast.com\/wordpress\/plugins\/seo\/ -->\n<title>Salerm Cosmetics lanza Salerm 21 Pink Edition para apoyar la investigaci\u00f3n contra el c\u00e1ncer de mama - Blog Club del Emprendimiento<\/title>\n<meta name=\"robots\" content=\"index, follow, max-snippet:-1, max-image-preview:large, max-video-preview:-1\" \/>\n<link rel=\"canonical\" href=\"https:\/\/www.clubdelemprendimiento.com\/blog\/noticia-corporativa\/salerm-cosmetics-lanza-salerm-21-pink-edition-para-apoyar-la-investigacion-contra-el-cancer-de-mama\/\" \/>\n<meta property=\"og:locale\" content=\"es_ES\" \/>\n<meta property=\"og:type\" content=\"article\" \/>\n<meta property=\"og:title\" content=\"Salerm Cosmetics lanza Salerm 21 Pink Edition para apoyar la investigaci\u00f3n contra el c\u00e1ncer de mama - Blog Club del Emprendimiento\" \/>\n<meta property=\"og:description\" content=\"#BellezaQueTransforma: cuando cuidar de uno mismo puede ser, al mismo tiempo, un acto de&hellip;\" \/>\n<meta property=\"og:url\" content=\"https:\/\/www.clubdelemprendimiento.com\/blog\/noticia-corporativa\/salerm-cosmetics-lanza-salerm-21-pink-edition-para-apoyar-la-investigacion-contra-el-cancer-de-mama\/\" \/>\n<meta property=\"og:site_name\" content=\"Blog Club del Emprendimiento\" \/>\n<meta property=\"og:image\" content=\"https:\/\/www.clubdelemprendimiento.com\/blog\/wp-content\/uploads\/2025\/09\/DSC2347_copia.jpg\" \/>\n<meta name=\"twitter:card\" content=\"summary_large_image\" \/>\n<meta name=\"twitter:label1\" content=\"Tiempo de lectura\" \/>\n\t<meta name=\"twitter:data1\" content=\"3 minutos\" \/>\n<script type=\"application\/ld+json\" class=\"yoast-schema-graph\">{\"@context\":\"https:\/\/schema.org\",\"@graph\":[{\"@type\":\"WebPage\",\"@id\":\"https:\/\/www.clubdelemprendimiento.com\/blog\/noticia-corporativa\/salerm-cosmetics-lanza-salerm-21-pink-edition-para-apoyar-la-investigacion-contra-el-cancer-de-mama\/\",\"url\":\"https:\/\/www.clubdelemprendimiento.com\/blog\/noticia-corporativa\/salerm-cosmetics-lanza-salerm-21-pink-edition-para-apoyar-la-investigacion-contra-el-cancer-de-mama\/\",\"name\":\"Salerm Cosmetics lanza Salerm 21 Pink Edition para apoyar la investigaci\u00f3n contra el c\u00e1ncer de mama - Blog Club del Emprendimiento\",\"isPartOf\":{\"@id\":\"https:\/\/www.clubdelemprendimiento.com\/blog\/#website\"},\"primaryImageOfPage\":{\"@id\":\"https:\/\/www.clubdelemprendimiento.com\/blog\/noticia-corporativa\/salerm-cosmetics-lanza-salerm-21-pink-edition-para-apoyar-la-investigacion-contra-el-cancer-de-mama\/#primaryimage\"},\"image\":{\"@id\":\"https:\/\/www.clubdelemprendimiento.com\/blog\/noticia-corporativa\/salerm-cosmetics-lanza-salerm-21-pink-edition-para-apoyar-la-investigacion-contra-el-cancer-de-mama\/#primaryimage\"},\"thumbnailUrl\":\"https:\/\/www.clubdelemprendimiento.com\/blog\/wp-content\/uploads\/2025\/09\/DSC2347_copia-scaled.jpg\",\"datePublished\":\"2025-09-24T16:05:32+00:00\",\"dateModified\":\"2025-09-24T16:05:32+00:00\",\"breadcrumb\":{\"@id\":\"https:\/\/www.clubdelemprendimiento.com\/blog\/noticia-corporativa\/salerm-cosmetics-lanza-salerm-21-pink-edition-para-apoyar-la-investigacion-contra-el-cancer-de-mama\/#breadcrumb\"},\"inLanguage\":\"es\",\"potentialAction\":[{\"@type\":\"ReadAction\",\"target\":[\"https:\/\/www.clubdelemprendimiento.com\/blog\/noticia-corporativa\/salerm-cosmetics-lanza-salerm-21-pink-edition-para-apoyar-la-investigacion-contra-el-cancer-de-mama\/\"]}]},{\"@type\":\"ImageObject\",\"inLanguage\":\"es\",\"@id\":\"https:\/\/www.clubdelemprendimiento.com\/blog\/noticia-corporativa\/salerm-cosmetics-lanza-salerm-21-pink-edition-para-apoyar-la-investigacion-contra-el-cancer-de-mama\/#primaryimage\",\"url\":\"https:\/\/www.clubdelemprendimiento.com\/blog\/wp-content\/uploads\/2025\/09\/DSC2347_copia-scaled.jpg\",\"contentUrl\":\"https:\/\/www.clubdelemprendimiento.com\/blog\/wp-content\/uploads\/2025\/09\/DSC2347_copia-scaled.jpg\",\"width\":2560,\"height\":1707},{\"@type\":\"BreadcrumbList\",\"@id\":\"https:\/\/www.clubdelemprendimiento.com\/blog\/noticia-corporativa\/salerm-cosmetics-lanza-salerm-21-pink-edition-para-apoyar-la-investigacion-contra-el-cancer-de-mama\/#breadcrumb\",\"itemListElement\":[{\"@type\":\"ListItem\",\"position\":1,\"name\":\"Home\",\"item\":\"https:\/\/www.clubdelemprendimiento.com\/blog\/\"},{\"@type\":\"ListItem\",\"position\":2,\"name\":\"Noticias Corporativas\",\"item\":\"https:\/\/www.clubdelemprendimiento.com\/blog\/noticias-corporativas\/\"},{\"@type\":\"ListItem\",\"position\":3,\"name\":\"Salerm Cosmetics lanza Salerm 21 Pink Edition para apoyar la investigaci\u00f3n contra el c\u00e1ncer de mama\"}]},{\"@type\":\"WebSite\",\"@id\":\"https:\/\/www.clubdelemprendimiento.com\/blog\/#website\",\"url\":\"https:\/\/www.clubdelemprendimiento.com\/blog\/\",\"name\":\"Blog Club del Emprendimiento\",\"description\":\"\",\"potentialAction\":[{\"@type\":\"SearchAction\",\"target\":{\"@type\":\"EntryPoint\",\"urlTemplate\":\"https:\/\/www.clubdelemprendimiento.com\/blog\/?s={search_term_string}\"},\"query-input\":\"required name=search_term_string\"}],\"inLanguage\":\"es\"}]}<\/script>\n<!-- \/ Yoast SEO plugin. -->","yoast_head_json":{"title":"Salerm Cosmetics lanza Salerm 21 Pink Edition para apoyar la investigaci\u00f3n contra el c\u00e1ncer de mama - Blog Club del Emprendimiento","robots":{"index":"index","follow":"follow","max-snippet":"max-snippet:-1","max-image-preview":"max-image-preview:large","max-video-preview":"max-video-preview:-1"},"canonical":"https:\/\/www.clubdelemprendimiento.com\/blog\/noticia-corporativa\/salerm-cosmetics-lanza-salerm-21-pink-edition-para-apoyar-la-investigacion-contra-el-cancer-de-mama\/","og_locale":"es_ES","og_type":"article","og_title":"Salerm Cosmetics lanza Salerm 21 Pink Edition para apoyar la investigaci\u00f3n contra el c\u00e1ncer de mama - Blog Club del Emprendimiento","og_description":"#BellezaQueTransforma: cuando cuidar de uno mismo puede ser, al mismo tiempo, un acto de&hellip;","og_url":"https:\/\/www.clubdelemprendimiento.com\/blog\/noticia-corporativa\/salerm-cosmetics-lanza-salerm-21-pink-edition-para-apoyar-la-investigacion-contra-el-cancer-de-mama\/","og_site_name":"Blog Club del Emprendimiento","og_image":[{"url":"https:\/\/www.clubdelemprendimiento.com\/blog\/wp-content\/uploads\/2025\/09\/DSC2347_copia.jpg"}],"twitter_card":"summary_large_image","twitter_misc":{"Tiempo de lectura":"3 minutos"},"schema":{"@context":"https:\/\/schema.org","@graph":[{"@type":"WebPage","@id":"https:\/\/www.clubdelemprendimiento.com\/blog\/noticia-corporativa\/salerm-cosmetics-lanza-salerm-21-pink-edition-para-apoyar-la-investigacion-contra-el-cancer-de-mama\/","url":"https:\/\/www.clubdelemprendimiento.com\/blog\/noticia-corporativa\/salerm-cosmetics-lanza-salerm-21-pink-edition-para-apoyar-la-investigacion-contra-el-cancer-de-mama\/","name":"Salerm Cosmetics lanza Salerm 21 Pink Edition para apoyar la investigaci\u00f3n contra el c\u00e1ncer de mama - Blog Club del Emprendimiento","isPartOf":{"@id":"https:\/\/www.clubdelemprendimiento.com\/blog\/#website"},"primaryImageOfPage":{"@id":"https:\/\/www.clubdelemprendimiento.com\/blog\/noticia-corporativa\/salerm-cosmetics-lanza-salerm-21-pink-edition-para-apoyar-la-investigacion-contra-el-cancer-de-mama\/#primaryimage"},"image":{"@id":"https:\/\/www.clubdelemprendimiento.com\/blog\/noticia-corporativa\/salerm-cosmetics-lanza-salerm-21-pink-edition-para-apoyar-la-investigacion-contra-el-cancer-de-mama\/#primaryimage"},"thumbnailUrl":"https:\/\/www.clubdelemprendimiento.com\/blog\/wp-content\/uploads\/2025\/09\/DSC2347_copia-scaled.jpg","datePublished":"2025-09-24T16:05:32+00:00","dateModified":"2025-09-24T16:05:32+00:00","breadcrumb":{"@id":"https:\/\/www.clubdelemprendimiento.com\/blog\/noticia-corporativa\/salerm-cosmetics-lanza-salerm-21-pink-edition-para-apoyar-la-investigacion-contra-el-cancer-de-mama\/#breadcrumb"},"inLanguage":"es","potentialAction":[{"@type":"ReadAction","target":["https:\/\/www.clubdelemprendimiento.com\/blog\/noticia-corporativa\/salerm-cosmetics-lanza-salerm-21-pink-edition-para-apoyar-la-investigacion-contra-el-cancer-de-mama\/"]}]},{"@type":"ImageObject","inLanguage":"es","@id":"https:\/\/www.clubdelemprendimiento.com\/blog\/noticia-corporativa\/salerm-cosmetics-lanza-salerm-21-pink-edition-para-apoyar-la-investigacion-contra-el-cancer-de-mama\/#primaryimage","url":"https:\/\/www.clubdelemprendimiento.com\/blog\/wp-content\/uploads\/2025\/09\/DSC2347_copia-scaled.jpg","contentUrl":"https:\/\/www.clubdelemprendimiento.com\/blog\/wp-content\/uploads\/2025\/09\/DSC2347_copia-scaled.jpg","width":2560,"height":1707},{"@type":"BreadcrumbList","@id":"https:\/\/www.clubdelemprendimiento.com\/blog\/noticia-corporativa\/salerm-cosmetics-lanza-salerm-21-pink-edition-para-apoyar-la-investigacion-contra-el-cancer-de-mama\/#breadcrumb","itemListElement":[{"@type":"ListItem","position":1,"name":"Home","item":"https:\/\/www.clubdelemprendimiento.com\/blog\/"},{"@type":"ListItem","position":2,"name":"Noticias Corporativas","item":"https:\/\/www.clubdelemprendimiento.com\/blog\/noticias-corporativas\/"},{"@type":"ListItem","position":3,"name":"Salerm Cosmetics lanza Salerm 21 Pink Edition para apoyar la investigaci\u00f3n contra el c\u00e1ncer de mama"}]},{"@type":"WebSite","@id":"https:\/\/www.clubdelemprendimiento.com\/blog\/#website","url":"https:\/\/www.clubdelemprendimiento.com\/blog\/","name":"Blog Club del Emprendimiento","description":"","potentialAction":[{"@type":"SearchAction","target":{"@type":"EntryPoint","urlTemplate":"https:\/\/www.clubdelemprendimiento.com\/blog\/?s={search_term_string}"},"query-input":"required name=search_term_string"}],"inLanguage":"es"}]}},"_links":{"self":[{"href":"https:\/\/www.clubdelemprendimiento.com\/blog\/wp-json\/wp\/v2\/noticia-corporativa\/21875"}],"collection":[{"href":"https:\/\/www.clubdelemprendimiento.com\/blog\/wp-json\/wp\/v2\/noticia-corporativa"}],"about":[{"href":"https:\/\/www.clubdelemprendimiento.com\/blog\/wp-json\/wp\/v2\/types\/noticia-corporativa"}],"wp:featuredmedia":[{"embeddable":true,"href":"https:\/\/www.clubdelemprendimiento.com\/blog\/wp-json\/wp\/v2\/media\/21876"}],"wp:attachment":[{"href":"https:\/\/www.clubdelemprendimiento.com\/blog\/wp-json\/wp\/v2\/media?parent=21875"}],"curies":[{"name":"wp","href":"https:\/\/api.w.org\/{rel}","templated":true}]}}