{"id":21873,"date":"2025-09-24T16:05:29","date_gmt":"2025-09-24T16:05:29","guid":{"rendered":"https:\/\/www.clubdelemprendimiento.com\/blog\/noticia-corporativa\/reconocimiento-de-referentes-femeninos-e-impulso-de-nuevas-lideres-10o-aniversario-del-circulo-de-orellana\/"},"modified":"2025-09-24T16:05:29","modified_gmt":"2025-09-24T16:05:29","slug":"reconocimiento-de-referentes-femeninos-e-impulso-de-nuevas-lideres-10o-aniversario-del-circulo-de-orellana","status":"publish","type":"noticia-corporativa","link":"https:\/\/www.clubdelemprendimiento.com\/blog\/noticia-corporativa\/reconocimiento-de-referentes-femeninos-e-impulso-de-nuevas-lideres-10o-aniversario-del-circulo-de-orellana\/","title":{"rendered":"Reconocimiento de referentes femeninos e impulso de nuevas l\u00edderes: 10\u00ba aniversario del C\u00edrculo de Orellana"},"content":{"rendered":"<div>\n<p><a href=\"https:\/\/www.clubdelemprendimiento.com\/blog\/wp-content\/uploads\/2025\/09\/Grupo_Orellanas_.jpg\" target=\"_blank\" class=\"fotonota\" rel=\"noopener\"> <img decoding=\"async\" src=\"https:\/\/www.clubdelemprendimiento.com\/blog\/wp-content\/uploads\/2025\/09\/Grupo_Orellanas_.jpg\" style=\"max-width:600px;\" border=\"0\" class=\"postImage\" alt=\"\"><\/a><\/p>\n<p>La instituci\u00f3n ha sido reconocida con el Premio Emilio Castelar a la Defensa de las Libertades, por su compromiso con el liderazgo y la visibilidad de las mujeres en la sociedad, as\u00ed como depositaria de su legado en la Caja de las Letras del Instituto Cervantes<\/p>\n<p><\/p>\n<p>El <a href=\"https:\/\/circulodeorellana.org\/\" rel=\"nofollow\"><strong>C\u00edrculo de Orellana<\/strong><\/a> ha celebrado su 10\u00ba aniversario con un acto en el auditorio de la Fundaci\u00f3n Abante en Madrid, donde reuni\u00f3 a destacadas personalidades del \u00e1mbito cultural, acad\u00e9mico y empresarial para reflexionar sobre el papel del talento femenino en la sociedad y reconocer la labor de las personas que han colaborado con la instituci\u00f3n durante la \u00faltima d\u00e9cada.<\/p>\n<p>La vicepresidenta del C\u00edrculo, <strong>Consuelo Crespo<\/strong>, dio la bienvenida a los asistentes y destac\u00f3 el agradecimiento a las instituciones que colaboran con el C\u00edrculo, \u00abporque ponen en el valor del compromiso de la sociedad civil y muy especialmente en los resultados que pueden alcanzarse con la colaboraci\u00f3n publico privada\u00bb, se\u00f1al\u00f3.<\/p>\n<p>Seguidamente, tuvo lugar el coloquio <strong><em>Talento femenino y sociedad civil<\/em><\/strong>, moderado por la emprendedora y experta en liderazgo global <strong>Bisila Bokoko<\/strong>, y la participaci\u00f3n del fiscal <strong>Eduardo Torres Dulce<\/strong>; la escritora y cr\u00edtica literaria <strong>Anna Caball\u00e9<\/strong>, la periodista y escritora <strong>Isabel San Sebasti\u00e1n<\/strong>; la presidenta de la Fundaci\u00f3n Acci\u00f3n por la M\u00fasica, <strong>Mar\u00eda Guerrero; <\/strong>e <strong>I\u00f1igo Churruca, <\/strong>Senior Advisor de Fremman Capital y ex director general de ING Espa\u00f1a y Portugal. Cada uno de ellos abord\u00f3, desde su experiencia, la relevancia de visibilizar el liderazgo femenino, crear redes de apoyo entre mujeres y recuperar referentes hist\u00f3ricos femeninos para las futuras generaciones.<\/p>\n<p>Uno de los momentos m\u00e1s emotivos de la jornada fue la entrega del <strong><em>Broche a toda una vida, <\/em><\/strong>concedido a t\u00edtulo p\u00f3stumo a <strong>Pepita Al\u00eda<\/strong>, bordadora y promotora de la artesan\u00eda espa\u00f1ola, siendo sus trabajos declarados como\u00a0Bien de Inter\u00e9s Cultural por el Consejo de Gobierno de Castilla-La Mancha. Su hijo, Tom\u00e1s Garc\u00eda Al\u00eda, recibi\u00f3 el galard\u00f3n y expres\u00f3 su agradecimiento por este reconocimiento.<\/p>\n<p>El acto continu\u00f3 con la entrega de pins institucionales a entidades colaboradoras como el <strong>Instituto Cervantes, Casa de Am\u00e9rica, la Comunidad de Madrid, la Universidad de Navarra, la Fundaci\u00f3n Bot\u00edn o el Museo Thyssen<\/strong>, entre otras, en reconocimiento a su apoyo a las iniciativas del C\u00edrculo de Orellana a lo largo de los a\u00f1os.<\/p>\n<p>La presidenta del C\u00edrculo, <strong>Leticia Espinosa de los Monteros<\/strong>, clausur\u00f3 el encuentro y destac\u00f3 que: \u00abDurante estos 10 a\u00f1os, hemos tejido una red s\u00f3lida y diversa de mujeres referentes, que con su trabajo y compromiso han demostrado que el liderazgo femenino no es una tendencia, sino una realidad que transforma nuestro entorno. Queremos seguir potenciando ese esp\u00edritu y visibilizar referentes que puedan compartir conocimiento y valores a las futuras generaciones\u00bb.<\/p>\n<p>Adem\u00e1s, <strong>C\u00edrculo de Orellana <\/strong>dio a conocer sus planes de futuro con el prop\u00f3sito de suscitar encuentros con j\u00f3venes talentos y seguir creando oportunidades que permitan a m\u00e1s mujeres alcanzar sus metas profesionales para contribuir al progreso colectivo. Por \u00faltimo, agradeci\u00f3 a todas las personas e instituciones que han acompa\u00f1ado a la asociaci\u00f3n en su labor por promover el liderazgo y el talento femenino durante todos estos a\u00f1os.<\/p>\n<p>Fundado en 2015 y declarado de inter\u00e9s p\u00fablico en 2020, el <strong>C\u00edrculo de Orellana <\/strong>r<em>e<\/em>\u00fane a mujeres profesionales de diversos \u00e1mbitos\u2014cient\u00edficas, empresarias, l\u00edderes humanitarias, abogadas, periodistas y artistas\u2014con el objetivo de detectar, valorar e impulsar el talento femenino, generando referentes para la sociedad y las futuras generaciones.<\/p>\n<p>En 2022 recibi\u00f3 el Premio Emilio Castelar a la Defensa de las Libertades en la categor\u00eda de Igualdad: Reconocimiento a su labor en la promoci\u00f3n de la igualdad y la visibilidad del talento femenino.<\/p>\n<p>Entre sus principales actividades destacan:<\/p>\n<ul>\n<li>Programa \u00abEspa\u00f1olas por Descubrir\u00bb: En colaboraci\u00f3n con el Instituto Cervantes, busca redescubrir y dar a conocer a grandes mujeres espa\u00f1olas que han contribuido significativamente a la sociedad, pero cuya labor ha quedado en el olvido.<\/li>\n<li>Programa \u00abMujeres Hispanas: creadoras de la Historia y la Cultura en espa\u00f1ol\u00bb en colaboraci\u00f3n con la Casa de Am\u00e9rica y con la Comunidad de Madrid a trav\u00e9s de la Direcci\u00f3n General de Patrimonio y la Oficina del Espa\u00f1ol. Un programa que tiende puentes entre Am\u00e9rica y Espa\u00f1a poniendo en valor a las mujeres que fueron motor de esa conexi\u00f3n.<\/li>\n<li>Programa \u00abImpulso Orellana\u00bb: Orientado a visibilizar el talento femenino y respaldar iniciativas de mujeres con proyecci\u00f3n de futuro, ofreciendo acompa\u00f1amiento, mentorizaci\u00f3n y apoyo para que puedan alcanzar sus metas profesionales.<\/li>\n<li>Publicaciones: Entre ellas la colecci\u00f3n \u00abSemblanzas. Espa\u00f1olas por Descubrir\u00bb, una recopilaci\u00f3n de las conferencias sobre mujeres espa\u00f1olas notables, pero poco conocidas. Y el libro \u00abTalento femenino y sociedad civil. Testimonios desde el C\u00edrculo de Orellana\u00bb. (EUNSA)<\/li>\n<\/ul>\n<p>El C\u00edrculo de Orellana, como entidad comprometida con la sociedad civil, contin\u00faa trabajando e impulsando oportunidades para que m\u00e1s mujeres puedan alcanzar sus sue\u00f1os profesionales, contribuyendo al progreso y enriquecimiento de la sociedad en su conjunto.<\/p>\n<\/div>\n","protected":false},"featured_media":21874,"template":"","meta":{"_acf_changed":false},"acf":[],"yoast_head":"<!-- This site is optimized with the Yoast SEO plugin v22.7 - https:\/\/yoast.com\/wordpress\/plugins\/seo\/ -->\n<title>Reconocimiento de referentes femeninos e impulso de nuevas l\u00edderes: 10\u00ba aniversario del C\u00edrculo de Orellana - Blog Club del Emprendimiento<\/title>\n<meta name=\"robots\" content=\"index, follow, max-snippet:-1, max-image-preview:large, max-video-preview:-1\" \/>\n<link rel=\"canonical\" href=\"https:\/\/www.clubdelemprendimiento.com\/blog\/noticia-corporativa\/reconocimiento-de-referentes-femeninos-e-impulso-de-nuevas-lideres-10o-aniversario-del-circulo-de-orellana\/\" \/>\n<meta property=\"og:locale\" content=\"es_ES\" \/>\n<meta property=\"og:type\" content=\"article\" \/>\n<meta property=\"og:title\" content=\"Reconocimiento de referentes femeninos e impulso de nuevas l\u00edderes: 10\u00ba aniversario del C\u00edrculo de Orellana - Blog Club del Emprendimiento\" \/>\n<meta property=\"og:description\" content=\"La instituci\u00f3n ha sido reconocida con el Premio Emilio Castelar a la Defensa de&hellip;\" \/>\n<meta property=\"og:url\" content=\"https:\/\/www.clubdelemprendimiento.com\/blog\/noticia-corporativa\/reconocimiento-de-referentes-femeninos-e-impulso-de-nuevas-lideres-10o-aniversario-del-circulo-de-orellana\/\" \/>\n<meta property=\"og:site_name\" content=\"Blog Club del Emprendimiento\" \/>\n<meta property=\"og:image\" content=\"https:\/\/www.clubdelemprendimiento.com\/blog\/wp-content\/uploads\/2025\/09\/Grupo_Orellanas_.jpg\" \/>\n<meta name=\"twitter:card\" content=\"summary_large_image\" \/>\n<meta name=\"twitter:label1\" content=\"Tiempo de lectura\" \/>\n\t<meta name=\"twitter:data1\" content=\"4 minutos\" \/>\n<script type=\"application\/ld+json\" class=\"yoast-schema-graph\">{\"@context\":\"https:\/\/schema.org\",\"@graph\":[{\"@type\":\"WebPage\",\"@id\":\"https:\/\/www.clubdelemprendimiento.com\/blog\/noticia-corporativa\/reconocimiento-de-referentes-femeninos-e-impulso-de-nuevas-lideres-10o-aniversario-del-circulo-de-orellana\/\",\"url\":\"https:\/\/www.clubdelemprendimiento.com\/blog\/noticia-corporativa\/reconocimiento-de-referentes-femeninos-e-impulso-de-nuevas-lideres-10o-aniversario-del-circulo-de-orellana\/\",\"name\":\"Reconocimiento de referentes femeninos e impulso de nuevas l\u00edderes: 10\u00ba aniversario del C\u00edrculo de Orellana - Blog Club del Emprendimiento\",\"isPartOf\":{\"@id\":\"https:\/\/www.clubdelemprendimiento.com\/blog\/#website\"},\"primaryImageOfPage\":{\"@id\":\"https:\/\/www.clubdelemprendimiento.com\/blog\/noticia-corporativa\/reconocimiento-de-referentes-femeninos-e-impulso-de-nuevas-lideres-10o-aniversario-del-circulo-de-orellana\/#primaryimage\"},\"image\":{\"@id\":\"https:\/\/www.clubdelemprendimiento.com\/blog\/noticia-corporativa\/reconocimiento-de-referentes-femeninos-e-impulso-de-nuevas-lideres-10o-aniversario-del-circulo-de-orellana\/#primaryimage\"},\"thumbnailUrl\":\"https:\/\/www.clubdelemprendimiento.com\/blog\/wp-content\/uploads\/2025\/09\/Grupo_Orellanas_.jpg\",\"datePublished\":\"2025-09-24T16:05:29+00:00\",\"dateModified\":\"2025-09-24T16:05:29+00:00\",\"breadcrumb\":{\"@id\":\"https:\/\/www.clubdelemprendimiento.com\/blog\/noticia-corporativa\/reconocimiento-de-referentes-femeninos-e-impulso-de-nuevas-lideres-10o-aniversario-del-circulo-de-orellana\/#breadcrumb\"},\"inLanguage\":\"es\",\"potentialAction\":[{\"@type\":\"ReadAction\",\"target\":[\"https:\/\/www.clubdelemprendimiento.com\/blog\/noticia-corporativa\/reconocimiento-de-referentes-femeninos-e-impulso-de-nuevas-lideres-10o-aniversario-del-circulo-de-orellana\/\"]}]},{\"@type\":\"ImageObject\",\"inLanguage\":\"es\",\"@id\":\"https:\/\/www.clubdelemprendimiento.com\/blog\/noticia-corporativa\/reconocimiento-de-referentes-femeninos-e-impulso-de-nuevas-lideres-10o-aniversario-del-circulo-de-orellana\/#primaryimage\",\"url\":\"https:\/\/www.clubdelemprendimiento.com\/blog\/wp-content\/uploads\/2025\/09\/Grupo_Orellanas_.jpg\",\"contentUrl\":\"https:\/\/www.clubdelemprendimiento.com\/blog\/wp-content\/uploads\/2025\/09\/Grupo_Orellanas_.jpg\",\"width\":2284,\"height\":1713},{\"@type\":\"BreadcrumbList\",\"@id\":\"https:\/\/www.clubdelemprendimiento.com\/blog\/noticia-corporativa\/reconocimiento-de-referentes-femeninos-e-impulso-de-nuevas-lideres-10o-aniversario-del-circulo-de-orellana\/#breadcrumb\",\"itemListElement\":[{\"@type\":\"ListItem\",\"position\":1,\"name\":\"Home\",\"item\":\"https:\/\/www.clubdelemprendimiento.com\/blog\/\"},{\"@type\":\"ListItem\",\"position\":2,\"name\":\"Noticias Corporativas\",\"item\":\"https:\/\/www.clubdelemprendimiento.com\/blog\/noticias-corporativas\/\"},{\"@type\":\"ListItem\",\"position\":3,\"name\":\"Reconocimiento de referentes femeninos e impulso de nuevas l\u00edderes: 10\u00ba aniversario del C\u00edrculo de Orellana\"}]},{\"@type\":\"WebSite\",\"@id\":\"https:\/\/www.clubdelemprendimiento.com\/blog\/#website\",\"url\":\"https:\/\/www.clubdelemprendimiento.com\/blog\/\",\"name\":\"Blog Club del Emprendimiento\",\"description\":\"\",\"potentialAction\":[{\"@type\":\"SearchAction\",\"target\":{\"@type\":\"EntryPoint\",\"urlTemplate\":\"https:\/\/www.clubdelemprendimiento.com\/blog\/?s={search_term_string}\"},\"query-input\":\"required name=search_term_string\"}],\"inLanguage\":\"es\"}]}<\/script>\n<!-- \/ Yoast SEO plugin. -->","yoast_head_json":{"title":"Reconocimiento de referentes femeninos e impulso de nuevas l\u00edderes: 10\u00ba aniversario del C\u00edrculo de Orellana - Blog Club del Emprendimiento","robots":{"index":"index","follow":"follow","max-snippet":"max-snippet:-1","max-image-preview":"max-image-preview:large","max-video-preview":"max-video-preview:-1"},"canonical":"https:\/\/www.clubdelemprendimiento.com\/blog\/noticia-corporativa\/reconocimiento-de-referentes-femeninos-e-impulso-de-nuevas-lideres-10o-aniversario-del-circulo-de-orellana\/","og_locale":"es_ES","og_type":"article","og_title":"Reconocimiento de referentes femeninos e impulso de nuevas l\u00edderes: 10\u00ba aniversario del C\u00edrculo de Orellana - Blog Club del Emprendimiento","og_description":"La instituci\u00f3n ha sido reconocida con el Premio Emilio Castelar a la Defensa de&hellip;","og_url":"https:\/\/www.clubdelemprendimiento.com\/blog\/noticia-corporativa\/reconocimiento-de-referentes-femeninos-e-impulso-de-nuevas-lideres-10o-aniversario-del-circulo-de-orellana\/","og_site_name":"Blog Club del Emprendimiento","og_image":[{"url":"https:\/\/www.clubdelemprendimiento.com\/blog\/wp-content\/uploads\/2025\/09\/Grupo_Orellanas_.jpg"}],"twitter_card":"summary_large_image","twitter_misc":{"Tiempo de lectura":"4 minutos"},"schema":{"@context":"https:\/\/schema.org","@graph":[{"@type":"WebPage","@id":"https:\/\/www.clubdelemprendimiento.com\/blog\/noticia-corporativa\/reconocimiento-de-referentes-femeninos-e-impulso-de-nuevas-lideres-10o-aniversario-del-circulo-de-orellana\/","url":"https:\/\/www.clubdelemprendimiento.com\/blog\/noticia-corporativa\/reconocimiento-de-referentes-femeninos-e-impulso-de-nuevas-lideres-10o-aniversario-del-circulo-de-orellana\/","name":"Reconocimiento de referentes femeninos e impulso de nuevas l\u00edderes: 10\u00ba aniversario del C\u00edrculo de Orellana - Blog Club del Emprendimiento","isPartOf":{"@id":"https:\/\/www.clubdelemprendimiento.com\/blog\/#website"},"primaryImageOfPage":{"@id":"https:\/\/www.clubdelemprendimiento.com\/blog\/noticia-corporativa\/reconocimiento-de-referentes-femeninos-e-impulso-de-nuevas-lideres-10o-aniversario-del-circulo-de-orellana\/#primaryimage"},"image":{"@id":"https:\/\/www.clubdelemprendimiento.com\/blog\/noticia-corporativa\/reconocimiento-de-referentes-femeninos-e-impulso-de-nuevas-lideres-10o-aniversario-del-circulo-de-orellana\/#primaryimage"},"thumbnailUrl":"https:\/\/www.clubdelemprendimiento.com\/blog\/wp-content\/uploads\/2025\/09\/Grupo_Orellanas_.jpg","datePublished":"2025-09-24T16:05:29+00:00","dateModified":"2025-09-24T16:05:29+00:00","breadcrumb":{"@id":"https:\/\/www.clubdelemprendimiento.com\/blog\/noticia-corporativa\/reconocimiento-de-referentes-femeninos-e-impulso-de-nuevas-lideres-10o-aniversario-del-circulo-de-orellana\/#breadcrumb"},"inLanguage":"es","potentialAction":[{"@type":"ReadAction","target":["https:\/\/www.clubdelemprendimiento.com\/blog\/noticia-corporativa\/reconocimiento-de-referentes-femeninos-e-impulso-de-nuevas-lideres-10o-aniversario-del-circulo-de-orellana\/"]}]},{"@type":"ImageObject","inLanguage":"es","@id":"https:\/\/www.clubdelemprendimiento.com\/blog\/noticia-corporativa\/reconocimiento-de-referentes-femeninos-e-impulso-de-nuevas-lideres-10o-aniversario-del-circulo-de-orellana\/#primaryimage","url":"https:\/\/www.clubdelemprendimiento.com\/blog\/wp-content\/uploads\/2025\/09\/Grupo_Orellanas_.jpg","contentUrl":"https:\/\/www.clubdelemprendimiento.com\/blog\/wp-content\/uploads\/2025\/09\/Grupo_Orellanas_.jpg","width":2284,"height":1713},{"@type":"BreadcrumbList","@id":"https:\/\/www.clubdelemprendimiento.com\/blog\/noticia-corporativa\/reconocimiento-de-referentes-femeninos-e-impulso-de-nuevas-lideres-10o-aniversario-del-circulo-de-orellana\/#breadcrumb","itemListElement":[{"@type":"ListItem","position":1,"name":"Home","item":"https:\/\/www.clubdelemprendimiento.com\/blog\/"},{"@type":"ListItem","position":2,"name":"Noticias Corporativas","item":"https:\/\/www.clubdelemprendimiento.com\/blog\/noticias-corporativas\/"},{"@type":"ListItem","position":3,"name":"Reconocimiento de referentes femeninos e impulso de nuevas l\u00edderes: 10\u00ba aniversario del C\u00edrculo de Orellana"}]},{"@type":"WebSite","@id":"https:\/\/www.clubdelemprendimiento.com\/blog\/#website","url":"https:\/\/www.clubdelemprendimiento.com\/blog\/","name":"Blog Club del Emprendimiento","description":"","potentialAction":[{"@type":"SearchAction","target":{"@type":"EntryPoint","urlTemplate":"https:\/\/www.clubdelemprendimiento.com\/blog\/?s={search_term_string}"},"query-input":"required name=search_term_string"}],"inLanguage":"es"}]}},"_links":{"self":[{"href":"https:\/\/www.clubdelemprendimiento.com\/blog\/wp-json\/wp\/v2\/noticia-corporativa\/21873"}],"collection":[{"href":"https:\/\/www.clubdelemprendimiento.com\/blog\/wp-json\/wp\/v2\/noticia-corporativa"}],"about":[{"href":"https:\/\/www.clubdelemprendimiento.com\/blog\/wp-json\/wp\/v2\/types\/noticia-corporativa"}],"wp:featuredmedia":[{"embeddable":true,"href":"https:\/\/www.clubdelemprendimiento.com\/blog\/wp-json\/wp\/v2\/media\/21874"}],"wp:attachment":[{"href":"https:\/\/www.clubdelemprendimiento.com\/blog\/wp-json\/wp\/v2\/media?parent=21873"}],"curies":[{"name":"wp","href":"https:\/\/api.w.org\/{rel}","templated":true}]}}