{"id":21865,"date":"2025-09-24T13:04:45","date_gmt":"2025-09-24T13:04:45","guid":{"rendered":"https:\/\/www.clubdelemprendimiento.com\/blog\/noticia-corporativa\/fundacion-prl-accede-al-sello-eqs-2025-a-certificacion-universitaria-internacional-con-doctrina-qualitas\/"},"modified":"2025-09-24T13:04:45","modified_gmt":"2025-09-24T13:04:45","slug":"fundacion-prl-accede-al-sello-eqs-2025-a-certificacion-universitaria-internacional-con-doctrina-qualitas","status":"publish","type":"noticia-corporativa","link":"https:\/\/www.clubdelemprendimiento.com\/blog\/noticia-corporativa\/fundacion-prl-accede-al-sello-eqs-2025-a-certificacion-universitaria-internacional-con-doctrina-qualitas\/","title":{"rendered":"Fundaci\u00f3n PRL accede al Sello EQS 2025 a Certificaci\u00f3n Universitaria Internacional con Doctrina Qualitas"},"content":{"rendered":"<div>\n<p><a href=\"https:\/\/www.clubdelemprendimiento.com\/blog\/wp-content\/uploads\/2025\/09\/Fundacion-PRL-Sello-EQS-2025.jpg\" target=\"_blank\" class=\"fotonota\" rel=\"noopener\"> <img decoding=\"async\" src=\"https:\/\/www.clubdelemprendimiento.com\/blog\/wp-content\/uploads\/2025\/09\/Fundacion-PRL-Sello-EQS-2025.jpg\" style=\"max-width:600px;\" border=\"0\" class=\"postImage\" alt=\"\"><\/a><\/p>\n<p>Doctrina Qualitas ha otorgado el Sello de calidad educativa a Fundaci\u00f3n PRL y, suma, la incorporaci\u00f3n de reconocimiento universitario para sus alumnos. Desde este momento, Fundaci\u00f3n PRL da un salto cualitativo con respecto a la competencia y se posiciona como referente en su sector. Sus alumnos dispondr\u00e1n de acceso a diplomas de diversas universidades y el mejor soporte acad\u00e9mico para garantizar un perfil laboral de excelencia<\/p>\n<p><\/p>\n<p>Desde su creaci\u00f3n, <a href=\"https:\/\/fundacionprl.es\/\" rel=\"nofollow\">Fundaci\u00f3n PRL<\/a> ha apostado por un\u00a0<strong>modelo formativo riguroso, transversal e innovador<\/strong>, concebido para dar respuesta a las necesidades reales del tejido productivo y la sociedad. Su filosof\u00eda se basa en una premisa clara: \u00ab<strong>la formaci\u00f3n de calidad salva vidas<\/strong>\u00ab. En esta l\u00ednea, este septiembre se han alzado con el reconocido <a href=\"https:\/\/doctrinaqualitas.com\/fundacion-prl-sello-eqs-2025\/\" rel=\"nofollow\">Sello de Calidad Educativa EQS<\/a> que otorga DQ Certificaciones (del Grupo Doctrina Qualitas).\u00a0<\/p>\n<p>Fundaci\u00f3n PRL estructura su actividad en seis \u00e1reas estrat\u00e9gicas, que cubren desde la prevenci\u00f3n general hasta la capacitaci\u00f3n t\u00e9cnica avanzada:<\/p>\n<ul>\n<li><strong>Prevenci\u00f3n de Riesgos Laborales<\/strong>: formaci\u00f3n b\u00e1sica, intermedia y superior, con contenidos adaptados a cada sector productivo.<\/li>\n<li><strong>Maquinaria<\/strong>: capacitaci\u00f3n pr\u00e1ctica para el manejo seguro de equipos como carretillas, gr\u00faas, PEMP o manipuladores telesc\u00f3picos.<\/li>\n<li><strong>Agroforestal<\/strong>: programas especializados en prevenci\u00f3n agr\u00edcola y forestal, uso seguro de fitosanitarios y protecci\u00f3n ambiental.<\/li>\n<li><strong>Educaci\u00f3n<\/strong>: iniciativas para incorporar la cultura preventiva en escuelas, universidades y programas de formaci\u00f3n de formadores.<\/li>\n<li><strong>Hosteler\u00eda<\/strong>: cursos espec\u00edficos en higiene, ergonom\u00eda y seguridad para profesionales de cocina, sala y direcci\u00f3n.<\/li>\n<li><strong>Transversal<\/strong>: formaci\u00f3n en primeros auxilios, igualdad, atenci\u00f3n al cliente y otras competencias complementarias.<\/li>\n<\/ul>\n<p>Este enfoque integral se apoya en docentes expertos, recursos did\u00e1cticos innovadores y evaluaciones sistem\u00e1ticas para asegurar una mejora constante.\u00a0El\u00a0<strong>Sello de Calidad Educativa EQS<\/strong>\u00a0valida el esfuerzo sostenido de Fundaci\u00f3n PRL por crear una cultura preventiva s\u00f3lida, \u00e9tica y sostenible. Este reconocimiento acredita la excelencia de su modelo formativo y refuerza su posici\u00f3n como referente en la capacitaci\u00f3n en seguridad y salud laboral a nivel nacional e internacional.<\/p>\n<p>Como un segundo paso para diferenciarse e implantar el concepto de \u00abformaci\u00f3n global\u00bb a sus programas, <a href=\"https:\/\/certificadouniversitariointernacional.com\/\" rel=\"nofollow\"><strong>Fundaci\u00f3n PRL incorpora el Certificado Universitario Internacional DQ<\/strong><\/a> a sus alumnos, que tambi\u00e9n acceden a diplomas universitarios dependientes de universidades de reconocido prestigio de diversos pa\u00edses; Sabal University de EE.UU., ISTE de Ecuador y Universidad de las Naciones de M\u00e9xico. Una forma de demostrar que cuando se ofrece formaci\u00f3n de calidad, se puede contar con reconocimiento multiuniversitario sobre un mismo programa. Con este escenario, los alumnos de Fundaci\u00f3n PRL podr\u00e1n disfrutar de un CV inmejorable para solicitar empleo, ya que, adem\u00e1s de una formaci\u00f3n de primer nivel, tendr\u00e1n diploma de hasta tres universidades, adem\u00e1s del Certificado Universitario Internacional DQ.<\/p>\n<p>Calidad y reconocimiento acad\u00e9mico son dos puntos b\u00e1sicos para posicionarse en el actual escenario de la educaci\u00f3n. El trabajo conjunto que Fundaci\u00f3n PRL desarrollar\u00e1 con Doctrina Qualitas es una garant\u00eda de \u00e9xito. Se ha de tener en cuenta que los alumnos de Fundaci\u00f3n PRL tendr\u00e1n el mismo Certificado Universitario Internacional\u00a0 que se ha otorgado los representantes de varias de las m\u00e1s prestigiosas universidades del mundo a trav\u00e9s de la Organizaci\u00f3n Universitaria Interamericana (OUI), como por ejemplo;\u00a0Instituto Tecnol\u00f3gico de Costa Rica, Universidad Dr. Andr\u00e9s Bello, Universidad de San Carlos de Guatemala, Universidad Metropolitana de Honduras, Universidad Americana, First Nations University of Canada, Humber Institute of Technology and Advanced Learning, Universit\u00e9 des Antilles, Corporaci\u00f3n Universitaria Remington, Corporaci\u00f3n Universitaria Unitec, Universidad Gast\u00f3n Dachary, Universidad An\u00e1huac Canc\u00fan, Universidad La Salle o Boston College.<\/p>\n<\/div>\n","protected":false},"featured_media":21866,"template":"","meta":{"_acf_changed":false},"acf":[],"yoast_head":"<!-- This site is optimized with the Yoast SEO plugin v22.7 - https:\/\/yoast.com\/wordpress\/plugins\/seo\/ -->\n<title>Fundaci\u00f3n PRL accede al Sello EQS 2025 a Certificaci\u00f3n Universitaria Internacional con Doctrina Qualitas - Blog Club del Emprendimiento<\/title>\n<meta name=\"robots\" content=\"index, follow, max-snippet:-1, max-image-preview:large, max-video-preview:-1\" \/>\n<link rel=\"canonical\" href=\"https:\/\/www.clubdelemprendimiento.com\/blog\/noticia-corporativa\/fundacion-prl-accede-al-sello-eqs-2025-a-certificacion-universitaria-internacional-con-doctrina-qualitas\/\" \/>\n<meta property=\"og:locale\" content=\"es_ES\" \/>\n<meta property=\"og:type\" content=\"article\" \/>\n<meta property=\"og:title\" content=\"Fundaci\u00f3n PRL accede al Sello EQS 2025 a Certificaci\u00f3n Universitaria Internacional con Doctrina Qualitas - Blog Club del Emprendimiento\" \/>\n<meta property=\"og:description\" content=\"Doctrina Qualitas ha otorgado el Sello de calidad educativa a Fundaci\u00f3n PRL y, suma,&hellip;\" \/>\n<meta property=\"og:url\" content=\"https:\/\/www.clubdelemprendimiento.com\/blog\/noticia-corporativa\/fundacion-prl-accede-al-sello-eqs-2025-a-certificacion-universitaria-internacional-con-doctrina-qualitas\/\" \/>\n<meta property=\"og:site_name\" content=\"Blog Club del Emprendimiento\" \/>\n<meta property=\"og:image\" content=\"https:\/\/www.clubdelemprendimiento.com\/blog\/wp-content\/uploads\/2025\/09\/Fundacion-PRL-Sello-EQS-2025.jpg\" \/>\n<meta name=\"twitter:card\" content=\"summary_large_image\" \/>\n<meta name=\"twitter:label1\" content=\"Tiempo de lectura\" \/>\n\t<meta name=\"twitter:data1\" content=\"3 minutos\" \/>\n<script type=\"application\/ld+json\" class=\"yoast-schema-graph\">{\"@context\":\"https:\/\/schema.org\",\"@graph\":[{\"@type\":\"WebPage\",\"@id\":\"https:\/\/www.clubdelemprendimiento.com\/blog\/noticia-corporativa\/fundacion-prl-accede-al-sello-eqs-2025-a-certificacion-universitaria-internacional-con-doctrina-qualitas\/\",\"url\":\"https:\/\/www.clubdelemprendimiento.com\/blog\/noticia-corporativa\/fundacion-prl-accede-al-sello-eqs-2025-a-certificacion-universitaria-internacional-con-doctrina-qualitas\/\",\"name\":\"Fundaci\u00f3n PRL accede al Sello EQS 2025 a Certificaci\u00f3n Universitaria Internacional con Doctrina Qualitas - Blog Club del Emprendimiento\",\"isPartOf\":{\"@id\":\"https:\/\/www.clubdelemprendimiento.com\/blog\/#website\"},\"primaryImageOfPage\":{\"@id\":\"https:\/\/www.clubdelemprendimiento.com\/blog\/noticia-corporativa\/fundacion-prl-accede-al-sello-eqs-2025-a-certificacion-universitaria-internacional-con-doctrina-qualitas\/#primaryimage\"},\"image\":{\"@id\":\"https:\/\/www.clubdelemprendimiento.com\/blog\/noticia-corporativa\/fundacion-prl-accede-al-sello-eqs-2025-a-certificacion-universitaria-internacional-con-doctrina-qualitas\/#primaryimage\"},\"thumbnailUrl\":\"https:\/\/www.clubdelemprendimiento.com\/blog\/wp-content\/uploads\/2025\/09\/Fundacion-PRL-Sello-EQS-2025.jpg\",\"datePublished\":\"2025-09-24T13:04:45+00:00\",\"dateModified\":\"2025-09-24T13:04:45+00:00\",\"breadcrumb\":{\"@id\":\"https:\/\/www.clubdelemprendimiento.com\/blog\/noticia-corporativa\/fundacion-prl-accede-al-sello-eqs-2025-a-certificacion-universitaria-internacional-con-doctrina-qualitas\/#breadcrumb\"},\"inLanguage\":\"es\",\"potentialAction\":[{\"@type\":\"ReadAction\",\"target\":[\"https:\/\/www.clubdelemprendimiento.com\/blog\/noticia-corporativa\/fundacion-prl-accede-al-sello-eqs-2025-a-certificacion-universitaria-internacional-con-doctrina-qualitas\/\"]}]},{\"@type\":\"ImageObject\",\"inLanguage\":\"es\",\"@id\":\"https:\/\/www.clubdelemprendimiento.com\/blog\/noticia-corporativa\/fundacion-prl-accede-al-sello-eqs-2025-a-certificacion-universitaria-internacional-con-doctrina-qualitas\/#primaryimage\",\"url\":\"https:\/\/www.clubdelemprendimiento.com\/blog\/wp-content\/uploads\/2025\/09\/Fundacion-PRL-Sello-EQS-2025.jpg\",\"contentUrl\":\"https:\/\/www.clubdelemprendimiento.com\/blog\/wp-content\/uploads\/2025\/09\/Fundacion-PRL-Sello-EQS-2025.jpg\",\"width\":960,\"height\":630},{\"@type\":\"BreadcrumbList\",\"@id\":\"https:\/\/www.clubdelemprendimiento.com\/blog\/noticia-corporativa\/fundacion-prl-accede-al-sello-eqs-2025-a-certificacion-universitaria-internacional-con-doctrina-qualitas\/#breadcrumb\",\"itemListElement\":[{\"@type\":\"ListItem\",\"position\":1,\"name\":\"Home\",\"item\":\"https:\/\/www.clubdelemprendimiento.com\/blog\/\"},{\"@type\":\"ListItem\",\"position\":2,\"name\":\"Noticias Corporativas\",\"item\":\"https:\/\/www.clubdelemprendimiento.com\/blog\/noticias-corporativas\/\"},{\"@type\":\"ListItem\",\"position\":3,\"name\":\"Fundaci\u00f3n PRL accede al Sello EQS 2025 a Certificaci\u00f3n Universitaria Internacional con Doctrina Qualitas\"}]},{\"@type\":\"WebSite\",\"@id\":\"https:\/\/www.clubdelemprendimiento.com\/blog\/#website\",\"url\":\"https:\/\/www.clubdelemprendimiento.com\/blog\/\",\"name\":\"Blog Club del Emprendimiento\",\"description\":\"\",\"potentialAction\":[{\"@type\":\"SearchAction\",\"target\":{\"@type\":\"EntryPoint\",\"urlTemplate\":\"https:\/\/www.clubdelemprendimiento.com\/blog\/?s={search_term_string}\"},\"query-input\":\"required name=search_term_string\"}],\"inLanguage\":\"es\"}]}<\/script>\n<!-- \/ Yoast SEO plugin. -->","yoast_head_json":{"title":"Fundaci\u00f3n PRL accede al Sello EQS 2025 a Certificaci\u00f3n Universitaria Internacional con Doctrina Qualitas - Blog Club del Emprendimiento","robots":{"index":"index","follow":"follow","max-snippet":"max-snippet:-1","max-image-preview":"max-image-preview:large","max-video-preview":"max-video-preview:-1"},"canonical":"https:\/\/www.clubdelemprendimiento.com\/blog\/noticia-corporativa\/fundacion-prl-accede-al-sello-eqs-2025-a-certificacion-universitaria-internacional-con-doctrina-qualitas\/","og_locale":"es_ES","og_type":"article","og_title":"Fundaci\u00f3n PRL accede al Sello EQS 2025 a Certificaci\u00f3n Universitaria Internacional con Doctrina Qualitas - Blog Club del Emprendimiento","og_description":"Doctrina Qualitas ha otorgado el Sello de calidad educativa a Fundaci\u00f3n PRL y, suma,&hellip;","og_url":"https:\/\/www.clubdelemprendimiento.com\/blog\/noticia-corporativa\/fundacion-prl-accede-al-sello-eqs-2025-a-certificacion-universitaria-internacional-con-doctrina-qualitas\/","og_site_name":"Blog Club del Emprendimiento","og_image":[{"url":"https:\/\/www.clubdelemprendimiento.com\/blog\/wp-content\/uploads\/2025\/09\/Fundacion-PRL-Sello-EQS-2025.jpg"}],"twitter_card":"summary_large_image","twitter_misc":{"Tiempo de lectura":"3 minutos"},"schema":{"@context":"https:\/\/schema.org","@graph":[{"@type":"WebPage","@id":"https:\/\/www.clubdelemprendimiento.com\/blog\/noticia-corporativa\/fundacion-prl-accede-al-sello-eqs-2025-a-certificacion-universitaria-internacional-con-doctrina-qualitas\/","url":"https:\/\/www.clubdelemprendimiento.com\/blog\/noticia-corporativa\/fundacion-prl-accede-al-sello-eqs-2025-a-certificacion-universitaria-internacional-con-doctrina-qualitas\/","name":"Fundaci\u00f3n PRL accede al Sello EQS 2025 a Certificaci\u00f3n Universitaria Internacional con Doctrina Qualitas - Blog Club del Emprendimiento","isPartOf":{"@id":"https:\/\/www.clubdelemprendimiento.com\/blog\/#website"},"primaryImageOfPage":{"@id":"https:\/\/www.clubdelemprendimiento.com\/blog\/noticia-corporativa\/fundacion-prl-accede-al-sello-eqs-2025-a-certificacion-universitaria-internacional-con-doctrina-qualitas\/#primaryimage"},"image":{"@id":"https:\/\/www.clubdelemprendimiento.com\/blog\/noticia-corporativa\/fundacion-prl-accede-al-sello-eqs-2025-a-certificacion-universitaria-internacional-con-doctrina-qualitas\/#primaryimage"},"thumbnailUrl":"https:\/\/www.clubdelemprendimiento.com\/blog\/wp-content\/uploads\/2025\/09\/Fundacion-PRL-Sello-EQS-2025.jpg","datePublished":"2025-09-24T13:04:45+00:00","dateModified":"2025-09-24T13:04:45+00:00","breadcrumb":{"@id":"https:\/\/www.clubdelemprendimiento.com\/blog\/noticia-corporativa\/fundacion-prl-accede-al-sello-eqs-2025-a-certificacion-universitaria-internacional-con-doctrina-qualitas\/#breadcrumb"},"inLanguage":"es","potentialAction":[{"@type":"ReadAction","target":["https:\/\/www.clubdelemprendimiento.com\/blog\/noticia-corporativa\/fundacion-prl-accede-al-sello-eqs-2025-a-certificacion-universitaria-internacional-con-doctrina-qualitas\/"]}]},{"@type":"ImageObject","inLanguage":"es","@id":"https:\/\/www.clubdelemprendimiento.com\/blog\/noticia-corporativa\/fundacion-prl-accede-al-sello-eqs-2025-a-certificacion-universitaria-internacional-con-doctrina-qualitas\/#primaryimage","url":"https:\/\/www.clubdelemprendimiento.com\/blog\/wp-content\/uploads\/2025\/09\/Fundacion-PRL-Sello-EQS-2025.jpg","contentUrl":"https:\/\/www.clubdelemprendimiento.com\/blog\/wp-content\/uploads\/2025\/09\/Fundacion-PRL-Sello-EQS-2025.jpg","width":960,"height":630},{"@type":"BreadcrumbList","@id":"https:\/\/www.clubdelemprendimiento.com\/blog\/noticia-corporativa\/fundacion-prl-accede-al-sello-eqs-2025-a-certificacion-universitaria-internacional-con-doctrina-qualitas\/#breadcrumb","itemListElement":[{"@type":"ListItem","position":1,"name":"Home","item":"https:\/\/www.clubdelemprendimiento.com\/blog\/"},{"@type":"ListItem","position":2,"name":"Noticias Corporativas","item":"https:\/\/www.clubdelemprendimiento.com\/blog\/noticias-corporativas\/"},{"@type":"ListItem","position":3,"name":"Fundaci\u00f3n PRL accede al Sello EQS 2025 a Certificaci\u00f3n Universitaria Internacional con Doctrina Qualitas"}]},{"@type":"WebSite","@id":"https:\/\/www.clubdelemprendimiento.com\/blog\/#website","url":"https:\/\/www.clubdelemprendimiento.com\/blog\/","name":"Blog Club del Emprendimiento","description":"","potentialAction":[{"@type":"SearchAction","target":{"@type":"EntryPoint","urlTemplate":"https:\/\/www.clubdelemprendimiento.com\/blog\/?s={search_term_string}"},"query-input":"required name=search_term_string"}],"inLanguage":"es"}]}},"_links":{"self":[{"href":"https:\/\/www.clubdelemprendimiento.com\/blog\/wp-json\/wp\/v2\/noticia-corporativa\/21865"}],"collection":[{"href":"https:\/\/www.clubdelemprendimiento.com\/blog\/wp-json\/wp\/v2\/noticia-corporativa"}],"about":[{"href":"https:\/\/www.clubdelemprendimiento.com\/blog\/wp-json\/wp\/v2\/types\/noticia-corporativa"}],"wp:featuredmedia":[{"embeddable":true,"href":"https:\/\/www.clubdelemprendimiento.com\/blog\/wp-json\/wp\/v2\/media\/21866"}],"wp:attachment":[{"href":"https:\/\/www.clubdelemprendimiento.com\/blog\/wp-json\/wp\/v2\/media?parent=21865"}],"curies":[{"name":"wp","href":"https:\/\/api.w.org\/{rel}","templated":true}]}}