{"id":21863,"date":"2025-09-24T13:04:37","date_gmt":"2025-09-24T13:04:37","guid":{"rendered":"https:\/\/www.clubdelemprendimiento.com\/blog\/noticia-corporativa\/envalora-reduce-sus-tarifas-rap-para-2026\/"},"modified":"2025-09-24T13:04:37","modified_gmt":"2025-09-24T13:04:37","slug":"envalora-reduce-sus-tarifas-rap-para-2026","status":"publish","type":"noticia-corporativa","link":"https:\/\/www.clubdelemprendimiento.com\/blog\/noticia-corporativa\/envalora-reduce-sus-tarifas-rap-para-2026\/","title":{"rendered":"ENVALORA reduce sus tarifas RAP para 2026"},"content":{"rendered":"<div>\n<p><a href=\"https:\/\/www.clubdelemprendimiento.com\/blog\/wp-content\/uploads\/2025\/09\/ENVALORA_TARIFAS.png\" target=\"_blank\" class=\"fotonota\" rel=\"noopener\"> <img decoding=\"async\" src=\"https:\/\/www.clubdelemprendimiento.com\/blog\/wp-content\/uploads\/2025\/09\/ENVALORA_TARIFAS.png\" style=\"max-width:600px;\" border=\"0\" class=\"postImage\" alt=\"ENVALORA reduce sus tarifas RAP para 2026 \"><\/a><\/p>\n<p>ENVALORA presenta sus nuevas tarifas RAP, que entrar\u00e1n en vigor el 1 de enero de 2026, competitivas y alineadas con el cumplimiento de objetivos del sistema. El modelo operativo mantiene bonificaciones para las empresas que gestionan correctamente sus residuos y ampl\u00eda los servicios a las empresas para facilitar el cumplimiento normativo en Espa\u00f1a y Europa<\/p>\n<p><\/p>\n<p>ENVALORA, el primer SCRAP con autorizaci\u00f3n definitiva para la gesti\u00f3n de los envases industriales y comerciales \u2014de un solo uso y reutilizables\u2014, presenta sus tarifas RAP 2026 con importantes reducciones respecto a las de 2025, al tiempo que ampl\u00eda sus servicios para las empresas.<\/p>\n<p>En un ejercicio de transparencia, las nuevas tarifas aprobadas en Asamblea Extraordinaria por las empresas asociadas han sido definidas bajo criterios de eficiencia y competitividad. Estos importes se han ajustado para reflejar el crecimiento de las empresas adheridas a ENVALORA, el volumen de envases puestos en el mercado y los costes reales asociados a la gesti\u00f3n de residuos. Asimismo, se garantiza el cumplimiento de los objetivos del sistema y la promoci\u00f3n de la prevenci\u00f3n, la reutilizaci\u00f3n y el reciclado de los envases, en beneficio de todas las empresas sujetas a la Responsabilidad Ampliada del Productor (RAP).<\/p>\n<p>Las tarifas de ENVALORA son sencillas y de f\u00e1cil comprensi\u00f3n. En los envases de un solo uso, se diferencian seg\u00fan el material, la categor\u00eda y la peligrosidad de los productos contenidos. Adem\u00e1s, se han incorporado tarifas especiales para envases de gran formato, como bidones o IBCs, ampliamente utilizados por la industria.<\/p>\n<p>Para los envases reutilizables hay tarifas para los dos modelos de Sistema de Dep\u00f3sito Devoluci\u00f3n y Retorno: cerrado y abierto, en los que ENVALORA es pionera en su aplicaci\u00f3n y que cumplen con los requisitos de reutilizaci\u00f3n que marca el nuevo Reglamento Europeo de envases.<\/p>\n<p>\u00abGracias al compromiso de\u00a0nuestras\u00a0m\u00e1s de 2.600 empresas,\u00a0hemos\u00a0construido un sistema eficaz, transparente y equilibrado. Esa solidez, junto con el conocimiento y la experiencia adquiridos en este a\u00f1o,\u00a0nos\u00a0permite presentar unas tarifas RAP en 2026 que aseguran un precio competitivo y justo para todos\u00a0nuestros\u00a0adheridos\u00bb, ha afirmado Joan Ros, director general de ENVALORA.<\/p>\n<p>Los importes han sido ajustados y reducidos respecto a 2025, garantizando la sostenibilidad del sistema y, lo m\u00e1s importante, manteniendo las bonificaciones econ\u00f3micas a las empresas que gestionan adecuadamente sus residuos de envases. Actualmente, miles de empresas ya reciben estas bonificaciones de forma \u00e1gil.<\/p>\n<p>Por otro lado, ENVALORA ampliar\u00e1 en 2026 sus servicios a las empresas adheridas para facilitar a\u00fan m\u00e1s el cumplimiento normativo en Espa\u00f1a y Europa, y optimizar sus recursos. Adem\u00e1s de los servicios ya activos como los PEPEs y el representante autorizado para empresas extranjeras, ENVALORA incorporar\u00e1 el servicio de apoderamiento para realizar en nombre de la empresa la gesti\u00f3n de declaraciones al MITERD. Tambi\u00e9n ofrecer\u00e1 asesor\u00eda sobre la RAP en diferentes pa\u00edses europeos, para aquellas con presencia internacional que necesitan alinear sus obligaciones en distintos mercados.<\/p>\n<p>Indica Joan Ros: \u00abVamos a reforzar nuestra propuesta de valor, basada en la atenci\u00f3n personalizada a las empresas y participantes del SCRAP, y en la defensa activa de los intereses de\u00a0nuestras\u00a0adheridas. Se activar\u00e1n grupos sectoriales que permitir\u00e1n a las empresas el intercambio de conocimientos, anticiparse ante posibles cambios regulatorios y trasladar propuestas conjuntas a las Administraciones p\u00fablicas\u00bb.<\/p>\n<p>Para m\u00e1s informaci\u00f3n, se puede consultar el documento completo de nuevas tarifas RAP 2026 aqu\u00ed: <a href=\"https:\/\/envalora.es\/wp-content\/uploads\/2025\/09\/TARIFAS-RAP-2026.pdf\" rel=\"nofollow\">Link web tarifas.<\/a><\/p>\n<\/div>\n","protected":false},"featured_media":21864,"template":"","meta":{"_acf_changed":false},"acf":[],"yoast_head":"<!-- This site is optimized with the Yoast SEO plugin v22.7 - https:\/\/yoast.com\/wordpress\/plugins\/seo\/ -->\n<title>ENVALORA reduce sus tarifas RAP para 2026 - Blog Club del Emprendimiento<\/title>\n<meta name=\"robots\" content=\"index, follow, max-snippet:-1, max-image-preview:large, max-video-preview:-1\" \/>\n<link rel=\"canonical\" href=\"https:\/\/www.clubdelemprendimiento.com\/blog\/noticia-corporativa\/envalora-reduce-sus-tarifas-rap-para-2026\/\" \/>\n<meta property=\"og:locale\" content=\"es_ES\" \/>\n<meta property=\"og:type\" content=\"article\" \/>\n<meta property=\"og:title\" content=\"ENVALORA reduce sus tarifas RAP para 2026 - Blog Club del Emprendimiento\" \/>\n<meta property=\"og:description\" content=\"ENVALORA presenta sus nuevas tarifas RAP, que entrar\u00e1n en vigor el 1 de enero&hellip;\" \/>\n<meta property=\"og:url\" content=\"https:\/\/www.clubdelemprendimiento.com\/blog\/noticia-corporativa\/envalora-reduce-sus-tarifas-rap-para-2026\/\" \/>\n<meta property=\"og:site_name\" content=\"Blog Club del Emprendimiento\" \/>\n<meta property=\"og:image\" content=\"https:\/\/www.clubdelemprendimiento.com\/blog\/wp-content\/uploads\/2025\/09\/ENVALORA_TARIFAS.png\" \/>\n<meta name=\"twitter:card\" content=\"summary_large_image\" \/>\n<meta name=\"twitter:label1\" content=\"Tiempo de lectura\" \/>\n\t<meta name=\"twitter:data1\" content=\"3 minutos\" \/>\n<script type=\"application\/ld+json\" class=\"yoast-schema-graph\">{\"@context\":\"https:\/\/schema.org\",\"@graph\":[{\"@type\":\"WebPage\",\"@id\":\"https:\/\/www.clubdelemprendimiento.com\/blog\/noticia-corporativa\/envalora-reduce-sus-tarifas-rap-para-2026\/\",\"url\":\"https:\/\/www.clubdelemprendimiento.com\/blog\/noticia-corporativa\/envalora-reduce-sus-tarifas-rap-para-2026\/\",\"name\":\"ENVALORA reduce sus tarifas RAP para 2026 - Blog Club del Emprendimiento\",\"isPartOf\":{\"@id\":\"https:\/\/www.clubdelemprendimiento.com\/blog\/#website\"},\"primaryImageOfPage\":{\"@id\":\"https:\/\/www.clubdelemprendimiento.com\/blog\/noticia-corporativa\/envalora-reduce-sus-tarifas-rap-para-2026\/#primaryimage\"},\"image\":{\"@id\":\"https:\/\/www.clubdelemprendimiento.com\/blog\/noticia-corporativa\/envalora-reduce-sus-tarifas-rap-para-2026\/#primaryimage\"},\"thumbnailUrl\":\"https:\/\/www.clubdelemprendimiento.com\/blog\/wp-content\/uploads\/2025\/09\/ENVALORA_TARIFAS.png\",\"datePublished\":\"2025-09-24T13:04:37+00:00\",\"dateModified\":\"2025-09-24T13:04:37+00:00\",\"breadcrumb\":{\"@id\":\"https:\/\/www.clubdelemprendimiento.com\/blog\/noticia-corporativa\/envalora-reduce-sus-tarifas-rap-para-2026\/#breadcrumb\"},\"inLanguage\":\"es\",\"potentialAction\":[{\"@type\":\"ReadAction\",\"target\":[\"https:\/\/www.clubdelemprendimiento.com\/blog\/noticia-corporativa\/envalora-reduce-sus-tarifas-rap-para-2026\/\"]}]},{\"@type\":\"ImageObject\",\"inLanguage\":\"es\",\"@id\":\"https:\/\/www.clubdelemprendimiento.com\/blog\/noticia-corporativa\/envalora-reduce-sus-tarifas-rap-para-2026\/#primaryimage\",\"url\":\"https:\/\/www.clubdelemprendimiento.com\/blog\/wp-content\/uploads\/2025\/09\/ENVALORA_TARIFAS.png\",\"contentUrl\":\"https:\/\/www.clubdelemprendimiento.com\/blog\/wp-content\/uploads\/2025\/09\/ENVALORA_TARIFAS.png\",\"width\":1920,\"height\":1080,\"caption\":\"ENVALORA reduce sus tarifas RAP para 2026\"},{\"@type\":\"BreadcrumbList\",\"@id\":\"https:\/\/www.clubdelemprendimiento.com\/blog\/noticia-corporativa\/envalora-reduce-sus-tarifas-rap-para-2026\/#breadcrumb\",\"itemListElement\":[{\"@type\":\"ListItem\",\"position\":1,\"name\":\"Home\",\"item\":\"https:\/\/www.clubdelemprendimiento.com\/blog\/\"},{\"@type\":\"ListItem\",\"position\":2,\"name\":\"Noticias Corporativas\",\"item\":\"https:\/\/www.clubdelemprendimiento.com\/blog\/noticias-corporativas\/\"},{\"@type\":\"ListItem\",\"position\":3,\"name\":\"ENVALORA reduce sus tarifas RAP para 2026\"}]},{\"@type\":\"WebSite\",\"@id\":\"https:\/\/www.clubdelemprendimiento.com\/blog\/#website\",\"url\":\"https:\/\/www.clubdelemprendimiento.com\/blog\/\",\"name\":\"Blog Club del Emprendimiento\",\"description\":\"\",\"potentialAction\":[{\"@type\":\"SearchAction\",\"target\":{\"@type\":\"EntryPoint\",\"urlTemplate\":\"https:\/\/www.clubdelemprendimiento.com\/blog\/?s={search_term_string}\"},\"query-input\":\"required name=search_term_string\"}],\"inLanguage\":\"es\"}]}<\/script>\n<!-- \/ Yoast SEO plugin. -->","yoast_head_json":{"title":"ENVALORA reduce sus tarifas RAP para 2026 - Blog Club del Emprendimiento","robots":{"index":"index","follow":"follow","max-snippet":"max-snippet:-1","max-image-preview":"max-image-preview:large","max-video-preview":"max-video-preview:-1"},"canonical":"https:\/\/www.clubdelemprendimiento.com\/blog\/noticia-corporativa\/envalora-reduce-sus-tarifas-rap-para-2026\/","og_locale":"es_ES","og_type":"article","og_title":"ENVALORA reduce sus tarifas RAP para 2026 - Blog Club del Emprendimiento","og_description":"ENVALORA presenta sus nuevas tarifas RAP, que entrar\u00e1n en vigor el 1 de enero&hellip;","og_url":"https:\/\/www.clubdelemprendimiento.com\/blog\/noticia-corporativa\/envalora-reduce-sus-tarifas-rap-para-2026\/","og_site_name":"Blog Club del Emprendimiento","og_image":[{"url":"https:\/\/www.clubdelemprendimiento.com\/blog\/wp-content\/uploads\/2025\/09\/ENVALORA_TARIFAS.png"}],"twitter_card":"summary_large_image","twitter_misc":{"Tiempo de lectura":"3 minutos"},"schema":{"@context":"https:\/\/schema.org","@graph":[{"@type":"WebPage","@id":"https:\/\/www.clubdelemprendimiento.com\/blog\/noticia-corporativa\/envalora-reduce-sus-tarifas-rap-para-2026\/","url":"https:\/\/www.clubdelemprendimiento.com\/blog\/noticia-corporativa\/envalora-reduce-sus-tarifas-rap-para-2026\/","name":"ENVALORA reduce sus tarifas RAP para 2026 - Blog Club del Emprendimiento","isPartOf":{"@id":"https:\/\/www.clubdelemprendimiento.com\/blog\/#website"},"primaryImageOfPage":{"@id":"https:\/\/www.clubdelemprendimiento.com\/blog\/noticia-corporativa\/envalora-reduce-sus-tarifas-rap-para-2026\/#primaryimage"},"image":{"@id":"https:\/\/www.clubdelemprendimiento.com\/blog\/noticia-corporativa\/envalora-reduce-sus-tarifas-rap-para-2026\/#primaryimage"},"thumbnailUrl":"https:\/\/www.clubdelemprendimiento.com\/blog\/wp-content\/uploads\/2025\/09\/ENVALORA_TARIFAS.png","datePublished":"2025-09-24T13:04:37+00:00","dateModified":"2025-09-24T13:04:37+00:00","breadcrumb":{"@id":"https:\/\/www.clubdelemprendimiento.com\/blog\/noticia-corporativa\/envalora-reduce-sus-tarifas-rap-para-2026\/#breadcrumb"},"inLanguage":"es","potentialAction":[{"@type":"ReadAction","target":["https:\/\/www.clubdelemprendimiento.com\/blog\/noticia-corporativa\/envalora-reduce-sus-tarifas-rap-para-2026\/"]}]},{"@type":"ImageObject","inLanguage":"es","@id":"https:\/\/www.clubdelemprendimiento.com\/blog\/noticia-corporativa\/envalora-reduce-sus-tarifas-rap-para-2026\/#primaryimage","url":"https:\/\/www.clubdelemprendimiento.com\/blog\/wp-content\/uploads\/2025\/09\/ENVALORA_TARIFAS.png","contentUrl":"https:\/\/www.clubdelemprendimiento.com\/blog\/wp-content\/uploads\/2025\/09\/ENVALORA_TARIFAS.png","width":1920,"height":1080,"caption":"ENVALORA reduce sus tarifas RAP para 2026"},{"@type":"BreadcrumbList","@id":"https:\/\/www.clubdelemprendimiento.com\/blog\/noticia-corporativa\/envalora-reduce-sus-tarifas-rap-para-2026\/#breadcrumb","itemListElement":[{"@type":"ListItem","position":1,"name":"Home","item":"https:\/\/www.clubdelemprendimiento.com\/blog\/"},{"@type":"ListItem","position":2,"name":"Noticias Corporativas","item":"https:\/\/www.clubdelemprendimiento.com\/blog\/noticias-corporativas\/"},{"@type":"ListItem","position":3,"name":"ENVALORA reduce sus tarifas RAP para 2026"}]},{"@type":"WebSite","@id":"https:\/\/www.clubdelemprendimiento.com\/blog\/#website","url":"https:\/\/www.clubdelemprendimiento.com\/blog\/","name":"Blog Club del Emprendimiento","description":"","potentialAction":[{"@type":"SearchAction","target":{"@type":"EntryPoint","urlTemplate":"https:\/\/www.clubdelemprendimiento.com\/blog\/?s={search_term_string}"},"query-input":"required name=search_term_string"}],"inLanguage":"es"}]}},"_links":{"self":[{"href":"https:\/\/www.clubdelemprendimiento.com\/blog\/wp-json\/wp\/v2\/noticia-corporativa\/21863"}],"collection":[{"href":"https:\/\/www.clubdelemprendimiento.com\/blog\/wp-json\/wp\/v2\/noticia-corporativa"}],"about":[{"href":"https:\/\/www.clubdelemprendimiento.com\/blog\/wp-json\/wp\/v2\/types\/noticia-corporativa"}],"wp:featuredmedia":[{"embeddable":true,"href":"https:\/\/www.clubdelemprendimiento.com\/blog\/wp-json\/wp\/v2\/media\/21864"}],"wp:attachment":[{"href":"https:\/\/www.clubdelemprendimiento.com\/blog\/wp-json\/wp\/v2\/media?parent=21863"}],"curies":[{"name":"wp","href":"https:\/\/api.w.org\/{rel}","templated":true}]}}