{"id":21857,"date":"2025-09-24T12:04:52","date_gmt":"2025-09-24T12:04:52","guid":{"rendered":"https:\/\/www.clubdelemprendimiento.com\/blog\/noticia-corporativa\/the-valley-lanza-una-nueva-edicion-del-programa-de-alta-direccion-en-digital-business-en-barcelona\/"},"modified":"2025-09-24T12:04:52","modified_gmt":"2025-09-24T12:04:52","slug":"the-valley-lanza-una-nueva-edicion-del-programa-de-alta-direccion-en-digital-business-en-barcelona","status":"publish","type":"noticia-corporativa","link":"https:\/\/www.clubdelemprendimiento.com\/blog\/noticia-corporativa\/the-valley-lanza-una-nueva-edicion-del-programa-de-alta-direccion-en-digital-business-en-barcelona\/","title":{"rendered":"The Valley lanza una nueva edici\u00f3n del Programa de Alta Direcci\u00f3n en Digital Business en Barcelona"},"content":{"rendered":"<div>\n<p>La formaci\u00f3n, que dar\u00e1 comienzo el 31 de octubre, se centra en fortalecer el liderazgo de los directivos, dot\u00e1ndolos de las herramientas y la visi\u00f3n necesarias para redefinir la creaci\u00f3n de valor, innovar en servicios, personalizar la relaci\u00f3n con el cliente y fomentar una cultura adaptativa<\/p>\n<p><\/p>\n<p>El tejido empresarial catal\u00e1n est\u00e1 cada vez m\u00e1s preparado en lo tecnol\u00f3gico, pero que al mismo tiempo debe afrontar un desaf\u00edo estrat\u00e9gico: <strong>contar con l\u00edderes capaces de transformar la adopci\u00f3n digital en ventaja competitiva sostenible, guiando a las organizaciones hacia la innovaci\u00f3n, y un posicionamiento s\u00f3lido en la era digital<\/strong><\/p>\n<p>Seg\u00fan el Informe sobre el estado de la D\u00e9cada Digital en Catalu\u00f1a 2030, elaborado por el Cercle Tecnologic, el 80% de las pymes catalanas alcanza ya un nivel b\u00e1sico de intensidad digital, situ\u00e1ndose por encima de la Uni\u00f3n Europea (69%) y de Espa\u00f1a (68%). Adem\u00e1s, de acuerdo con los Indicadores de uso de inteligencia artificial en Espa\u00f1a 2024 del Observatorio Nacional de Tecnolog\u00eda y Sociedad, Catalu\u00f1a (14%) es una de las regiones de Espa\u00f1a con una penetraci\u00f3n de IA por encima de la media nacional, marcando el ritmo de la transformaci\u00f3n digital en el pa\u00eds. Un contexto positivo y lleno de oportunidades, que al mismo tiempo exige directivos con la preparaci\u00f3n necesaria para tomar decisiones r\u00e1pidas, gestionar el cambio y aprovechar al m\u00e1ximo el potencial tecnol\u00f3gico. Y aunque los avances son evidentes, las capacidades de algunos l\u00edderes a\u00fan no est\u00e1n a la altura del desaf\u00edo.<\/p>\n<p>Para responder a esta necesidad, <a href=\"http:\/\/www.thevalley.es\/\" rel=\"nofollow\"><strong>The Valley<\/strong><\/a> presenta una nueva edici\u00f3n de su <strong>Programa de Alta Direcci\u00f3n en Digital Business <\/strong>en Barcelona, que <strong>arrancar\u00e1 el pr\u00f3ximo 31 de octubre en el campus de la escuela de negocios de la Ciudad Condal <\/strong>(Pg. d&#8217;Isabel II, 12, Ciutat Vella, 08003). La formaci\u00f3n ofrece un enfoque \u00fanico basado en una profunda conexi\u00f3n con el ecosistema tecnol\u00f3gico y empresarial real, que permite trasladar a la formaci\u00f3n tendencias y pr\u00e1cticas emergentes con inmediatez y rigor. De este modo, profundiza en el impacto de la tecnolog\u00eda en cuatro puntos clave, capacitando a los participantes para redefinir la <strong>creaci\u00f3n de valor, innovar en servicios, personalizar la relaci\u00f3n con el cliente y fomentar una cultura adaptativa, <\/strong>en l\u00ednea con la visi\u00f3n de una escuela que marca la pauta en formaci\u00f3n avanzada en inteligencia artificial y transformaci\u00f3n digital.<strong> <\/strong><\/p>\n<p>\u00abCatalu\u00f1a se encuentra en un momento de impulso econ\u00f3mico, con un crecimiento del PIB del 3,6% en 2024, cuatro d\u00e9cimas por encima de la espa\u00f1ola. Este dinamismo abre oportunidades para que las empresas locales aprovechen la digitalizaci\u00f3n, la Inteligencia Artificial y el uso estrat\u00e9gico de los datos como motores de innovaci\u00f3n y eficiencia. Sin embargo, para transformar estas tendencias en resultados tangibles, los directivos necesitan liderazgo, visi\u00f3n estrat\u00e9gica y capacidades que les permitan guiar sus competiciones hacia la competitividad y la sostenibilidad. En el Programa de Alta Direcci\u00f3n en Digital Business de The Valley, formamos a l\u00edderes catalanes capaces de integrar estas nuevas competencias en sus estrategias, fomentando una cultura adaptativa e innovadora que asegure que sus empresas marquen la pauta en la era digital\u00bb, se\u00f1ala <strong>Juan Luis Moreno<\/strong>, <strong>Partner &amp; Director de <\/strong><a href=\"http:\/\/www.thevalley.es\/\" rel=\"nofollow\"><strong>The Valley<\/strong><\/a><strong>.<\/strong><\/p>\n<p>El programa <strong>re\u00fane el conocimiento, la experiencia y pr\u00e1cticas consolidadas en la formaci\u00f3n de l\u00edderes en la toma de decisiones estrat\u00e9gicas<\/strong>. Tambi\u00e9n les permite integrar una versi\u00f3n digital s\u00f3lida de sus organizaciones que les permita adaptarse al cambio, reinventar modelos de negocio y construir culturas corporativas adaptativas preparadas para liderar en la nueva era. Durante la formaci\u00f3n, los alumnos cuentan con la posibilidad de acercarse a expertos procedentes de compa\u00f1\u00edas referentes como <strong>Microsoft, EY, Havas Group, Scalextric, Banc Sabadell, Blaumar Capital, ByRATINGS <\/strong>o<strong> Cellnex Telecom. <\/strong><\/p>\n<p><strong>Pere Barnola, nuevo director del Programa de Alta Direcci\u00f3n en Digital Business en Barcelona<\/strong><br \/>\nPere Barnola <strong>ha sido nombrado director de esta edici\u00f3n del Programa de Alta Direcci\u00f3n en Digital Business en Barcelona<\/strong>. Con amplia experiencia en direcci\u00f3n tecnol\u00f3gica y transformaci\u00f3n empresarial, Barnola busca compartir su conocimiento y reforzar el v\u00ednculo entre la formaci\u00f3n directiva y la innovaci\u00f3n digital. A lo largo de su carrera <strong>ha liderado compa\u00f1\u00edas nacionales e internacionales, como Chief Transformation Officer en VMLY&amp;R Spain, director de Mercados Globales y Nuevo Negocio en ActioGlobal o fundador y Chief Technology Officer en YASYT Robotics<\/strong>.<\/p>\n<p>En paralelo, ha desarrollado una intensa labor docente en escuelas como La Salle BCN, la Luxembourg School of Business y The Valley, donde ha estado impartiendo formaci\u00f3n en metodolog\u00edas \u00e1giles y gesti\u00f3n de producto digital. Su formaci\u00f3n incluye un Programa de Direcci\u00f3n General en IESE Business School y varios programas en ingenier\u00eda multimedia, programaci\u00f3n y <em>business intelligence<\/em>. Con esta combinaci\u00f3n de experiencia empresarial y acad\u00e9mica, Barnola se define como un impulsor de la innovaci\u00f3n y la agilidad organizativa.<\/p>\n<p><strong>Becas Silver: Oportunidades para la Alta Direcci\u00f3n en mayores de 50<\/strong><strong> a\u00f1os<br \/>\nThe Valley<\/strong>, consciente de que el aprendizaje no tiene l\u00edmites y que el crecimiento profesional es un proceso continuo, <strong>mantiene activas las <\/strong><a href=\"https:\/\/thevalley.es\/blog\/becas-silver-thevalley\/\" rel=\"nofollow\"><strong>Becas Silver<\/strong><\/a><strong>, una iniciativa dirigida a profesionales mayores de 50 a\u00f1os<\/strong>. Estas ayudas, que ofrecen un 30% de descuento el Programa de Alta Direcci\u00f3n en Digital Business, facilitan a este grupo demogr\u00e1fico la actualizaci\u00f3n de conocimientos y la adquisici\u00f3n de nuevas habilidades estrat\u00e9gicas.<\/p>\n<p>A pesar de su experiencia, los profesionales mayores de 50 a\u00f1os a menudo enfrentan barreras para reincorporarse al mercado laboral, derivadas de percepciones err\u00f3neas sobre su adaptaci\u00f3n a nuevas tecnolog\u00edas y metodolog\u00edas de trabajo. En este contexto, la instituci\u00f3n educativa defiende que la combinaci\u00f3n de experiencia, visi\u00f3n estrat\u00e9gica y aprendizaje continuo es un motor clave para la competitividad empresarial. Por ello, impulsa el <em>lifelong learning <\/em>como una herramienta para mantener el talento en activo, fortalecer el liderazgo y fomentar la innovaci\u00f3n en las organizaciones, siendo estas becas una muestra de este compromiso.<\/p>\n<\/div>\n","protected":false},"featured_media":0,"template":"","meta":{"_acf_changed":false},"acf":[],"yoast_head":"<!-- This site is optimized with the Yoast SEO plugin v22.7 - https:\/\/yoast.com\/wordpress\/plugins\/seo\/ -->\n<title>The Valley lanza una nueva edici\u00f3n del Programa de Alta Direcci\u00f3n en Digital Business en Barcelona - Blog Club del Emprendimiento<\/title>\n<meta name=\"robots\" content=\"index, follow, max-snippet:-1, max-image-preview:large, max-video-preview:-1\" \/>\n<link rel=\"canonical\" href=\"https:\/\/www.clubdelemprendimiento.com\/blog\/noticia-corporativa\/the-valley-lanza-una-nueva-edicion-del-programa-de-alta-direccion-en-digital-business-en-barcelona\/\" \/>\n<meta property=\"og:locale\" content=\"es_ES\" \/>\n<meta property=\"og:type\" content=\"article\" \/>\n<meta property=\"og:title\" content=\"The Valley lanza una nueva edici\u00f3n del Programa de Alta Direcci\u00f3n en Digital Business en Barcelona - Blog Club del Emprendimiento\" \/>\n<meta property=\"og:description\" content=\"La formaci\u00f3n, que dar\u00e1 comienzo el 31 de octubre, se centra en fortalecer el&hellip;\" \/>\n<meta property=\"og:url\" content=\"https:\/\/www.clubdelemprendimiento.com\/blog\/noticia-corporativa\/the-valley-lanza-una-nueva-edicion-del-programa-de-alta-direccion-en-digital-business-en-barcelona\/\" \/>\n<meta property=\"og:site_name\" content=\"Blog Club del Emprendimiento\" \/>\n<meta name=\"twitter:card\" content=\"summary_large_image\" \/>\n<meta name=\"twitter:label1\" content=\"Tiempo de lectura\" \/>\n\t<meta name=\"twitter:data1\" content=\"5 minutos\" \/>\n<script type=\"application\/ld+json\" class=\"yoast-schema-graph\">{\"@context\":\"https:\/\/schema.org\",\"@graph\":[{\"@type\":\"WebPage\",\"@id\":\"https:\/\/www.clubdelemprendimiento.com\/blog\/noticia-corporativa\/the-valley-lanza-una-nueva-edicion-del-programa-de-alta-direccion-en-digital-business-en-barcelona\/\",\"url\":\"https:\/\/www.clubdelemprendimiento.com\/blog\/noticia-corporativa\/the-valley-lanza-una-nueva-edicion-del-programa-de-alta-direccion-en-digital-business-en-barcelona\/\",\"name\":\"The Valley lanza una nueva edici\u00f3n del Programa de Alta Direcci\u00f3n en Digital Business en Barcelona - Blog Club del Emprendimiento\",\"isPartOf\":{\"@id\":\"https:\/\/www.clubdelemprendimiento.com\/blog\/#website\"},\"datePublished\":\"2025-09-24T12:04:52+00:00\",\"dateModified\":\"2025-09-24T12:04:52+00:00\",\"breadcrumb\":{\"@id\":\"https:\/\/www.clubdelemprendimiento.com\/blog\/noticia-corporativa\/the-valley-lanza-una-nueva-edicion-del-programa-de-alta-direccion-en-digital-business-en-barcelona\/#breadcrumb\"},\"inLanguage\":\"es\",\"potentialAction\":[{\"@type\":\"ReadAction\",\"target\":[\"https:\/\/www.clubdelemprendimiento.com\/blog\/noticia-corporativa\/the-valley-lanza-una-nueva-edicion-del-programa-de-alta-direccion-en-digital-business-en-barcelona\/\"]}]},{\"@type\":\"BreadcrumbList\",\"@id\":\"https:\/\/www.clubdelemprendimiento.com\/blog\/noticia-corporativa\/the-valley-lanza-una-nueva-edicion-del-programa-de-alta-direccion-en-digital-business-en-barcelona\/#breadcrumb\",\"itemListElement\":[{\"@type\":\"ListItem\",\"position\":1,\"name\":\"Home\",\"item\":\"https:\/\/www.clubdelemprendimiento.com\/blog\/\"},{\"@type\":\"ListItem\",\"position\":2,\"name\":\"Noticias Corporativas\",\"item\":\"https:\/\/www.clubdelemprendimiento.com\/blog\/noticias-corporativas\/\"},{\"@type\":\"ListItem\",\"position\":3,\"name\":\"The Valley lanza una nueva edici\u00f3n del Programa de Alta Direcci\u00f3n en Digital Business en Barcelona\"}]},{\"@type\":\"WebSite\",\"@id\":\"https:\/\/www.clubdelemprendimiento.com\/blog\/#website\",\"url\":\"https:\/\/www.clubdelemprendimiento.com\/blog\/\",\"name\":\"Blog Club del Emprendimiento\",\"description\":\"\",\"potentialAction\":[{\"@type\":\"SearchAction\",\"target\":{\"@type\":\"EntryPoint\",\"urlTemplate\":\"https:\/\/www.clubdelemprendimiento.com\/blog\/?s={search_term_string}\"},\"query-input\":\"required name=search_term_string\"}],\"inLanguage\":\"es\"}]}<\/script>\n<!-- \/ Yoast SEO plugin. -->","yoast_head_json":{"title":"The Valley lanza una nueva edici\u00f3n del Programa de Alta Direcci\u00f3n en Digital Business en Barcelona - Blog Club del Emprendimiento","robots":{"index":"index","follow":"follow","max-snippet":"max-snippet:-1","max-image-preview":"max-image-preview:large","max-video-preview":"max-video-preview:-1"},"canonical":"https:\/\/www.clubdelemprendimiento.com\/blog\/noticia-corporativa\/the-valley-lanza-una-nueva-edicion-del-programa-de-alta-direccion-en-digital-business-en-barcelona\/","og_locale":"es_ES","og_type":"article","og_title":"The Valley lanza una nueva edici\u00f3n del Programa de Alta Direcci\u00f3n en Digital Business en Barcelona - Blog Club del Emprendimiento","og_description":"La formaci\u00f3n, que dar\u00e1 comienzo el 31 de octubre, se centra en fortalecer el&hellip;","og_url":"https:\/\/www.clubdelemprendimiento.com\/blog\/noticia-corporativa\/the-valley-lanza-una-nueva-edicion-del-programa-de-alta-direccion-en-digital-business-en-barcelona\/","og_site_name":"Blog Club del Emprendimiento","twitter_card":"summary_large_image","twitter_misc":{"Tiempo de lectura":"5 minutos"},"schema":{"@context":"https:\/\/schema.org","@graph":[{"@type":"WebPage","@id":"https:\/\/www.clubdelemprendimiento.com\/blog\/noticia-corporativa\/the-valley-lanza-una-nueva-edicion-del-programa-de-alta-direccion-en-digital-business-en-barcelona\/","url":"https:\/\/www.clubdelemprendimiento.com\/blog\/noticia-corporativa\/the-valley-lanza-una-nueva-edicion-del-programa-de-alta-direccion-en-digital-business-en-barcelona\/","name":"The Valley lanza una nueva edici\u00f3n del Programa de Alta Direcci\u00f3n en Digital Business en Barcelona - Blog Club del Emprendimiento","isPartOf":{"@id":"https:\/\/www.clubdelemprendimiento.com\/blog\/#website"},"datePublished":"2025-09-24T12:04:52+00:00","dateModified":"2025-09-24T12:04:52+00:00","breadcrumb":{"@id":"https:\/\/www.clubdelemprendimiento.com\/blog\/noticia-corporativa\/the-valley-lanza-una-nueva-edicion-del-programa-de-alta-direccion-en-digital-business-en-barcelona\/#breadcrumb"},"inLanguage":"es","potentialAction":[{"@type":"ReadAction","target":["https:\/\/www.clubdelemprendimiento.com\/blog\/noticia-corporativa\/the-valley-lanza-una-nueva-edicion-del-programa-de-alta-direccion-en-digital-business-en-barcelona\/"]}]},{"@type":"BreadcrumbList","@id":"https:\/\/www.clubdelemprendimiento.com\/blog\/noticia-corporativa\/the-valley-lanza-una-nueva-edicion-del-programa-de-alta-direccion-en-digital-business-en-barcelona\/#breadcrumb","itemListElement":[{"@type":"ListItem","position":1,"name":"Home","item":"https:\/\/www.clubdelemprendimiento.com\/blog\/"},{"@type":"ListItem","position":2,"name":"Noticias Corporativas","item":"https:\/\/www.clubdelemprendimiento.com\/blog\/noticias-corporativas\/"},{"@type":"ListItem","position":3,"name":"The Valley lanza una nueva edici\u00f3n del Programa de Alta Direcci\u00f3n en Digital Business en Barcelona"}]},{"@type":"WebSite","@id":"https:\/\/www.clubdelemprendimiento.com\/blog\/#website","url":"https:\/\/www.clubdelemprendimiento.com\/blog\/","name":"Blog Club del Emprendimiento","description":"","potentialAction":[{"@type":"SearchAction","target":{"@type":"EntryPoint","urlTemplate":"https:\/\/www.clubdelemprendimiento.com\/blog\/?s={search_term_string}"},"query-input":"required name=search_term_string"}],"inLanguage":"es"}]}},"_links":{"self":[{"href":"https:\/\/www.clubdelemprendimiento.com\/blog\/wp-json\/wp\/v2\/noticia-corporativa\/21857"}],"collection":[{"href":"https:\/\/www.clubdelemprendimiento.com\/blog\/wp-json\/wp\/v2\/noticia-corporativa"}],"about":[{"href":"https:\/\/www.clubdelemprendimiento.com\/blog\/wp-json\/wp\/v2\/types\/noticia-corporativa"}],"wp:attachment":[{"href":"https:\/\/www.clubdelemprendimiento.com\/blog\/wp-json\/wp\/v2\/media?parent=21857"}],"curies":[{"name":"wp","href":"https:\/\/api.w.org\/{rel}","templated":true}]}}