{"id":21853,"date":"2025-09-24T11:04:45","date_gmt":"2025-09-24T11:04:45","guid":{"rendered":"https:\/\/www.clubdelemprendimiento.com\/blog\/noticia-corporativa\/luces-barrocas-para-un-nuevo-tiempo-la-orquesta-barroca-de-malaga-laccademico-formato-y-miguel-ulla-inauguran-la-temporada-de-la-sociedad-filarmonica-de-malaga\/"},"modified":"2025-09-24T11:04:45","modified_gmt":"2025-09-24T11:04:45","slug":"luces-barrocas-para-un-nuevo-tiempo-la-orquesta-barroca-de-malaga-laccademico-formato-y-miguel-ulla-inauguran-la-temporada-de-la-sociedad-filarmonica-de-malaga","status":"publish","type":"noticia-corporativa","link":"https:\/\/www.clubdelemprendimiento.com\/blog\/noticia-corporativa\/luces-barrocas-para-un-nuevo-tiempo-la-orquesta-barroca-de-malaga-laccademico-formato-y-miguel-ulla-inauguran-la-temporada-de-la-sociedad-filarmonica-de-malaga\/","title":{"rendered":"Luces barrocas para un nuevo tiempo: La Orquesta Barroca de M\u00e1laga, L\u2019Accademico Formato y Miguel Ulla inauguran la temporada de la Sociedad Filarm\u00f3nica de M\u00e1laga"},"content":{"rendered":"<div>\n<p><a href=\"https:\/\/www.clubdelemprendimiento.com\/blog\/wp-content\/uploads\/2025\/09\/Foto_Prensa_Reducida.png\" target=\"_blank\" class=\"fotonota\" rel=\"noopener\"> <img decoding=\"async\" src=\"https:\/\/www.clubdelemprendimiento.com\/blog\/wp-content\/uploads\/2025\/09\/Foto_Prensa_Reducida.png\" style=\"max-width:600px;\" border=\"0\" class=\"postImage\" alt=\"\"><\/a><\/p>\n<p>L&#8217;Accademico Formato, que combina la innovaci\u00f3n con la interpretaci\u00f3n hist\u00f3rica, estrena la temporada 25-26 de la Sociedad Filarm\u00f3nica de M\u00e1laga en la Sala Mar\u00eda Cristina de M\u00e1laga el pr\u00f3ximo 1 de octubre a las 19:30<\/p>\n<p><\/p>\n<p>El pr\u00f3ximo <strong>1 de octubre a las 19:30 horas<\/strong>, <strong>L\u2019Accademico Formato, la Orquesta Barroca de M\u00e1laga,<\/strong> inaugurar\u00e1 en la prestigiosa Sala Fundaci\u00f3n Unicaja Mar\u00eda Cristina la temporada de la <strong>Sociedad Filarm\u00f3nica de M\u00e1laga<\/strong> con un espect\u00e1culo \u00fanico: <em>El descanso del rey<\/em>. Ser\u00e1 una velada que unir\u00e1 la interpretaci\u00f3n historicista con un dise\u00f1o contempor\u00e1neo de luces en una propuesta esc\u00e9nica concebida para sorprender al p\u00fablico.<\/p>\n<p>Con un programa inspirado en el traslado de Felipe V y su corte a La Granja de San Ildefonso, el programa evoca el esplendor musical de la \u00e9poca y la influencia de figuras como Farinelli e Isabel de Farnesio, que marcaron el rumbo cultural de la monarqu\u00eda en Espa\u00f1a.<\/p>\n<p>El p\u00fablico podr\u00e1 disfrutar de un viaje sonoro y visual por las obras que sonaban en el Palacio Real, interpretadas con criterios hist\u00f3ricos y la energ\u00eda caracter\u00edstica de <strong>L\u2019Accademico Formato<\/strong>, la \u00fanica orquesta barroca residente de M\u00e1laga consolid\u00e1ndose as\u00ed como referente en la interpretaci\u00f3n barroca en Andaluc\u00eda. Para este concierto, L&#8217;Accademico Formato contar\u00e1 con Miguel Ulla como solista invitado, un contratenor gallego que, a pesar de su juventud, acumula grabaciones con la discogr\u00e1fica HR Recordings.<\/p>\n<p>L\u2019Accademico Formato es la \u00fanica orquesta barroca residente de M\u00e1laga, fundada este mismo a\u00f1o por un grupo de j\u00f3venes emprendedores andaluces que apuestan por renovar la vida cultural de la provincia. Con un estilo propio que combina la interpretaci\u00f3n barroca historicista con elementos contempor\u00e1neos, la formaci\u00f3n ha sabido conectar con el p\u00fablico desde sus inicios. A pesar de su reciente creaci\u00f3n, L\u2019Accademico Formato ha ofrecido ya numerosos conciertos y en octubre presentar\u00e1 la grabaci\u00f3n de un \u00e1lbum dedicado a Luigi Taglietti, un compositor barroco olvidado, reafirmando as\u00ed su vocaci\u00f3n de descubrimiento y de innovaci\u00f3n art\u00edstica.<\/p>\n<p>Las entradas est\u00e1n disponibles en\u00a0https:\/\/vivetix.com\/es\/entradas-el-descanso-del-rey-9nw4?s=link<\/p>\n<p class=\"mediakit\"><strong>V\u00eddeos<\/strong><br \/><a href=\"https:\/\/youtu.be\/vfG9B5MpvSA\" target=\"_blank\" class=\"mediakit\" rel=\"noopener\"> L&#8217;Accademico Formato en la Sala Mar\u00eda Cristina<\/a><\/p>\n<\/div>\n","protected":false},"featured_media":21854,"template":"","meta":{"_acf_changed":false},"acf":[],"yoast_head":"<!-- This site is optimized with the Yoast SEO plugin v22.7 - https:\/\/yoast.com\/wordpress\/plugins\/seo\/ -->\n<title>Luces barrocas para un nuevo tiempo: La Orquesta Barroca de M\u00e1laga, L\u2019Accademico Formato y Miguel Ulla inauguran la temporada de la Sociedad Filarm\u00f3nica de M\u00e1laga - Blog Club del Emprendimiento<\/title>\n<meta name=\"robots\" content=\"index, follow, max-snippet:-1, max-image-preview:large, max-video-preview:-1\" \/>\n<link rel=\"canonical\" href=\"https:\/\/www.clubdelemprendimiento.com\/blog\/noticia-corporativa\/luces-barrocas-para-un-nuevo-tiempo-la-orquesta-barroca-de-malaga-laccademico-formato-y-miguel-ulla-inauguran-la-temporada-de-la-sociedad-filarmonica-de-malaga\/\" \/>\n<meta property=\"og:locale\" content=\"es_ES\" \/>\n<meta property=\"og:type\" content=\"article\" \/>\n<meta property=\"og:title\" content=\"Luces barrocas para un nuevo tiempo: La Orquesta Barroca de M\u00e1laga, L\u2019Accademico Formato y Miguel Ulla inauguran la temporada de la Sociedad Filarm\u00f3nica de M\u00e1laga - Blog Club del Emprendimiento\" \/>\n<meta property=\"og:description\" content=\"L&#8217;Accademico Formato, que combina la innovaci\u00f3n con la interpretaci\u00f3n hist\u00f3rica, estrena la temporada 25-26&hellip;\" \/>\n<meta property=\"og:url\" content=\"https:\/\/www.clubdelemprendimiento.com\/blog\/noticia-corporativa\/luces-barrocas-para-un-nuevo-tiempo-la-orquesta-barroca-de-malaga-laccademico-formato-y-miguel-ulla-inauguran-la-temporada-de-la-sociedad-filarmonica-de-malaga\/\" \/>\n<meta property=\"og:site_name\" content=\"Blog Club del Emprendimiento\" \/>\n<meta property=\"og:image\" content=\"https:\/\/www.clubdelemprendimiento.com\/blog\/wp-content\/uploads\/2025\/09\/Foto_Prensa_Reducida.png\" \/>\n<meta name=\"twitter:card\" content=\"summary_large_image\" \/>\n<meta name=\"twitter:label1\" content=\"Tiempo de lectura\" \/>\n\t<meta name=\"twitter:data1\" content=\"2 minutos\" \/>\n<script type=\"application\/ld+json\" class=\"yoast-schema-graph\">{\"@context\":\"https:\/\/schema.org\",\"@graph\":[{\"@type\":\"WebPage\",\"@id\":\"https:\/\/www.clubdelemprendimiento.com\/blog\/noticia-corporativa\/luces-barrocas-para-un-nuevo-tiempo-la-orquesta-barroca-de-malaga-laccademico-formato-y-miguel-ulla-inauguran-la-temporada-de-la-sociedad-filarmonica-de-malaga\/\",\"url\":\"https:\/\/www.clubdelemprendimiento.com\/blog\/noticia-corporativa\/luces-barrocas-para-un-nuevo-tiempo-la-orquesta-barroca-de-malaga-laccademico-formato-y-miguel-ulla-inauguran-la-temporada-de-la-sociedad-filarmonica-de-malaga\/\",\"name\":\"Luces barrocas para un nuevo tiempo: La Orquesta Barroca de M\u00e1laga, L\u2019Accademico Formato y Miguel Ulla inauguran la temporada de la Sociedad Filarm\u00f3nica de M\u00e1laga - Blog Club del Emprendimiento\",\"isPartOf\":{\"@id\":\"https:\/\/www.clubdelemprendimiento.com\/blog\/#website\"},\"primaryImageOfPage\":{\"@id\":\"https:\/\/www.clubdelemprendimiento.com\/blog\/noticia-corporativa\/luces-barrocas-para-un-nuevo-tiempo-la-orquesta-barroca-de-malaga-laccademico-formato-y-miguel-ulla-inauguran-la-temporada-de-la-sociedad-filarmonica-de-malaga\/#primaryimage\"},\"image\":{\"@id\":\"https:\/\/www.clubdelemprendimiento.com\/blog\/noticia-corporativa\/luces-barrocas-para-un-nuevo-tiempo-la-orquesta-barroca-de-malaga-laccademico-formato-y-miguel-ulla-inauguran-la-temporada-de-la-sociedad-filarmonica-de-malaga\/#primaryimage\"},\"thumbnailUrl\":\"https:\/\/www.clubdelemprendimiento.com\/blog\/wp-content\/uploads\/2025\/09\/Foto_Prensa_Reducida.png\",\"datePublished\":\"2025-09-24T11:04:45+00:00\",\"dateModified\":\"2025-09-24T11:04:45+00:00\",\"breadcrumb\":{\"@id\":\"https:\/\/www.clubdelemprendimiento.com\/blog\/noticia-corporativa\/luces-barrocas-para-un-nuevo-tiempo-la-orquesta-barroca-de-malaga-laccademico-formato-y-miguel-ulla-inauguran-la-temporada-de-la-sociedad-filarmonica-de-malaga\/#breadcrumb\"},\"inLanguage\":\"es\",\"potentialAction\":[{\"@type\":\"ReadAction\",\"target\":[\"https:\/\/www.clubdelemprendimiento.com\/blog\/noticia-corporativa\/luces-barrocas-para-un-nuevo-tiempo-la-orquesta-barroca-de-malaga-laccademico-formato-y-miguel-ulla-inauguran-la-temporada-de-la-sociedad-filarmonica-de-malaga\/\"]}]},{\"@type\":\"ImageObject\",\"inLanguage\":\"es\",\"@id\":\"https:\/\/www.clubdelemprendimiento.com\/blog\/noticia-corporativa\/luces-barrocas-para-un-nuevo-tiempo-la-orquesta-barroca-de-malaga-laccademico-formato-y-miguel-ulla-inauguran-la-temporada-de-la-sociedad-filarmonica-de-malaga\/#primaryimage\",\"url\":\"https:\/\/www.clubdelemprendimiento.com\/blog\/wp-content\/uploads\/2025\/09\/Foto_Prensa_Reducida.png\",\"contentUrl\":\"https:\/\/www.clubdelemprendimiento.com\/blog\/wp-content\/uploads\/2025\/09\/Foto_Prensa_Reducida.png\",\"width\":1280,\"height\":636},{\"@type\":\"BreadcrumbList\",\"@id\":\"https:\/\/www.clubdelemprendimiento.com\/blog\/noticia-corporativa\/luces-barrocas-para-un-nuevo-tiempo-la-orquesta-barroca-de-malaga-laccademico-formato-y-miguel-ulla-inauguran-la-temporada-de-la-sociedad-filarmonica-de-malaga\/#breadcrumb\",\"itemListElement\":[{\"@type\":\"ListItem\",\"position\":1,\"name\":\"Home\",\"item\":\"https:\/\/www.clubdelemprendimiento.com\/blog\/\"},{\"@type\":\"ListItem\",\"position\":2,\"name\":\"Noticias Corporativas\",\"item\":\"https:\/\/www.clubdelemprendimiento.com\/blog\/noticias-corporativas\/\"},{\"@type\":\"ListItem\",\"position\":3,\"name\":\"Luces barrocas para un nuevo tiempo: La Orquesta Barroca de M\u00e1laga, L\u2019Accademico Formato y Miguel Ulla inauguran la temporada de la Sociedad Filarm\u00f3nica de M\u00e1laga\"}]},{\"@type\":\"WebSite\",\"@id\":\"https:\/\/www.clubdelemprendimiento.com\/blog\/#website\",\"url\":\"https:\/\/www.clubdelemprendimiento.com\/blog\/\",\"name\":\"Blog Club del Emprendimiento\",\"description\":\"\",\"potentialAction\":[{\"@type\":\"SearchAction\",\"target\":{\"@type\":\"EntryPoint\",\"urlTemplate\":\"https:\/\/www.clubdelemprendimiento.com\/blog\/?s={search_term_string}\"},\"query-input\":\"required name=search_term_string\"}],\"inLanguage\":\"es\"}]}<\/script>\n<!-- \/ Yoast SEO plugin. -->","yoast_head_json":{"title":"Luces barrocas para un nuevo tiempo: La Orquesta Barroca de M\u00e1laga, L\u2019Accademico Formato y Miguel Ulla inauguran la temporada de la Sociedad Filarm\u00f3nica de M\u00e1laga - Blog Club del Emprendimiento","robots":{"index":"index","follow":"follow","max-snippet":"max-snippet:-1","max-image-preview":"max-image-preview:large","max-video-preview":"max-video-preview:-1"},"canonical":"https:\/\/www.clubdelemprendimiento.com\/blog\/noticia-corporativa\/luces-barrocas-para-un-nuevo-tiempo-la-orquesta-barroca-de-malaga-laccademico-formato-y-miguel-ulla-inauguran-la-temporada-de-la-sociedad-filarmonica-de-malaga\/","og_locale":"es_ES","og_type":"article","og_title":"Luces barrocas para un nuevo tiempo: La Orquesta Barroca de M\u00e1laga, L\u2019Accademico Formato y Miguel Ulla inauguran la temporada de la Sociedad Filarm\u00f3nica de M\u00e1laga - Blog Club del Emprendimiento","og_description":"L&#8217;Accademico Formato, que combina la innovaci\u00f3n con la interpretaci\u00f3n hist\u00f3rica, estrena la temporada 25-26&hellip;","og_url":"https:\/\/www.clubdelemprendimiento.com\/blog\/noticia-corporativa\/luces-barrocas-para-un-nuevo-tiempo-la-orquesta-barroca-de-malaga-laccademico-formato-y-miguel-ulla-inauguran-la-temporada-de-la-sociedad-filarmonica-de-malaga\/","og_site_name":"Blog Club del Emprendimiento","og_image":[{"url":"https:\/\/www.clubdelemprendimiento.com\/blog\/wp-content\/uploads\/2025\/09\/Foto_Prensa_Reducida.png"}],"twitter_card":"summary_large_image","twitter_misc":{"Tiempo de lectura":"2 minutos"},"schema":{"@context":"https:\/\/schema.org","@graph":[{"@type":"WebPage","@id":"https:\/\/www.clubdelemprendimiento.com\/blog\/noticia-corporativa\/luces-barrocas-para-un-nuevo-tiempo-la-orquesta-barroca-de-malaga-laccademico-formato-y-miguel-ulla-inauguran-la-temporada-de-la-sociedad-filarmonica-de-malaga\/","url":"https:\/\/www.clubdelemprendimiento.com\/blog\/noticia-corporativa\/luces-barrocas-para-un-nuevo-tiempo-la-orquesta-barroca-de-malaga-laccademico-formato-y-miguel-ulla-inauguran-la-temporada-de-la-sociedad-filarmonica-de-malaga\/","name":"Luces barrocas para un nuevo tiempo: La Orquesta Barroca de M\u00e1laga, L\u2019Accademico Formato y Miguel Ulla inauguran la temporada de la Sociedad Filarm\u00f3nica de M\u00e1laga - Blog Club del Emprendimiento","isPartOf":{"@id":"https:\/\/www.clubdelemprendimiento.com\/blog\/#website"},"primaryImageOfPage":{"@id":"https:\/\/www.clubdelemprendimiento.com\/blog\/noticia-corporativa\/luces-barrocas-para-un-nuevo-tiempo-la-orquesta-barroca-de-malaga-laccademico-formato-y-miguel-ulla-inauguran-la-temporada-de-la-sociedad-filarmonica-de-malaga\/#primaryimage"},"image":{"@id":"https:\/\/www.clubdelemprendimiento.com\/blog\/noticia-corporativa\/luces-barrocas-para-un-nuevo-tiempo-la-orquesta-barroca-de-malaga-laccademico-formato-y-miguel-ulla-inauguran-la-temporada-de-la-sociedad-filarmonica-de-malaga\/#primaryimage"},"thumbnailUrl":"https:\/\/www.clubdelemprendimiento.com\/blog\/wp-content\/uploads\/2025\/09\/Foto_Prensa_Reducida.png","datePublished":"2025-09-24T11:04:45+00:00","dateModified":"2025-09-24T11:04:45+00:00","breadcrumb":{"@id":"https:\/\/www.clubdelemprendimiento.com\/blog\/noticia-corporativa\/luces-barrocas-para-un-nuevo-tiempo-la-orquesta-barroca-de-malaga-laccademico-formato-y-miguel-ulla-inauguran-la-temporada-de-la-sociedad-filarmonica-de-malaga\/#breadcrumb"},"inLanguage":"es","potentialAction":[{"@type":"ReadAction","target":["https:\/\/www.clubdelemprendimiento.com\/blog\/noticia-corporativa\/luces-barrocas-para-un-nuevo-tiempo-la-orquesta-barroca-de-malaga-laccademico-formato-y-miguel-ulla-inauguran-la-temporada-de-la-sociedad-filarmonica-de-malaga\/"]}]},{"@type":"ImageObject","inLanguage":"es","@id":"https:\/\/www.clubdelemprendimiento.com\/blog\/noticia-corporativa\/luces-barrocas-para-un-nuevo-tiempo-la-orquesta-barroca-de-malaga-laccademico-formato-y-miguel-ulla-inauguran-la-temporada-de-la-sociedad-filarmonica-de-malaga\/#primaryimage","url":"https:\/\/www.clubdelemprendimiento.com\/blog\/wp-content\/uploads\/2025\/09\/Foto_Prensa_Reducida.png","contentUrl":"https:\/\/www.clubdelemprendimiento.com\/blog\/wp-content\/uploads\/2025\/09\/Foto_Prensa_Reducida.png","width":1280,"height":636},{"@type":"BreadcrumbList","@id":"https:\/\/www.clubdelemprendimiento.com\/blog\/noticia-corporativa\/luces-barrocas-para-un-nuevo-tiempo-la-orquesta-barroca-de-malaga-laccademico-formato-y-miguel-ulla-inauguran-la-temporada-de-la-sociedad-filarmonica-de-malaga\/#breadcrumb","itemListElement":[{"@type":"ListItem","position":1,"name":"Home","item":"https:\/\/www.clubdelemprendimiento.com\/blog\/"},{"@type":"ListItem","position":2,"name":"Noticias Corporativas","item":"https:\/\/www.clubdelemprendimiento.com\/blog\/noticias-corporativas\/"},{"@type":"ListItem","position":3,"name":"Luces barrocas para un nuevo tiempo: La Orquesta Barroca de M\u00e1laga, L\u2019Accademico Formato y Miguel Ulla inauguran la temporada de la Sociedad Filarm\u00f3nica de M\u00e1laga"}]},{"@type":"WebSite","@id":"https:\/\/www.clubdelemprendimiento.com\/blog\/#website","url":"https:\/\/www.clubdelemprendimiento.com\/blog\/","name":"Blog Club del Emprendimiento","description":"","potentialAction":[{"@type":"SearchAction","target":{"@type":"EntryPoint","urlTemplate":"https:\/\/www.clubdelemprendimiento.com\/blog\/?s={search_term_string}"},"query-input":"required name=search_term_string"}],"inLanguage":"es"}]}},"_links":{"self":[{"href":"https:\/\/www.clubdelemprendimiento.com\/blog\/wp-json\/wp\/v2\/noticia-corporativa\/21853"}],"collection":[{"href":"https:\/\/www.clubdelemprendimiento.com\/blog\/wp-json\/wp\/v2\/noticia-corporativa"}],"about":[{"href":"https:\/\/www.clubdelemprendimiento.com\/blog\/wp-json\/wp\/v2\/types\/noticia-corporativa"}],"wp:featuredmedia":[{"embeddable":true,"href":"https:\/\/www.clubdelemprendimiento.com\/blog\/wp-json\/wp\/v2\/media\/21854"}],"wp:attachment":[{"href":"https:\/\/www.clubdelemprendimiento.com\/blog\/wp-json\/wp\/v2\/media?parent=21853"}],"curies":[{"name":"wp","href":"https:\/\/api.w.org\/{rel}","templated":true}]}}