{"id":21843,"date":"2025-09-24T10:04:38","date_gmt":"2025-09-24T10:04:38","guid":{"rendered":"https:\/\/www.clubdelemprendimiento.com\/blog\/noticia-corporativa\/allianz-partners-refuerza-el-negocio-de-proteccion-de-dispositivos-con-el-nombramiento-de-jaime-liniers\/"},"modified":"2025-09-24T10:04:38","modified_gmt":"2025-09-24T10:04:38","slug":"allianz-partners-refuerza-el-negocio-de-proteccion-de-dispositivos-con-el-nombramiento-de-jaime-liniers","status":"publish","type":"noticia-corporativa","link":"https:\/\/www.clubdelemprendimiento.com\/blog\/noticia-corporativa\/allianz-partners-refuerza-el-negocio-de-proteccion-de-dispositivos-con-el-nombramiento-de-jaime-liniers\/","title":{"rendered":"Allianz Partners refuerza el negocio de protecci\u00f3n de dispositivos con el nombramiento de Jaime Liniers"},"content":{"rendered":"<div>\n<p><a href=\"https:\/\/www.clubdelemprendimiento.com\/blog\/wp-content\/uploads\/2025\/09\/Jaime-Liniers.jpg\" target=\"_blank\" class=\"fotonota\" rel=\"noopener\"> <img decoding=\"async\" src=\"https:\/\/www.clubdelemprendimiento.com\/blog\/wp-content\/uploads\/2025\/09\/Jaime-Liniers.jpg\" style=\"max-width:600px;\" border=\"0\" class=\"postImage\" alt=\"\"><\/a><\/p>\n<p>Este movimiento estrat\u00e9gico impulsa la apuesta de Allianz Partners tanto en Espa\u00f1a como en otros mercados mundiales para ser un actor clave en mercado donde la eficiencia operativa, la innovaci\u00f3n y el foco en el cliente son esenciales<\/p>\n<p><\/p>\n<p>Allianz Partners ha anunciado el nombramiento de Jaime Liniers como nuevo responsable Global de Specialty Lines, l\u00ednea de negocio de nueva creaci\u00f3n que agrupa una amplia variedad de productos ya existentes como Easy Living, Protecci\u00f3n Integral de Dispositivos, Riesgos Digitales y Extensi\u00f3n de Garant\u00edas, cargo que asumir\u00e1 a partir del 1 de octubre de 2025. Este movimiento refuerza el compromiso estrat\u00e9gico de la compa\u00f1\u00eda con el desarrollo y consolidaci\u00f3n de las soluciones centradas en la Protecci\u00f3n de Dispositivos y Extensi\u00f3n de Garant\u00eda de Motor, actividad donde Espa\u00f1a es uno de los mercados m\u00e1s maduros y relevantes para esta actividad.<\/p>\n<p>Espa\u00f1a ha sido hist\u00f3ricamente, dentro de los mercados globales donde Allianz Partners opera y ofrece este tipo de soluciones, una pieza clave en el desarrollo del modelo de negocio de Specialty Lines. El nuevo liderazgo de Jaime Liniers permitir\u00e1 acelerar la evoluci\u00f3n de esta l\u00ednea de negocio hacia un modelo a\u00fan m\u00e1s eficiente, digital, escalable y centrado en el cliente.<\/p>\n<p>Con m\u00e1s de 20 a\u00f1os de experiencia en gesti\u00f3n empresarial y tras desempe\u00f1ar un papel crucial en la internacionalizaci\u00f3n de Multiasistencia en Latinoam\u00e9rica, en 2022 pas\u00f3 a asumir el cargo de consejero delegado de Allianz Partners en Brasil y Latinoam\u00e9rica hasta la actualidad.<\/p>\n<p>Desde su nueva posici\u00f3n, Liniers liderar\u00e1 la evoluci\u00f3n de esta l\u00ednea estrat\u00e9gica a nivel global, y su objetivo ser\u00e1 escalar el negocio de forma sostenible y consolidar la posici\u00f3n de la compa\u00f1\u00eda como l\u00edder en soluciones de asistencia, mantenimiento predictivo y reparaci\u00f3n inmediata, aspectos clave para los nuevos h\u00e1bitos de consumo.<\/p>\n<p><strong>Borja D\u00edaz, Managing Director Iberia de Allianz Partners y Consejero Delegado en Espa\u00f1a<\/strong> ha comentado: \u00abEs una alegr\u00eda dar la bienvenida de vuelta a Jaime Liniers en esta nueva etapa al frente de una l\u00ednea de negocio tan estrat\u00e9gica para el Grupo y Espa\u00f1a de cara al medio plazo, como es Specialty Lines. Su gran profesionalidad, su experiencia en nuestra compa\u00f1\u00eda y su visi\u00f3n centrada en el cliente ser\u00e1n clave para consolidar nuestra posici\u00f3n de liderazgo y seguir impulsando la transformaci\u00f3n del modelo de asistencia. Estoy convencido de que, con su nombramiento, damos un paso firme hacia una propuesta de valor m\u00e1s innovadora, eficiente y adaptada a las nuevas expectativas del mercado\u00bb.<\/p>\n<p><strong>Jaime Liniers, Global Head de Specialty Lines <\/strong>ha declarado: \u00abEstoy muy ilusionado con este nuevo proyecto y estoy seguro de que el mercado espa\u00f1ol continuar\u00e1 siendo un motor de crecimiento. Nuestra prioridad estrat\u00e9gica dentro de los mercados globales donde operamos ser\u00e1 impulsar los productos de la gama de Specialty Lines\u00bb.<\/p>\n<\/div>\n","protected":false},"featured_media":21844,"template":"","meta":{"_acf_changed":false},"acf":[],"yoast_head":"<!-- This site is optimized with the Yoast SEO plugin v22.7 - https:\/\/yoast.com\/wordpress\/plugins\/seo\/ -->\n<title>Allianz Partners refuerza el negocio de protecci\u00f3n de dispositivos con el nombramiento de Jaime Liniers - Blog Club del Emprendimiento<\/title>\n<meta name=\"robots\" content=\"index, follow, max-snippet:-1, max-image-preview:large, max-video-preview:-1\" \/>\n<link rel=\"canonical\" href=\"https:\/\/www.clubdelemprendimiento.com\/blog\/noticia-corporativa\/allianz-partners-refuerza-el-negocio-de-proteccion-de-dispositivos-con-el-nombramiento-de-jaime-liniers\/\" \/>\n<meta property=\"og:locale\" content=\"es_ES\" \/>\n<meta property=\"og:type\" content=\"article\" \/>\n<meta property=\"og:title\" content=\"Allianz Partners refuerza el negocio de protecci\u00f3n de dispositivos con el nombramiento de Jaime Liniers - Blog Club del Emprendimiento\" \/>\n<meta property=\"og:description\" content=\"Este movimiento estrat\u00e9gico impulsa la apuesta de Allianz Partners tanto en Espa\u00f1a como en&hellip;\" \/>\n<meta property=\"og:url\" content=\"https:\/\/www.clubdelemprendimiento.com\/blog\/noticia-corporativa\/allianz-partners-refuerza-el-negocio-de-proteccion-de-dispositivos-con-el-nombramiento-de-jaime-liniers\/\" \/>\n<meta property=\"og:site_name\" content=\"Blog Club del Emprendimiento\" \/>\n<meta property=\"og:image\" content=\"https:\/\/www.clubdelemprendimiento.com\/blog\/wp-content\/uploads\/2025\/09\/Jaime-Liniers.jpg\" \/>\n<meta name=\"twitter:card\" content=\"summary_large_image\" \/>\n<meta name=\"twitter:label1\" content=\"Tiempo de lectura\" \/>\n\t<meta name=\"twitter:data1\" content=\"3 minutos\" \/>\n<script type=\"application\/ld+json\" class=\"yoast-schema-graph\">{\"@context\":\"https:\/\/schema.org\",\"@graph\":[{\"@type\":\"WebPage\",\"@id\":\"https:\/\/www.clubdelemprendimiento.com\/blog\/noticia-corporativa\/allianz-partners-refuerza-el-negocio-de-proteccion-de-dispositivos-con-el-nombramiento-de-jaime-liniers\/\",\"url\":\"https:\/\/www.clubdelemprendimiento.com\/blog\/noticia-corporativa\/allianz-partners-refuerza-el-negocio-de-proteccion-de-dispositivos-con-el-nombramiento-de-jaime-liniers\/\",\"name\":\"Allianz Partners refuerza el negocio de protecci\u00f3n de dispositivos con el nombramiento de Jaime Liniers - Blog Club del Emprendimiento\",\"isPartOf\":{\"@id\":\"https:\/\/www.clubdelemprendimiento.com\/blog\/#website\"},\"primaryImageOfPage\":{\"@id\":\"https:\/\/www.clubdelemprendimiento.com\/blog\/noticia-corporativa\/allianz-partners-refuerza-el-negocio-de-proteccion-de-dispositivos-con-el-nombramiento-de-jaime-liniers\/#primaryimage\"},\"image\":{\"@id\":\"https:\/\/www.clubdelemprendimiento.com\/blog\/noticia-corporativa\/allianz-partners-refuerza-el-negocio-de-proteccion-de-dispositivos-con-el-nombramiento-de-jaime-liniers\/#primaryimage\"},\"thumbnailUrl\":\"https:\/\/www.clubdelemprendimiento.com\/blog\/wp-content\/uploads\/2025\/09\/Jaime-Liniers.jpg\",\"datePublished\":\"2025-09-24T10:04:38+00:00\",\"dateModified\":\"2025-09-24T10:04:38+00:00\",\"breadcrumb\":{\"@id\":\"https:\/\/www.clubdelemprendimiento.com\/blog\/noticia-corporativa\/allianz-partners-refuerza-el-negocio-de-proteccion-de-dispositivos-con-el-nombramiento-de-jaime-liniers\/#breadcrumb\"},\"inLanguage\":\"es\",\"potentialAction\":[{\"@type\":\"ReadAction\",\"target\":[\"https:\/\/www.clubdelemprendimiento.com\/blog\/noticia-corporativa\/allianz-partners-refuerza-el-negocio-de-proteccion-de-dispositivos-con-el-nombramiento-de-jaime-liniers\/\"]}]},{\"@type\":\"ImageObject\",\"inLanguage\":\"es\",\"@id\":\"https:\/\/www.clubdelemprendimiento.com\/blog\/noticia-corporativa\/allianz-partners-refuerza-el-negocio-de-proteccion-de-dispositivos-con-el-nombramiento-de-jaime-liniers\/#primaryimage\",\"url\":\"https:\/\/www.clubdelemprendimiento.com\/blog\/wp-content\/uploads\/2025\/09\/Jaime-Liniers.jpg\",\"contentUrl\":\"https:\/\/www.clubdelemprendimiento.com\/blog\/wp-content\/uploads\/2025\/09\/Jaime-Liniers.jpg\",\"width\":800,\"height\":533},{\"@type\":\"BreadcrumbList\",\"@id\":\"https:\/\/www.clubdelemprendimiento.com\/blog\/noticia-corporativa\/allianz-partners-refuerza-el-negocio-de-proteccion-de-dispositivos-con-el-nombramiento-de-jaime-liniers\/#breadcrumb\",\"itemListElement\":[{\"@type\":\"ListItem\",\"position\":1,\"name\":\"Home\",\"item\":\"https:\/\/www.clubdelemprendimiento.com\/blog\/\"},{\"@type\":\"ListItem\",\"position\":2,\"name\":\"Noticias Corporativas\",\"item\":\"https:\/\/www.clubdelemprendimiento.com\/blog\/noticias-corporativas\/\"},{\"@type\":\"ListItem\",\"position\":3,\"name\":\"Allianz Partners refuerza el negocio de protecci\u00f3n de dispositivos con el nombramiento de Jaime Liniers\"}]},{\"@type\":\"WebSite\",\"@id\":\"https:\/\/www.clubdelemprendimiento.com\/blog\/#website\",\"url\":\"https:\/\/www.clubdelemprendimiento.com\/blog\/\",\"name\":\"Blog Club del Emprendimiento\",\"description\":\"\",\"potentialAction\":[{\"@type\":\"SearchAction\",\"target\":{\"@type\":\"EntryPoint\",\"urlTemplate\":\"https:\/\/www.clubdelemprendimiento.com\/blog\/?s={search_term_string}\"},\"query-input\":\"required name=search_term_string\"}],\"inLanguage\":\"es\"}]}<\/script>\n<!-- \/ Yoast SEO plugin. -->","yoast_head_json":{"title":"Allianz Partners refuerza el negocio de protecci\u00f3n de dispositivos con el nombramiento de Jaime Liniers - Blog Club del Emprendimiento","robots":{"index":"index","follow":"follow","max-snippet":"max-snippet:-1","max-image-preview":"max-image-preview:large","max-video-preview":"max-video-preview:-1"},"canonical":"https:\/\/www.clubdelemprendimiento.com\/blog\/noticia-corporativa\/allianz-partners-refuerza-el-negocio-de-proteccion-de-dispositivos-con-el-nombramiento-de-jaime-liniers\/","og_locale":"es_ES","og_type":"article","og_title":"Allianz Partners refuerza el negocio de protecci\u00f3n de dispositivos con el nombramiento de Jaime Liniers - Blog Club del Emprendimiento","og_description":"Este movimiento estrat\u00e9gico impulsa la apuesta de Allianz Partners tanto en Espa\u00f1a como en&hellip;","og_url":"https:\/\/www.clubdelemprendimiento.com\/blog\/noticia-corporativa\/allianz-partners-refuerza-el-negocio-de-proteccion-de-dispositivos-con-el-nombramiento-de-jaime-liniers\/","og_site_name":"Blog Club del Emprendimiento","og_image":[{"url":"https:\/\/www.clubdelemprendimiento.com\/blog\/wp-content\/uploads\/2025\/09\/Jaime-Liniers.jpg"}],"twitter_card":"summary_large_image","twitter_misc":{"Tiempo de lectura":"3 minutos"},"schema":{"@context":"https:\/\/schema.org","@graph":[{"@type":"WebPage","@id":"https:\/\/www.clubdelemprendimiento.com\/blog\/noticia-corporativa\/allianz-partners-refuerza-el-negocio-de-proteccion-de-dispositivos-con-el-nombramiento-de-jaime-liniers\/","url":"https:\/\/www.clubdelemprendimiento.com\/blog\/noticia-corporativa\/allianz-partners-refuerza-el-negocio-de-proteccion-de-dispositivos-con-el-nombramiento-de-jaime-liniers\/","name":"Allianz Partners refuerza el negocio de protecci\u00f3n de dispositivos con el nombramiento de Jaime Liniers - Blog Club del Emprendimiento","isPartOf":{"@id":"https:\/\/www.clubdelemprendimiento.com\/blog\/#website"},"primaryImageOfPage":{"@id":"https:\/\/www.clubdelemprendimiento.com\/blog\/noticia-corporativa\/allianz-partners-refuerza-el-negocio-de-proteccion-de-dispositivos-con-el-nombramiento-de-jaime-liniers\/#primaryimage"},"image":{"@id":"https:\/\/www.clubdelemprendimiento.com\/blog\/noticia-corporativa\/allianz-partners-refuerza-el-negocio-de-proteccion-de-dispositivos-con-el-nombramiento-de-jaime-liniers\/#primaryimage"},"thumbnailUrl":"https:\/\/www.clubdelemprendimiento.com\/blog\/wp-content\/uploads\/2025\/09\/Jaime-Liniers.jpg","datePublished":"2025-09-24T10:04:38+00:00","dateModified":"2025-09-24T10:04:38+00:00","breadcrumb":{"@id":"https:\/\/www.clubdelemprendimiento.com\/blog\/noticia-corporativa\/allianz-partners-refuerza-el-negocio-de-proteccion-de-dispositivos-con-el-nombramiento-de-jaime-liniers\/#breadcrumb"},"inLanguage":"es","potentialAction":[{"@type":"ReadAction","target":["https:\/\/www.clubdelemprendimiento.com\/blog\/noticia-corporativa\/allianz-partners-refuerza-el-negocio-de-proteccion-de-dispositivos-con-el-nombramiento-de-jaime-liniers\/"]}]},{"@type":"ImageObject","inLanguage":"es","@id":"https:\/\/www.clubdelemprendimiento.com\/blog\/noticia-corporativa\/allianz-partners-refuerza-el-negocio-de-proteccion-de-dispositivos-con-el-nombramiento-de-jaime-liniers\/#primaryimage","url":"https:\/\/www.clubdelemprendimiento.com\/blog\/wp-content\/uploads\/2025\/09\/Jaime-Liniers.jpg","contentUrl":"https:\/\/www.clubdelemprendimiento.com\/blog\/wp-content\/uploads\/2025\/09\/Jaime-Liniers.jpg","width":800,"height":533},{"@type":"BreadcrumbList","@id":"https:\/\/www.clubdelemprendimiento.com\/blog\/noticia-corporativa\/allianz-partners-refuerza-el-negocio-de-proteccion-de-dispositivos-con-el-nombramiento-de-jaime-liniers\/#breadcrumb","itemListElement":[{"@type":"ListItem","position":1,"name":"Home","item":"https:\/\/www.clubdelemprendimiento.com\/blog\/"},{"@type":"ListItem","position":2,"name":"Noticias Corporativas","item":"https:\/\/www.clubdelemprendimiento.com\/blog\/noticias-corporativas\/"},{"@type":"ListItem","position":3,"name":"Allianz Partners refuerza el negocio de protecci\u00f3n de dispositivos con el nombramiento de Jaime Liniers"}]},{"@type":"WebSite","@id":"https:\/\/www.clubdelemprendimiento.com\/blog\/#website","url":"https:\/\/www.clubdelemprendimiento.com\/blog\/","name":"Blog Club del Emprendimiento","description":"","potentialAction":[{"@type":"SearchAction","target":{"@type":"EntryPoint","urlTemplate":"https:\/\/www.clubdelemprendimiento.com\/blog\/?s={search_term_string}"},"query-input":"required name=search_term_string"}],"inLanguage":"es"}]}},"_links":{"self":[{"href":"https:\/\/www.clubdelemprendimiento.com\/blog\/wp-json\/wp\/v2\/noticia-corporativa\/21843"}],"collection":[{"href":"https:\/\/www.clubdelemprendimiento.com\/blog\/wp-json\/wp\/v2\/noticia-corporativa"}],"about":[{"href":"https:\/\/www.clubdelemprendimiento.com\/blog\/wp-json\/wp\/v2\/types\/noticia-corporativa"}],"wp:featuredmedia":[{"embeddable":true,"href":"https:\/\/www.clubdelemprendimiento.com\/blog\/wp-json\/wp\/v2\/media\/21844"}],"wp:attachment":[{"href":"https:\/\/www.clubdelemprendimiento.com\/blog\/wp-json\/wp\/v2\/media?parent=21843"}],"curies":[{"name":"wp","href":"https:\/\/api.w.org\/{rel}","templated":true}]}}