{"id":21840,"date":"2025-09-24T10:04:31","date_gmt":"2025-09-24T10:04:31","guid":{"rendered":"https:\/\/www.clubdelemprendimiento.com\/blog\/noticia-corporativa\/el-ii-congreso-de-asefave-pondra-el-foco-en-la-sostenibilidad-y-la-incorporacion-de-talento-al-sector-de-la-construccion\/"},"modified":"2025-09-24T10:04:31","modified_gmt":"2025-09-24T10:04:31","slug":"el-ii-congreso-de-asefave-pondra-el-foco-en-la-sostenibilidad-y-la-incorporacion-de-talento-al-sector-de-la-construccion","status":"publish","type":"noticia-corporativa","link":"https:\/\/www.clubdelemprendimiento.com\/blog\/noticia-corporativa\/el-ii-congreso-de-asefave-pondra-el-foco-en-la-sostenibilidad-y-la-incorporacion-de-talento-al-sector-de-la-construccion\/","title":{"rendered":"El II Congreso de ASEFAVE pondr\u00e1 el foco en la sostenibilidad y la incorporaci\u00f3n de talento al sector de la construcci\u00f3n"},"content":{"rendered":"<div>\n<p>La Asociaci\u00f3n Espa\u00f1ola de Fabricantes de Fachadas Ligeras y Ventanas confirma las primeras mesas de debate que tendr\u00e1n lugar en esta gran cita del sector los d\u00edas 13 y 14 de noviembre. El congreso contar\u00e1 con la participaci\u00f3n de Mar\u00eda Teresa Verd\u00fa, Directora General de Agenda Urbana y Arquitectura, y Jorge Jimeno, jefe de \u00e1rea de la Subdirecci\u00f3n General de Calidad y Seguridad Industrial<\/p>\n<p><\/p>\n<p>La Asociaci\u00f3n Espa\u00f1ola de Fabricantes de Fachadas Ligeras y Ventanas (ASEFAVE), que ya anunci\u00f3 la celebraci\u00f3n de su II Congreso internacional de la ventana, la fachada y la protecci\u00f3n solar el pr\u00f3ximo mes de noviembre, ha oficializado las primeras mesas de debate en un encuentro que reunir\u00e1 a representantes de la administraci\u00f3n p\u00fablica, expertos y empresas l\u00edderes del sector para debatir sobre los grandes retos de la construcci\u00f3n y la rehabilitaci\u00f3n.<\/p>\n<p>Uno de los momentos destacados ser\u00e1 la mesa dedicada al Potencial de Calentamiento Global (PTG), que contar\u00e1 con la participaci\u00f3n de expertos de Saint Gobain (David Blanco), AGC (\u00c0lex Siur\u00f3), Aluplast (Jorge Aguilar) e Hydro (Mario Horno) que, moderados por Adri\u00e1n Moreno (Technoform), analizar\u00e1n cuestiones como el An\u00e1lisis de Ciclo de Vida (ACV), las Declaraciones Ambientales de Producto (DAPs) o los nuevos certificados de eficiencia energ\u00e9tica.<\/p>\n<p>En la misma l\u00ednea conceptual de la mencionada ponencia, los asistentes al II Congreso de ASEFAVE tendr\u00e1n la oportunidad de escuchar a la Directora General de Agenda Urbana y Arquitectura, Mar\u00eda Teresa Verd\u00fa Mart\u00ednez, del Ministerio de Vivienda y Agenda Urbana, que abordar\u00e1 en su turno el nuevo DB HSA Documento b\u00e1sico de sostenibilidad (CTE).<\/p>\n<p>Asimismo, otra de las mesas confirmadas pondr\u00e1 el acento en la incorporaci\u00f3n de nuevos profesionales al sector, abordando el relevo generacional, la inclusi\u00f3n de j\u00f3venes y mujeres y el papel de la formaci\u00f3n profesional. Moderada por Manuel Medina (ISO-Chemie), contar\u00e1 con ponentes de Tremco (Enric Gres), Soudal (Jos\u00e9 Manuel Torres), Guardian Glass (Susana Gago), la Federaci\u00f3n Andaluc\u00eda Acoge (Zaray Cabrera) y el Centro Integrado Tecnol\u00f3gico Industrial de Le\u00f3n (Inmaculada Jim\u00e9nez), quienes debatir\u00e1n sobre la atracci\u00f3n de talento, los oficios de dif\u00edcil ocupaci\u00f3n, el arraigo por formaci\u00f3n y la aportaci\u00f3n de la iniciativa privada.<\/p>\n<p>Desde ASEFAVE no se cesa en el empe\u00f1o de que esta cita, que tendr\u00e1 lugar en Madrid los pr\u00f3ximos d\u00edas 13 y 14 de noviembre, sea asimismo el lugar propicio para un sinf\u00edn de debates en torno a la inteligencia artificial para el sector de la construcci\u00f3n, la prefabricaci\u00f3n modular, el reto clim\u00e1tico o las herramientas de simulaci\u00f3n del incendio aplicadas al dise\u00f1o de fachadas. Otras de las firmas que asistir\u00e1n al congreso ser\u00e1n ANTAL, Ferr\u00e9s Arquitectos y consultores, Trespa Iberia, Arup, Alucoil, Indalsu-Domo, Tecnalia, A-OK Motors, Mol Arquitectura, Efectis, Enar o la Universidad del Pa\u00eds Vasco UPV\/EHU.\u00a0<\/p>\n<p>Adem\u00e1s, otro magn\u00edfico indicador del crecimiento del II Congreso internacional de la ventana, la fachada y la protecci\u00f3n solar es el aumento en el n\u00famero previsto de asistentes al evento, ya que se duplicar\u00e1 la asistencia de la primera edici\u00f3n del congreso, celebrado en 2023, con congresistas llegados desde diferentes puntos de la geograf\u00eda espa\u00f1ola, Europa y Latinoam\u00e9rica.\u00a0<\/p>\n<p><strong>Sobre ASEFAVE<\/strong><br \/>\nLa Asociaci\u00f3n Espa\u00f1ola de Fabricantes de Fachadas Ligeras y Ventanas fue constituida en julio de 1977. Asociaci\u00f3n de \u00e1mbito nacional, de la que forman parte los m\u00e1s destacados fabricantes de ventanas, fachadas y sistemas de protecci\u00f3n solar, as\u00ed como, empresas que proporcionan componentes para su manufactura, es un organismo que coordina las reivindicaciones e intereses del sector y de sus empresas asociadas. La actual Junta Directiva est\u00e1 presidida por Miguel Robles, al que acompa\u00f1an los vicepresidentes Carlos Sub\u00edas y Pablo Rodr\u00edguez, adem\u00e1s de 12 vocales.<\/p>\n<\/div>\n","protected":false},"featured_media":0,"template":"","meta":{"_acf_changed":false},"acf":[],"yoast_head":"<!-- This site is optimized with the Yoast SEO plugin v22.7 - https:\/\/yoast.com\/wordpress\/plugins\/seo\/ -->\n<title>El II Congreso de ASEFAVE pondr\u00e1 el foco en la sostenibilidad y la incorporaci\u00f3n de talento al sector de la construcci\u00f3n - Blog Club del Emprendimiento<\/title>\n<meta name=\"robots\" content=\"index, follow, max-snippet:-1, max-image-preview:large, max-video-preview:-1\" \/>\n<link rel=\"canonical\" href=\"https:\/\/www.clubdelemprendimiento.com\/blog\/noticia-corporativa\/el-ii-congreso-de-asefave-pondra-el-foco-en-la-sostenibilidad-y-la-incorporacion-de-talento-al-sector-de-la-construccion\/\" \/>\n<meta property=\"og:locale\" content=\"es_ES\" \/>\n<meta property=\"og:type\" content=\"article\" \/>\n<meta property=\"og:title\" content=\"El II Congreso de ASEFAVE pondr\u00e1 el foco en la sostenibilidad y la incorporaci\u00f3n de talento al sector de la construcci\u00f3n - Blog Club del Emprendimiento\" \/>\n<meta property=\"og:description\" content=\"La Asociaci\u00f3n Espa\u00f1ola de Fabricantes de Fachadas Ligeras y Ventanas confirma las primeras mesas&hellip;\" \/>\n<meta property=\"og:url\" content=\"https:\/\/www.clubdelemprendimiento.com\/blog\/noticia-corporativa\/el-ii-congreso-de-asefave-pondra-el-foco-en-la-sostenibilidad-y-la-incorporacion-de-talento-al-sector-de-la-construccion\/\" \/>\n<meta property=\"og:site_name\" content=\"Blog Club del Emprendimiento\" \/>\n<meta name=\"twitter:card\" content=\"summary_large_image\" \/>\n<meta name=\"twitter:label1\" content=\"Tiempo de lectura\" \/>\n\t<meta name=\"twitter:data1\" content=\"3 minutos\" \/>\n<script type=\"application\/ld+json\" class=\"yoast-schema-graph\">{\"@context\":\"https:\/\/schema.org\",\"@graph\":[{\"@type\":\"WebPage\",\"@id\":\"https:\/\/www.clubdelemprendimiento.com\/blog\/noticia-corporativa\/el-ii-congreso-de-asefave-pondra-el-foco-en-la-sostenibilidad-y-la-incorporacion-de-talento-al-sector-de-la-construccion\/\",\"url\":\"https:\/\/www.clubdelemprendimiento.com\/blog\/noticia-corporativa\/el-ii-congreso-de-asefave-pondra-el-foco-en-la-sostenibilidad-y-la-incorporacion-de-talento-al-sector-de-la-construccion\/\",\"name\":\"El II Congreso de ASEFAVE pondr\u00e1 el foco en la sostenibilidad y la incorporaci\u00f3n de talento al sector de la construcci\u00f3n - Blog Club del Emprendimiento\",\"isPartOf\":{\"@id\":\"https:\/\/www.clubdelemprendimiento.com\/blog\/#website\"},\"datePublished\":\"2025-09-24T10:04:31+00:00\",\"dateModified\":\"2025-09-24T10:04:31+00:00\",\"breadcrumb\":{\"@id\":\"https:\/\/www.clubdelemprendimiento.com\/blog\/noticia-corporativa\/el-ii-congreso-de-asefave-pondra-el-foco-en-la-sostenibilidad-y-la-incorporacion-de-talento-al-sector-de-la-construccion\/#breadcrumb\"},\"inLanguage\":\"es\",\"potentialAction\":[{\"@type\":\"ReadAction\",\"target\":[\"https:\/\/www.clubdelemprendimiento.com\/blog\/noticia-corporativa\/el-ii-congreso-de-asefave-pondra-el-foco-en-la-sostenibilidad-y-la-incorporacion-de-talento-al-sector-de-la-construccion\/\"]}]},{\"@type\":\"BreadcrumbList\",\"@id\":\"https:\/\/www.clubdelemprendimiento.com\/blog\/noticia-corporativa\/el-ii-congreso-de-asefave-pondra-el-foco-en-la-sostenibilidad-y-la-incorporacion-de-talento-al-sector-de-la-construccion\/#breadcrumb\",\"itemListElement\":[{\"@type\":\"ListItem\",\"position\":1,\"name\":\"Home\",\"item\":\"https:\/\/www.clubdelemprendimiento.com\/blog\/\"},{\"@type\":\"ListItem\",\"position\":2,\"name\":\"Noticias Corporativas\",\"item\":\"https:\/\/www.clubdelemprendimiento.com\/blog\/noticias-corporativas\/\"},{\"@type\":\"ListItem\",\"position\":3,\"name\":\"El II Congreso de ASEFAVE pondr\u00e1 el foco en la sostenibilidad y la incorporaci\u00f3n de talento al sector de la construcci\u00f3n\"}]},{\"@type\":\"WebSite\",\"@id\":\"https:\/\/www.clubdelemprendimiento.com\/blog\/#website\",\"url\":\"https:\/\/www.clubdelemprendimiento.com\/blog\/\",\"name\":\"Blog Club del Emprendimiento\",\"description\":\"\",\"potentialAction\":[{\"@type\":\"SearchAction\",\"target\":{\"@type\":\"EntryPoint\",\"urlTemplate\":\"https:\/\/www.clubdelemprendimiento.com\/blog\/?s={search_term_string}\"},\"query-input\":\"required name=search_term_string\"}],\"inLanguage\":\"es\"}]}<\/script>\n<!-- \/ Yoast SEO plugin. -->","yoast_head_json":{"title":"El II Congreso de ASEFAVE pondr\u00e1 el foco en la sostenibilidad y la incorporaci\u00f3n de talento al sector de la construcci\u00f3n - Blog Club del Emprendimiento","robots":{"index":"index","follow":"follow","max-snippet":"max-snippet:-1","max-image-preview":"max-image-preview:large","max-video-preview":"max-video-preview:-1"},"canonical":"https:\/\/www.clubdelemprendimiento.com\/blog\/noticia-corporativa\/el-ii-congreso-de-asefave-pondra-el-foco-en-la-sostenibilidad-y-la-incorporacion-de-talento-al-sector-de-la-construccion\/","og_locale":"es_ES","og_type":"article","og_title":"El II Congreso de ASEFAVE pondr\u00e1 el foco en la sostenibilidad y la incorporaci\u00f3n de talento al sector de la construcci\u00f3n - Blog Club del Emprendimiento","og_description":"La Asociaci\u00f3n Espa\u00f1ola de Fabricantes de Fachadas Ligeras y Ventanas confirma las primeras mesas&hellip;","og_url":"https:\/\/www.clubdelemprendimiento.com\/blog\/noticia-corporativa\/el-ii-congreso-de-asefave-pondra-el-foco-en-la-sostenibilidad-y-la-incorporacion-de-talento-al-sector-de-la-construccion\/","og_site_name":"Blog Club del Emprendimiento","twitter_card":"summary_large_image","twitter_misc":{"Tiempo de lectura":"3 minutos"},"schema":{"@context":"https:\/\/schema.org","@graph":[{"@type":"WebPage","@id":"https:\/\/www.clubdelemprendimiento.com\/blog\/noticia-corporativa\/el-ii-congreso-de-asefave-pondra-el-foco-en-la-sostenibilidad-y-la-incorporacion-de-talento-al-sector-de-la-construccion\/","url":"https:\/\/www.clubdelemprendimiento.com\/blog\/noticia-corporativa\/el-ii-congreso-de-asefave-pondra-el-foco-en-la-sostenibilidad-y-la-incorporacion-de-talento-al-sector-de-la-construccion\/","name":"El II Congreso de ASEFAVE pondr\u00e1 el foco en la sostenibilidad y la incorporaci\u00f3n de talento al sector de la construcci\u00f3n - Blog Club del Emprendimiento","isPartOf":{"@id":"https:\/\/www.clubdelemprendimiento.com\/blog\/#website"},"datePublished":"2025-09-24T10:04:31+00:00","dateModified":"2025-09-24T10:04:31+00:00","breadcrumb":{"@id":"https:\/\/www.clubdelemprendimiento.com\/blog\/noticia-corporativa\/el-ii-congreso-de-asefave-pondra-el-foco-en-la-sostenibilidad-y-la-incorporacion-de-talento-al-sector-de-la-construccion\/#breadcrumb"},"inLanguage":"es","potentialAction":[{"@type":"ReadAction","target":["https:\/\/www.clubdelemprendimiento.com\/blog\/noticia-corporativa\/el-ii-congreso-de-asefave-pondra-el-foco-en-la-sostenibilidad-y-la-incorporacion-de-talento-al-sector-de-la-construccion\/"]}]},{"@type":"BreadcrumbList","@id":"https:\/\/www.clubdelemprendimiento.com\/blog\/noticia-corporativa\/el-ii-congreso-de-asefave-pondra-el-foco-en-la-sostenibilidad-y-la-incorporacion-de-talento-al-sector-de-la-construccion\/#breadcrumb","itemListElement":[{"@type":"ListItem","position":1,"name":"Home","item":"https:\/\/www.clubdelemprendimiento.com\/blog\/"},{"@type":"ListItem","position":2,"name":"Noticias Corporativas","item":"https:\/\/www.clubdelemprendimiento.com\/blog\/noticias-corporativas\/"},{"@type":"ListItem","position":3,"name":"El II Congreso de ASEFAVE pondr\u00e1 el foco en la sostenibilidad y la incorporaci\u00f3n de talento al sector de la construcci\u00f3n"}]},{"@type":"WebSite","@id":"https:\/\/www.clubdelemprendimiento.com\/blog\/#website","url":"https:\/\/www.clubdelemprendimiento.com\/blog\/","name":"Blog Club del Emprendimiento","description":"","potentialAction":[{"@type":"SearchAction","target":{"@type":"EntryPoint","urlTemplate":"https:\/\/www.clubdelemprendimiento.com\/blog\/?s={search_term_string}"},"query-input":"required name=search_term_string"}],"inLanguage":"es"}]}},"_links":{"self":[{"href":"https:\/\/www.clubdelemprendimiento.com\/blog\/wp-json\/wp\/v2\/noticia-corporativa\/21840"}],"collection":[{"href":"https:\/\/www.clubdelemprendimiento.com\/blog\/wp-json\/wp\/v2\/noticia-corporativa"}],"about":[{"href":"https:\/\/www.clubdelemprendimiento.com\/blog\/wp-json\/wp\/v2\/types\/noticia-corporativa"}],"wp:attachment":[{"href":"https:\/\/www.clubdelemprendimiento.com\/blog\/wp-json\/wp\/v2\/media?parent=21840"}],"curies":[{"name":"wp","href":"https:\/\/api.w.org\/{rel}","templated":true}]}}