{"id":20829,"date":"2025-08-18T13:05:06","date_gmt":"2025-08-18T13:05:06","guid":{"rendered":"https:\/\/www.clubdelemprendimiento.com\/blog\/noticia-corporativa\/fersay-incrementa-un-27-la-venta-de-recambios-para-electrodomesticos-durante-el-verano-y-consolida-el-auge-de-la-reparacion-domestica\/"},"modified":"2025-08-18T13:05:06","modified_gmt":"2025-08-18T13:05:06","slug":"fersay-incrementa-un-27-la-venta-de-recambios-para-electrodomesticos-durante-el-verano-y-consolida-el-auge-de-la-reparacion-domestica","status":"publish","type":"noticia-corporativa","link":"https:\/\/www.clubdelemprendimiento.com\/blog\/noticia-corporativa\/fersay-incrementa-un-27-la-venta-de-recambios-para-electrodomesticos-durante-el-verano-y-consolida-el-auge-de-la-reparacion-domestica\/","title":{"rendered":"Fersay incrementa un 27% la venta de recambios para electrodom\u00e9sticos durante el verano y consolida el auge de la reparaci\u00f3n dom\u00e9stica"},"content":{"rendered":"<div>\n<p>El avance registrado en el verano de 2025 no solo confirma el auge de la reparaci\u00f3n dom\u00e9stica, sino que posiciona a Fersay como protagonista en la transformaci\u00f3n de los h\u00e1bitos de consumo, alineando sus valores con las nuevas realidades econ\u00f3micas y ambientales de la sociedad espa\u00f1ola<\/p>\n<p><\/p>\n<p>Fersay, empresa espa\u00f1ola especializada en la distribuci\u00f3n de repuestos y accesorios para electrodom\u00e9sticos y electr\u00f3nica del hogar, ha registrado un incremento del <strong>27% en sus ventas de recambios<\/strong> durante los meses de junio y julio en comparaci\u00f3n con el mismo periodo del a\u00f1o anterior. Este resultado confirma la consolidaci\u00f3n de un cambio de h\u00e1bito en los hogares: cada vez m\u00e1s familias optan por la reparaci\u00f3n como v\u00eda para reducir gastos y actuar con responsabilidad medioambiental.<\/p>\n<p>La tendencia al alza responde a una doble motivaci\u00f3n: <strong>el control del gasto dom\u00e9stico<\/strong> en un contexto econ\u00f3mico marcado a\u00fan por la inflaci\u00f3n, y una creciente <strong>conciencia ambiental<\/strong> que anima a prolongar la vida \u00fatil de los aparatos.<\/p>\n<p>Frente a la sustituci\u00f3n completa, muchas aver\u00edas se resuelven con peque\u00f1as piezas o sencillos recambios, lo que permite seguir utilizando el equipo durante a\u00f1os y evitar la generaci\u00f3n de residuos innecesarios. \u00abEl verano es una de las \u00e9pocas del a\u00f1o con mayor n\u00famero de aver\u00edas\u00bb, explica <strong>Noelia Carrasco, directora de Marketing de Fersay<\/strong>. \u00abElectrodom\u00e9sticos como neveras, congeladores, frigor\u00edficos y aires acondicionados trabajan al l\u00edmite por las altas temperaturas y su uso intensivo. De ah\u00ed que aumente la demanda de bombas, filtros, motores o mandos, tanto por parte de consumidores particulares como de profesionales del sector, que apuestan por la reparaci\u00f3n como soluci\u00f3n pr\u00e1ctica y sostenible\u00bb.<\/p>\n<p>Con m\u00e1s de <strong>150.000 referencias en stock<\/strong>, <strong>Fersay<\/strong> se ha consolidado como <em>empresa l\u00edder<\/em> en el canal de postventa para el hogar, ofreciendo respuesta inmediata a t\u00e9cnicos, instaladores y consumidores. Su red log\u00edstica permite <strong>entregas en 24-48 horas<\/strong> en Espa\u00f1a y Portugal, e impulsa un cat\u00e1logo adaptado a la constante evoluci\u00f3n del mercado. La compa\u00f1\u00eda, cuya sede central se encuentra en <strong>Villalbilla (Madrid)<\/strong>, pertenece al <strong>Grupo Etco<\/strong>, fue fundada en <strong>1979<\/strong> y est\u00e1 presente en <strong>37 pa\u00edses<\/strong>, con una red que incluye <strong>9 tiendas franquiciadas<\/strong> y <strong>79 corners<\/strong> en puntos de venta especializados.<\/p>\n<p>En los \u00faltimos a\u00f1os, Fersay ha reforzado su compromiso con el consumo eficiente a trav\u00e9s de la <strong>digitalizaci\u00f3n de procesos<\/strong>, la <strong>formaci\u00f3n t\u00e9cnica de sus clientes<\/strong> y la <strong>ampliaci\u00f3n de su marca propia<\/strong>, que ya supera <strong>los 300 productos<\/strong> de peque\u00f1o aparato electrodom\u00e9stico y accesorios. Adem\u00e1s, lanza una <strong>media de diez novedades diarias<\/strong>, adaptadas a las necesidades reales del mercado y respaldadas por campa\u00f1as espec\u00edficas de divulgaci\u00f3n.<\/p>\n<p>Este crecimiento sostenido demuestra que reparar es una decisi\u00f3n econ\u00f3micamente inteligente y medioambientalmente responsable. Fersay no solo responde con agilidad a las exigencias del cliente actual, sino que lo acompa\u00f1a en una transformaci\u00f3n profunda de los h\u00e1bitos de consumo, ofreciendo soluciones reales, cercanas y sostenibles.<\/p>\n<p><strong>Innovaci\u00f3n, digitalizaci\u00f3n y orientaci\u00f3n al cliente<\/strong><br \/>\nEn los \u00faltimos a\u00f1os, Fersay ha apostado por la digitalizaci\u00f3n y la mejora continua del servicio, facilitando la compra tanto a profesionales como a particulares y adapt\u00e1ndose a las nuevas tendencias de consumo responsable. La compa\u00f1\u00eda ampl\u00eda cada a\u00f1o su gama de productos de marca propia, que ya supera los 300 art\u00edculos de peque\u00f1o aparato electrodom\u00e9stico y accesorios, y lanza una media de diez novedades al d\u00eda, gestionadas a trav\u00e9s de campa\u00f1as espec\u00edficas y formaci\u00f3n a su red de clientes profesionales.<\/p>\n<p>\u00abEste aniversario y la renovaci\u00f3n de nuestra imagen marcan el inicio de una nueva etapa de crecimiento, innovaci\u00f3n y compromiso con la sostenibilidad, que nos permitir\u00e1 seguir liderando el sector y aportando valor a nuestros clientes y colaboradores\u00bb, a\u00f1ade Carrasco.<\/p>\n<\/div>\n","protected":false},"featured_media":0,"template":"","meta":{"_acf_changed":false},"acf":[],"yoast_head":"<!-- This site is optimized with the Yoast SEO plugin v22.7 - https:\/\/yoast.com\/wordpress\/plugins\/seo\/ -->\n<title>Fersay incrementa un 27% la venta de recambios para electrodom\u00e9sticos durante el verano y consolida el auge de la reparaci\u00f3n dom\u00e9stica - Blog Club del Emprendimiento<\/title>\n<meta name=\"robots\" content=\"index, follow, max-snippet:-1, max-image-preview:large, max-video-preview:-1\" \/>\n<link rel=\"canonical\" href=\"https:\/\/www.clubdelemprendimiento.com\/blog\/noticia-corporativa\/fersay-incrementa-un-27-la-venta-de-recambios-para-electrodomesticos-durante-el-verano-y-consolida-el-auge-de-la-reparacion-domestica\/\" \/>\n<meta property=\"og:locale\" content=\"es_ES\" \/>\n<meta property=\"og:type\" content=\"article\" \/>\n<meta property=\"og:title\" content=\"Fersay incrementa un 27% la venta de recambios para electrodom\u00e9sticos durante el verano y consolida el auge de la reparaci\u00f3n dom\u00e9stica - Blog Club del Emprendimiento\" \/>\n<meta property=\"og:description\" content=\"El avance registrado en el verano de 2025 no solo confirma el auge de&hellip;\" \/>\n<meta property=\"og:url\" content=\"https:\/\/www.clubdelemprendimiento.com\/blog\/noticia-corporativa\/fersay-incrementa-un-27-la-venta-de-recambios-para-electrodomesticos-durante-el-verano-y-consolida-el-auge-de-la-reparacion-domestica\/\" \/>\n<meta property=\"og:site_name\" content=\"Blog Club del Emprendimiento\" \/>\n<meta name=\"twitter:card\" content=\"summary_large_image\" \/>\n<meta name=\"twitter:label1\" content=\"Tiempo de lectura\" \/>\n\t<meta name=\"twitter:data1\" content=\"3 minutos\" \/>\n<script type=\"application\/ld+json\" class=\"yoast-schema-graph\">{\"@context\":\"https:\/\/schema.org\",\"@graph\":[{\"@type\":\"WebPage\",\"@id\":\"https:\/\/www.clubdelemprendimiento.com\/blog\/noticia-corporativa\/fersay-incrementa-un-27-la-venta-de-recambios-para-electrodomesticos-durante-el-verano-y-consolida-el-auge-de-la-reparacion-domestica\/\",\"url\":\"https:\/\/www.clubdelemprendimiento.com\/blog\/noticia-corporativa\/fersay-incrementa-un-27-la-venta-de-recambios-para-electrodomesticos-durante-el-verano-y-consolida-el-auge-de-la-reparacion-domestica\/\",\"name\":\"Fersay incrementa un 27% la venta de recambios para electrodom\u00e9sticos durante el verano y consolida el auge de la reparaci\u00f3n dom\u00e9stica - Blog Club del Emprendimiento\",\"isPartOf\":{\"@id\":\"https:\/\/www.clubdelemprendimiento.com\/blog\/#website\"},\"datePublished\":\"2025-08-18T13:05:06+00:00\",\"dateModified\":\"2025-08-18T13:05:06+00:00\",\"breadcrumb\":{\"@id\":\"https:\/\/www.clubdelemprendimiento.com\/blog\/noticia-corporativa\/fersay-incrementa-un-27-la-venta-de-recambios-para-electrodomesticos-durante-el-verano-y-consolida-el-auge-de-la-reparacion-domestica\/#breadcrumb\"},\"inLanguage\":\"es\",\"potentialAction\":[{\"@type\":\"ReadAction\",\"target\":[\"https:\/\/www.clubdelemprendimiento.com\/blog\/noticia-corporativa\/fersay-incrementa-un-27-la-venta-de-recambios-para-electrodomesticos-durante-el-verano-y-consolida-el-auge-de-la-reparacion-domestica\/\"]}]},{\"@type\":\"BreadcrumbList\",\"@id\":\"https:\/\/www.clubdelemprendimiento.com\/blog\/noticia-corporativa\/fersay-incrementa-un-27-la-venta-de-recambios-para-electrodomesticos-durante-el-verano-y-consolida-el-auge-de-la-reparacion-domestica\/#breadcrumb\",\"itemListElement\":[{\"@type\":\"ListItem\",\"position\":1,\"name\":\"Home\",\"item\":\"https:\/\/www.clubdelemprendimiento.com\/blog\/\"},{\"@type\":\"ListItem\",\"position\":2,\"name\":\"Noticias Corporativas\",\"item\":\"https:\/\/www.clubdelemprendimiento.com\/blog\/noticias-corporativas\/\"},{\"@type\":\"ListItem\",\"position\":3,\"name\":\"Fersay incrementa un 27% la venta de recambios para electrodom\u00e9sticos durante el verano y consolida el auge de la reparaci\u00f3n dom\u00e9stica\"}]},{\"@type\":\"WebSite\",\"@id\":\"https:\/\/www.clubdelemprendimiento.com\/blog\/#website\",\"url\":\"https:\/\/www.clubdelemprendimiento.com\/blog\/\",\"name\":\"Blog Club del Emprendimiento\",\"description\":\"\",\"potentialAction\":[{\"@type\":\"SearchAction\",\"target\":{\"@type\":\"EntryPoint\",\"urlTemplate\":\"https:\/\/www.clubdelemprendimiento.com\/blog\/?s={search_term_string}\"},\"query-input\":\"required name=search_term_string\"}],\"inLanguage\":\"es\"}]}<\/script>\n<!-- \/ Yoast SEO plugin. -->","yoast_head_json":{"title":"Fersay incrementa un 27% la venta de recambios para electrodom\u00e9sticos durante el verano y consolida el auge de la reparaci\u00f3n dom\u00e9stica - Blog Club del Emprendimiento","robots":{"index":"index","follow":"follow","max-snippet":"max-snippet:-1","max-image-preview":"max-image-preview:large","max-video-preview":"max-video-preview:-1"},"canonical":"https:\/\/www.clubdelemprendimiento.com\/blog\/noticia-corporativa\/fersay-incrementa-un-27-la-venta-de-recambios-para-electrodomesticos-durante-el-verano-y-consolida-el-auge-de-la-reparacion-domestica\/","og_locale":"es_ES","og_type":"article","og_title":"Fersay incrementa un 27% la venta de recambios para electrodom\u00e9sticos durante el verano y consolida el auge de la reparaci\u00f3n dom\u00e9stica - Blog Club del Emprendimiento","og_description":"El avance registrado en el verano de 2025 no solo confirma el auge de&hellip;","og_url":"https:\/\/www.clubdelemprendimiento.com\/blog\/noticia-corporativa\/fersay-incrementa-un-27-la-venta-de-recambios-para-electrodomesticos-durante-el-verano-y-consolida-el-auge-de-la-reparacion-domestica\/","og_site_name":"Blog Club del Emprendimiento","twitter_card":"summary_large_image","twitter_misc":{"Tiempo de lectura":"3 minutos"},"schema":{"@context":"https:\/\/schema.org","@graph":[{"@type":"WebPage","@id":"https:\/\/www.clubdelemprendimiento.com\/blog\/noticia-corporativa\/fersay-incrementa-un-27-la-venta-de-recambios-para-electrodomesticos-durante-el-verano-y-consolida-el-auge-de-la-reparacion-domestica\/","url":"https:\/\/www.clubdelemprendimiento.com\/blog\/noticia-corporativa\/fersay-incrementa-un-27-la-venta-de-recambios-para-electrodomesticos-durante-el-verano-y-consolida-el-auge-de-la-reparacion-domestica\/","name":"Fersay incrementa un 27% la venta de recambios para electrodom\u00e9sticos durante el verano y consolida el auge de la reparaci\u00f3n dom\u00e9stica - Blog Club del Emprendimiento","isPartOf":{"@id":"https:\/\/www.clubdelemprendimiento.com\/blog\/#website"},"datePublished":"2025-08-18T13:05:06+00:00","dateModified":"2025-08-18T13:05:06+00:00","breadcrumb":{"@id":"https:\/\/www.clubdelemprendimiento.com\/blog\/noticia-corporativa\/fersay-incrementa-un-27-la-venta-de-recambios-para-electrodomesticos-durante-el-verano-y-consolida-el-auge-de-la-reparacion-domestica\/#breadcrumb"},"inLanguage":"es","potentialAction":[{"@type":"ReadAction","target":["https:\/\/www.clubdelemprendimiento.com\/blog\/noticia-corporativa\/fersay-incrementa-un-27-la-venta-de-recambios-para-electrodomesticos-durante-el-verano-y-consolida-el-auge-de-la-reparacion-domestica\/"]}]},{"@type":"BreadcrumbList","@id":"https:\/\/www.clubdelemprendimiento.com\/blog\/noticia-corporativa\/fersay-incrementa-un-27-la-venta-de-recambios-para-electrodomesticos-durante-el-verano-y-consolida-el-auge-de-la-reparacion-domestica\/#breadcrumb","itemListElement":[{"@type":"ListItem","position":1,"name":"Home","item":"https:\/\/www.clubdelemprendimiento.com\/blog\/"},{"@type":"ListItem","position":2,"name":"Noticias Corporativas","item":"https:\/\/www.clubdelemprendimiento.com\/blog\/noticias-corporativas\/"},{"@type":"ListItem","position":3,"name":"Fersay incrementa un 27% la venta de recambios para electrodom\u00e9sticos durante el verano y consolida el auge de la reparaci\u00f3n dom\u00e9stica"}]},{"@type":"WebSite","@id":"https:\/\/www.clubdelemprendimiento.com\/blog\/#website","url":"https:\/\/www.clubdelemprendimiento.com\/blog\/","name":"Blog Club del Emprendimiento","description":"","potentialAction":[{"@type":"SearchAction","target":{"@type":"EntryPoint","urlTemplate":"https:\/\/www.clubdelemprendimiento.com\/blog\/?s={search_term_string}"},"query-input":"required name=search_term_string"}],"inLanguage":"es"}]}},"_links":{"self":[{"href":"https:\/\/www.clubdelemprendimiento.com\/blog\/wp-json\/wp\/v2\/noticia-corporativa\/20829"}],"collection":[{"href":"https:\/\/www.clubdelemprendimiento.com\/blog\/wp-json\/wp\/v2\/noticia-corporativa"}],"about":[{"href":"https:\/\/www.clubdelemprendimiento.com\/blog\/wp-json\/wp\/v2\/types\/noticia-corporativa"}],"wp:attachment":[{"href":"https:\/\/www.clubdelemprendimiento.com\/blog\/wp-json\/wp\/v2\/media?parent=20829"}],"curies":[{"name":"wp","href":"https:\/\/api.w.org\/{rel}","templated":true}]}}