{"id":20826,"date":"2025-08-18T10:05:32","date_gmt":"2025-08-18T10:05:32","guid":{"rendered":"https:\/\/www.clubdelemprendimiento.com\/blog\/noticia-corporativa\/adecco-busca-a-100-personas-para-trabajar-en-el-sector-alimentario-en-malaga\/"},"modified":"2025-08-18T10:05:32","modified_gmt":"2025-08-18T10:05:32","slug":"adecco-busca-a-100-personas-para-trabajar-en-el-sector-alimentario-en-malaga","status":"publish","type":"noticia-corporativa","link":"https:\/\/www.clubdelemprendimiento.com\/blog\/noticia-corporativa\/adecco-busca-a-100-personas-para-trabajar-en-el-sector-alimentario-en-malaga\/","title":{"rendered":"Adecco busca a 100 personas para trabajar en el sector alimentario en M\u00e1laga"},"content":{"rendered":"<div>\n<p>Adecco, la divisi\u00f3n del Grupo Adecco especializada en flexibilidad y talento, busca a 100 personas para trabajar como operarios\/as de producci\u00f3n en el sector de la alimentaci\u00f3n en Cajiz (M\u00e1laga)<\/p>\n<p><\/p>\n<p>El n\u00famero de parados en julio se redujo en 1.144 personas con respecto al mes anterior en M\u00e1laga<strong>.<\/strong> Esta reducci\u00f3n deja una cifra total de 108.865 parados, el dato m\u00e1s bajo desde el verano de 2007.<\/p>\n<p>Con el objetivo de continuar con esta evoluci\u00f3n positiva, <strong>Adecco<\/strong>, la divisi\u00f3n del Grupo Adecco especializada en flexibilidad y talento, publica una nueva oportunidad laboral y busca a 100 operarios\/as de producci\u00f3n para trabajar para una importante empresa ubicada en Cajiz (M\u00e1laga).<\/p>\n<p>Las personas seleccionadas se encargar\u00e1n de tareas como volcado de fruta y verduras a l\u00ednea de producci\u00f3n; control de l\u00ednea de producci\u00f3n; paletizado; envasado; y limpieza y orden de la zona de trabajo.<\/p>\n<p>Esta posici\u00f3n requiere carn\u00e9 de conducir y veh\u00edculo para desplazarse al puesto de trabajo; experiencia en almac\u00e9n, recolecci\u00f3n agr\u00edcola o l\u00ednea; y disponibilidad de incorporaci\u00f3n inmediata. Adem\u00e1s, se valorar\u00e1 que la persona sea muy resolutiva, con ganas de aprender y con una buena actitud y aptitud.<\/p>\n<p>La empresa ofrece un contrato temporal a jornada completa de 40 horas semanales de lunes a viernes y en turnos de ma\u00f1ana\/tarde.<\/p>\n<p>Los\/as interesados\/as pueden registrarse en las ofertas a trav\u00e9s del siguiente link:<\/p>\n<p><a href=\"https:\/\/www.adecco.es\/oferta-trabajo\/operarioa-produccion-sector-alimentacion?ID=C1AD9C3B068E11074412A69E82651962\" rel=\"nofollow\">https:\/\/www.adecco.es\/oferta-trabajo\/operarioa-produccion-sector-alimentacion?ID=C1AD9C3B068E11074412A69E82651962<\/a><\/p>\n<p><strong>Grupo Adecco<\/strong><br \/>\nThe Adecco Group es el mayor grupo de talento comprometido con las personas y la innovaci\u00f3n constante. Llevan\u00a0m\u00e1s de 40 a\u00f1os transformando la sociedad, acompa\u00f1ando a las personas en cada etapa de su vida laboral y ayudando a las empresas a encontrar ese talento que necesitan.<\/p>\n<p>Los logros hablan de su\u00a0compromiso: En este tiempo ha\u00a0contratado a m\u00e1s de 6 millones de personas en Espa\u00f1a, y en el \u00faltimo a\u00f1o ha\u00a0empleado a m\u00e1s de 137.000, 45.500 de ellas menores de 25 a\u00f1os y a m\u00e1s de 17.000 mayores de 45 a\u00f1os. La innovaci\u00f3n, la empleabilidad y el prop\u00f3sito les\u00a0impulsan para construir un futuro laboral sostenible para todas las personas. Para m\u00e1s informaci\u00f3n visitar la\u00a0p\u00e1gina web\u00a0 <a href=\"https:\/\/www.adecco.es\/\" rel=\"nofollow\">https:\/\/www.adecco.es<\/a><\/p>\n<\/div>\n","protected":false},"featured_media":0,"template":"","meta":{"_acf_changed":false},"acf":[],"yoast_head":"<!-- This site is optimized with the Yoast SEO plugin v22.7 - https:\/\/yoast.com\/wordpress\/plugins\/seo\/ -->\n<title>Adecco busca a 100 personas para trabajar en el sector alimentario en M\u00e1laga - Blog Club del Emprendimiento<\/title>\n<meta name=\"robots\" content=\"index, follow, max-snippet:-1, max-image-preview:large, max-video-preview:-1\" \/>\n<link rel=\"canonical\" href=\"https:\/\/www.clubdelemprendimiento.com\/blog\/noticia-corporativa\/adecco-busca-a-100-personas-para-trabajar-en-el-sector-alimentario-en-malaga\/\" \/>\n<meta property=\"og:locale\" content=\"es_ES\" \/>\n<meta property=\"og:type\" content=\"article\" \/>\n<meta property=\"og:title\" content=\"Adecco busca a 100 personas para trabajar en el sector alimentario en M\u00e1laga - Blog Club del Emprendimiento\" \/>\n<meta property=\"og:description\" content=\"Adecco, la divisi\u00f3n del Grupo Adecco especializada en flexibilidad y talento, busca a 100&hellip;\" \/>\n<meta property=\"og:url\" content=\"https:\/\/www.clubdelemprendimiento.com\/blog\/noticia-corporativa\/adecco-busca-a-100-personas-para-trabajar-en-el-sector-alimentario-en-malaga\/\" \/>\n<meta property=\"og:site_name\" content=\"Blog Club del Emprendimiento\" \/>\n<meta name=\"twitter:card\" content=\"summary_large_image\" \/>\n<meta name=\"twitter:label1\" content=\"Tiempo de lectura\" \/>\n\t<meta name=\"twitter:data1\" content=\"2 minutos\" \/>\n<script type=\"application\/ld+json\" class=\"yoast-schema-graph\">{\"@context\":\"https:\/\/schema.org\",\"@graph\":[{\"@type\":\"WebPage\",\"@id\":\"https:\/\/www.clubdelemprendimiento.com\/blog\/noticia-corporativa\/adecco-busca-a-100-personas-para-trabajar-en-el-sector-alimentario-en-malaga\/\",\"url\":\"https:\/\/www.clubdelemprendimiento.com\/blog\/noticia-corporativa\/adecco-busca-a-100-personas-para-trabajar-en-el-sector-alimentario-en-malaga\/\",\"name\":\"Adecco busca a 100 personas para trabajar en el sector alimentario en M\u00e1laga - Blog Club del Emprendimiento\",\"isPartOf\":{\"@id\":\"https:\/\/www.clubdelemprendimiento.com\/blog\/#website\"},\"datePublished\":\"2025-08-18T10:05:32+00:00\",\"dateModified\":\"2025-08-18T10:05:32+00:00\",\"breadcrumb\":{\"@id\":\"https:\/\/www.clubdelemprendimiento.com\/blog\/noticia-corporativa\/adecco-busca-a-100-personas-para-trabajar-en-el-sector-alimentario-en-malaga\/#breadcrumb\"},\"inLanguage\":\"es\",\"potentialAction\":[{\"@type\":\"ReadAction\",\"target\":[\"https:\/\/www.clubdelemprendimiento.com\/blog\/noticia-corporativa\/adecco-busca-a-100-personas-para-trabajar-en-el-sector-alimentario-en-malaga\/\"]}]},{\"@type\":\"BreadcrumbList\",\"@id\":\"https:\/\/www.clubdelemprendimiento.com\/blog\/noticia-corporativa\/adecco-busca-a-100-personas-para-trabajar-en-el-sector-alimentario-en-malaga\/#breadcrumb\",\"itemListElement\":[{\"@type\":\"ListItem\",\"position\":1,\"name\":\"Home\",\"item\":\"https:\/\/www.clubdelemprendimiento.com\/blog\/\"},{\"@type\":\"ListItem\",\"position\":2,\"name\":\"Noticias Corporativas\",\"item\":\"https:\/\/www.clubdelemprendimiento.com\/blog\/noticias-corporativas\/\"},{\"@type\":\"ListItem\",\"position\":3,\"name\":\"Adecco busca a 100 personas para trabajar en el sector alimentario en M\u00e1laga\"}]},{\"@type\":\"WebSite\",\"@id\":\"https:\/\/www.clubdelemprendimiento.com\/blog\/#website\",\"url\":\"https:\/\/www.clubdelemprendimiento.com\/blog\/\",\"name\":\"Blog Club del Emprendimiento\",\"description\":\"\",\"potentialAction\":[{\"@type\":\"SearchAction\",\"target\":{\"@type\":\"EntryPoint\",\"urlTemplate\":\"https:\/\/www.clubdelemprendimiento.com\/blog\/?s={search_term_string}\"},\"query-input\":\"required name=search_term_string\"}],\"inLanguage\":\"es\"}]}<\/script>\n<!-- \/ Yoast SEO plugin. -->","yoast_head_json":{"title":"Adecco busca a 100 personas para trabajar en el sector alimentario en M\u00e1laga - Blog Club del Emprendimiento","robots":{"index":"index","follow":"follow","max-snippet":"max-snippet:-1","max-image-preview":"max-image-preview:large","max-video-preview":"max-video-preview:-1"},"canonical":"https:\/\/www.clubdelemprendimiento.com\/blog\/noticia-corporativa\/adecco-busca-a-100-personas-para-trabajar-en-el-sector-alimentario-en-malaga\/","og_locale":"es_ES","og_type":"article","og_title":"Adecco busca a 100 personas para trabajar en el sector alimentario en M\u00e1laga - Blog Club del Emprendimiento","og_description":"Adecco, la divisi\u00f3n del Grupo Adecco especializada en flexibilidad y talento, busca a 100&hellip;","og_url":"https:\/\/www.clubdelemprendimiento.com\/blog\/noticia-corporativa\/adecco-busca-a-100-personas-para-trabajar-en-el-sector-alimentario-en-malaga\/","og_site_name":"Blog Club del Emprendimiento","twitter_card":"summary_large_image","twitter_misc":{"Tiempo de lectura":"2 minutos"},"schema":{"@context":"https:\/\/schema.org","@graph":[{"@type":"WebPage","@id":"https:\/\/www.clubdelemprendimiento.com\/blog\/noticia-corporativa\/adecco-busca-a-100-personas-para-trabajar-en-el-sector-alimentario-en-malaga\/","url":"https:\/\/www.clubdelemprendimiento.com\/blog\/noticia-corporativa\/adecco-busca-a-100-personas-para-trabajar-en-el-sector-alimentario-en-malaga\/","name":"Adecco busca a 100 personas para trabajar en el sector alimentario en M\u00e1laga - Blog Club del Emprendimiento","isPartOf":{"@id":"https:\/\/www.clubdelemprendimiento.com\/blog\/#website"},"datePublished":"2025-08-18T10:05:32+00:00","dateModified":"2025-08-18T10:05:32+00:00","breadcrumb":{"@id":"https:\/\/www.clubdelemprendimiento.com\/blog\/noticia-corporativa\/adecco-busca-a-100-personas-para-trabajar-en-el-sector-alimentario-en-malaga\/#breadcrumb"},"inLanguage":"es","potentialAction":[{"@type":"ReadAction","target":["https:\/\/www.clubdelemprendimiento.com\/blog\/noticia-corporativa\/adecco-busca-a-100-personas-para-trabajar-en-el-sector-alimentario-en-malaga\/"]}]},{"@type":"BreadcrumbList","@id":"https:\/\/www.clubdelemprendimiento.com\/blog\/noticia-corporativa\/adecco-busca-a-100-personas-para-trabajar-en-el-sector-alimentario-en-malaga\/#breadcrumb","itemListElement":[{"@type":"ListItem","position":1,"name":"Home","item":"https:\/\/www.clubdelemprendimiento.com\/blog\/"},{"@type":"ListItem","position":2,"name":"Noticias Corporativas","item":"https:\/\/www.clubdelemprendimiento.com\/blog\/noticias-corporativas\/"},{"@type":"ListItem","position":3,"name":"Adecco busca a 100 personas para trabajar en el sector alimentario en M\u00e1laga"}]},{"@type":"WebSite","@id":"https:\/\/www.clubdelemprendimiento.com\/blog\/#website","url":"https:\/\/www.clubdelemprendimiento.com\/blog\/","name":"Blog Club del Emprendimiento","description":"","potentialAction":[{"@type":"SearchAction","target":{"@type":"EntryPoint","urlTemplate":"https:\/\/www.clubdelemprendimiento.com\/blog\/?s={search_term_string}"},"query-input":"required name=search_term_string"}],"inLanguage":"es"}]}},"_links":{"self":[{"href":"https:\/\/www.clubdelemprendimiento.com\/blog\/wp-json\/wp\/v2\/noticia-corporativa\/20826"}],"collection":[{"href":"https:\/\/www.clubdelemprendimiento.com\/blog\/wp-json\/wp\/v2\/noticia-corporativa"}],"about":[{"href":"https:\/\/www.clubdelemprendimiento.com\/blog\/wp-json\/wp\/v2\/types\/noticia-corporativa"}],"wp:attachment":[{"href":"https:\/\/www.clubdelemprendimiento.com\/blog\/wp-json\/wp\/v2\/media?parent=20826"}],"curies":[{"name":"wp","href":"https:\/\/api.w.org\/{rel}","templated":true}]}}