{"id":20820,"date":"2025-08-18T09:04:42","date_gmt":"2025-08-18T09:04:42","guid":{"rendered":"https:\/\/www.clubdelemprendimiento.com\/blog\/noticia-corporativa\/madrid-acogera-la-novena-edicion-de-top-human-leaders-2025-con-record-historico-de-participacion\/"},"modified":"2025-08-18T09:04:42","modified_gmt":"2025-08-18T09:04:42","slug":"madrid-acogera-la-novena-edicion-de-top-human-leaders-2025-con-record-historico-de-participacion","status":"publish","type":"noticia-corporativa","link":"https:\/\/www.clubdelemprendimiento.com\/blog\/noticia-corporativa\/madrid-acogera-la-novena-edicion-de-top-human-leaders-2025-con-record-historico-de-participacion\/","title":{"rendered":"Madrid acoger\u00e1 la novena edici\u00f3n de Top Human Leaders 2025 con r\u00e9cord hist\u00f3rico de participaci\u00f3n"},"content":{"rendered":"<div>\n<p><a href=\"https:\/\/www.clubdelemprendimiento.com\/blog\/wp-content\/uploads\/2025\/08\/GALATHL-5.jpg\" target=\"_blank\" class=\"fotonota\" rel=\"noopener\"> <img decoding=\"async\" src=\"https:\/\/www.clubdelemprendimiento.com\/blog\/wp-content\/uploads\/2025\/08\/GALATHL-5.jpg\" style=\"max-width:600px;\" border=\"0\" class=\"postImage\" alt=\"\"><\/a><\/p>\n<p>El evento de liderazgo multigeneracional m\u00e1s grande del mundo vuelve a la Gran V\u00efa madrile\u00f1a<\/p>\n<p><\/p>\n<p>El evento, que tendr\u00e1 lugar el pr\u00f3ximo 27 de noviembre en el Teatro Capitol Gran V\u00eda, reunir\u00e1 a los l\u00edderes empresariales m\u00e1s humanos, inspiradores y transformadores de multitud de generaciones y sectores en una celebraci\u00f3n \u00fanica del talento sin l\u00edmites de edad. Top Human Leaders 2025 consolida a Madrid como epicentro mundial del liderazgo multigeneracional tras recibir el Premio Best Professional Event Espa\u00f1a en los Iberian Festival Awards.<\/p>\n<p>Madrid se convertir\u00e1, el 27 de noviembre a las 19:30 horas, en el escenario mundial del talento intergeneracional al acoger la novena edici\u00f3n de Top Human Leaders 2025, que se celebrar\u00e1 en el emblem\u00e1tico Teatro Capitol Gran V\u00eda.<\/p>\n<p><strong>Este espect\u00e1culo \u00fanico reunir\u00e1 en esta edici\u00f3n a m\u00e1s de 1.000 asistentes presenciales, representando a cientos de empresas nacionales e internacionales, consolidando su posici\u00f3n como la celebraci\u00f3n del liderazgo multigeneracional m\u00e1s grande del mundo con una audiencia hist\u00f3rica acumulada de m\u00e1s de 5.000 espectadores de 14 pa\u00edses diferentes.<\/strong><\/p>\n<p><strong>Reconocimiento a la excelencia a trav\u00e9s de las personas l\u00edderes que crean impacto real<\/strong><br \/>\nLa elecci\u00f3n, de nuevo, de Madrid como sede de esta prestigiosa gala no es casual. La ciudad se ha posicionado como referente mundial en eventos de liderazgo empresarial gracias al \u00e9xito de esta iniciativa creada por <a href=\"http:\/\/humanosenlaoficina.com\/\" rel=\"nofollow\">Humanos en la Oficina<\/a>, que ha revolucionado el concepto tradicional de los encuentros corporativos.<\/p>\n<p>El reconocimiento internacional lleg\u00f3 con el Premio Best Professional Event Espa\u00f1a otorgado por los Iberian Festival Awards, consolidando a Top Human Leaders como el evento de referencia en el \u00e1mbito del talento empresarial sin barreras generacionales.<\/p>\n<p><strong>Un show revolucionario para compartir el \u00e9xito empresarial y visibilizar la excelencia en el liderazgo<\/strong><br \/>\nEl evento Top Human Leaders 2025,\u00a0<a href=\"https:\/\/www.humanosenlaoficina.com\/top-human-leaders-madrid-2025\/\" target=\"_blank\" rel=\"nofollow noopener\">del que ya se pueden adquirir las entradas desde su web oficial<\/a> se perfila como una plataforma innovadora donde el conocimiento empresarial se transmite de manera inspiradora, emocionante y accesible, rompiendo con los formatos convencionales de conferencias tradicionales.<\/p>\n<p>Con un formato \u00fanico e innovador, el programa se desarrollar\u00e1 en una sola sesi\u00f3n de m\u00e1ximo impacto en el Teatro Capitol Gran V\u00eda, donde 10 l\u00edderes empresariales excepcionales de diferentes generaciones tendr\u00e1n \u00fanicamente 5 minutos cada uno para compartir los secretos de su \u00e9xito.<\/p>\n<p>En 2025 han sido elegidas personas sobresalientes que se unen a la gran comunidad de Top Human Leaders de ediciones anteriores: Javier Vidaurreta, Socio de People en KPMG, Anna Golsa, directora general corporativa de Eurofirms, Javier Ondarra, CEO de Is2coah, Carolina Gonz\u00e1lez, National Leader en Claire Joster, Norman Devaux, Area Lider de Lumapps, Jos\u00e9 de la Uz, Alcalde de Las Rozas, Mar\u00eda Parames, directora de personas y comunicaci\u00f3n de Bankinter, Elisabeth Arrojo, Fundadora de Inmoa, la prestigiosa neurocirujana Marisa Gand\u00eda, as\u00ed como Manuel del Campo, Esther Ruiz Moya, Juan Garc\u00eda Yanes, Juanma Romero y muchos m\u00e1s, teniendo detr\u00e1s a grandes organizaciones como C\u00e1mara de Comercio de Madrid, Charmed Multimedia, APD, Business Insider Espa\u00f1a, Marcas Que Enamoran, Las Rozas Innova, Capital Radio, Grupo Elmira, adem\u00e1s de las empresas ya mencionadas.<\/p>\n<p>En esta edici\u00f3n \u00a0se abordar\u00e1n los grandes desaf\u00edos actuales del liderazgo contempor\u00e1neo a trav\u00e9s de sus historias, sus vivencias, y su capacidad de transformaci\u00f3n<\/p>\n<p>Al mismo tiempo, se busca demostrar que el talento no tiene g\u00e9nero ni edad, promoviendo un enfoque integrador que maximice el potencial humano en las organizaciones.<\/p>\n<p>Todo ello con un objetivo claro: revolucionar la percepci\u00f3n tradicional del liderazgo empresarial, demostrando que la combinaci\u00f3n de diferentes generaciones en posiciones de liderazgo genera un impacto exponencial en los resultados organizacionales.<\/p>\n<p><strong>Una experiencia \u00fanica para potenciar el talento empresarial<\/strong><br \/>\nTop Human Leaders 2025 ser\u00e1 un escaparate para los avances m\u00e1s significativos en gesti\u00f3n del talento multigeneracional. Como se\u00f1ala Miguel \u00c1ngel P\u00e9rez Laguna, speaker internacional y director del evento: \u00abL\u00f3gicamente, seleccionamos con cuidado qui\u00e9n va a estar en el escenario ante 1.000 personas de cientos de empresas, entrenamos su historia, lo que va a compartir y c\u00f3mo, trabajando con las empresas patrocinadoras para conseguir el m\u00e1ximo impacto\u00bb.<\/p>\n<p>La organizaci\u00f3n del evento conf\u00eda en que esta novena edici\u00f3n marque un hito en la cooperaci\u00f3n entre diferentes generaciones de l\u00edderes empresariales, creando puentes entre la sabidur\u00eda tradicional y la innovaci\u00f3n disruptiva para un futuro empresarial m\u00e1s inclusivo y efectivo.<\/p>\n<p>Madrid, con su posici\u00f3n estrat\u00e9gica como hub empresarial europeo, su tradici\u00f3n en la organizaci\u00f3n de eventos de primer nivel y su compromiso con la innovaci\u00f3n en gesti\u00f3n del talento, se consolida as\u00ed como el laboratorio mundial de referencia para redefinir los paradigmas del liderazgo empresarial del siglo XXI, donde el talento no conoce barreras de edad y la experiencia multigeneracional se convierte en la clave del \u00e9xito organizacional.<\/p>\n<p class=\"mediakit\"><strong>V\u00eddeos<\/strong><br \/><a href=\"https:\/\/www.youtube.com\/watch?v=5ZUrbBlve48\" target=\"_blank\" class=\"mediakit\" rel=\"noopener\"> Descubre Top Human Leaders 2025. La celebraci\u00f3n del liderazgo multigeneracional m\u00e1s grande del mundo<\/a><\/p>\n<\/div>\n","protected":false},"featured_media":20821,"template":"","meta":{"_acf_changed":false},"acf":[],"yoast_head":"<!-- This site is optimized with the Yoast SEO plugin v22.7 - https:\/\/yoast.com\/wordpress\/plugins\/seo\/ -->\n<title>Madrid acoger\u00e1 la novena edici\u00f3n de Top Human Leaders 2025 con r\u00e9cord hist\u00f3rico de participaci\u00f3n - Blog Club del Emprendimiento<\/title>\n<meta name=\"robots\" content=\"index, follow, max-snippet:-1, max-image-preview:large, max-video-preview:-1\" \/>\n<link rel=\"canonical\" href=\"https:\/\/www.clubdelemprendimiento.com\/blog\/noticia-corporativa\/madrid-acogera-la-novena-edicion-de-top-human-leaders-2025-con-record-historico-de-participacion\/\" \/>\n<meta property=\"og:locale\" content=\"es_ES\" \/>\n<meta property=\"og:type\" content=\"article\" \/>\n<meta property=\"og:title\" content=\"Madrid acoger\u00e1 la novena edici\u00f3n de Top Human Leaders 2025 con r\u00e9cord hist\u00f3rico de participaci\u00f3n - Blog Club del Emprendimiento\" \/>\n<meta property=\"og:description\" content=\"El evento de liderazgo multigeneracional m\u00e1s grande del mundo vuelve a la Gran V\u00efa&hellip;\" \/>\n<meta property=\"og:url\" content=\"https:\/\/www.clubdelemprendimiento.com\/blog\/noticia-corporativa\/madrid-acogera-la-novena-edicion-de-top-human-leaders-2025-con-record-historico-de-participacion\/\" \/>\n<meta property=\"og:site_name\" content=\"Blog Club del Emprendimiento\" \/>\n<meta property=\"og:image\" content=\"https:\/\/www.clubdelemprendimiento.com\/blog\/wp-content\/uploads\/2025\/08\/GALATHL-5.jpg\" \/>\n<meta name=\"twitter:card\" content=\"summary_large_image\" \/>\n<meta name=\"twitter:label1\" content=\"Tiempo de lectura\" \/>\n\t<meta name=\"twitter:data1\" content=\"4 minutos\" \/>\n<script type=\"application\/ld+json\" class=\"yoast-schema-graph\">{\"@context\":\"https:\/\/schema.org\",\"@graph\":[{\"@type\":\"WebPage\",\"@id\":\"https:\/\/www.clubdelemprendimiento.com\/blog\/noticia-corporativa\/madrid-acogera-la-novena-edicion-de-top-human-leaders-2025-con-record-historico-de-participacion\/\",\"url\":\"https:\/\/www.clubdelemprendimiento.com\/blog\/noticia-corporativa\/madrid-acogera-la-novena-edicion-de-top-human-leaders-2025-con-record-historico-de-participacion\/\",\"name\":\"Madrid acoger\u00e1 la novena edici\u00f3n de Top Human Leaders 2025 con r\u00e9cord hist\u00f3rico de participaci\u00f3n - Blog Club del Emprendimiento\",\"isPartOf\":{\"@id\":\"https:\/\/www.clubdelemprendimiento.com\/blog\/#website\"},\"primaryImageOfPage\":{\"@id\":\"https:\/\/www.clubdelemprendimiento.com\/blog\/noticia-corporativa\/madrid-acogera-la-novena-edicion-de-top-human-leaders-2025-con-record-historico-de-participacion\/#primaryimage\"},\"image\":{\"@id\":\"https:\/\/www.clubdelemprendimiento.com\/blog\/noticia-corporativa\/madrid-acogera-la-novena-edicion-de-top-human-leaders-2025-con-record-historico-de-participacion\/#primaryimage\"},\"thumbnailUrl\":\"https:\/\/www.clubdelemprendimiento.com\/blog\/wp-content\/uploads\/2025\/08\/GALATHL-5.jpg\",\"datePublished\":\"2025-08-18T09:04:42+00:00\",\"dateModified\":\"2025-08-18T09:04:42+00:00\",\"breadcrumb\":{\"@id\":\"https:\/\/www.clubdelemprendimiento.com\/blog\/noticia-corporativa\/madrid-acogera-la-novena-edicion-de-top-human-leaders-2025-con-record-historico-de-participacion\/#breadcrumb\"},\"inLanguage\":\"es\",\"potentialAction\":[{\"@type\":\"ReadAction\",\"target\":[\"https:\/\/www.clubdelemprendimiento.com\/blog\/noticia-corporativa\/madrid-acogera-la-novena-edicion-de-top-human-leaders-2025-con-record-historico-de-participacion\/\"]}]},{\"@type\":\"ImageObject\",\"inLanguage\":\"es\",\"@id\":\"https:\/\/www.clubdelemprendimiento.com\/blog\/noticia-corporativa\/madrid-acogera-la-novena-edicion-de-top-human-leaders-2025-con-record-historico-de-participacion\/#primaryimage\",\"url\":\"https:\/\/www.clubdelemprendimiento.com\/blog\/wp-content\/uploads\/2025\/08\/GALATHL-5.jpg\",\"contentUrl\":\"https:\/\/www.clubdelemprendimiento.com\/blog\/wp-content\/uploads\/2025\/08\/GALATHL-5.jpg\",\"width\":9270,\"height\":6180},{\"@type\":\"BreadcrumbList\",\"@id\":\"https:\/\/www.clubdelemprendimiento.com\/blog\/noticia-corporativa\/madrid-acogera-la-novena-edicion-de-top-human-leaders-2025-con-record-historico-de-participacion\/#breadcrumb\",\"itemListElement\":[{\"@type\":\"ListItem\",\"position\":1,\"name\":\"Home\",\"item\":\"https:\/\/www.clubdelemprendimiento.com\/blog\/\"},{\"@type\":\"ListItem\",\"position\":2,\"name\":\"Noticias Corporativas\",\"item\":\"https:\/\/www.clubdelemprendimiento.com\/blog\/noticias-corporativas\/\"},{\"@type\":\"ListItem\",\"position\":3,\"name\":\"Madrid acoger\u00e1 la novena edici\u00f3n de Top Human Leaders 2025 con r\u00e9cord hist\u00f3rico de participaci\u00f3n\"}]},{\"@type\":\"WebSite\",\"@id\":\"https:\/\/www.clubdelemprendimiento.com\/blog\/#website\",\"url\":\"https:\/\/www.clubdelemprendimiento.com\/blog\/\",\"name\":\"Blog Club del Emprendimiento\",\"description\":\"\",\"potentialAction\":[{\"@type\":\"SearchAction\",\"target\":{\"@type\":\"EntryPoint\",\"urlTemplate\":\"https:\/\/www.clubdelemprendimiento.com\/blog\/?s={search_term_string}\"},\"query-input\":\"required name=search_term_string\"}],\"inLanguage\":\"es\"}]}<\/script>\n<!-- \/ Yoast SEO plugin. -->","yoast_head_json":{"title":"Madrid acoger\u00e1 la novena edici\u00f3n de Top Human Leaders 2025 con r\u00e9cord hist\u00f3rico de participaci\u00f3n - Blog Club del Emprendimiento","robots":{"index":"index","follow":"follow","max-snippet":"max-snippet:-1","max-image-preview":"max-image-preview:large","max-video-preview":"max-video-preview:-1"},"canonical":"https:\/\/www.clubdelemprendimiento.com\/blog\/noticia-corporativa\/madrid-acogera-la-novena-edicion-de-top-human-leaders-2025-con-record-historico-de-participacion\/","og_locale":"es_ES","og_type":"article","og_title":"Madrid acoger\u00e1 la novena edici\u00f3n de Top Human Leaders 2025 con r\u00e9cord hist\u00f3rico de participaci\u00f3n - Blog Club del Emprendimiento","og_description":"El evento de liderazgo multigeneracional m\u00e1s grande del mundo vuelve a la Gran V\u00efa&hellip;","og_url":"https:\/\/www.clubdelemprendimiento.com\/blog\/noticia-corporativa\/madrid-acogera-la-novena-edicion-de-top-human-leaders-2025-con-record-historico-de-participacion\/","og_site_name":"Blog Club del Emprendimiento","og_image":[{"url":"https:\/\/www.clubdelemprendimiento.com\/blog\/wp-content\/uploads\/2025\/08\/GALATHL-5.jpg"}],"twitter_card":"summary_large_image","twitter_misc":{"Tiempo de lectura":"4 minutos"},"schema":{"@context":"https:\/\/schema.org","@graph":[{"@type":"WebPage","@id":"https:\/\/www.clubdelemprendimiento.com\/blog\/noticia-corporativa\/madrid-acogera-la-novena-edicion-de-top-human-leaders-2025-con-record-historico-de-participacion\/","url":"https:\/\/www.clubdelemprendimiento.com\/blog\/noticia-corporativa\/madrid-acogera-la-novena-edicion-de-top-human-leaders-2025-con-record-historico-de-participacion\/","name":"Madrid acoger\u00e1 la novena edici\u00f3n de Top Human Leaders 2025 con r\u00e9cord hist\u00f3rico de participaci\u00f3n - Blog Club del Emprendimiento","isPartOf":{"@id":"https:\/\/www.clubdelemprendimiento.com\/blog\/#website"},"primaryImageOfPage":{"@id":"https:\/\/www.clubdelemprendimiento.com\/blog\/noticia-corporativa\/madrid-acogera-la-novena-edicion-de-top-human-leaders-2025-con-record-historico-de-participacion\/#primaryimage"},"image":{"@id":"https:\/\/www.clubdelemprendimiento.com\/blog\/noticia-corporativa\/madrid-acogera-la-novena-edicion-de-top-human-leaders-2025-con-record-historico-de-participacion\/#primaryimage"},"thumbnailUrl":"https:\/\/www.clubdelemprendimiento.com\/blog\/wp-content\/uploads\/2025\/08\/GALATHL-5.jpg","datePublished":"2025-08-18T09:04:42+00:00","dateModified":"2025-08-18T09:04:42+00:00","breadcrumb":{"@id":"https:\/\/www.clubdelemprendimiento.com\/blog\/noticia-corporativa\/madrid-acogera-la-novena-edicion-de-top-human-leaders-2025-con-record-historico-de-participacion\/#breadcrumb"},"inLanguage":"es","potentialAction":[{"@type":"ReadAction","target":["https:\/\/www.clubdelemprendimiento.com\/blog\/noticia-corporativa\/madrid-acogera-la-novena-edicion-de-top-human-leaders-2025-con-record-historico-de-participacion\/"]}]},{"@type":"ImageObject","inLanguage":"es","@id":"https:\/\/www.clubdelemprendimiento.com\/blog\/noticia-corporativa\/madrid-acogera-la-novena-edicion-de-top-human-leaders-2025-con-record-historico-de-participacion\/#primaryimage","url":"https:\/\/www.clubdelemprendimiento.com\/blog\/wp-content\/uploads\/2025\/08\/GALATHL-5.jpg","contentUrl":"https:\/\/www.clubdelemprendimiento.com\/blog\/wp-content\/uploads\/2025\/08\/GALATHL-5.jpg","width":9270,"height":6180},{"@type":"BreadcrumbList","@id":"https:\/\/www.clubdelemprendimiento.com\/blog\/noticia-corporativa\/madrid-acogera-la-novena-edicion-de-top-human-leaders-2025-con-record-historico-de-participacion\/#breadcrumb","itemListElement":[{"@type":"ListItem","position":1,"name":"Home","item":"https:\/\/www.clubdelemprendimiento.com\/blog\/"},{"@type":"ListItem","position":2,"name":"Noticias Corporativas","item":"https:\/\/www.clubdelemprendimiento.com\/blog\/noticias-corporativas\/"},{"@type":"ListItem","position":3,"name":"Madrid acoger\u00e1 la novena edici\u00f3n de Top Human Leaders 2025 con r\u00e9cord hist\u00f3rico de participaci\u00f3n"}]},{"@type":"WebSite","@id":"https:\/\/www.clubdelemprendimiento.com\/blog\/#website","url":"https:\/\/www.clubdelemprendimiento.com\/blog\/","name":"Blog Club del Emprendimiento","description":"","potentialAction":[{"@type":"SearchAction","target":{"@type":"EntryPoint","urlTemplate":"https:\/\/www.clubdelemprendimiento.com\/blog\/?s={search_term_string}"},"query-input":"required name=search_term_string"}],"inLanguage":"es"}]}},"_links":{"self":[{"href":"https:\/\/www.clubdelemprendimiento.com\/blog\/wp-json\/wp\/v2\/noticia-corporativa\/20820"}],"collection":[{"href":"https:\/\/www.clubdelemprendimiento.com\/blog\/wp-json\/wp\/v2\/noticia-corporativa"}],"about":[{"href":"https:\/\/www.clubdelemprendimiento.com\/blog\/wp-json\/wp\/v2\/types\/noticia-corporativa"}],"wp:featuredmedia":[{"embeddable":true,"href":"https:\/\/www.clubdelemprendimiento.com\/blog\/wp-json\/wp\/v2\/media\/20821"}],"wp:attachment":[{"href":"https:\/\/www.clubdelemprendimiento.com\/blog\/wp-json\/wp\/v2\/media?parent=20820"}],"curies":[{"name":"wp","href":"https:\/\/api.w.org\/{rel}","templated":true}]}}