{"id":20806,"date":"2025-08-14T18:04:29","date_gmt":"2025-08-14T18:04:29","guid":{"rendered":"https:\/\/www.clubdelemprendimiento.com\/blog\/noticia-corporativa\/antonio-sanchez-se-incorpora-a-viajes-canarias-europa-como-adjunto-a-la-direccion-general\/"},"modified":"2025-08-14T18:04:29","modified_gmt":"2025-08-14T18:04:29","slug":"antonio-sanchez-se-incorpora-a-viajes-canarias-europa-como-adjunto-a-la-direccion-general","status":"publish","type":"noticia-corporativa","link":"https:\/\/www.clubdelemprendimiento.com\/blog\/noticia-corporativa\/antonio-sanchez-se-incorpora-a-viajes-canarias-europa-como-adjunto-a-la-direccion-general\/","title":{"rendered":"Antonio S\u00e1nchez se incorpora a Viajes Canarias Europa como adjunto a la direcci\u00f3n general."},"content":{"rendered":"<div>\n<p><a href=\"https:\/\/www.clubdelemprendimiento.com\/blog\/wp-content\/uploads\/2025\/08\/dOTO_nDp_aNTONIO_sANCHEZ.jpg\" target=\"_blank\" class=\"fotonota\" rel=\"noopener\"> <img decoding=\"async\" src=\"https:\/\/www.clubdelemprendimiento.com\/blog\/wp-content\/uploads\/2025\/08\/dOTO_nDp_aNTONIO_sANCHEZ.jpg\" style=\"max-width:600px;\" border=\"0\" class=\"postImage\" alt=\"\"><\/a><\/p>\n<p>S\u00e1nchez asume este cargo con el objetivo de reforzar la estrategia de crecimiento y consolidaci\u00f3n de Viajes Canarias Europa. Fundada en 1991, VCE es una entidad tur\u00edstica especializada en la atenci\u00f3n de turoperadores en los mercados de Alemania, Francia, Espa\u00f1a, Holanda, B\u00e9lgica, Austria, Suiza e Inglaterra entre otros\n<\/p>\n<p><\/p>\n<p><strong>Las Palmas de Gran Canaria, 14 de agosto de 2025.<\/strong> \u00a0Desde el pasado mes de julio, <strong>Antonio S\u00e1nchez<\/strong> se ha sumado al equipo de <strong>Viajes Canarias Europa S.L.<\/strong> como <strong>subdirector General<\/strong>, convirti\u00e9ndose en la mano derecha de <strong>Arno Richartz<\/strong>, director general de la compa\u00f1\u00eda. Con una s\u00f3lida trayectoria en el sector tur\u00edstico, S\u00e1nchez asume este cargo con el objetivo de reforzar la estrategia de crecimiento y consolidaci\u00f3n de la agencia receptiva en Canarias.<\/p>\n<p>Con m\u00e1s de una d\u00e9cada de experiencia en la industria, Antonio S\u00e1nchez ha desarrollado su carrera en diferentes \u00e1reas del turismo, desde la gesti\u00f3n hotelera hasta la contrataci\u00f3n tur\u00edstica en grandes turoperadores internacionales.<\/p>\n<p>Su trayectoria comenz\u00f3 en 2011 como subdirector del <strong>Vital Suites Residencia, Salud &amp; Spa<\/strong>, tras realizar pr\u00e1cticas en M\u00fanich durante casi dos a\u00f1os, pasando por distintos departamentos para comprender en profundidad el funcionamiento de un hotel. Posteriormente, se incorpor\u00f3 a <strong>Princess Hotels &amp; Resort<\/strong> como subdirector de dos establecimientos: <strong>Taurito Princess<\/strong> y <strong>Mog\u00e1n Princess<\/strong>.<\/p>\n<p>En 2015 dio el salto a la <strong>agencia receptiva<\/strong> como contratador para <strong>Meeting Point Spain<\/strong> y, dos a\u00f1os despu\u00e9s, fue reclutado por <strong>TUI<\/strong>, donde permaneci\u00f3 durante nueve a\u00f1os, consolidando su experiencia en contrataci\u00f3n, gesti\u00f3n de relaciones y desarrollo de negocio en el sector tur\u00edstico.<\/p>\n<p>\u00abEste cambio supone para m\u00ed un reto profesional que afronto con ilusi\u00f3n y compromiso. Conf\u00edo en poder aportar a Viajes Canarias Europa mi actitud proactiva, orientada a resultados, y un profundo conocimiento del mercado tur\u00edstico. Mi objetivo es contribuir al crecimiento de la empresa y al \u00e9xito de todo el equipo\u00bb, afirma S\u00e1nchez.<\/p>\n<p>En su nuevo cargo, Antonio S\u00e1nchez ser\u00e1 un pilar clave en la toma de decisiones estrat\u00e9gicas junto a Arno Richartz, trabajando de forma conjunta para fortalecer la presencia de Viajes Canarias Europa en los mercados internacionales y mantener la excelencia en el servicio a clientes y turoperadores.<\/p>\n<p><strong>Sobre Viajes Canarias Europa<\/strong><\/p>\n<p>Viajes Canarias Europa, fundada en 1991, es una entidad tur\u00edstica especializada en la atenci\u00f3n de turoperadores en los mercados de Alemania, Francia, Espa\u00f1a, Holanda, B\u00e9lgica, Austria, Suiza e Inglaterra, entre otros. De forma destacada ofrece servicios para la contrataci\u00f3n de hoteles, tanto para la venta de largo como a corto plazo. Otras cuestiones como reservas, transfer, asistencia por gu\u00edas y venta de excursiones tambi\u00e9n pertenecen al paquete completo.<\/p>\n<p>Con oficinas en Gran Canaria, Tenerife, Fuerteventura, Lanzarote, La Palma y adem\u00e1s delegaciones en La Gomera y en El Hierro, la infraestructura de la empresa cuenta con m\u00e1s de 110 personas contratadas en todas las islas.<\/p>\n<\/div>\n","protected":false},"featured_media":20807,"template":"","meta":{"_acf_changed":false},"acf":[],"yoast_head":"<!-- This site is optimized with the Yoast SEO plugin v22.7 - https:\/\/yoast.com\/wordpress\/plugins\/seo\/ -->\n<title>Antonio S\u00e1nchez se incorpora a Viajes Canarias Europa como adjunto a la direcci\u00f3n general. - Blog Club del Emprendimiento<\/title>\n<meta name=\"robots\" content=\"index, follow, max-snippet:-1, max-image-preview:large, max-video-preview:-1\" \/>\n<link rel=\"canonical\" href=\"https:\/\/www.clubdelemprendimiento.com\/blog\/noticia-corporativa\/antonio-sanchez-se-incorpora-a-viajes-canarias-europa-como-adjunto-a-la-direccion-general\/\" \/>\n<meta property=\"og:locale\" content=\"es_ES\" \/>\n<meta property=\"og:type\" content=\"article\" \/>\n<meta property=\"og:title\" content=\"Antonio S\u00e1nchez se incorpora a Viajes Canarias Europa como adjunto a la direcci\u00f3n general. - Blog Club del Emprendimiento\" \/>\n<meta property=\"og:description\" content=\"S\u00e1nchez asume este cargo con el objetivo de reforzar la estrategia de crecimiento y&hellip;\" \/>\n<meta property=\"og:url\" content=\"https:\/\/www.clubdelemprendimiento.com\/blog\/noticia-corporativa\/antonio-sanchez-se-incorpora-a-viajes-canarias-europa-como-adjunto-a-la-direccion-general\/\" \/>\n<meta property=\"og:site_name\" content=\"Blog Club del Emprendimiento\" \/>\n<meta property=\"og:image\" content=\"https:\/\/www.clubdelemprendimiento.com\/blog\/wp-content\/uploads\/2025\/08\/dOTO_nDp_aNTONIO_sANCHEZ.jpg\" \/>\n<meta name=\"twitter:card\" content=\"summary_large_image\" \/>\n<meta name=\"twitter:label1\" content=\"Tiempo de lectura\" \/>\n\t<meta name=\"twitter:data1\" content=\"2 minutos\" \/>\n<script type=\"application\/ld+json\" class=\"yoast-schema-graph\">{\"@context\":\"https:\/\/schema.org\",\"@graph\":[{\"@type\":\"WebPage\",\"@id\":\"https:\/\/www.clubdelemprendimiento.com\/blog\/noticia-corporativa\/antonio-sanchez-se-incorpora-a-viajes-canarias-europa-como-adjunto-a-la-direccion-general\/\",\"url\":\"https:\/\/www.clubdelemprendimiento.com\/blog\/noticia-corporativa\/antonio-sanchez-se-incorpora-a-viajes-canarias-europa-como-adjunto-a-la-direccion-general\/\",\"name\":\"Antonio S\u00e1nchez se incorpora a Viajes Canarias Europa como adjunto a la direcci\u00f3n general. - Blog Club del Emprendimiento\",\"isPartOf\":{\"@id\":\"https:\/\/www.clubdelemprendimiento.com\/blog\/#website\"},\"primaryImageOfPage\":{\"@id\":\"https:\/\/www.clubdelemprendimiento.com\/blog\/noticia-corporativa\/antonio-sanchez-se-incorpora-a-viajes-canarias-europa-como-adjunto-a-la-direccion-general\/#primaryimage\"},\"image\":{\"@id\":\"https:\/\/www.clubdelemprendimiento.com\/blog\/noticia-corporativa\/antonio-sanchez-se-incorpora-a-viajes-canarias-europa-como-adjunto-a-la-direccion-general\/#primaryimage\"},\"thumbnailUrl\":\"https:\/\/www.clubdelemprendimiento.com\/blog\/wp-content\/uploads\/2025\/08\/dOTO_nDp_aNTONIO_sANCHEZ-scaled.jpg\",\"datePublished\":\"2025-08-14T18:04:29+00:00\",\"dateModified\":\"2025-08-14T18:04:29+00:00\",\"breadcrumb\":{\"@id\":\"https:\/\/www.clubdelemprendimiento.com\/blog\/noticia-corporativa\/antonio-sanchez-se-incorpora-a-viajes-canarias-europa-como-adjunto-a-la-direccion-general\/#breadcrumb\"},\"inLanguage\":\"es\",\"potentialAction\":[{\"@type\":\"ReadAction\",\"target\":[\"https:\/\/www.clubdelemprendimiento.com\/blog\/noticia-corporativa\/antonio-sanchez-se-incorpora-a-viajes-canarias-europa-como-adjunto-a-la-direccion-general\/\"]}]},{\"@type\":\"ImageObject\",\"inLanguage\":\"es\",\"@id\":\"https:\/\/www.clubdelemprendimiento.com\/blog\/noticia-corporativa\/antonio-sanchez-se-incorpora-a-viajes-canarias-europa-como-adjunto-a-la-direccion-general\/#primaryimage\",\"url\":\"https:\/\/www.clubdelemprendimiento.com\/blog\/wp-content\/uploads\/2025\/08\/dOTO_nDp_aNTONIO_sANCHEZ-scaled.jpg\",\"contentUrl\":\"https:\/\/www.clubdelemprendimiento.com\/blog\/wp-content\/uploads\/2025\/08\/dOTO_nDp_aNTONIO_sANCHEZ-scaled.jpg\",\"width\":2517,\"height\":2560},{\"@type\":\"BreadcrumbList\",\"@id\":\"https:\/\/www.clubdelemprendimiento.com\/blog\/noticia-corporativa\/antonio-sanchez-se-incorpora-a-viajes-canarias-europa-como-adjunto-a-la-direccion-general\/#breadcrumb\",\"itemListElement\":[{\"@type\":\"ListItem\",\"position\":1,\"name\":\"Home\",\"item\":\"https:\/\/www.clubdelemprendimiento.com\/blog\/\"},{\"@type\":\"ListItem\",\"position\":2,\"name\":\"Noticias Corporativas\",\"item\":\"https:\/\/www.clubdelemprendimiento.com\/blog\/noticias-corporativas\/\"},{\"@type\":\"ListItem\",\"position\":3,\"name\":\"Antonio S\u00e1nchez se incorpora a Viajes Canarias Europa como adjunto a la direcci\u00f3n general.\"}]},{\"@type\":\"WebSite\",\"@id\":\"https:\/\/www.clubdelemprendimiento.com\/blog\/#website\",\"url\":\"https:\/\/www.clubdelemprendimiento.com\/blog\/\",\"name\":\"Blog Club del Emprendimiento\",\"description\":\"\",\"potentialAction\":[{\"@type\":\"SearchAction\",\"target\":{\"@type\":\"EntryPoint\",\"urlTemplate\":\"https:\/\/www.clubdelemprendimiento.com\/blog\/?s={search_term_string}\"},\"query-input\":\"required name=search_term_string\"}],\"inLanguage\":\"es\"}]}<\/script>\n<!-- \/ Yoast SEO plugin. -->","yoast_head_json":{"title":"Antonio S\u00e1nchez se incorpora a Viajes Canarias Europa como adjunto a la direcci\u00f3n general. - Blog Club del Emprendimiento","robots":{"index":"index","follow":"follow","max-snippet":"max-snippet:-1","max-image-preview":"max-image-preview:large","max-video-preview":"max-video-preview:-1"},"canonical":"https:\/\/www.clubdelemprendimiento.com\/blog\/noticia-corporativa\/antonio-sanchez-se-incorpora-a-viajes-canarias-europa-como-adjunto-a-la-direccion-general\/","og_locale":"es_ES","og_type":"article","og_title":"Antonio S\u00e1nchez se incorpora a Viajes Canarias Europa como adjunto a la direcci\u00f3n general. - Blog Club del Emprendimiento","og_description":"S\u00e1nchez asume este cargo con el objetivo de reforzar la estrategia de crecimiento y&hellip;","og_url":"https:\/\/www.clubdelemprendimiento.com\/blog\/noticia-corporativa\/antonio-sanchez-se-incorpora-a-viajes-canarias-europa-como-adjunto-a-la-direccion-general\/","og_site_name":"Blog Club del Emprendimiento","og_image":[{"url":"https:\/\/www.clubdelemprendimiento.com\/blog\/wp-content\/uploads\/2025\/08\/dOTO_nDp_aNTONIO_sANCHEZ.jpg"}],"twitter_card":"summary_large_image","twitter_misc":{"Tiempo de lectura":"2 minutos"},"schema":{"@context":"https:\/\/schema.org","@graph":[{"@type":"WebPage","@id":"https:\/\/www.clubdelemprendimiento.com\/blog\/noticia-corporativa\/antonio-sanchez-se-incorpora-a-viajes-canarias-europa-como-adjunto-a-la-direccion-general\/","url":"https:\/\/www.clubdelemprendimiento.com\/blog\/noticia-corporativa\/antonio-sanchez-se-incorpora-a-viajes-canarias-europa-como-adjunto-a-la-direccion-general\/","name":"Antonio S\u00e1nchez se incorpora a Viajes Canarias Europa como adjunto a la direcci\u00f3n general. - Blog Club del Emprendimiento","isPartOf":{"@id":"https:\/\/www.clubdelemprendimiento.com\/blog\/#website"},"primaryImageOfPage":{"@id":"https:\/\/www.clubdelemprendimiento.com\/blog\/noticia-corporativa\/antonio-sanchez-se-incorpora-a-viajes-canarias-europa-como-adjunto-a-la-direccion-general\/#primaryimage"},"image":{"@id":"https:\/\/www.clubdelemprendimiento.com\/blog\/noticia-corporativa\/antonio-sanchez-se-incorpora-a-viajes-canarias-europa-como-adjunto-a-la-direccion-general\/#primaryimage"},"thumbnailUrl":"https:\/\/www.clubdelemprendimiento.com\/blog\/wp-content\/uploads\/2025\/08\/dOTO_nDp_aNTONIO_sANCHEZ-scaled.jpg","datePublished":"2025-08-14T18:04:29+00:00","dateModified":"2025-08-14T18:04:29+00:00","breadcrumb":{"@id":"https:\/\/www.clubdelemprendimiento.com\/blog\/noticia-corporativa\/antonio-sanchez-se-incorpora-a-viajes-canarias-europa-como-adjunto-a-la-direccion-general\/#breadcrumb"},"inLanguage":"es","potentialAction":[{"@type":"ReadAction","target":["https:\/\/www.clubdelemprendimiento.com\/blog\/noticia-corporativa\/antonio-sanchez-se-incorpora-a-viajes-canarias-europa-como-adjunto-a-la-direccion-general\/"]}]},{"@type":"ImageObject","inLanguage":"es","@id":"https:\/\/www.clubdelemprendimiento.com\/blog\/noticia-corporativa\/antonio-sanchez-se-incorpora-a-viajes-canarias-europa-como-adjunto-a-la-direccion-general\/#primaryimage","url":"https:\/\/www.clubdelemprendimiento.com\/blog\/wp-content\/uploads\/2025\/08\/dOTO_nDp_aNTONIO_sANCHEZ-scaled.jpg","contentUrl":"https:\/\/www.clubdelemprendimiento.com\/blog\/wp-content\/uploads\/2025\/08\/dOTO_nDp_aNTONIO_sANCHEZ-scaled.jpg","width":2517,"height":2560},{"@type":"BreadcrumbList","@id":"https:\/\/www.clubdelemprendimiento.com\/blog\/noticia-corporativa\/antonio-sanchez-se-incorpora-a-viajes-canarias-europa-como-adjunto-a-la-direccion-general\/#breadcrumb","itemListElement":[{"@type":"ListItem","position":1,"name":"Home","item":"https:\/\/www.clubdelemprendimiento.com\/blog\/"},{"@type":"ListItem","position":2,"name":"Noticias Corporativas","item":"https:\/\/www.clubdelemprendimiento.com\/blog\/noticias-corporativas\/"},{"@type":"ListItem","position":3,"name":"Antonio S\u00e1nchez se incorpora a Viajes Canarias Europa como adjunto a la direcci\u00f3n general."}]},{"@type":"WebSite","@id":"https:\/\/www.clubdelemprendimiento.com\/blog\/#website","url":"https:\/\/www.clubdelemprendimiento.com\/blog\/","name":"Blog Club del Emprendimiento","description":"","potentialAction":[{"@type":"SearchAction","target":{"@type":"EntryPoint","urlTemplate":"https:\/\/www.clubdelemprendimiento.com\/blog\/?s={search_term_string}"},"query-input":"required name=search_term_string"}],"inLanguage":"es"}]}},"_links":{"self":[{"href":"https:\/\/www.clubdelemprendimiento.com\/blog\/wp-json\/wp\/v2\/noticia-corporativa\/20806"}],"collection":[{"href":"https:\/\/www.clubdelemprendimiento.com\/blog\/wp-json\/wp\/v2\/noticia-corporativa"}],"about":[{"href":"https:\/\/www.clubdelemprendimiento.com\/blog\/wp-json\/wp\/v2\/types\/noticia-corporativa"}],"wp:featuredmedia":[{"embeddable":true,"href":"https:\/\/www.clubdelemprendimiento.com\/blog\/wp-json\/wp\/v2\/media\/20807"}],"wp:attachment":[{"href":"https:\/\/www.clubdelemprendimiento.com\/blog\/wp-json\/wp\/v2\/media?parent=20806"}],"curies":[{"name":"wp","href":"https:\/\/api.w.org\/{rel}","templated":true}]}}