{"id":20798,"date":"2025-08-14T13:00:35","date_gmt":"2025-08-14T13:00:35","guid":{"rendered":"https:\/\/www.clubdelemprendimiento.com\/blog\/noticia-corporativa\/del-diseno-al-valor-la-era-de-los-activos-inmobiliarios-a-medida-para-retail-industria-y-logistica\/"},"modified":"2025-08-14T13:00:35","modified_gmt":"2025-08-14T13:00:35","slug":"del-diseno-al-valor-la-era-de-los-activos-inmobiliarios-a-medida-para-retail-industria-y-logistica","status":"publish","type":"noticia-corporativa","link":"https:\/\/www.clubdelemprendimiento.com\/blog\/noticia-corporativa\/del-diseno-al-valor-la-era-de-los-activos-inmobiliarios-a-medida-para-retail-industria-y-logistica\/","title":{"rendered":"Del dise\u00f1o al valor: la era de los activos inmobiliarios a medida para retail, industria y log\u00edstica"},"content":{"rendered":"<div>\n<p><a href=\"https:\/\/www.clubdelemprendimiento.com\/blog\/wp-content\/uploads\/2025\/08\/Del_diseo_al_valor_la_era_de_los_activos_inmobiliarios_a_medida.png\" target=\"_blank\" class=\"fotonota\" rel=\"noopener\"> <img decoding=\"async\" src=\"https:\/\/www.clubdelemprendimiento.com\/blog\/wp-content\/uploads\/2025\/08\/Del_diseo_al_valor_la_era_de_los_activos_inmobiliarios_a_medida.png\" style=\"max-width:600px;\" border=\"0\" class=\"postImage\" alt=\"\"><\/a><\/p>\n<p>Proequity apuesta por soluciones \u00abllave en mano\u00bb adaptadas a las necesidades reales de cada operador, con enfoque ESG y eficiencia operativa<\/p>\n<p><\/p>\n<p>En un escenario marcado por la transformaci\u00f3n tecnol\u00f3gica, los nuevos modelos de consumo y las exigencias ESG, la personalizaci\u00f3n de activos inmobiliarios ha dejado de ser una opci\u00f3n para convertirse en una necesidad estrat\u00e9gica. Desde el sector log\u00edstico al industrial, pasando por el retail, las empresas buscan espacios dise\u00f1ados espec\u00edficamente para mejorar su operativa, optimizar sus costes y cumplir con los objetivos de sostenibilidad.<\/p>\n<p>En este contexto, <strong>Proequity<\/strong>, consultora especializada en gesti\u00f3n y desarrollo de proyectos inmolog\u00edsticos e industriales, impulsa una nueva generaci\u00f3n de activos personalizados. Su propuesta de valor combina asesoramiento estrat\u00e9gico, dise\u00f1o t\u00e9cnico y ejecuci\u00f3n integral de proyectos \u00abllave en mano\u00bb, con un enfoque centrado en la eficiencia operativa, la innovaci\u00f3n y la sostenibilidad.<\/p>\n<p><strong>Personalizaci\u00f3n como motor de competitividad<\/strong><br \/>\nLa automatizaci\u00f3n de procesos, el auge del e-commerce o la necesidad de ubicaciones estrat\u00e9gicas para la \u00faltima milla han transformado la demanda de espacios. Frente a los modelos especulativos, ganan peso los desarrollos \u00abbuilt-to-suit\u00bb: proyectos dise\u00f1ados y construidos 100% a medida, adaptados a los requisitos espec\u00edficos de cada operador.<\/p>\n<p>\u00abCada activo debe responder a un uso concreto, pero tambi\u00e9n a una estrategia de inversi\u00f3n. En Proequity es fundamental ayudar\u00a0tanto a los usuarios como a los promotores a dise\u00f1ar espacios que maximizan su eficiencia operativa y su valor a largo plazo. No se trata solo de construir superficie, sino de anticipar qu\u00e9 necesita el activo hoy y qu\u00e9 podr\u00e1 ofrecer ma\u00f1ana\u00bb, explica <strong>David Mart\u00ednez<\/strong>, CEO de Proequity.<\/p>\n<p>Desde plataformas log\u00edsticas de gran capacidad hasta centros de distribuci\u00f3n urbanos o activos h\u00edbridos que integran zonas IOS, oficinas y cross-docking, la personalizaci\u00f3n permite ajustar al m\u00e1ximo la inversi\u00f3n, acortar plazos de entrega y garantizar la rentabilidad del activo a largo plazo.<\/p>\n<p><strong>Dise\u00f1o con visi\u00f3n ESG y enfoque tecnol\u00f3gico<\/strong><br \/>\nEl dise\u00f1o personalizado tambi\u00e9n permite anticiparse a las exigencias normativas y del mercado en materia de sostenibilidad, eficiencia energ\u00e9tica y bienestar laboral. Incorporar certificaciones como LEED o BREEAM, soluciones de autoconsumo, zonas verdes o infraestructura para veh\u00edculos el\u00e9ctricos no solo responde a criterios ESG, sino que mejora el valor patrimonial del inmueble y su atractivo para inversores y usuarios.<\/p>\n<p>Seg\u00fan el informe <em>Emerging Trends in Real Estate Europe 2025<\/em>, elaborado por PwC y ULI, los espacios log\u00edsticos modernos y adaptables est\u00e1n entre los m\u00e1s atractivos del mercado europeo, especialmente en Espa\u00f1a, donde sigue existiendo una importante escasez de producto de calidad.<\/p>\n<p>\u00abCada cliente, ya sea promotor o usuario, tiene unas necesidades espec\u00edficas. El papel de Proequity es asesorarles para que sus decisiones maximicen el valor del activo, combinando sostenibilidad, innovaci\u00f3n y eficiencia. La personalizaci\u00f3n, bien planteada desde la consultor\u00eda, es hoy la mejor v\u00eda para generar valor inmobiliario a largo plazo\u00bb, afirma <strong>David Mart\u00ednez<\/strong>, CEO de Proequity.\u00a0<\/p>\n<\/div>\n","protected":false},"featured_media":20799,"template":"","meta":{"_acf_changed":false},"acf":[],"yoast_head":"<!-- This site is optimized with the Yoast SEO plugin v22.7 - https:\/\/yoast.com\/wordpress\/plugins\/seo\/ -->\n<title>Del dise\u00f1o al valor: la era de los activos inmobiliarios a medida para retail, industria y log\u00edstica - Blog Club del Emprendimiento<\/title>\n<meta name=\"robots\" content=\"index, follow, max-snippet:-1, max-image-preview:large, max-video-preview:-1\" \/>\n<link rel=\"canonical\" href=\"https:\/\/www.clubdelemprendimiento.com\/blog\/noticia-corporativa\/del-diseno-al-valor-la-era-de-los-activos-inmobiliarios-a-medida-para-retail-industria-y-logistica\/\" \/>\n<meta property=\"og:locale\" content=\"es_ES\" \/>\n<meta property=\"og:type\" content=\"article\" \/>\n<meta property=\"og:title\" content=\"Del dise\u00f1o al valor: la era de los activos inmobiliarios a medida para retail, industria y log\u00edstica - Blog Club del Emprendimiento\" \/>\n<meta property=\"og:description\" content=\"Proequity apuesta por soluciones \u00abllave en mano\u00bb adaptadas a las necesidades reales de cada&hellip;\" \/>\n<meta property=\"og:url\" content=\"https:\/\/www.clubdelemprendimiento.com\/blog\/noticia-corporativa\/del-diseno-al-valor-la-era-de-los-activos-inmobiliarios-a-medida-para-retail-industria-y-logistica\/\" \/>\n<meta property=\"og:site_name\" content=\"Blog Club del Emprendimiento\" \/>\n<meta property=\"og:image\" content=\"https:\/\/www.clubdelemprendimiento.com\/blog\/wp-content\/uploads\/2025\/08\/Del_diseo_al_valor_la_era_de_los_activos_inmobiliarios_a_medida.png\" \/>\n<meta name=\"twitter:card\" content=\"summary_large_image\" \/>\n<meta name=\"twitter:label1\" content=\"Tiempo de lectura\" \/>\n\t<meta name=\"twitter:data1\" content=\"3 minutos\" \/>\n<script type=\"application\/ld+json\" class=\"yoast-schema-graph\">{\"@context\":\"https:\/\/schema.org\",\"@graph\":[{\"@type\":\"WebPage\",\"@id\":\"https:\/\/www.clubdelemprendimiento.com\/blog\/noticia-corporativa\/del-diseno-al-valor-la-era-de-los-activos-inmobiliarios-a-medida-para-retail-industria-y-logistica\/\",\"url\":\"https:\/\/www.clubdelemprendimiento.com\/blog\/noticia-corporativa\/del-diseno-al-valor-la-era-de-los-activos-inmobiliarios-a-medida-para-retail-industria-y-logistica\/\",\"name\":\"Del dise\u00f1o al valor: la era de los activos inmobiliarios a medida para retail, industria y log\u00edstica - Blog Club del Emprendimiento\",\"isPartOf\":{\"@id\":\"https:\/\/www.clubdelemprendimiento.com\/blog\/#website\"},\"primaryImageOfPage\":{\"@id\":\"https:\/\/www.clubdelemprendimiento.com\/blog\/noticia-corporativa\/del-diseno-al-valor-la-era-de-los-activos-inmobiliarios-a-medida-para-retail-industria-y-logistica\/#primaryimage\"},\"image\":{\"@id\":\"https:\/\/www.clubdelemprendimiento.com\/blog\/noticia-corporativa\/del-diseno-al-valor-la-era-de-los-activos-inmobiliarios-a-medida-para-retail-industria-y-logistica\/#primaryimage\"},\"thumbnailUrl\":\"https:\/\/www.clubdelemprendimiento.com\/blog\/wp-content\/uploads\/2025\/08\/Del_diseo_al_valor_la_era_de_los_activos_inmobiliarios_a_medida.png\",\"datePublished\":\"2025-08-14T13:00:35+00:00\",\"dateModified\":\"2025-08-14T13:00:35+00:00\",\"breadcrumb\":{\"@id\":\"https:\/\/www.clubdelemprendimiento.com\/blog\/noticia-corporativa\/del-diseno-al-valor-la-era-de-los-activos-inmobiliarios-a-medida-para-retail-industria-y-logistica\/#breadcrumb\"},\"inLanguage\":\"es\",\"potentialAction\":[{\"@type\":\"ReadAction\",\"target\":[\"https:\/\/www.clubdelemprendimiento.com\/blog\/noticia-corporativa\/del-diseno-al-valor-la-era-de-los-activos-inmobiliarios-a-medida-para-retail-industria-y-logistica\/\"]}]},{\"@type\":\"ImageObject\",\"inLanguage\":\"es\",\"@id\":\"https:\/\/www.clubdelemprendimiento.com\/blog\/noticia-corporativa\/del-diseno-al-valor-la-era-de-los-activos-inmobiliarios-a-medida-para-retail-industria-y-logistica\/#primaryimage\",\"url\":\"https:\/\/www.clubdelemprendimiento.com\/blog\/wp-content\/uploads\/2025\/08\/Del_diseo_al_valor_la_era_de_los_activos_inmobiliarios_a_medida.png\",\"contentUrl\":\"https:\/\/www.clubdelemprendimiento.com\/blog\/wp-content\/uploads\/2025\/08\/Del_diseo_al_valor_la_era_de_los_activos_inmobiliarios_a_medida.png\",\"width\":1200,\"height\":675},{\"@type\":\"BreadcrumbList\",\"@id\":\"https:\/\/www.clubdelemprendimiento.com\/blog\/noticia-corporativa\/del-diseno-al-valor-la-era-de-los-activos-inmobiliarios-a-medida-para-retail-industria-y-logistica\/#breadcrumb\",\"itemListElement\":[{\"@type\":\"ListItem\",\"position\":1,\"name\":\"Home\",\"item\":\"https:\/\/www.clubdelemprendimiento.com\/blog\/\"},{\"@type\":\"ListItem\",\"position\":2,\"name\":\"Noticias Corporativas\",\"item\":\"https:\/\/www.clubdelemprendimiento.com\/blog\/noticias-corporativas\/\"},{\"@type\":\"ListItem\",\"position\":3,\"name\":\"Del dise\u00f1o al valor: la era de los activos inmobiliarios a medida para retail, industria y log\u00edstica\"}]},{\"@type\":\"WebSite\",\"@id\":\"https:\/\/www.clubdelemprendimiento.com\/blog\/#website\",\"url\":\"https:\/\/www.clubdelemprendimiento.com\/blog\/\",\"name\":\"Blog Club del Emprendimiento\",\"description\":\"\",\"potentialAction\":[{\"@type\":\"SearchAction\",\"target\":{\"@type\":\"EntryPoint\",\"urlTemplate\":\"https:\/\/www.clubdelemprendimiento.com\/blog\/?s={search_term_string}\"},\"query-input\":\"required name=search_term_string\"}],\"inLanguage\":\"es\"}]}<\/script>\n<!-- \/ Yoast SEO plugin. -->","yoast_head_json":{"title":"Del dise\u00f1o al valor: la era de los activos inmobiliarios a medida para retail, industria y log\u00edstica - Blog Club del Emprendimiento","robots":{"index":"index","follow":"follow","max-snippet":"max-snippet:-1","max-image-preview":"max-image-preview:large","max-video-preview":"max-video-preview:-1"},"canonical":"https:\/\/www.clubdelemprendimiento.com\/blog\/noticia-corporativa\/del-diseno-al-valor-la-era-de-los-activos-inmobiliarios-a-medida-para-retail-industria-y-logistica\/","og_locale":"es_ES","og_type":"article","og_title":"Del dise\u00f1o al valor: la era de los activos inmobiliarios a medida para retail, industria y log\u00edstica - Blog Club del Emprendimiento","og_description":"Proequity apuesta por soluciones \u00abllave en mano\u00bb adaptadas a las necesidades reales de cada&hellip;","og_url":"https:\/\/www.clubdelemprendimiento.com\/blog\/noticia-corporativa\/del-diseno-al-valor-la-era-de-los-activos-inmobiliarios-a-medida-para-retail-industria-y-logistica\/","og_site_name":"Blog Club del Emprendimiento","og_image":[{"url":"https:\/\/www.clubdelemprendimiento.com\/blog\/wp-content\/uploads\/2025\/08\/Del_diseo_al_valor_la_era_de_los_activos_inmobiliarios_a_medida.png"}],"twitter_card":"summary_large_image","twitter_misc":{"Tiempo de lectura":"3 minutos"},"schema":{"@context":"https:\/\/schema.org","@graph":[{"@type":"WebPage","@id":"https:\/\/www.clubdelemprendimiento.com\/blog\/noticia-corporativa\/del-diseno-al-valor-la-era-de-los-activos-inmobiliarios-a-medida-para-retail-industria-y-logistica\/","url":"https:\/\/www.clubdelemprendimiento.com\/blog\/noticia-corporativa\/del-diseno-al-valor-la-era-de-los-activos-inmobiliarios-a-medida-para-retail-industria-y-logistica\/","name":"Del dise\u00f1o al valor: la era de los activos inmobiliarios a medida para retail, industria y log\u00edstica - Blog Club del Emprendimiento","isPartOf":{"@id":"https:\/\/www.clubdelemprendimiento.com\/blog\/#website"},"primaryImageOfPage":{"@id":"https:\/\/www.clubdelemprendimiento.com\/blog\/noticia-corporativa\/del-diseno-al-valor-la-era-de-los-activos-inmobiliarios-a-medida-para-retail-industria-y-logistica\/#primaryimage"},"image":{"@id":"https:\/\/www.clubdelemprendimiento.com\/blog\/noticia-corporativa\/del-diseno-al-valor-la-era-de-los-activos-inmobiliarios-a-medida-para-retail-industria-y-logistica\/#primaryimage"},"thumbnailUrl":"https:\/\/www.clubdelemprendimiento.com\/blog\/wp-content\/uploads\/2025\/08\/Del_diseo_al_valor_la_era_de_los_activos_inmobiliarios_a_medida.png","datePublished":"2025-08-14T13:00:35+00:00","dateModified":"2025-08-14T13:00:35+00:00","breadcrumb":{"@id":"https:\/\/www.clubdelemprendimiento.com\/blog\/noticia-corporativa\/del-diseno-al-valor-la-era-de-los-activos-inmobiliarios-a-medida-para-retail-industria-y-logistica\/#breadcrumb"},"inLanguage":"es","potentialAction":[{"@type":"ReadAction","target":["https:\/\/www.clubdelemprendimiento.com\/blog\/noticia-corporativa\/del-diseno-al-valor-la-era-de-los-activos-inmobiliarios-a-medida-para-retail-industria-y-logistica\/"]}]},{"@type":"ImageObject","inLanguage":"es","@id":"https:\/\/www.clubdelemprendimiento.com\/blog\/noticia-corporativa\/del-diseno-al-valor-la-era-de-los-activos-inmobiliarios-a-medida-para-retail-industria-y-logistica\/#primaryimage","url":"https:\/\/www.clubdelemprendimiento.com\/blog\/wp-content\/uploads\/2025\/08\/Del_diseo_al_valor_la_era_de_los_activos_inmobiliarios_a_medida.png","contentUrl":"https:\/\/www.clubdelemprendimiento.com\/blog\/wp-content\/uploads\/2025\/08\/Del_diseo_al_valor_la_era_de_los_activos_inmobiliarios_a_medida.png","width":1200,"height":675},{"@type":"BreadcrumbList","@id":"https:\/\/www.clubdelemprendimiento.com\/blog\/noticia-corporativa\/del-diseno-al-valor-la-era-de-los-activos-inmobiliarios-a-medida-para-retail-industria-y-logistica\/#breadcrumb","itemListElement":[{"@type":"ListItem","position":1,"name":"Home","item":"https:\/\/www.clubdelemprendimiento.com\/blog\/"},{"@type":"ListItem","position":2,"name":"Noticias Corporativas","item":"https:\/\/www.clubdelemprendimiento.com\/blog\/noticias-corporativas\/"},{"@type":"ListItem","position":3,"name":"Del dise\u00f1o al valor: la era de los activos inmobiliarios a medida para retail, industria y log\u00edstica"}]},{"@type":"WebSite","@id":"https:\/\/www.clubdelemprendimiento.com\/blog\/#website","url":"https:\/\/www.clubdelemprendimiento.com\/blog\/","name":"Blog Club del Emprendimiento","description":"","potentialAction":[{"@type":"SearchAction","target":{"@type":"EntryPoint","urlTemplate":"https:\/\/www.clubdelemprendimiento.com\/blog\/?s={search_term_string}"},"query-input":"required name=search_term_string"}],"inLanguage":"es"}]}},"_links":{"self":[{"href":"https:\/\/www.clubdelemprendimiento.com\/blog\/wp-json\/wp\/v2\/noticia-corporativa\/20798"}],"collection":[{"href":"https:\/\/www.clubdelemprendimiento.com\/blog\/wp-json\/wp\/v2\/noticia-corporativa"}],"about":[{"href":"https:\/\/www.clubdelemprendimiento.com\/blog\/wp-json\/wp\/v2\/types\/noticia-corporativa"}],"wp:featuredmedia":[{"embeddable":true,"href":"https:\/\/www.clubdelemprendimiento.com\/blog\/wp-json\/wp\/v2\/media\/20799"}],"wp:attachment":[{"href":"https:\/\/www.clubdelemprendimiento.com\/blog\/wp-json\/wp\/v2\/media?parent=20798"}],"curies":[{"name":"wp","href":"https:\/\/api.w.org\/{rel}","templated":true}]}}