{"id":20794,"date":"2025-08-13T13:04:52","date_gmt":"2025-08-13T13:04:52","guid":{"rendered":"https:\/\/www.clubdelemprendimiento.com\/blog\/noticia-corporativa\/easybreath-2-seconds-10-y-20-anos-de-dos-iconos-de-decathlon-que-transformaron-la-aventura\/"},"modified":"2025-08-13T13:04:52","modified_gmt":"2025-08-13T13:04:52","slug":"easybreath-2-seconds-10-y-20-anos-de-dos-iconos-de-decathlon-que-transformaron-la-aventura","status":"publish","type":"noticia-corporativa","link":"https:\/\/www.clubdelemprendimiento.com\/blog\/noticia-corporativa\/easybreath-2-seconds-10-y-20-anos-de-dos-iconos-de-decathlon-que-transformaron-la-aventura\/","title":{"rendered":"Easybreath &amp; 2 Seconds: 10 y 20 a\u00f1os de dos iconos de Decathlon que transformaron la aventura"},"content":{"rendered":"<div>\n<p><a href=\"https:\/\/www.clubdelemprendimiento.com\/blog\/wp-content\/uploads\/2025\/08\/AD_4nXdfC17JqFJuKqlIRhh9J9xcaq1oZhhyDrc3VlK2XO41ziQ94Gxlrz-GCSrugPtBUjW8OL-irF-Ib5wJmcy6rVDDXslXfpuFR1pFkul6Snt-NRSzmlHyN-DL.png\" target=\"_blank\" class=\"fotonota\" rel=\"noopener\"> <img decoding=\"async\" src=\"https:\/\/www.clubdelemprendimiento.com\/blog\/wp-content\/uploads\/2025\/08\/AD_4nXdfC17JqFJuKqlIRhh9J9xcaq1oZhhyDrc3VlK2XO41ziQ94Gxlrz-GCSrugPtBUjW8OL-irF-Ib5wJmcy6rVDDXslXfpuFR1pFkul6Snt-NRSzmlHyN-DL.png\" style=\"max-width:600px;\" border=\"0\" class=\"postImage\" alt=\"\"><\/a><\/p>\n<p>Decathlon lleva una d\u00e9cada acercando el fondo marino a millones de personas en m\u00e1s de 70 pa\u00edses con su m\u00e1scara Easybreath, escuchando a los usuarios y mejorando cada versi\u00f3n. Y veinte a\u00f1os de aventuras, una sola tienda de campa\u00f1a con 2 Seconds: la carpa que hizo del camping algo instant\u00e1neo y universal<\/p>\n<p><\/p>\n<p>Hay productos que cumplen su funci\u00f3n y otros que redefinen por completo una experiencia. La tienda de campa\u00f1a 2 Seconds y la m\u00e1scara de snorkel Easybreath de Decathlon no solo cumplieron con su prop\u00f3sito, sino que abrieron el mundo de la naturaleza a millones de personas.<\/p>\n<p><strong>\u00bfQu\u00e9 tienen en com\u00fan?<\/strong><br \/>\nUna misma filosof\u00eda: hacer la aventura m\u00e1s accesible, simple y placentera para todos. Una permite respirar bajo el agua como si se estuviera en tierra firme. La otra elimina por completo las complicaciones de montar una tienda de campa\u00f1a, problemas que suelen frenar a quienes desean probar nuevas disciplinas.<\/p>\n<p>Hoy, diez y veinte a\u00f1os despu\u00e9s respectivamente, se celebra su aniversario reconoci\u00e9ndolas como lo que son: dos iconos del dise\u00f1o deportivo al servicio de la aventura.<\/p>\n<p><strong>Easybreath: la m\u00e1scara que cambi\u00f3 el snorkel para siempre<br \/>\nHendaya, 2014.<\/strong> En el centro de dise\u00f1o global de deportes acu\u00e1ticos de Decathlon, el equipo de SUBEA afront\u00f3 un reto: el snorkel tradicional presentaba demasiadas barreras \u2014tubos inc\u00f3modos, visi\u00f3n limitada, boquillas poco higi\u00e9nicas, m\u00e1scaras que se empa\u00f1aban\u2014, convirtiendo lo que deber\u00eda ser una actividad sencilla en una frustraci\u00f3n.<\/p>\n<p>Tras m\u00e1s de 30 prototipos (algunos tan extra\u00f1os que fueron apodados \u00ablos monstruos\u00bb en el taller), m\u00e1s de 50 pruebas en laboratorio y m\u00faltiples ensayos en playas de todo el mundo, naci\u00f3 la Easybreath: una m\u00e1scara integral con visi\u00f3n panor\u00e1mica de 180\u00b0, que permite respirar por la nariz y la boca, sin riesgo de entrada de agua ni empa\u00f1amiento.<\/p>\n<p><strong>Una d\u00e9cada de evoluci\u00f3n impulsada por la comunidad<\/strong><br \/>\nDesde 2015, la historia de la Easybreath ha seguido creciendo: m\u00e1s de 20 millones de unidades vendidas en 70 pa\u00edses, m\u00e1s de 50.000 rese\u00f1as y una comunidad que ha contribuido a mejorar cada versi\u00f3n.<\/p>\n<ul>\n<li>\n<p><strong>2019<\/strong>: lanzamiento de la versi\u00f3n infantil, para que el mar sea accesible tambi\u00e9n para los m\u00e1s peque\u00f1os.<\/p>\n<\/li>\n<li>\n<p><strong>2021<\/strong>: aparici\u00f3n de Easybreath+, que permite hablar al salir a la superficie gracias a una v\u00e1lvula ac\u00fastica.<\/p>\n<\/li>\n<li>\n<p><strong>2022<\/strong>: llegada de la Easybreath 900, con nariz flexible para descender hasta tres metros, ideal para quienes buscan m\u00e1s profundidad.<\/p>\n<\/li>\n<\/ul>\n<p>Cada mejora ha surgido de conversaciones reales y de la observaci\u00f3n del uso de la m\u00e1scara. La innovaci\u00f3n se entiende como un ejercicio de escucha, por lo que lo mejor est\u00e1 por venir: se lleva cuatro a\u00f1os trabajando en una nueva generaci\u00f3n de Easybreath que ver\u00e1 la luz en 2026.<\/p>\n<p><strong>2 Seconds: la tienda que naci\u00f3 lanz\u00e1ndose al aire<\/strong><br \/>\nEn 2005, en pleno coraz\u00f3n de los Alpes franceses, el equipo de QUECHUA plante\u00f3 una idea: \u00bfy si montar una tienda fuera tan f\u00e1cil como lanzarla al aire?<\/p>\n<p>De esa pregunta surgi\u00f3 2 Seconds, una carpa que rompi\u00f3 con todo lo establecido. Donde antes hab\u00eda varillas, instrucciones, frustraciones y peleas familiares\u2026 ahora hab\u00eda solo dos segundos de magia. Pop-up y lista para usar.<\/p>\n<p>El \u00e9xito fue inmediato: festivales, campings, escapadas improvisadas\u2026 en poco tiempo, la 2 Seconds se convirti\u00f3 en un icono global y en s\u00edmbolo del camping sin fricciones.<\/p>\n<p><strong>20 a\u00f1os despu\u00e9s, la evoluci\u00f3n contin\u00faa<\/strong><br \/>\nLa 2 Seconds ha evolucionado con el tiempo. Se han incorporado nuevas versiones como:<\/p>\n<ul>\n<li>\n<p><strong>Fresh&amp;Black<\/strong>, que protege del calor y la luz, permitiendo dormir mejor.<\/p>\n<\/li>\n<li>\n<p>El sistema <strong>EASY<\/strong>, que simplifica el proceso de plegado.<\/p>\n<\/li>\n<li>\n<p>Ediciones m\u00e1s ligeras, m\u00e1s compactas y m\u00e1s sostenibles, adaptadas a un p\u00fablico cada vez m\u00e1s consciente.<\/p>\n<\/li>\n<\/ul>\n<p>Con m\u00e1s de 5 millones de tiendas vendidas, la 2 Seconds sigue siendo la elecci\u00f3n para las primeras noches bajo las estrellas.<\/p>\n<p>Para celebrar sus 20 a\u00f1os, se lanza una edici\u00f3n especial con:<\/p>\n<ul>\n<li>\n<p>Materiales reciclados, mejor ventilaci\u00f3n y menor volumen.<\/p>\n<\/li>\n<li>\n<p>Dise\u00f1o vintage que rinde homenaje al modelo original de 2005.<\/p>\n<\/li>\n<li>\n<p>Nuevas colecciones con colores y estampados naturales, pensadas para quienes desean integrarse en el paisaje.<\/p>\n<\/li>\n<\/ul>\n<p><strong>Lo dif\u00edcil deja de serlo<\/strong><br \/>\nEasybreath y 2 Seconds no nacieron para destacar en vitrinas, sino para acompa\u00f1ar aventuras. Dos productos, una misma filosof\u00eda: poner la aventura al alcance de todos.<\/p>\n<p><strong>DOSSIER DE PRENSA<\/strong><br \/>\nPara descargar el dossier de la m\u00e1scara Easybreath\u00a0<a href=\"https:\/\/drive.google.com\/file\/d\/1DUUoN-2Y1SCQowE93-Gz-x8sv8gehI-a\/view?usp=sharing\" rel=\"nofollow\"><strong>click aqu\u00ed<\/strong>.<\/a><br \/>\nPara descargar el dossier de la tienda de campa\u00f1a 2 Seconds <a href=\"https:\/\/drive.google.com\/file\/d\/1aee-b-_6r-H-fTW3wH4zLADry3bkJGCs\/view?usp=sharing\" rel=\"nofollow\"><strong>click aqu\u00ed<\/strong>.<\/a><\/p>\n<p><strong>IM\u00c1GENES<\/strong><br \/>\nPara descargar las im\u00e1genes de la lona en alta calidad <a href=\"https:\/\/drive.google.com\/drive\/folders\/1xzPmoYCNHcXYFJ-uMyKwW3cS4FUjj16d?usp=drive_link\" rel=\"nofollow\"><strong>click aqu\u00ed<\/strong>.<\/a><\/p>\n<p><strong>SOBRE DECATHLON<br \/>\nDecathlon<\/strong>, marca deportiva mundial multiespecialista destinada tanto a principiantes como a deportistas de \u00e9lite, es un productor innovador de art\u00edculos deportivos para todos los niveles. Con m\u00e1s de 100.000 colaboradores y 1.700 tiendas en todo el mundo, Decathlon y sus equipos trabajan desde 1976 para cumplir una ambici\u00f3n permanente: Move People Through the Wonders of Sport para ayudarles a ser m\u00e1s sanos y felices en un futuro sostenible.\u00a0<\/p>\n<p>M\u00e1s noticias: https:\/\/saladeprensa.decathlon.es\/\u00a0\u00a0<\/p>\n<p>\u00a0<\/p>\n<\/div>\n","protected":false},"featured_media":20795,"template":"","meta":{"_acf_changed":false},"acf":[],"yoast_head":"<!-- This site is optimized with the Yoast SEO plugin v22.7 - https:\/\/yoast.com\/wordpress\/plugins\/seo\/ -->\n<title>Easybreath &amp; 2 Seconds: 10 y 20 a\u00f1os de dos iconos de Decathlon que transformaron la aventura - Blog Club del Emprendimiento<\/title>\n<meta name=\"robots\" content=\"index, follow, max-snippet:-1, max-image-preview:large, max-video-preview:-1\" \/>\n<link rel=\"canonical\" href=\"https:\/\/www.clubdelemprendimiento.com\/blog\/noticia-corporativa\/easybreath-2-seconds-10-y-20-anos-de-dos-iconos-de-decathlon-que-transformaron-la-aventura\/\" \/>\n<meta property=\"og:locale\" content=\"es_ES\" \/>\n<meta property=\"og:type\" content=\"article\" \/>\n<meta property=\"og:title\" content=\"Easybreath &amp; 2 Seconds: 10 y 20 a\u00f1os de dos iconos de Decathlon que transformaron la aventura - Blog Club del Emprendimiento\" \/>\n<meta property=\"og:description\" content=\"Decathlon lleva una d\u00e9cada acercando el fondo marino a millones de personas en m\u00e1s&hellip;\" \/>\n<meta property=\"og:url\" content=\"https:\/\/www.clubdelemprendimiento.com\/blog\/noticia-corporativa\/easybreath-2-seconds-10-y-20-anos-de-dos-iconos-de-decathlon-que-transformaron-la-aventura\/\" \/>\n<meta property=\"og:site_name\" content=\"Blog Club del Emprendimiento\" \/>\n<meta property=\"og:image\" content=\"https:\/\/www.clubdelemprendimiento.com\/blog\/wp-content\/uploads\/2025\/08\/AD_4nXdfC17JqFJuKqlIRhh9J9xcaq1oZhhyDrc3VlK2XO41ziQ94Gxlrz-GCSrugPtBUjW8OL-irF-Ib5wJmcy6rVDDXslXfpuFR1pFkul6Snt-NRSzmlHyN-DL.png\" \/>\n<meta name=\"twitter:card\" content=\"summary_large_image\" \/>\n<meta name=\"twitter:label1\" content=\"Tiempo de lectura\" \/>\n\t<meta name=\"twitter:data1\" content=\"4 minutos\" \/>\n<script type=\"application\/ld+json\" class=\"yoast-schema-graph\">{\"@context\":\"https:\/\/schema.org\",\"@graph\":[{\"@type\":\"WebPage\",\"@id\":\"https:\/\/www.clubdelemprendimiento.com\/blog\/noticia-corporativa\/easybreath-2-seconds-10-y-20-anos-de-dos-iconos-de-decathlon-que-transformaron-la-aventura\/\",\"url\":\"https:\/\/www.clubdelemprendimiento.com\/blog\/noticia-corporativa\/easybreath-2-seconds-10-y-20-anos-de-dos-iconos-de-decathlon-que-transformaron-la-aventura\/\",\"name\":\"Easybreath &amp; 2 Seconds: 10 y 20 a\u00f1os de dos iconos de Decathlon que transformaron la aventura - Blog Club del Emprendimiento\",\"isPartOf\":{\"@id\":\"https:\/\/www.clubdelemprendimiento.com\/blog\/#website\"},\"primaryImageOfPage\":{\"@id\":\"https:\/\/www.clubdelemprendimiento.com\/blog\/noticia-corporativa\/easybreath-2-seconds-10-y-20-anos-de-dos-iconos-de-decathlon-que-transformaron-la-aventura\/#primaryimage\"},\"image\":{\"@id\":\"https:\/\/www.clubdelemprendimiento.com\/blog\/noticia-corporativa\/easybreath-2-seconds-10-y-20-anos-de-dos-iconos-de-decathlon-que-transformaron-la-aventura\/#primaryimage\"},\"thumbnailUrl\":\"https:\/\/www.clubdelemprendimiento.com\/blog\/wp-content\/uploads\/2025\/08\/AD_4nXdfC17JqFJuKqlIRhh9J9xcaq1oZhhyDrc3VlK2XO41ziQ94Gxlrz-GCSrugPtBUjW8OL-irF-Ib5wJmcy6rVDDXslXfpuFR1pFkul6Snt-NRSzmlHyN-DL.png\",\"datePublished\":\"2025-08-13T13:04:52+00:00\",\"dateModified\":\"2025-08-13T13:04:52+00:00\",\"breadcrumb\":{\"@id\":\"https:\/\/www.clubdelemprendimiento.com\/blog\/noticia-corporativa\/easybreath-2-seconds-10-y-20-anos-de-dos-iconos-de-decathlon-que-transformaron-la-aventura\/#breadcrumb\"},\"inLanguage\":\"es\",\"potentialAction\":[{\"@type\":\"ReadAction\",\"target\":[\"https:\/\/www.clubdelemprendimiento.com\/blog\/noticia-corporativa\/easybreath-2-seconds-10-y-20-anos-de-dos-iconos-de-decathlon-que-transformaron-la-aventura\/\"]}]},{\"@type\":\"ImageObject\",\"inLanguage\":\"es\",\"@id\":\"https:\/\/www.clubdelemprendimiento.com\/blog\/noticia-corporativa\/easybreath-2-seconds-10-y-20-anos-de-dos-iconos-de-decathlon-que-transformaron-la-aventura\/#primaryimage\",\"url\":\"https:\/\/www.clubdelemprendimiento.com\/blog\/wp-content\/uploads\/2025\/08\/AD_4nXdfC17JqFJuKqlIRhh9J9xcaq1oZhhyDrc3VlK2XO41ziQ94Gxlrz-GCSrugPtBUjW8OL-irF-Ib5wJmcy6rVDDXslXfpuFR1pFkul6Snt-NRSzmlHyN-DL.png\",\"contentUrl\":\"https:\/\/www.clubdelemprendimiento.com\/blog\/wp-content\/uploads\/2025\/08\/AD_4nXdfC17JqFJuKqlIRhh9J9xcaq1oZhhyDrc3VlK2XO41ziQ94Gxlrz-GCSrugPtBUjW8OL-irF-Ib5wJmcy6rVDDXslXfpuFR1pFkul6Snt-NRSzmlHyN-DL.png\",\"width\":1063,\"height\":634},{\"@type\":\"BreadcrumbList\",\"@id\":\"https:\/\/www.clubdelemprendimiento.com\/blog\/noticia-corporativa\/easybreath-2-seconds-10-y-20-anos-de-dos-iconos-de-decathlon-que-transformaron-la-aventura\/#breadcrumb\",\"itemListElement\":[{\"@type\":\"ListItem\",\"position\":1,\"name\":\"Home\",\"item\":\"https:\/\/www.clubdelemprendimiento.com\/blog\/\"},{\"@type\":\"ListItem\",\"position\":2,\"name\":\"Noticias Corporativas\",\"item\":\"https:\/\/www.clubdelemprendimiento.com\/blog\/noticias-corporativas\/\"},{\"@type\":\"ListItem\",\"position\":3,\"name\":\"Easybreath &amp; 2 Seconds: 10 y 20 a\u00f1os de dos iconos de Decathlon que transformaron la aventura\"}]},{\"@type\":\"WebSite\",\"@id\":\"https:\/\/www.clubdelemprendimiento.com\/blog\/#website\",\"url\":\"https:\/\/www.clubdelemprendimiento.com\/blog\/\",\"name\":\"Blog Club del Emprendimiento\",\"description\":\"\",\"potentialAction\":[{\"@type\":\"SearchAction\",\"target\":{\"@type\":\"EntryPoint\",\"urlTemplate\":\"https:\/\/www.clubdelemprendimiento.com\/blog\/?s={search_term_string}\"},\"query-input\":\"required name=search_term_string\"}],\"inLanguage\":\"es\"}]}<\/script>\n<!-- \/ Yoast SEO plugin. -->","yoast_head_json":{"title":"Easybreath &amp; 2 Seconds: 10 y 20 a\u00f1os de dos iconos de Decathlon que transformaron la aventura - Blog Club del Emprendimiento","robots":{"index":"index","follow":"follow","max-snippet":"max-snippet:-1","max-image-preview":"max-image-preview:large","max-video-preview":"max-video-preview:-1"},"canonical":"https:\/\/www.clubdelemprendimiento.com\/blog\/noticia-corporativa\/easybreath-2-seconds-10-y-20-anos-de-dos-iconos-de-decathlon-que-transformaron-la-aventura\/","og_locale":"es_ES","og_type":"article","og_title":"Easybreath &amp; 2 Seconds: 10 y 20 a\u00f1os de dos iconos de Decathlon que transformaron la aventura - Blog Club del Emprendimiento","og_description":"Decathlon lleva una d\u00e9cada acercando el fondo marino a millones de personas en m\u00e1s&hellip;","og_url":"https:\/\/www.clubdelemprendimiento.com\/blog\/noticia-corporativa\/easybreath-2-seconds-10-y-20-anos-de-dos-iconos-de-decathlon-que-transformaron-la-aventura\/","og_site_name":"Blog Club del Emprendimiento","og_image":[{"url":"https:\/\/www.clubdelemprendimiento.com\/blog\/wp-content\/uploads\/2025\/08\/AD_4nXdfC17JqFJuKqlIRhh9J9xcaq1oZhhyDrc3VlK2XO41ziQ94Gxlrz-GCSrugPtBUjW8OL-irF-Ib5wJmcy6rVDDXslXfpuFR1pFkul6Snt-NRSzmlHyN-DL.png"}],"twitter_card":"summary_large_image","twitter_misc":{"Tiempo de lectura":"4 minutos"},"schema":{"@context":"https:\/\/schema.org","@graph":[{"@type":"WebPage","@id":"https:\/\/www.clubdelemprendimiento.com\/blog\/noticia-corporativa\/easybreath-2-seconds-10-y-20-anos-de-dos-iconos-de-decathlon-que-transformaron-la-aventura\/","url":"https:\/\/www.clubdelemprendimiento.com\/blog\/noticia-corporativa\/easybreath-2-seconds-10-y-20-anos-de-dos-iconos-de-decathlon-que-transformaron-la-aventura\/","name":"Easybreath &amp; 2 Seconds: 10 y 20 a\u00f1os de dos iconos de Decathlon que transformaron la aventura - Blog Club del Emprendimiento","isPartOf":{"@id":"https:\/\/www.clubdelemprendimiento.com\/blog\/#website"},"primaryImageOfPage":{"@id":"https:\/\/www.clubdelemprendimiento.com\/blog\/noticia-corporativa\/easybreath-2-seconds-10-y-20-anos-de-dos-iconos-de-decathlon-que-transformaron-la-aventura\/#primaryimage"},"image":{"@id":"https:\/\/www.clubdelemprendimiento.com\/blog\/noticia-corporativa\/easybreath-2-seconds-10-y-20-anos-de-dos-iconos-de-decathlon-que-transformaron-la-aventura\/#primaryimage"},"thumbnailUrl":"https:\/\/www.clubdelemprendimiento.com\/blog\/wp-content\/uploads\/2025\/08\/AD_4nXdfC17JqFJuKqlIRhh9J9xcaq1oZhhyDrc3VlK2XO41ziQ94Gxlrz-GCSrugPtBUjW8OL-irF-Ib5wJmcy6rVDDXslXfpuFR1pFkul6Snt-NRSzmlHyN-DL.png","datePublished":"2025-08-13T13:04:52+00:00","dateModified":"2025-08-13T13:04:52+00:00","breadcrumb":{"@id":"https:\/\/www.clubdelemprendimiento.com\/blog\/noticia-corporativa\/easybreath-2-seconds-10-y-20-anos-de-dos-iconos-de-decathlon-que-transformaron-la-aventura\/#breadcrumb"},"inLanguage":"es","potentialAction":[{"@type":"ReadAction","target":["https:\/\/www.clubdelemprendimiento.com\/blog\/noticia-corporativa\/easybreath-2-seconds-10-y-20-anos-de-dos-iconos-de-decathlon-que-transformaron-la-aventura\/"]}]},{"@type":"ImageObject","inLanguage":"es","@id":"https:\/\/www.clubdelemprendimiento.com\/blog\/noticia-corporativa\/easybreath-2-seconds-10-y-20-anos-de-dos-iconos-de-decathlon-que-transformaron-la-aventura\/#primaryimage","url":"https:\/\/www.clubdelemprendimiento.com\/blog\/wp-content\/uploads\/2025\/08\/AD_4nXdfC17JqFJuKqlIRhh9J9xcaq1oZhhyDrc3VlK2XO41ziQ94Gxlrz-GCSrugPtBUjW8OL-irF-Ib5wJmcy6rVDDXslXfpuFR1pFkul6Snt-NRSzmlHyN-DL.png","contentUrl":"https:\/\/www.clubdelemprendimiento.com\/blog\/wp-content\/uploads\/2025\/08\/AD_4nXdfC17JqFJuKqlIRhh9J9xcaq1oZhhyDrc3VlK2XO41ziQ94Gxlrz-GCSrugPtBUjW8OL-irF-Ib5wJmcy6rVDDXslXfpuFR1pFkul6Snt-NRSzmlHyN-DL.png","width":1063,"height":634},{"@type":"BreadcrumbList","@id":"https:\/\/www.clubdelemprendimiento.com\/blog\/noticia-corporativa\/easybreath-2-seconds-10-y-20-anos-de-dos-iconos-de-decathlon-que-transformaron-la-aventura\/#breadcrumb","itemListElement":[{"@type":"ListItem","position":1,"name":"Home","item":"https:\/\/www.clubdelemprendimiento.com\/blog\/"},{"@type":"ListItem","position":2,"name":"Noticias Corporativas","item":"https:\/\/www.clubdelemprendimiento.com\/blog\/noticias-corporativas\/"},{"@type":"ListItem","position":3,"name":"Easybreath &amp; 2 Seconds: 10 y 20 a\u00f1os de dos iconos de Decathlon que transformaron la aventura"}]},{"@type":"WebSite","@id":"https:\/\/www.clubdelemprendimiento.com\/blog\/#website","url":"https:\/\/www.clubdelemprendimiento.com\/blog\/","name":"Blog Club del Emprendimiento","description":"","potentialAction":[{"@type":"SearchAction","target":{"@type":"EntryPoint","urlTemplate":"https:\/\/www.clubdelemprendimiento.com\/blog\/?s={search_term_string}"},"query-input":"required name=search_term_string"}],"inLanguage":"es"}]}},"_links":{"self":[{"href":"https:\/\/www.clubdelemprendimiento.com\/blog\/wp-json\/wp\/v2\/noticia-corporativa\/20794"}],"collection":[{"href":"https:\/\/www.clubdelemprendimiento.com\/blog\/wp-json\/wp\/v2\/noticia-corporativa"}],"about":[{"href":"https:\/\/www.clubdelemprendimiento.com\/blog\/wp-json\/wp\/v2\/types\/noticia-corporativa"}],"wp:featuredmedia":[{"embeddable":true,"href":"https:\/\/www.clubdelemprendimiento.com\/blog\/wp-json\/wp\/v2\/media\/20795"}],"wp:attachment":[{"href":"https:\/\/www.clubdelemprendimiento.com\/blog\/wp-json\/wp\/v2\/media?parent=20794"}],"curies":[{"name":"wp","href":"https:\/\/api.w.org\/{rel}","templated":true}]}}