{"id":20782,"date":"2025-08-13T10:04:54","date_gmt":"2025-08-13T10:04:54","guid":{"rendered":"https:\/\/www.clubdelemprendimiento.com\/blog\/noticia-corporativa\/buscalibre-celebra-su-aniversario-consolidandose-como-referente-del-comercio-electronico\/"},"modified":"2025-08-13T10:04:54","modified_gmt":"2025-08-13T10:04:54","slug":"buscalibre-celebra-su-aniversario-consolidandose-como-referente-del-comercio-electronico","status":"publish","type":"noticia-corporativa","link":"https:\/\/www.clubdelemprendimiento.com\/blog\/noticia-corporativa\/buscalibre-celebra-su-aniversario-consolidandose-como-referente-del-comercio-electronico\/","title":{"rendered":"Buscalibre celebra su aniversario consolid\u00e1ndose como referente del comercio electr\u00f3nico"},"content":{"rendered":"<div>\n<p><a href=\"https:\/\/www.clubdelemprendimiento.com\/blog\/wp-content\/uploads\/2025\/08\/Juan_Jos_Daza_Director_Comercial_y_de_Marketing_de_Buscalibre.jpeg\" target=\"_blank\" class=\"fotonota\" rel=\"noopener\"> <img decoding=\"async\" src=\"https:\/\/www.clubdelemprendimiento.com\/blog\/wp-content\/uploads\/2025\/08\/Juan_Jos_Daza_Director_Comercial_y_de_Marketing_de_Buscalibre.jpeg\" style=\"max-width:600px;\" border=\"0\" class=\"postImage\" alt=\"\"><\/a><\/p>\n<p>La empresa ha consolidado una red log\u00edstica que le permite llevar libros a m\u00e1s de 1 mill\u00f3n de clientes en Latinoam\u00e9rica y Europa<\/p>\n<p><\/p>\n<p><a href=\"https:\/\/www.buscalibre.es\/\" rel=\"nofollow\">Buscalibre<\/a>\u00a0 \u2500la librer\u00eda que ha crecido exponencialmente\u00a0y una de las principales plataformas de venta de libros en Espa\u00f1a\u2500 celebra un nuevo aniversario reafirmando su compromiso con el fortalecimiento de la industria editorial en la regi\u00f3n y con la expansi\u00f3n de su modelo innovador de comercio electr\u00f3nico.<\/p>\n<p>Con presencia en m\u00e1s de 10 pa\u00edses y millones de usuarios activos, la compa\u00f1\u00eda ha consolidado una plataforma que conecta a lectores con t\u00edtulos de todo el mundo, con tiempos de entrega competitivos y una experiencia de compra destacada, respaldada por una robusta red de proveedores, editoriales y autores independientes.<\/p>\n<p>El comercio electr\u00f3nico de libros enfrenta desaf\u00edos log\u00edsticos particulares: m\u00faltiples pa\u00edses, regulaciones aduaneras, tiempos de entrega y disponibilidad de t\u00edtulos. Para responder a estas complejidades, Buscalibre ha desarrollado una operaci\u00f3n estrat\u00e9gica que optimiza rutas y procesos internacionales, logrando eficiencia en mercados tan diversos como M\u00e9xico, Colombia, Chile, Ecuador, Espa\u00f1a y el Reino Unido.<\/p>\n<p>\u00abLogramos montar una plataforma multipa\u00eds, lo que no es nada f\u00e1cil. Tener operaciones globales de comercio electr\u00f3nico, implica enfrentar desaf\u00edos particulares en cada pa\u00eds: desde el manejo de las bodegas, el inventario, la \u00faltima milla, los equipos locales, hasta el software. Cada parte tiene su complejidad, pero\u00a0construir una operaci\u00f3n robusta y adaptable ha sido posible, una verdadera \u2018maquinita\u2019 que hoy permite operar eficientemente en mercados muy distintos entre s\u00ed\u00bb, detalla <strong>Boris Kraizel, CEO de Buscalibre<\/strong>.<\/p>\n<p>Durante la pandemia, esta infraestructura permiti\u00f3 absorber el crecimiento exponencial de la demanda y responder con agilidad a un lector que, en medio del confinamiento, volvi\u00f3 a los libros como refugio. Esa evoluci\u00f3n impuls\u00f3 tambi\u00e9n cambios internos, como el traslado a un centro log\u00edstico m\u00e1s grande, el dise\u00f1o de rutas estrat\u00e9gicas, la creaci\u00f3n de su propia cadena de distribuci\u00f3n: \u00abEnv\u00edo Libre\u00bb, y mejoras en la experiencia de compra, como la incorporaci\u00f3n de su herramienta que permite recomendar libros a los usuarios.<\/p>\n<p>Con el esfuerzo enfocado en reforzar su v\u00ednculo con el ecosistema editorial de Latinoam\u00e9rica, la compa\u00f1\u00eda ha logrado ofrecer a las personas un cat\u00e1logo de m\u00e1s de 7 millones de t\u00edtulos disponibles en su plataforma, atrayendo a m\u00e1s de 1 mill\u00f3n de clientes y 5 millones de unidades vendidas al a\u00f1o.<\/p>\n<p>\u00abSignifica construir un ecosistema que va mucho m\u00e1s all\u00e1 de una tienda online: trabajamos con cientos de editoriales, impulsamos nuevas voces literarias, facilitamos el acceso a libros dif\u00edciles de conseguir y generamos espacios donde lectores se sienten acompa\u00f1ados\u00bb, comenta <strong>Juan Jos\u00e9 Daza, Director Comercial y de Marketing de Buscalibre<\/strong>.<\/p>\n<p>Para los pr\u00f3ximos 3 a\u00f1os, la empresa espera poder seguir creciendo en n\u00famero de clientes y facturaci\u00f3n, consolid\u00e1ndose en los pa\u00edses donde est\u00e1n presentes y desde ah\u00ed continuar vendiendo a todo el mundo. Para la celebraci\u00f3n de su aniversario, durante la segunda quincena de agosto, la librer\u00eda contar\u00e1 con ediciones especiales, libros firmados, env\u00edo gratis y libros importados de distintos pa\u00edses.<\/p>\n<p><strong>Sobre Buscalibre:<\/strong><br \/>\nBuscalibre es una librer\u00eda online que vende libros f\u00edsicos y que los env\u00eda directamente hasta el domicilio de la persona. Naci\u00f3 en Chile hace 17 a\u00f1os y hoy est\u00e1 presente en: Argentina, Colombia, Estados Unidos, Espa\u00f1a, M\u00e9xico, Per\u00fa y Ecuador. Su servicio le permite integrar toda la oferta de libros de estos pa\u00edses y ponerlos a disponibilidad de sus clientes. Buscalibre cuenta con un portafolio de 60.000 referencias a nivel nacional y 5 millones de t\u00edtulos en general, con la posibilidad de hacerlo llegar a cualquier lugar del pa\u00eds.<\/p>\n<\/div>\n","protected":false},"featured_media":20783,"template":"","meta":{"_acf_changed":false},"acf":[],"yoast_head":"<!-- This site is optimized with the Yoast SEO plugin v22.7 - https:\/\/yoast.com\/wordpress\/plugins\/seo\/ -->\n<title>Buscalibre celebra su aniversario consolid\u00e1ndose como referente del comercio electr\u00f3nico - Blog Club del Emprendimiento<\/title>\n<meta name=\"robots\" content=\"index, follow, max-snippet:-1, max-image-preview:large, max-video-preview:-1\" \/>\n<link rel=\"canonical\" href=\"https:\/\/www.clubdelemprendimiento.com\/blog\/noticia-corporativa\/buscalibre-celebra-su-aniversario-consolidandose-como-referente-del-comercio-electronico\/\" \/>\n<meta property=\"og:locale\" content=\"es_ES\" \/>\n<meta property=\"og:type\" content=\"article\" \/>\n<meta property=\"og:title\" content=\"Buscalibre celebra su aniversario consolid\u00e1ndose como referente del comercio electr\u00f3nico - Blog Club del Emprendimiento\" \/>\n<meta property=\"og:description\" content=\"La empresa ha consolidado una red log\u00edstica que le permite llevar libros a m\u00e1s&hellip;\" \/>\n<meta property=\"og:url\" content=\"https:\/\/www.clubdelemprendimiento.com\/blog\/noticia-corporativa\/buscalibre-celebra-su-aniversario-consolidandose-como-referente-del-comercio-electronico\/\" \/>\n<meta property=\"og:site_name\" content=\"Blog Club del Emprendimiento\" \/>\n<meta property=\"og:image\" content=\"https:\/\/www.clubdelemprendimiento.com\/blog\/wp-content\/uploads\/2025\/08\/Juan_Jos_Daza_Director_Comercial_y_de_Marketing_de_Buscalibre.jpeg\" \/>\n<meta name=\"twitter:card\" content=\"summary_large_image\" \/>\n<meta name=\"twitter:label1\" content=\"Tiempo de lectura\" \/>\n\t<meta name=\"twitter:data1\" content=\"3 minutos\" \/>\n<script type=\"application\/ld+json\" class=\"yoast-schema-graph\">{\"@context\":\"https:\/\/schema.org\",\"@graph\":[{\"@type\":\"WebPage\",\"@id\":\"https:\/\/www.clubdelemprendimiento.com\/blog\/noticia-corporativa\/buscalibre-celebra-su-aniversario-consolidandose-como-referente-del-comercio-electronico\/\",\"url\":\"https:\/\/www.clubdelemprendimiento.com\/blog\/noticia-corporativa\/buscalibre-celebra-su-aniversario-consolidandose-como-referente-del-comercio-electronico\/\",\"name\":\"Buscalibre celebra su aniversario consolid\u00e1ndose como referente del comercio electr\u00f3nico - Blog Club del Emprendimiento\",\"isPartOf\":{\"@id\":\"https:\/\/www.clubdelemprendimiento.com\/blog\/#website\"},\"primaryImageOfPage\":{\"@id\":\"https:\/\/www.clubdelemprendimiento.com\/blog\/noticia-corporativa\/buscalibre-celebra-su-aniversario-consolidandose-como-referente-del-comercio-electronico\/#primaryimage\"},\"image\":{\"@id\":\"https:\/\/www.clubdelemprendimiento.com\/blog\/noticia-corporativa\/buscalibre-celebra-su-aniversario-consolidandose-como-referente-del-comercio-electronico\/#primaryimage\"},\"thumbnailUrl\":\"https:\/\/www.clubdelemprendimiento.com\/blog\/wp-content\/uploads\/2025\/08\/Juan_Jos_Daza_Director_Comercial_y_de_Marketing_de_Buscalibre.jpeg\",\"datePublished\":\"2025-08-13T10:04:54+00:00\",\"dateModified\":\"2025-08-13T10:04:54+00:00\",\"breadcrumb\":{\"@id\":\"https:\/\/www.clubdelemprendimiento.com\/blog\/noticia-corporativa\/buscalibre-celebra-su-aniversario-consolidandose-como-referente-del-comercio-electronico\/#breadcrumb\"},\"inLanguage\":\"es\",\"potentialAction\":[{\"@type\":\"ReadAction\",\"target\":[\"https:\/\/www.clubdelemprendimiento.com\/blog\/noticia-corporativa\/buscalibre-celebra-su-aniversario-consolidandose-como-referente-del-comercio-electronico\/\"]}]},{\"@type\":\"ImageObject\",\"inLanguage\":\"es\",\"@id\":\"https:\/\/www.clubdelemprendimiento.com\/blog\/noticia-corporativa\/buscalibre-celebra-su-aniversario-consolidandose-como-referente-del-comercio-electronico\/#primaryimage\",\"url\":\"https:\/\/www.clubdelemprendimiento.com\/blog\/wp-content\/uploads\/2025\/08\/Juan_Jos_Daza_Director_Comercial_y_de_Marketing_de_Buscalibre.jpeg\",\"contentUrl\":\"https:\/\/www.clubdelemprendimiento.com\/blog\/wp-content\/uploads\/2025\/08\/Juan_Jos_Daza_Director_Comercial_y_de_Marketing_de_Buscalibre.jpeg\",\"width\":1600,\"height\":893},{\"@type\":\"BreadcrumbList\",\"@id\":\"https:\/\/www.clubdelemprendimiento.com\/blog\/noticia-corporativa\/buscalibre-celebra-su-aniversario-consolidandose-como-referente-del-comercio-electronico\/#breadcrumb\",\"itemListElement\":[{\"@type\":\"ListItem\",\"position\":1,\"name\":\"Home\",\"item\":\"https:\/\/www.clubdelemprendimiento.com\/blog\/\"},{\"@type\":\"ListItem\",\"position\":2,\"name\":\"Noticias Corporativas\",\"item\":\"https:\/\/www.clubdelemprendimiento.com\/blog\/noticias-corporativas\/\"},{\"@type\":\"ListItem\",\"position\":3,\"name\":\"Buscalibre celebra su aniversario consolid\u00e1ndose como referente del comercio electr\u00f3nico\"}]},{\"@type\":\"WebSite\",\"@id\":\"https:\/\/www.clubdelemprendimiento.com\/blog\/#website\",\"url\":\"https:\/\/www.clubdelemprendimiento.com\/blog\/\",\"name\":\"Blog Club del Emprendimiento\",\"description\":\"\",\"potentialAction\":[{\"@type\":\"SearchAction\",\"target\":{\"@type\":\"EntryPoint\",\"urlTemplate\":\"https:\/\/www.clubdelemprendimiento.com\/blog\/?s={search_term_string}\"},\"query-input\":\"required name=search_term_string\"}],\"inLanguage\":\"es\"}]}<\/script>\n<!-- \/ Yoast SEO plugin. -->","yoast_head_json":{"title":"Buscalibre celebra su aniversario consolid\u00e1ndose como referente del comercio electr\u00f3nico - Blog Club del Emprendimiento","robots":{"index":"index","follow":"follow","max-snippet":"max-snippet:-1","max-image-preview":"max-image-preview:large","max-video-preview":"max-video-preview:-1"},"canonical":"https:\/\/www.clubdelemprendimiento.com\/blog\/noticia-corporativa\/buscalibre-celebra-su-aniversario-consolidandose-como-referente-del-comercio-electronico\/","og_locale":"es_ES","og_type":"article","og_title":"Buscalibre celebra su aniversario consolid\u00e1ndose como referente del comercio electr\u00f3nico - Blog Club del Emprendimiento","og_description":"La empresa ha consolidado una red log\u00edstica que le permite llevar libros a m\u00e1s&hellip;","og_url":"https:\/\/www.clubdelemprendimiento.com\/blog\/noticia-corporativa\/buscalibre-celebra-su-aniversario-consolidandose-como-referente-del-comercio-electronico\/","og_site_name":"Blog Club del Emprendimiento","og_image":[{"url":"https:\/\/www.clubdelemprendimiento.com\/blog\/wp-content\/uploads\/2025\/08\/Juan_Jos_Daza_Director_Comercial_y_de_Marketing_de_Buscalibre.jpeg"}],"twitter_card":"summary_large_image","twitter_misc":{"Tiempo de lectura":"3 minutos"},"schema":{"@context":"https:\/\/schema.org","@graph":[{"@type":"WebPage","@id":"https:\/\/www.clubdelemprendimiento.com\/blog\/noticia-corporativa\/buscalibre-celebra-su-aniversario-consolidandose-como-referente-del-comercio-electronico\/","url":"https:\/\/www.clubdelemprendimiento.com\/blog\/noticia-corporativa\/buscalibre-celebra-su-aniversario-consolidandose-como-referente-del-comercio-electronico\/","name":"Buscalibre celebra su aniversario consolid\u00e1ndose como referente del comercio electr\u00f3nico - Blog Club del Emprendimiento","isPartOf":{"@id":"https:\/\/www.clubdelemprendimiento.com\/blog\/#website"},"primaryImageOfPage":{"@id":"https:\/\/www.clubdelemprendimiento.com\/blog\/noticia-corporativa\/buscalibre-celebra-su-aniversario-consolidandose-como-referente-del-comercio-electronico\/#primaryimage"},"image":{"@id":"https:\/\/www.clubdelemprendimiento.com\/blog\/noticia-corporativa\/buscalibre-celebra-su-aniversario-consolidandose-como-referente-del-comercio-electronico\/#primaryimage"},"thumbnailUrl":"https:\/\/www.clubdelemprendimiento.com\/blog\/wp-content\/uploads\/2025\/08\/Juan_Jos_Daza_Director_Comercial_y_de_Marketing_de_Buscalibre.jpeg","datePublished":"2025-08-13T10:04:54+00:00","dateModified":"2025-08-13T10:04:54+00:00","breadcrumb":{"@id":"https:\/\/www.clubdelemprendimiento.com\/blog\/noticia-corporativa\/buscalibre-celebra-su-aniversario-consolidandose-como-referente-del-comercio-electronico\/#breadcrumb"},"inLanguage":"es","potentialAction":[{"@type":"ReadAction","target":["https:\/\/www.clubdelemprendimiento.com\/blog\/noticia-corporativa\/buscalibre-celebra-su-aniversario-consolidandose-como-referente-del-comercio-electronico\/"]}]},{"@type":"ImageObject","inLanguage":"es","@id":"https:\/\/www.clubdelemprendimiento.com\/blog\/noticia-corporativa\/buscalibre-celebra-su-aniversario-consolidandose-como-referente-del-comercio-electronico\/#primaryimage","url":"https:\/\/www.clubdelemprendimiento.com\/blog\/wp-content\/uploads\/2025\/08\/Juan_Jos_Daza_Director_Comercial_y_de_Marketing_de_Buscalibre.jpeg","contentUrl":"https:\/\/www.clubdelemprendimiento.com\/blog\/wp-content\/uploads\/2025\/08\/Juan_Jos_Daza_Director_Comercial_y_de_Marketing_de_Buscalibre.jpeg","width":1600,"height":893},{"@type":"BreadcrumbList","@id":"https:\/\/www.clubdelemprendimiento.com\/blog\/noticia-corporativa\/buscalibre-celebra-su-aniversario-consolidandose-como-referente-del-comercio-electronico\/#breadcrumb","itemListElement":[{"@type":"ListItem","position":1,"name":"Home","item":"https:\/\/www.clubdelemprendimiento.com\/blog\/"},{"@type":"ListItem","position":2,"name":"Noticias Corporativas","item":"https:\/\/www.clubdelemprendimiento.com\/blog\/noticias-corporativas\/"},{"@type":"ListItem","position":3,"name":"Buscalibre celebra su aniversario consolid\u00e1ndose como referente del comercio electr\u00f3nico"}]},{"@type":"WebSite","@id":"https:\/\/www.clubdelemprendimiento.com\/blog\/#website","url":"https:\/\/www.clubdelemprendimiento.com\/blog\/","name":"Blog Club del Emprendimiento","description":"","potentialAction":[{"@type":"SearchAction","target":{"@type":"EntryPoint","urlTemplate":"https:\/\/www.clubdelemprendimiento.com\/blog\/?s={search_term_string}"},"query-input":"required name=search_term_string"}],"inLanguage":"es"}]}},"_links":{"self":[{"href":"https:\/\/www.clubdelemprendimiento.com\/blog\/wp-json\/wp\/v2\/noticia-corporativa\/20782"}],"collection":[{"href":"https:\/\/www.clubdelemprendimiento.com\/blog\/wp-json\/wp\/v2\/noticia-corporativa"}],"about":[{"href":"https:\/\/www.clubdelemprendimiento.com\/blog\/wp-json\/wp\/v2\/types\/noticia-corporativa"}],"wp:featuredmedia":[{"embeddable":true,"href":"https:\/\/www.clubdelemprendimiento.com\/blog\/wp-json\/wp\/v2\/media\/20783"}],"wp:attachment":[{"href":"https:\/\/www.clubdelemprendimiento.com\/blog\/wp-json\/wp\/v2\/media?parent=20782"}],"curies":[{"name":"wp","href":"https:\/\/api.w.org\/{rel}","templated":true}]}}