{"id":20777,"date":"2025-08-12T13:00:06","date_gmt":"2025-08-12T13:00:06","guid":{"rendered":"https:\/\/www.clubdelemprendimiento.com\/blog\/noticia-corporativa\/adecco-busca-a-90-personas-para-trabajar-en-el-sector-alimentario-en-navarra-y-la-rioja\/"},"modified":"2025-08-12T13:00:06","modified_gmt":"2025-08-12T13:00:06","slug":"adecco-busca-a-90-personas-para-trabajar-en-el-sector-alimentario-en-navarra-y-la-rioja","status":"publish","type":"noticia-corporativa","link":"https:\/\/www.clubdelemprendimiento.com\/blog\/noticia-corporativa\/adecco-busca-a-90-personas-para-trabajar-en-el-sector-alimentario-en-navarra-y-la-rioja\/","title":{"rendered":"Adecco busca a 90 personas para trabajar en el sector alimentario en Navarra y La Rioja"},"content":{"rendered":"<div>\n<p>Adecco, la divisi\u00f3n del Grupo Adecco especializada en flexibilidad y talento, busca a 90 personas para trabajar en diferentes empresas de alimentaci\u00f3n ubicadas en la zona de la Rioja Baja y Tudela (Navarra)<\/p>\n<p><\/p>\n<p>En concreto, se necesitan 15 personas para trabajar durante los pr\u00f3ximos meses como carretillero\/a y 75 operarios\/as de alimentaci\u00f3n.<\/p>\n<p>El n\u00famero de personas en paro registradas en Navarra subi\u00f3 en 312 el pasado mes de julio<strong>. De esta manera, <\/strong>el paro se situ\u00f3 en las 28.540 personas, un +1,11% con respecto a junio. No obstante, la situaci\u00f3n de 90 de ellas puede cambiar gracias a nuevas ofertas publicadas este mes en varias empresas ubicadas en la provincia.<\/p>\n<p>En este sentido, <strong>Adecco<\/strong>, la divisi\u00f3n del Grupo Adecco especializada en flexibilidad y talento, publica una nueva oportunidad laboral y busca a 90 personas para trabajar en diferentes empresas de alimentaci\u00f3n ubicadas en la zona de la Rioja Baja y Tudela.<\/p>\n<p>En concreto, se necesitan 15 carretilleros\/as que tendr\u00e1n jornada laboral de lunes a viernes en turnos rotativos ma\u00f1ana, tarde y noche, iniciando la jornada el domingo por la noche y finalizando el viernes por la tarde. Para acceder a estas posiciones se requiere contar con el carnet de carretilla en vigor y tener experiencia de dos a\u00f1os en manejo de carretilla, mientras que se valorar\u00e1 el conocimiento de Paquete Office y habilidades de comunicaci\u00f3n.<\/p>\n<p>Adem\u00e1s, se buscan 75 operarios\/as del sector alimentaci\u00f3n para las cuales se requiere tener la Educaci\u00f3n Secundaria Obligatoria (ESO); habilidad en la elaboraci\u00f3n de productos alimentarios; veh\u00edculo propio en caso de residir fuera de la zona; y disponibilidad para trabajar en horarios rotativos de ma\u00f1ana, tarde y noche. Asimismo, se valorar\u00e1 formaci\u00f3n de grado medio y experiencia en un entorno productivo de alimentaci\u00f3n. A cambio, se ofrece un contrato temporal con posibilidad de incorporaci\u00f3n.<\/p>\n<p>Los\/as interesados\/as pueden registrarse en las ofertas a trav\u00e9s de los siguientes links:\u00a0<a href=\"https:\/\/www.adecco.es\/ofertas-trabajo?k=campanaalimentacion2025\" rel=\"nofollow\">https:\/\/www.adecco.es\/ofertas-trabajo?k=campanaalimentacion2025<\/a><\/p>\n<\/div>\n","protected":false},"featured_media":0,"template":"","meta":{"_acf_changed":false},"acf":[],"yoast_head":"<!-- This site is optimized with the Yoast SEO plugin v22.7 - https:\/\/yoast.com\/wordpress\/plugins\/seo\/ -->\n<title>Adecco busca a 90 personas para trabajar en el sector alimentario en Navarra y La Rioja - Blog Club del Emprendimiento<\/title>\n<meta name=\"robots\" content=\"index, follow, max-snippet:-1, max-image-preview:large, max-video-preview:-1\" \/>\n<link rel=\"canonical\" href=\"https:\/\/www.clubdelemprendimiento.com\/blog\/noticia-corporativa\/adecco-busca-a-90-personas-para-trabajar-en-el-sector-alimentario-en-navarra-y-la-rioja\/\" \/>\n<meta property=\"og:locale\" content=\"es_ES\" \/>\n<meta property=\"og:type\" content=\"article\" \/>\n<meta property=\"og:title\" content=\"Adecco busca a 90 personas para trabajar en el sector alimentario en Navarra y La Rioja - Blog Club del Emprendimiento\" \/>\n<meta property=\"og:description\" content=\"Adecco, la divisi\u00f3n del Grupo Adecco especializada en flexibilidad y talento, busca a 90&hellip;\" \/>\n<meta property=\"og:url\" content=\"https:\/\/www.clubdelemprendimiento.com\/blog\/noticia-corporativa\/adecco-busca-a-90-personas-para-trabajar-en-el-sector-alimentario-en-navarra-y-la-rioja\/\" \/>\n<meta property=\"og:site_name\" content=\"Blog Club del Emprendimiento\" \/>\n<meta name=\"twitter:card\" content=\"summary_large_image\" \/>\n<meta name=\"twitter:label1\" content=\"Tiempo de lectura\" \/>\n\t<meta name=\"twitter:data1\" content=\"2 minutos\" \/>\n<script type=\"application\/ld+json\" class=\"yoast-schema-graph\">{\"@context\":\"https:\/\/schema.org\",\"@graph\":[{\"@type\":\"WebPage\",\"@id\":\"https:\/\/www.clubdelemprendimiento.com\/blog\/noticia-corporativa\/adecco-busca-a-90-personas-para-trabajar-en-el-sector-alimentario-en-navarra-y-la-rioja\/\",\"url\":\"https:\/\/www.clubdelemprendimiento.com\/blog\/noticia-corporativa\/adecco-busca-a-90-personas-para-trabajar-en-el-sector-alimentario-en-navarra-y-la-rioja\/\",\"name\":\"Adecco busca a 90 personas para trabajar en el sector alimentario en Navarra y La Rioja - Blog Club del Emprendimiento\",\"isPartOf\":{\"@id\":\"https:\/\/www.clubdelemprendimiento.com\/blog\/#website\"},\"datePublished\":\"2025-08-12T13:00:06+00:00\",\"dateModified\":\"2025-08-12T13:00:06+00:00\",\"breadcrumb\":{\"@id\":\"https:\/\/www.clubdelemprendimiento.com\/blog\/noticia-corporativa\/adecco-busca-a-90-personas-para-trabajar-en-el-sector-alimentario-en-navarra-y-la-rioja\/#breadcrumb\"},\"inLanguage\":\"es\",\"potentialAction\":[{\"@type\":\"ReadAction\",\"target\":[\"https:\/\/www.clubdelemprendimiento.com\/blog\/noticia-corporativa\/adecco-busca-a-90-personas-para-trabajar-en-el-sector-alimentario-en-navarra-y-la-rioja\/\"]}]},{\"@type\":\"BreadcrumbList\",\"@id\":\"https:\/\/www.clubdelemprendimiento.com\/blog\/noticia-corporativa\/adecco-busca-a-90-personas-para-trabajar-en-el-sector-alimentario-en-navarra-y-la-rioja\/#breadcrumb\",\"itemListElement\":[{\"@type\":\"ListItem\",\"position\":1,\"name\":\"Home\",\"item\":\"https:\/\/www.clubdelemprendimiento.com\/blog\/\"},{\"@type\":\"ListItem\",\"position\":2,\"name\":\"Noticias Corporativas\",\"item\":\"https:\/\/www.clubdelemprendimiento.com\/blog\/noticias-corporativas\/\"},{\"@type\":\"ListItem\",\"position\":3,\"name\":\"Adecco busca a 90 personas para trabajar en el sector alimentario en Navarra y La Rioja\"}]},{\"@type\":\"WebSite\",\"@id\":\"https:\/\/www.clubdelemprendimiento.com\/blog\/#website\",\"url\":\"https:\/\/www.clubdelemprendimiento.com\/blog\/\",\"name\":\"Blog Club del Emprendimiento\",\"description\":\"\",\"potentialAction\":[{\"@type\":\"SearchAction\",\"target\":{\"@type\":\"EntryPoint\",\"urlTemplate\":\"https:\/\/www.clubdelemprendimiento.com\/blog\/?s={search_term_string}\"},\"query-input\":\"required name=search_term_string\"}],\"inLanguage\":\"es\"}]}<\/script>\n<!-- \/ Yoast SEO plugin. -->","yoast_head_json":{"title":"Adecco busca a 90 personas para trabajar en el sector alimentario en Navarra y La Rioja - Blog Club del Emprendimiento","robots":{"index":"index","follow":"follow","max-snippet":"max-snippet:-1","max-image-preview":"max-image-preview:large","max-video-preview":"max-video-preview:-1"},"canonical":"https:\/\/www.clubdelemprendimiento.com\/blog\/noticia-corporativa\/adecco-busca-a-90-personas-para-trabajar-en-el-sector-alimentario-en-navarra-y-la-rioja\/","og_locale":"es_ES","og_type":"article","og_title":"Adecco busca a 90 personas para trabajar en el sector alimentario en Navarra y La Rioja - Blog Club del Emprendimiento","og_description":"Adecco, la divisi\u00f3n del Grupo Adecco especializada en flexibilidad y talento, busca a 90&hellip;","og_url":"https:\/\/www.clubdelemprendimiento.com\/blog\/noticia-corporativa\/adecco-busca-a-90-personas-para-trabajar-en-el-sector-alimentario-en-navarra-y-la-rioja\/","og_site_name":"Blog Club del Emprendimiento","twitter_card":"summary_large_image","twitter_misc":{"Tiempo de lectura":"2 minutos"},"schema":{"@context":"https:\/\/schema.org","@graph":[{"@type":"WebPage","@id":"https:\/\/www.clubdelemprendimiento.com\/blog\/noticia-corporativa\/adecco-busca-a-90-personas-para-trabajar-en-el-sector-alimentario-en-navarra-y-la-rioja\/","url":"https:\/\/www.clubdelemprendimiento.com\/blog\/noticia-corporativa\/adecco-busca-a-90-personas-para-trabajar-en-el-sector-alimentario-en-navarra-y-la-rioja\/","name":"Adecco busca a 90 personas para trabajar en el sector alimentario en Navarra y La Rioja - Blog Club del Emprendimiento","isPartOf":{"@id":"https:\/\/www.clubdelemprendimiento.com\/blog\/#website"},"datePublished":"2025-08-12T13:00:06+00:00","dateModified":"2025-08-12T13:00:06+00:00","breadcrumb":{"@id":"https:\/\/www.clubdelemprendimiento.com\/blog\/noticia-corporativa\/adecco-busca-a-90-personas-para-trabajar-en-el-sector-alimentario-en-navarra-y-la-rioja\/#breadcrumb"},"inLanguage":"es","potentialAction":[{"@type":"ReadAction","target":["https:\/\/www.clubdelemprendimiento.com\/blog\/noticia-corporativa\/adecco-busca-a-90-personas-para-trabajar-en-el-sector-alimentario-en-navarra-y-la-rioja\/"]}]},{"@type":"BreadcrumbList","@id":"https:\/\/www.clubdelemprendimiento.com\/blog\/noticia-corporativa\/adecco-busca-a-90-personas-para-trabajar-en-el-sector-alimentario-en-navarra-y-la-rioja\/#breadcrumb","itemListElement":[{"@type":"ListItem","position":1,"name":"Home","item":"https:\/\/www.clubdelemprendimiento.com\/blog\/"},{"@type":"ListItem","position":2,"name":"Noticias Corporativas","item":"https:\/\/www.clubdelemprendimiento.com\/blog\/noticias-corporativas\/"},{"@type":"ListItem","position":3,"name":"Adecco busca a 90 personas para trabajar en el sector alimentario en Navarra y La Rioja"}]},{"@type":"WebSite","@id":"https:\/\/www.clubdelemprendimiento.com\/blog\/#website","url":"https:\/\/www.clubdelemprendimiento.com\/blog\/","name":"Blog Club del Emprendimiento","description":"","potentialAction":[{"@type":"SearchAction","target":{"@type":"EntryPoint","urlTemplate":"https:\/\/www.clubdelemprendimiento.com\/blog\/?s={search_term_string}"},"query-input":"required name=search_term_string"}],"inLanguage":"es"}]}},"_links":{"self":[{"href":"https:\/\/www.clubdelemprendimiento.com\/blog\/wp-json\/wp\/v2\/noticia-corporativa\/20777"}],"collection":[{"href":"https:\/\/www.clubdelemprendimiento.com\/blog\/wp-json\/wp\/v2\/noticia-corporativa"}],"about":[{"href":"https:\/\/www.clubdelemprendimiento.com\/blog\/wp-json\/wp\/v2\/types\/noticia-corporativa"}],"wp:attachment":[{"href":"https:\/\/www.clubdelemprendimiento.com\/blog\/wp-json\/wp\/v2\/media?parent=20777"}],"curies":[{"name":"wp","href":"https:\/\/api.w.org\/{rel}","templated":true}]}}