{"id":20771,"date":"2025-08-12T10:04:47","date_gmt":"2025-08-12T10:04:47","guid":{"rendered":"https:\/\/www.clubdelemprendimiento.com\/blog\/noticia-corporativa\/ignacio-purcell-mena-impulsa-la-transformacion-del-sector-energetico-desde-black-star-group\/"},"modified":"2025-08-12T10:04:47","modified_gmt":"2025-08-12T10:04:47","slug":"ignacio-purcell-mena-impulsa-la-transformacion-del-sector-energetico-desde-black-star-group","status":"publish","type":"noticia-corporativa","link":"https:\/\/www.clubdelemprendimiento.com\/blog\/noticia-corporativa\/ignacio-purcell-mena-impulsa-la-transformacion-del-sector-energetico-desde-black-star-group\/","title":{"rendered":"Ignacio Purcell Mena impulsa la transformaci\u00f3n del sector energ\u00e9tico desde Black Star Group"},"content":{"rendered":"<div>\n<p><a href=\"https:\/\/www.clubdelemprendimiento.com\/blog\/wp-content\/uploads\/2025\/08\/Behance_1.png\" target=\"_blank\" class=\"fotonota\" rel=\"noopener\"> <img decoding=\"async\" src=\"https:\/\/www.clubdelemprendimiento.com\/blog\/wp-content\/uploads\/2025\/08\/Behance_1.png\" style=\"max-width:600px;\" border=\"0\" class=\"postImage\" alt=\"\"><\/a><\/p>\n<p>El empresario Ignacio Purcell lidera iniciativas tecnol\u00f3gicas y sostenibles que refuerzan la competitividad y eficiencia en la industria global<\/p>\n<p><\/p>\n<p><a href=\"https:\/\/www.ignaciopurcellmena.com\/\" rel=\"nofollow\"><strong>Ignacio Purcell Mena<\/strong><\/a>, <strong>cofundador y CEO<\/strong> de <strong>Black Star Group<\/strong>, contin\u00faa posicion\u00e1ndose como <strong>una figura clave en la modernizaci\u00f3n del sector energ\u00e9tico<\/strong>. Bajo su liderazgo, la compa\u00f1\u00eda ha implementado <strong>proyectos estrat\u00e9gicos<\/strong> que combinan <strong>innovaci\u00f3n tecnol\u00f3gica<\/strong>, <strong>sostenibilidad<\/strong> y <strong>optimizaci\u00f3n de recursos<\/strong> para responder a los retos actuales del mercado global.<\/p>\n<p>En un momento en el que la <strong>transici\u00f3n hacia energ\u00edas m\u00e1s limpias y eficientes<\/strong> se ha convertido en una prioridad mundial, <strong>Black Star Group<\/strong> trabaja en la <strong>actualizaci\u00f3n de sus infraestructuras<\/strong> y en la <strong>integraci\u00f3n de soluciones avanzadas<\/strong> que reduzcan el <strong>impacto ambiental<\/strong> de sus operaciones.<\/p>\n<blockquote>\n<p>\u00abLa industria energ\u00e9tica atraviesa una etapa decisiva en la que la <strong>innovaci\u00f3n<\/strong> y la <strong>sostenibilidad<\/strong> son factores imprescindibles para garantizar el crecimiento a largo plazo\u00bb, afirma <strong>Ignacio Purcell Mena<\/strong>. \u00abEn <strong>Black Star Group<\/strong>, nuestra meta es anticiparnos a las <strong>necesidades del mercado<\/strong> con proyectos s\u00f3lidos y responsables\u00bb.<\/p>\n<\/blockquote>\n<p><strong>Innovaci\u00f3n como motor de cambio<\/strong><br \/>\nLa estrategia de <strong>Black Star Group<\/strong> se centra en el uso de <strong>tecnolog\u00edas de gesti\u00f3n inteligente<\/strong>, <strong>sistemas de control en tiempo real<\/strong> y <strong>herramientas digitales<\/strong> que optimizan la <strong>log\u00edstica y distribuci\u00f3n energ\u00e9tica<\/strong>. Estas soluciones han permitido <strong>mejorar la eficiencia operativa<\/strong> y <strong>fortalecer la seguridad<\/strong> en cada fase de la cadena de suministro.<\/p>\n<p><strong>Compromiso con la sostenibilidad<\/strong><br \/>\nAdem\u00e1s de su enfoque tecnol\u00f3gico, la empresa mantiene un <strong>firme compromiso con la sostenibilidad<\/strong>. <strong>Black Star Group<\/strong> desarrolla <strong>pr\u00e1cticas responsables<\/strong> que promueven el <strong>uso eficiente de los recursos<\/strong> y la <strong>integraci\u00f3n progresiva de energ\u00edas alternativas<\/strong>, aline\u00e1ndose con los <strong>objetivos internacionales de transici\u00f3n energ\u00e9tica<\/strong>.<\/p>\n<p><strong>Proyecci\u00f3n global<\/strong><br \/>\nBajo la direcci\u00f3n de <strong>Ignacio Purcell Mena<\/strong>, la compa\u00f1\u00eda ha <strong>consolidado alianzas estrat\u00e9gicas<\/strong> en <strong>mercados clave<\/strong>, ampliando su presencia y potenciando su <strong>capacidad de respuesta<\/strong> en un entorno altamente competitivo. Su <strong>modelo de gesti\u00f3n<\/strong> combina <strong>visi\u00f3n empresarial<\/strong>, <strong>innovaci\u00f3n<\/strong> y <strong>responsabilidad corporativa<\/strong>, sentando las bases para un <strong>crecimiento s\u00f3lido<\/strong> en el futuro.<\/p>\n<p>Con esta hoja de ruta, <strong>Ignacio Purcell Mena<\/strong> reafirma su <strong>liderazgo en el sector energ\u00e9tico<\/strong>, impulsando una transformaci\u00f3n que une <strong>eficiencia<\/strong>, <strong>sostenibilidad<\/strong> y <strong>desarrollo tecnol\u00f3gico<\/strong> como pilares de la nueva era energ\u00e9tica.<\/p>\n<\/div>\n","protected":false},"featured_media":20772,"template":"","meta":{"_acf_changed":false},"acf":[],"yoast_head":"<!-- This site is optimized with the Yoast SEO plugin v22.7 - https:\/\/yoast.com\/wordpress\/plugins\/seo\/ -->\n<title>Ignacio Purcell Mena impulsa la transformaci\u00f3n del sector energ\u00e9tico desde Black Star Group - Blog Club del Emprendimiento<\/title>\n<meta name=\"robots\" content=\"index, follow, max-snippet:-1, max-image-preview:large, max-video-preview:-1\" \/>\n<link rel=\"canonical\" href=\"https:\/\/www.clubdelemprendimiento.com\/blog\/noticia-corporativa\/ignacio-purcell-mena-impulsa-la-transformacion-del-sector-energetico-desde-black-star-group\/\" \/>\n<meta property=\"og:locale\" content=\"es_ES\" \/>\n<meta property=\"og:type\" content=\"article\" \/>\n<meta property=\"og:title\" content=\"Ignacio Purcell Mena impulsa la transformaci\u00f3n del sector energ\u00e9tico desde Black Star Group - Blog Club del Emprendimiento\" \/>\n<meta property=\"og:description\" content=\"El empresario Ignacio Purcell lidera iniciativas tecnol\u00f3gicas y sostenibles que refuerzan la competitividad y&hellip;\" \/>\n<meta property=\"og:url\" content=\"https:\/\/www.clubdelemprendimiento.com\/blog\/noticia-corporativa\/ignacio-purcell-mena-impulsa-la-transformacion-del-sector-energetico-desde-black-star-group\/\" \/>\n<meta property=\"og:site_name\" content=\"Blog Club del Emprendimiento\" \/>\n<meta property=\"og:image\" content=\"https:\/\/www.clubdelemprendimiento.com\/blog\/wp-content\/uploads\/2025\/08\/Behance_1.png\" \/>\n<meta name=\"twitter:card\" content=\"summary_large_image\" \/>\n<meta name=\"twitter:label1\" content=\"Tiempo de lectura\" \/>\n\t<meta name=\"twitter:data1\" content=\"2 minutos\" \/>\n<script type=\"application\/ld+json\" class=\"yoast-schema-graph\">{\"@context\":\"https:\/\/schema.org\",\"@graph\":[{\"@type\":\"WebPage\",\"@id\":\"https:\/\/www.clubdelemprendimiento.com\/blog\/noticia-corporativa\/ignacio-purcell-mena-impulsa-la-transformacion-del-sector-energetico-desde-black-star-group\/\",\"url\":\"https:\/\/www.clubdelemprendimiento.com\/blog\/noticia-corporativa\/ignacio-purcell-mena-impulsa-la-transformacion-del-sector-energetico-desde-black-star-group\/\",\"name\":\"Ignacio Purcell Mena impulsa la transformaci\u00f3n del sector energ\u00e9tico desde Black Star Group - Blog Club del Emprendimiento\",\"isPartOf\":{\"@id\":\"https:\/\/www.clubdelemprendimiento.com\/blog\/#website\"},\"primaryImageOfPage\":{\"@id\":\"https:\/\/www.clubdelemprendimiento.com\/blog\/noticia-corporativa\/ignacio-purcell-mena-impulsa-la-transformacion-del-sector-energetico-desde-black-star-group\/#primaryimage\"},\"image\":{\"@id\":\"https:\/\/www.clubdelemprendimiento.com\/blog\/noticia-corporativa\/ignacio-purcell-mena-impulsa-la-transformacion-del-sector-energetico-desde-black-star-group\/#primaryimage\"},\"thumbnailUrl\":\"https:\/\/www.clubdelemprendimiento.com\/blog\/wp-content\/uploads\/2025\/08\/Behance_1.png\",\"datePublished\":\"2025-08-12T10:04:47+00:00\",\"dateModified\":\"2025-08-12T10:04:47+00:00\",\"breadcrumb\":{\"@id\":\"https:\/\/www.clubdelemprendimiento.com\/blog\/noticia-corporativa\/ignacio-purcell-mena-impulsa-la-transformacion-del-sector-energetico-desde-black-star-group\/#breadcrumb\"},\"inLanguage\":\"es\",\"potentialAction\":[{\"@type\":\"ReadAction\",\"target\":[\"https:\/\/www.clubdelemprendimiento.com\/blog\/noticia-corporativa\/ignacio-purcell-mena-impulsa-la-transformacion-del-sector-energetico-desde-black-star-group\/\"]}]},{\"@type\":\"ImageObject\",\"inLanguage\":\"es\",\"@id\":\"https:\/\/www.clubdelemprendimiento.com\/blog\/noticia-corporativa\/ignacio-purcell-mena-impulsa-la-transformacion-del-sector-energetico-desde-black-star-group\/#primaryimage\",\"url\":\"https:\/\/www.clubdelemprendimiento.com\/blog\/wp-content\/uploads\/2025\/08\/Behance_1.png\",\"contentUrl\":\"https:\/\/www.clubdelemprendimiento.com\/blog\/wp-content\/uploads\/2025\/08\/Behance_1.png\",\"width\":808,\"height\":632},{\"@type\":\"BreadcrumbList\",\"@id\":\"https:\/\/www.clubdelemprendimiento.com\/blog\/noticia-corporativa\/ignacio-purcell-mena-impulsa-la-transformacion-del-sector-energetico-desde-black-star-group\/#breadcrumb\",\"itemListElement\":[{\"@type\":\"ListItem\",\"position\":1,\"name\":\"Home\",\"item\":\"https:\/\/www.clubdelemprendimiento.com\/blog\/\"},{\"@type\":\"ListItem\",\"position\":2,\"name\":\"Noticias Corporativas\",\"item\":\"https:\/\/www.clubdelemprendimiento.com\/blog\/noticias-corporativas\/\"},{\"@type\":\"ListItem\",\"position\":3,\"name\":\"Ignacio Purcell Mena impulsa la transformaci\u00f3n del sector energ\u00e9tico desde Black Star Group\"}]},{\"@type\":\"WebSite\",\"@id\":\"https:\/\/www.clubdelemprendimiento.com\/blog\/#website\",\"url\":\"https:\/\/www.clubdelemprendimiento.com\/blog\/\",\"name\":\"Blog Club del Emprendimiento\",\"description\":\"\",\"potentialAction\":[{\"@type\":\"SearchAction\",\"target\":{\"@type\":\"EntryPoint\",\"urlTemplate\":\"https:\/\/www.clubdelemprendimiento.com\/blog\/?s={search_term_string}\"},\"query-input\":\"required name=search_term_string\"}],\"inLanguage\":\"es\"}]}<\/script>\n<!-- \/ Yoast SEO plugin. -->","yoast_head_json":{"title":"Ignacio Purcell Mena impulsa la transformaci\u00f3n del sector energ\u00e9tico desde Black Star Group - Blog Club del Emprendimiento","robots":{"index":"index","follow":"follow","max-snippet":"max-snippet:-1","max-image-preview":"max-image-preview:large","max-video-preview":"max-video-preview:-1"},"canonical":"https:\/\/www.clubdelemprendimiento.com\/blog\/noticia-corporativa\/ignacio-purcell-mena-impulsa-la-transformacion-del-sector-energetico-desde-black-star-group\/","og_locale":"es_ES","og_type":"article","og_title":"Ignacio Purcell Mena impulsa la transformaci\u00f3n del sector energ\u00e9tico desde Black Star Group - Blog Club del Emprendimiento","og_description":"El empresario Ignacio Purcell lidera iniciativas tecnol\u00f3gicas y sostenibles que refuerzan la competitividad y&hellip;","og_url":"https:\/\/www.clubdelemprendimiento.com\/blog\/noticia-corporativa\/ignacio-purcell-mena-impulsa-la-transformacion-del-sector-energetico-desde-black-star-group\/","og_site_name":"Blog Club del Emprendimiento","og_image":[{"url":"https:\/\/www.clubdelemprendimiento.com\/blog\/wp-content\/uploads\/2025\/08\/Behance_1.png"}],"twitter_card":"summary_large_image","twitter_misc":{"Tiempo de lectura":"2 minutos"},"schema":{"@context":"https:\/\/schema.org","@graph":[{"@type":"WebPage","@id":"https:\/\/www.clubdelemprendimiento.com\/blog\/noticia-corporativa\/ignacio-purcell-mena-impulsa-la-transformacion-del-sector-energetico-desde-black-star-group\/","url":"https:\/\/www.clubdelemprendimiento.com\/blog\/noticia-corporativa\/ignacio-purcell-mena-impulsa-la-transformacion-del-sector-energetico-desde-black-star-group\/","name":"Ignacio Purcell Mena impulsa la transformaci\u00f3n del sector energ\u00e9tico desde Black Star Group - Blog Club del Emprendimiento","isPartOf":{"@id":"https:\/\/www.clubdelemprendimiento.com\/blog\/#website"},"primaryImageOfPage":{"@id":"https:\/\/www.clubdelemprendimiento.com\/blog\/noticia-corporativa\/ignacio-purcell-mena-impulsa-la-transformacion-del-sector-energetico-desde-black-star-group\/#primaryimage"},"image":{"@id":"https:\/\/www.clubdelemprendimiento.com\/blog\/noticia-corporativa\/ignacio-purcell-mena-impulsa-la-transformacion-del-sector-energetico-desde-black-star-group\/#primaryimage"},"thumbnailUrl":"https:\/\/www.clubdelemprendimiento.com\/blog\/wp-content\/uploads\/2025\/08\/Behance_1.png","datePublished":"2025-08-12T10:04:47+00:00","dateModified":"2025-08-12T10:04:47+00:00","breadcrumb":{"@id":"https:\/\/www.clubdelemprendimiento.com\/blog\/noticia-corporativa\/ignacio-purcell-mena-impulsa-la-transformacion-del-sector-energetico-desde-black-star-group\/#breadcrumb"},"inLanguage":"es","potentialAction":[{"@type":"ReadAction","target":["https:\/\/www.clubdelemprendimiento.com\/blog\/noticia-corporativa\/ignacio-purcell-mena-impulsa-la-transformacion-del-sector-energetico-desde-black-star-group\/"]}]},{"@type":"ImageObject","inLanguage":"es","@id":"https:\/\/www.clubdelemprendimiento.com\/blog\/noticia-corporativa\/ignacio-purcell-mena-impulsa-la-transformacion-del-sector-energetico-desde-black-star-group\/#primaryimage","url":"https:\/\/www.clubdelemprendimiento.com\/blog\/wp-content\/uploads\/2025\/08\/Behance_1.png","contentUrl":"https:\/\/www.clubdelemprendimiento.com\/blog\/wp-content\/uploads\/2025\/08\/Behance_1.png","width":808,"height":632},{"@type":"BreadcrumbList","@id":"https:\/\/www.clubdelemprendimiento.com\/blog\/noticia-corporativa\/ignacio-purcell-mena-impulsa-la-transformacion-del-sector-energetico-desde-black-star-group\/#breadcrumb","itemListElement":[{"@type":"ListItem","position":1,"name":"Home","item":"https:\/\/www.clubdelemprendimiento.com\/blog\/"},{"@type":"ListItem","position":2,"name":"Noticias Corporativas","item":"https:\/\/www.clubdelemprendimiento.com\/blog\/noticias-corporativas\/"},{"@type":"ListItem","position":3,"name":"Ignacio Purcell Mena impulsa la transformaci\u00f3n del sector energ\u00e9tico desde Black Star Group"}]},{"@type":"WebSite","@id":"https:\/\/www.clubdelemprendimiento.com\/blog\/#website","url":"https:\/\/www.clubdelemprendimiento.com\/blog\/","name":"Blog Club del Emprendimiento","description":"","potentialAction":[{"@type":"SearchAction","target":{"@type":"EntryPoint","urlTemplate":"https:\/\/www.clubdelemprendimiento.com\/blog\/?s={search_term_string}"},"query-input":"required name=search_term_string"}],"inLanguage":"es"}]}},"_links":{"self":[{"href":"https:\/\/www.clubdelemprendimiento.com\/blog\/wp-json\/wp\/v2\/noticia-corporativa\/20771"}],"collection":[{"href":"https:\/\/www.clubdelemprendimiento.com\/blog\/wp-json\/wp\/v2\/noticia-corporativa"}],"about":[{"href":"https:\/\/www.clubdelemprendimiento.com\/blog\/wp-json\/wp\/v2\/types\/noticia-corporativa"}],"wp:featuredmedia":[{"embeddable":true,"href":"https:\/\/www.clubdelemprendimiento.com\/blog\/wp-json\/wp\/v2\/media\/20772"}],"wp:attachment":[{"href":"https:\/\/www.clubdelemprendimiento.com\/blog\/wp-json\/wp\/v2\/media?parent=20771"}],"curies":[{"name":"wp","href":"https:\/\/api.w.org\/{rel}","templated":true}]}}