{"id":20761,"date":"2025-08-11T15:05:19","date_gmt":"2025-08-11T15:05:19","guid":{"rendered":"https:\/\/www.clubdelemprendimiento.com\/blog\/noticia-corporativa\/kayak-los-espanoles-apuestan-por-los-viajes-nacionales-durante-la-segunda-quincena-del-mes\/"},"modified":"2025-08-11T15:05:19","modified_gmt":"2025-08-11T15:05:19","slug":"kayak-los-espanoles-apuestan-por-los-viajes-nacionales-durante-la-segunda-quincena-del-mes","status":"publish","type":"noticia-corporativa","link":"https:\/\/www.clubdelemprendimiento.com\/blog\/noticia-corporativa\/kayak-los-espanoles-apuestan-por-los-viajes-nacionales-durante-la-segunda-quincena-del-mes\/","title":{"rendered":"KAYAK: Los espa\u00f1oles apuestan por los viajes nacionales durante la segunda quincena del mes"},"content":{"rendered":"<div>\n<p><a href=\"https:\/\/www.clubdelemprendimiento.com\/blog\/wp-content\/uploads\/2025\/08\/DEST_SPAIN_SANTANDER_shutterstock-portfolio_520052173_Universal_Within_usage_period_78381.jpg\" target=\"_blank\" class=\"fotonota\" rel=\"noopener\"> <img decoding=\"async\" src=\"https:\/\/www.clubdelemprendimiento.com\/blog\/wp-content\/uploads\/2025\/08\/DEST_SPAIN_SANTANDER_shutterstock-portfolio_520052173_Universal_Within_usage_period_78381.jpg\" style=\"max-width:600px;\" border=\"0\" class=\"postImage\" alt=\"\"><\/a><\/p>\n<p>Las b\u00fasquedas de hoteles de los espa\u00f1oles en el pa\u00eds han aumentado un 3% en comparaci\u00f3n con el a\u00f1o pasado, confirmando el inter\u00e9s por las escapadas locales en la segunda mitad de agosto<\/p>\n<p><\/p>\n<p>Agosto no solo es considerado por los espa\u00f1oles como el mes de excelencia del verano, sino que tambi\u00e9n marca dos de los mayores \u00e9xodos vacacionales de la temporada. Grandes ciudades como Madrid se vac\u00edan al ver c\u00f3mo las personas hacen las maletas, con un incremento en los viajes a retiros costeros y escapadas a islas por todo el pa\u00eds.<\/p>\n<p>Con el 15 de agosto marcando la segunda gran \u00abOperaci\u00f3n Salida\u00bb del mes, <a href=\"https:\/\/www.kayak.es\/\" rel=\"nofollow\"><strong>KAYAK<\/strong><\/a>, el motor de b\u00fasqueda de viajes l\u00edder en el mundo, <strong>revela qu\u00e9 pueden esperar los espa\u00f1oles en cuanto a precios de vuelos y hoteles<\/strong> para la segunda quincena de agosto, <strong>cu\u00e1les son sus destinos m\u00e1s buscados<\/strong> y aquellos que muestran <strong>las mayores bajadas de precio<\/strong>.<\/p>\n<p><strong>Natalia D\u00edez-Rivas, Directora Comercial de KAYAK para Europa<\/strong>, a\u00f1ade: \u00abCon un inter\u00e9s por los viajes nacionales en auge, est\u00e1 claro que los viajeros est\u00e1n abrazando el encanto y la comodidad de las escapadas locales. Aunque los mayores ahorros para la segunda quincena del mes se encuentran actualmente en destinos internacionales, seg\u00fan los precios promedio de vuelos y hoteles, las \u00faltimas semanas de agosto presentan una gran oportunidad para que los espa\u00f1oles exploren tanto destinos familiares como nuevos dentro de su propio pa\u00eds\u00bb.<\/p>\n<p><strong>Manteni\u00e9ndolo tranquilo y local<\/strong><br \/>\nMientras que las b\u00fasquedas de vuelos realizadas por los espa\u00f1oles para esta segunda mitad de agosto, tanto a nivel nacional como internacional, se mantienen estables en comparaci\u00f3n con el mismo per\u00edodo del a\u00f1o pasado, las b\u00fasquedas de hoteles registran una tendencia distinta. Los datos de KAYAK revelan un<strong> crecimiento del 3% en las b\u00fasquedas de hoteles en Espa\u00f1a,<\/strong> <strong>lo que<\/strong> <strong>sugiere un mayor inter\u00e9s de los espa\u00f1oles por opciones locales durante esta quincena.<\/strong><\/p>\n<p><strong>Qu\u00e9 precios se pueden esperar y los destinos m\u00e1s populares<br \/>\nEn t\u00e9rminos de<\/strong> <strong>vuelos, los precios se mantienen estables en comparaci\u00f3n con el a\u00f1o pasado,<\/strong> con vuelos nacionales e internacionales rondando los 165 \u20ac y 260 \u20ac de media, respectivamente.<\/p>\n<p>En cuanto a destinos, <strong>tres<\/strong><strong>\u00a0ciudades espa\u00f1olas se encuentran en el top 5 de destinos m\u00e1s populares<\/strong> seg\u00fan las b\u00fasquedas de vuelos realizadas por los espa\u00f1oles. <strong>Palma de Mallorca encabeza la lista, con un aumento del 11% en comparaci\u00f3n con 2024<\/strong>. Seg\u00fan este ranking, las islas (Baleares y Canarias) contin\u00faan captando el inter\u00e9s de los espa\u00f1oles para sus escapadas, con Mallorca e Ibiza ofreciendo vuelos por menos de 100 \u20ac de media.<\/p>\n<p>1.\u00a0Palma de Mallorca, Espa\u00f1a<\/p>\n<ul>\n<li>Precio medio del vuelo de ida y vuelta en clase econ\u00f3mica en la segunda mitad de agosto de 2025: 99 \u20ac<\/li>\n<li>% cambio en las b\u00fasquedas de vuelos en 2025 vs 2024: +11%\u00a0<\/li>\n<\/ul>\n<p>2. Santa Cruz de Tenerife, Espa\u00f1a<\/p>\n<ul>\n<li>Precio medio del vuelo de ida y vuelta en clase econ\u00f3mica en la segunda mitad de agosto de 2025: 249\u00a0\u20ac<\/li>\n<li>% cambio en las b\u00fasquedas de vuelos en 2025 vs 2024: -2%\u00a0<\/li>\n<\/ul>\n<p>3. Londres, Reino Unido<\/p>\n<ul>\n<li>Precio medio del vuelo de ida y vuelta en clase econ\u00f3mica en la segunda mitad de agosto de 2025: 171\u00a0\u20ac<\/li>\n<li>% cambio en las b\u00fasquedas de vuelos en 2025 vs 2024: -12%\u00a0<\/li>\n<\/ul>\n<p>4. Las Palmas de Gran Canaria, Espa\u00f1a<\/p>\n<ul>\n<li>Precio medio del vuelo de ida y vuelta en clase econ\u00f3mica en la segunda mitad de agosto de 2025: 214\u00a0\u20ac<\/li>\n<li>% cambio en las b\u00fasquedas de vuelos en 2025 vs 2024: 0%\u00a0<\/li>\n<\/ul>\n<p>5. Roma, Italia<\/p>\n<ul>\n<li>Precio medio del vuelo de ida y vuelta en clase econ\u00f3mica en la segunda mitad de agosto de 2025: 152\u00a0\u20ac<\/li>\n<li>% cambio en las b\u00fasquedas de vuelos en 2025 vs 2024: +8%\u00a0<\/li>\n<\/ul>\n<p>En cuanto a <strong>hoteles<\/strong>, los espa\u00f1oles que decidan viajar en la segunda mitad de agosto pueden esperar un ligero aumento en los precios por noche. En concreto, un <strong>aumento promedio del 6% en<\/strong> <strong>destinos internacionales<\/strong> (133 \u20ac por noche) y un <strong>8% en destinos dentro de Espa\u00f1a<\/strong> (155 \u20ac por noche) en comparaci\u00f3n con el mismo per\u00edodo del a\u00f1o pasado. Sin embargo, este leve incremento en los precios promedio de hoteles no parece afectar la preferencia de viajeros espa\u00f1oles por quedarse en Espa\u00f1a, ya que <strong>las b\u00fasquedas de hoteles dentro del pa\u00eds muestran un crecimiento del 3% respecto al a\u00f1o pasado.<\/strong><\/p>\n<p><strong>Palma de Mallorca <\/strong>vuelve a liderar el ranking de los destinos con m\u00e1s b\u00fasquedas de hoteles, con joyas como Benidorm y Logro\u00f1o, completando el Top 5 de la lista de deseos de los espa\u00f1oles para este agosto, incluso con un aumento en los precios promedio en comparaci\u00f3n con 2024. Los viajeros con presupuesto ajustado que prioricen la calma y descubrir ciudades evitando las multitudes pueden encontrar alojamiento en Madrid y Logro\u00f1o por alrededor de 100 \u20ac por noche de media.<\/p>\n<p>1.\u00a0Palma de Mallorca<\/p>\n<ul>\n<li>Precio medio por noche de hotel en la segunda quincena de agosto 2025:\u00a0186 \u20ac<\/li>\n<li>% cambio en las b\u00fasquedas de hoteles\u00a0 en 2025 vs 2024:\u00a0+9%<\/li>\n<\/ul>\n<p>2.\u00a0Madrid<\/p>\n<ul>\n<li>Precio medio por noche de hotel en la segunda quincena de agosto 2025:\u00a0102\u00a0\u20ac<\/li>\n<li>% cambio en las b\u00fasquedas de hoteles\u00a0 en 2025 vs 2024:\u00a0+10%<\/li>\n<\/ul>\n<p>3.\u00a0Benidorm<\/p>\n<ul>\n<li>Precio medio por noche de hotel en la segunda quincena de agosto 2025:\u00a0172\u00a0\u20ac<\/li>\n<li>% cambio en las b\u00fasquedas de hoteles\u00a0 en 2025 vs 2024: -4%<\/li>\n<\/ul>\n<p>4.\u00a0Logro\u00f1o<\/p>\n<ul>\n<li>Precio medio por noche de hotel en la segunda quincena de agosto 2025: 89\u00a0\u20ac<\/li>\n<li>% cambio en las b\u00fasquedas de hoteles\u00a0 en 2025 vs 2024: +11%<\/li>\n<\/ul>\n<p>5.\u00a0M\u00e1laga<\/p>\n<ul>\n<li>Precio medio por noche de hotel en la segunda quincena de agosto 2025: 160\u00a0\u20ac<\/li>\n<li>% cambio en las b\u00fasquedas de hoteles\u00a0 en 2025 vs 2024: 0%<\/li>\n<\/ul>\n<p><strong>Consejos de KAYAK: los destinos con las mayores bajadas de precio<\/strong><\/p>\n<p>Con carteles anunciando rebajas de verano por las calles, para los viajeros que priorizan su presupuesto y buscan un ahorro extra, <strong>KAYAK revela los destinos con el mayor potencial de ahorro en vuelos<\/strong>. Para la segunda quincena de agosto, KAYAK ha detectado <strong>descensos del 18% al 21% los precios promedio de vuelos, la mayor\u00eda en destinos internacionales. Un destino espa\u00f1ol, Santander, <\/strong>en Cantabria,<strong> <\/strong>destaca en tercer lugar con una disminuci\u00f3n del 19%.<\/p>\n<p>1.\u00a0Funchal, Portugal\u00a0<\/p>\n<ul>\n<li>Precio medio de vuelo de ida y vuelta en clase econ\u00f3mica en la segunda mitad de agosto 2025:\u00a0378 \u20ac<\/li>\n<li>Ca\u00edda en % en el precio medio del vuelo en 2025 vs 2024:\u00a0-21%<\/li>\n<\/ul>\n<p>2.\u00a0Bangkok, Tailandia<\/p>\n<ul>\n<li>Precio medio de vuelo de ida y vuelta en clase econ\u00f3mica en la segunda mitad de agosto 2025: 910\u00a0\u20ac<\/li>\n<li>Ca\u00edda en % en el precio medio del vuelo en 2025 vs 2024:\u00a0-21%<\/li>\n<\/ul>\n<p>3.\u00a0Santander, Espa\u00f1a<\/p>\n<ul>\n<li>Precio medio de vuelo de ida y vuelta en clase econ\u00f3mica en la segunda mitad de agosto 2025: 126 \u20ac<\/li>\n<li>Ca\u00edda en % en el precio medio del vuelo en 2025 vs 2024:\u00a0-19%<\/li>\n<\/ul>\n<p>4. Kuala Lumpur, Malasia<\/p>\n<ul>\n<li>Precio medio de vuelo de ida y vuelta en clase econ\u00f3mica en la segunda mitad de agosto 2025: 900\u00a0\u20ac<\/li>\n<li>Ca\u00edda en % en el precio medio del vuelo en 2025 vs 2024:\u00a0-19%<\/li>\n<\/ul>\n<p>5. Venecia, Italia<\/p>\n<ul>\n<li>Precio medio de vuelo de ida y vuelta en clase econ\u00f3mica en la segunda mitad de agosto 2025: 150\u00a0\u20ac<\/li>\n<li>Ca\u00edda en % en el precio medio del vuelo en 2025 vs 2024:\u00a0-18%<\/li>\n<\/ul>\n<\/div>\n","protected":false},"featured_media":20762,"template":"","meta":{"_acf_changed":false},"acf":[],"yoast_head":"<!-- This site is optimized with the Yoast SEO plugin v22.7 - https:\/\/yoast.com\/wordpress\/plugins\/seo\/ -->\n<title>KAYAK: Los espa\u00f1oles apuestan por los viajes nacionales durante la segunda quincena del mes - Blog Club del Emprendimiento<\/title>\n<meta name=\"robots\" content=\"index, follow, max-snippet:-1, max-image-preview:large, max-video-preview:-1\" \/>\n<link rel=\"canonical\" href=\"https:\/\/www.clubdelemprendimiento.com\/blog\/noticia-corporativa\/kayak-los-espanoles-apuestan-por-los-viajes-nacionales-durante-la-segunda-quincena-del-mes\/\" \/>\n<meta property=\"og:locale\" content=\"es_ES\" \/>\n<meta property=\"og:type\" content=\"article\" \/>\n<meta property=\"og:title\" content=\"KAYAK: Los espa\u00f1oles apuestan por los viajes nacionales durante la segunda quincena del mes - Blog Club del Emprendimiento\" \/>\n<meta property=\"og:description\" content=\"Las b\u00fasquedas de hoteles de los espa\u00f1oles en el pa\u00eds han aumentado un 3%&hellip;\" \/>\n<meta property=\"og:url\" content=\"https:\/\/www.clubdelemprendimiento.com\/blog\/noticia-corporativa\/kayak-los-espanoles-apuestan-por-los-viajes-nacionales-durante-la-segunda-quincena-del-mes\/\" \/>\n<meta property=\"og:site_name\" content=\"Blog Club del Emprendimiento\" \/>\n<meta property=\"og:image\" content=\"https:\/\/www.clubdelemprendimiento.com\/blog\/wp-content\/uploads\/2025\/08\/DEST_SPAIN_SANTANDER_shutterstock-portfolio_520052173_Universal_Within_usage_period_78381.jpg\" \/>\n<meta name=\"twitter:card\" content=\"summary_large_image\" \/>\n<meta name=\"twitter:label1\" content=\"Tiempo de lectura\" \/>\n\t<meta name=\"twitter:data1\" content=\"6 minutos\" \/>\n<script type=\"application\/ld+json\" class=\"yoast-schema-graph\">{\"@context\":\"https:\/\/schema.org\",\"@graph\":[{\"@type\":\"WebPage\",\"@id\":\"https:\/\/www.clubdelemprendimiento.com\/blog\/noticia-corporativa\/kayak-los-espanoles-apuestan-por-los-viajes-nacionales-durante-la-segunda-quincena-del-mes\/\",\"url\":\"https:\/\/www.clubdelemprendimiento.com\/blog\/noticia-corporativa\/kayak-los-espanoles-apuestan-por-los-viajes-nacionales-durante-la-segunda-quincena-del-mes\/\",\"name\":\"KAYAK: Los espa\u00f1oles apuestan por los viajes nacionales durante la segunda quincena del mes - Blog Club del Emprendimiento\",\"isPartOf\":{\"@id\":\"https:\/\/www.clubdelemprendimiento.com\/blog\/#website\"},\"primaryImageOfPage\":{\"@id\":\"https:\/\/www.clubdelemprendimiento.com\/blog\/noticia-corporativa\/kayak-los-espanoles-apuestan-por-los-viajes-nacionales-durante-la-segunda-quincena-del-mes\/#primaryimage\"},\"image\":{\"@id\":\"https:\/\/www.clubdelemprendimiento.com\/blog\/noticia-corporativa\/kayak-los-espanoles-apuestan-por-los-viajes-nacionales-durante-la-segunda-quincena-del-mes\/#primaryimage\"},\"thumbnailUrl\":\"https:\/\/www.clubdelemprendimiento.com\/blog\/wp-content\/uploads\/2025\/08\/DEST_SPAIN_SANTANDER_shutterstock-portfolio_520052173_Universal_Within_usage_period_78381.jpg\",\"datePublished\":\"2025-08-11T15:05:19+00:00\",\"dateModified\":\"2025-08-11T15:05:19+00:00\",\"breadcrumb\":{\"@id\":\"https:\/\/www.clubdelemprendimiento.com\/blog\/noticia-corporativa\/kayak-los-espanoles-apuestan-por-los-viajes-nacionales-durante-la-segunda-quincena-del-mes\/#breadcrumb\"},\"inLanguage\":\"es\",\"potentialAction\":[{\"@type\":\"ReadAction\",\"target\":[\"https:\/\/www.clubdelemprendimiento.com\/blog\/noticia-corporativa\/kayak-los-espanoles-apuestan-por-los-viajes-nacionales-durante-la-segunda-quincena-del-mes\/\"]}]},{\"@type\":\"ImageObject\",\"inLanguage\":\"es\",\"@id\":\"https:\/\/www.clubdelemprendimiento.com\/blog\/noticia-corporativa\/kayak-los-espanoles-apuestan-por-los-viajes-nacionales-durante-la-segunda-quincena-del-mes\/#primaryimage\",\"url\":\"https:\/\/www.clubdelemprendimiento.com\/blog\/wp-content\/uploads\/2025\/08\/DEST_SPAIN_SANTANDER_shutterstock-portfolio_520052173_Universal_Within_usage_period_78381.jpg\",\"contentUrl\":\"https:\/\/www.clubdelemprendimiento.com\/blog\/wp-content\/uploads\/2025\/08\/DEST_SPAIN_SANTANDER_shutterstock-portfolio_520052173_Universal_Within_usage_period_78381.jpg\",\"width\":1200,\"height\":800},{\"@type\":\"BreadcrumbList\",\"@id\":\"https:\/\/www.clubdelemprendimiento.com\/blog\/noticia-corporativa\/kayak-los-espanoles-apuestan-por-los-viajes-nacionales-durante-la-segunda-quincena-del-mes\/#breadcrumb\",\"itemListElement\":[{\"@type\":\"ListItem\",\"position\":1,\"name\":\"Home\",\"item\":\"https:\/\/www.clubdelemprendimiento.com\/blog\/\"},{\"@type\":\"ListItem\",\"position\":2,\"name\":\"Noticias Corporativas\",\"item\":\"https:\/\/www.clubdelemprendimiento.com\/blog\/noticias-corporativas\/\"},{\"@type\":\"ListItem\",\"position\":3,\"name\":\"KAYAK: Los espa\u00f1oles apuestan por los viajes nacionales durante la segunda quincena del mes\"}]},{\"@type\":\"WebSite\",\"@id\":\"https:\/\/www.clubdelemprendimiento.com\/blog\/#website\",\"url\":\"https:\/\/www.clubdelemprendimiento.com\/blog\/\",\"name\":\"Blog Club del Emprendimiento\",\"description\":\"\",\"potentialAction\":[{\"@type\":\"SearchAction\",\"target\":{\"@type\":\"EntryPoint\",\"urlTemplate\":\"https:\/\/www.clubdelemprendimiento.com\/blog\/?s={search_term_string}\"},\"query-input\":\"required name=search_term_string\"}],\"inLanguage\":\"es\"}]}<\/script>\n<!-- \/ Yoast SEO plugin. -->","yoast_head_json":{"title":"KAYAK: Los espa\u00f1oles apuestan por los viajes nacionales durante la segunda quincena del mes - Blog Club del Emprendimiento","robots":{"index":"index","follow":"follow","max-snippet":"max-snippet:-1","max-image-preview":"max-image-preview:large","max-video-preview":"max-video-preview:-1"},"canonical":"https:\/\/www.clubdelemprendimiento.com\/blog\/noticia-corporativa\/kayak-los-espanoles-apuestan-por-los-viajes-nacionales-durante-la-segunda-quincena-del-mes\/","og_locale":"es_ES","og_type":"article","og_title":"KAYAK: Los espa\u00f1oles apuestan por los viajes nacionales durante la segunda quincena del mes - Blog Club del Emprendimiento","og_description":"Las b\u00fasquedas de hoteles de los espa\u00f1oles en el pa\u00eds han aumentado un 3%&hellip;","og_url":"https:\/\/www.clubdelemprendimiento.com\/blog\/noticia-corporativa\/kayak-los-espanoles-apuestan-por-los-viajes-nacionales-durante-la-segunda-quincena-del-mes\/","og_site_name":"Blog Club del Emprendimiento","og_image":[{"url":"https:\/\/www.clubdelemprendimiento.com\/blog\/wp-content\/uploads\/2025\/08\/DEST_SPAIN_SANTANDER_shutterstock-portfolio_520052173_Universal_Within_usage_period_78381.jpg"}],"twitter_card":"summary_large_image","twitter_misc":{"Tiempo de lectura":"6 minutos"},"schema":{"@context":"https:\/\/schema.org","@graph":[{"@type":"WebPage","@id":"https:\/\/www.clubdelemprendimiento.com\/blog\/noticia-corporativa\/kayak-los-espanoles-apuestan-por-los-viajes-nacionales-durante-la-segunda-quincena-del-mes\/","url":"https:\/\/www.clubdelemprendimiento.com\/blog\/noticia-corporativa\/kayak-los-espanoles-apuestan-por-los-viajes-nacionales-durante-la-segunda-quincena-del-mes\/","name":"KAYAK: Los espa\u00f1oles apuestan por los viajes nacionales durante la segunda quincena del mes - Blog Club del Emprendimiento","isPartOf":{"@id":"https:\/\/www.clubdelemprendimiento.com\/blog\/#website"},"primaryImageOfPage":{"@id":"https:\/\/www.clubdelemprendimiento.com\/blog\/noticia-corporativa\/kayak-los-espanoles-apuestan-por-los-viajes-nacionales-durante-la-segunda-quincena-del-mes\/#primaryimage"},"image":{"@id":"https:\/\/www.clubdelemprendimiento.com\/blog\/noticia-corporativa\/kayak-los-espanoles-apuestan-por-los-viajes-nacionales-durante-la-segunda-quincena-del-mes\/#primaryimage"},"thumbnailUrl":"https:\/\/www.clubdelemprendimiento.com\/blog\/wp-content\/uploads\/2025\/08\/DEST_SPAIN_SANTANDER_shutterstock-portfolio_520052173_Universal_Within_usage_period_78381.jpg","datePublished":"2025-08-11T15:05:19+00:00","dateModified":"2025-08-11T15:05:19+00:00","breadcrumb":{"@id":"https:\/\/www.clubdelemprendimiento.com\/blog\/noticia-corporativa\/kayak-los-espanoles-apuestan-por-los-viajes-nacionales-durante-la-segunda-quincena-del-mes\/#breadcrumb"},"inLanguage":"es","potentialAction":[{"@type":"ReadAction","target":["https:\/\/www.clubdelemprendimiento.com\/blog\/noticia-corporativa\/kayak-los-espanoles-apuestan-por-los-viajes-nacionales-durante-la-segunda-quincena-del-mes\/"]}]},{"@type":"ImageObject","inLanguage":"es","@id":"https:\/\/www.clubdelemprendimiento.com\/blog\/noticia-corporativa\/kayak-los-espanoles-apuestan-por-los-viajes-nacionales-durante-la-segunda-quincena-del-mes\/#primaryimage","url":"https:\/\/www.clubdelemprendimiento.com\/blog\/wp-content\/uploads\/2025\/08\/DEST_SPAIN_SANTANDER_shutterstock-portfolio_520052173_Universal_Within_usage_period_78381.jpg","contentUrl":"https:\/\/www.clubdelemprendimiento.com\/blog\/wp-content\/uploads\/2025\/08\/DEST_SPAIN_SANTANDER_shutterstock-portfolio_520052173_Universal_Within_usage_period_78381.jpg","width":1200,"height":800},{"@type":"BreadcrumbList","@id":"https:\/\/www.clubdelemprendimiento.com\/blog\/noticia-corporativa\/kayak-los-espanoles-apuestan-por-los-viajes-nacionales-durante-la-segunda-quincena-del-mes\/#breadcrumb","itemListElement":[{"@type":"ListItem","position":1,"name":"Home","item":"https:\/\/www.clubdelemprendimiento.com\/blog\/"},{"@type":"ListItem","position":2,"name":"Noticias Corporativas","item":"https:\/\/www.clubdelemprendimiento.com\/blog\/noticias-corporativas\/"},{"@type":"ListItem","position":3,"name":"KAYAK: Los espa\u00f1oles apuestan por los viajes nacionales durante la segunda quincena del mes"}]},{"@type":"WebSite","@id":"https:\/\/www.clubdelemprendimiento.com\/blog\/#website","url":"https:\/\/www.clubdelemprendimiento.com\/blog\/","name":"Blog Club del Emprendimiento","description":"","potentialAction":[{"@type":"SearchAction","target":{"@type":"EntryPoint","urlTemplate":"https:\/\/www.clubdelemprendimiento.com\/blog\/?s={search_term_string}"},"query-input":"required name=search_term_string"}],"inLanguage":"es"}]}},"_links":{"self":[{"href":"https:\/\/www.clubdelemprendimiento.com\/blog\/wp-json\/wp\/v2\/noticia-corporativa\/20761"}],"collection":[{"href":"https:\/\/www.clubdelemprendimiento.com\/blog\/wp-json\/wp\/v2\/noticia-corporativa"}],"about":[{"href":"https:\/\/www.clubdelemprendimiento.com\/blog\/wp-json\/wp\/v2\/types\/noticia-corporativa"}],"wp:featuredmedia":[{"embeddable":true,"href":"https:\/\/www.clubdelemprendimiento.com\/blog\/wp-json\/wp\/v2\/media\/20762"}],"wp:attachment":[{"href":"https:\/\/www.clubdelemprendimiento.com\/blog\/wp-json\/wp\/v2\/media?parent=20761"}],"curies":[{"name":"wp","href":"https:\/\/api.w.org\/{rel}","templated":true}]}}