{"id":20752,"date":"2025-08-11T14:00:25","date_gmt":"2025-08-11T14:00:25","guid":{"rendered":"https:\/\/www.clubdelemprendimiento.com\/blog\/noticia-corporativa\/iberoamerica-celebrara-en-un-congreso-a-miguel-de-la-quadra-salcedo-10-000-expedicionarios-50-paises-y-un-legado\/"},"modified":"2025-08-11T14:00:25","modified_gmt":"2025-08-11T14:00:25","slug":"iberoamerica-celebrara-en-un-congreso-a-miguel-de-la-quadra-salcedo-10-000-expedicionarios-50-paises-y-un-legado","status":"publish","type":"noticia-corporativa","link":"https:\/\/www.clubdelemprendimiento.com\/blog\/noticia-corporativa\/iberoamerica-celebrara-en-un-congreso-a-miguel-de-la-quadra-salcedo-10-000-expedicionarios-50-paises-y-un-legado\/","title":{"rendered":"Iberoam\u00e9rica celebrar\u00e1 en un congreso a Miguel de la Quadra-Salcedo, 10.000 expedicionarios, 50 pa\u00edses y un legado"},"content":{"rendered":"<div>\n<p><a href=\"https:\/\/www.clubdelemprendimiento.com\/blog\/wp-content\/uploads\/2025\/08\/captura-de-pantalla-2025-08-11_ol6hd9.jpeg\" target=\"_blank\" class=\"fotonota\" rel=\"noopener\"> <img decoding=\"async\" src=\"https:\/\/www.clubdelemprendimiento.com\/blog\/wp-content\/uploads\/2025\/08\/captura-de-pantalla-2025-08-11_ol6hd9.jpeg\" style=\"max-width:600px;\" border=\"0\" class=\"postImage\" alt=\"\"><\/a><\/p>\n<p>Guadalupe, Madrid y Toledo acogen el I Congreso Internacional \u00abGracias, Miguel\u00bb, conmemorando los 40 a\u00f1os de legado y futuro educativo y cultural del Aula Navegante. Los participantes ser\u00e1n recibidos por S.M. el Rey Felipe VI en el Palacio de la Zarzuela el 22 de septiembre. Colaboran los patrocinadores hist\u00f3ricos del programa: Juntas de Extremadura y Castilla-La Mancha, CECA, Santander y BBVA Del 19 al 22 de septiembre &#8216;Inscripci\u00f3n abierta&#8217; Congreso h\u00edbrido: presencial y online<\/p>\n<p><\/p>\n<p>M\u00e1s de 700 antiguos expedicionarios de Amazonas, Aventura 92 y Ruta Quetzal participar\u00e1n de manera online y presencial para celebrar el I Congreso Internacional de Expedicionarios Miguel de la Quadra-Salcedo, bajo el lema &#8216;Gracias, Miguel&#8217; 40 a\u00f1os del Aula Navegante de Estudios Iberoamericanos en Madrid, Guadalupe y Toledo y culminar\u00e1 con una audiencia con S.M. el Rey Felipe VI en el Palacio de la Zarzuela.<\/p>\n<p>Nueve a\u00f1os despu\u00e9s del fallecimiento del periodista, aventurero y educador que marc\u00f3 a generaciones, los expedicionarios analizar\u00e1n su legado y debatir\u00e1n sobre el futuro de esta comunidad internacional que ha unido a m\u00e1s de 10.000 j\u00f3venes de 50 pa\u00edses, a trav\u00e9s de un proyecto declarado de Inter\u00e9s Cultural por la UNESCO.<\/p>\n<p>El Congreso tendr\u00e1 lugar del 19 al 22 de septiembre y las inscripciones, tanto de manera presencial como online est\u00e1n abiertas en este link: <a href=\"http:\/\/congresoguadalupe25.aulanavegante.com\/\" rel=\"nofollow\"><strong>congresoguadalupe25.aulanavegante.com<\/strong><\/a><\/p>\n<p><strong>Analizar el legado y proyectar el futuro<\/strong><br \/>\nEl Congreso organizado por la asociaci\u00f3n Miguel de la Quadra-Salcedo &#8211; Real Virtual Sociedad de Expedicionarios, cuya presidencia ostenta su hija Sol de la Quadra-Salcedo, est\u00e1 respaldado por la <strong>Universidad Pontificia Comillas <\/strong>y cuenta con el apoyo de Casa de Am\u00e9rica. Incluir\u00e1 conferencias, foros de debate, comunicaciones abiertas a expedicionarios y actividades culturales que pondr\u00e1n en valor la identidad iberoamericana del mestizaje y la educaci\u00f3n en valores con el objetivo de mantener, fortalecer y proyectar una comunidad internacional comprometida con el liderazgo y el esp\u00edritu transformador que siempre ha tenido el programa.<\/p>\n<p>La<strong> inauguraci\u00f3n oficial ser\u00e1 el viernes 19 de septiembre en la sede de Casa de Am\u00e9rica <\/strong>(Madrid), con la conferencia inaugural a cargo de Carmen Iglesias, directora de la Real Academia de la Historia, y la participaci\u00f3n de destacadas personalidades del \u00e1mbito iberoamericano, la Armada Espa\u00f1ola, la Sociedad Estatal V Centenario y Le\u00f3n de la Torre, director general de la Casa de Am\u00e9rica.<\/p>\n<p>Esa misma tarde, los congresistas se trasladar\u00e1n al Real Monasterio de Guadalupe (C\u00e1ceres), donde continuar\u00e1n las sesiones. Uno de los momentos m\u00e1s esperados ser\u00e1 el homenaje a <strong>Miguel de la Quadra-Salcedo y los 40 a\u00f1os del Aula Navegante<\/strong>, con la intervenci\u00f3n de Enrique V. Iglesias, exsecretario general iberoamericano y expresidente del BID (Banco Interamericano de Desarrollo).\u00a0<\/p>\n<p>El congreso concluir\u00e1 con los Premios Miguel de la Quadra-Salcedo, que entregar\u00e1 <strong>Mar\u00eda Guardiola<\/strong>, presidenta de la Junta de Extremadura. Dichos galardones est\u00e1n destinados a reconocer a expedicionarios, instituciones y proyectos alineados con los valores que inspiraron a Aula Navegante: el <strong>liderazgo joven<\/strong>, la <strong>cooperaci\u00f3n iberoamericana<\/strong>, la <strong>divulgaci\u00f3n del conocimiento<\/strong>, la <strong>innovaci\u00f3n social<\/strong> y el <strong>compromiso con el medio ambiente<\/strong>,<\/p>\n<p>El <strong>domingo 21<\/strong>, los participantes asistir\u00e1n al espect\u00e1culo nocturno &#8216;El Sue\u00f1o de Toledo&#8217;, en Puy du Fou Espa\u00f1a, un recorrido inmersivo por los grandes hitos que han forjado la historia y la identidad com\u00fan entre Am\u00e9rica y Espa\u00f1a.<\/p>\n<p>El<strong> lunes 22<\/strong>, tras la audiencia en Zarzuela, el homenaje concluir\u00e1 con una ofrenda floral en la estatua de Miguel de la Quadra-Salcedo, obra de V\u00edctor Ochoa, situada en la pista de atletismo de la Universidad Complutense de Madrid. Esta escultura es tambi\u00e9n el modelo de los premios que llevan su nombre, s\u00edmbolo del legado y esp\u00edritu humanista que inspira el congreso.<\/p>\n<p><strong>Patrocinadores hist\u00f3ricos y legado compartido<\/strong><br \/>\nEl congreso cuenta con el patrocinio de las<strong> Juntas de Extremadura<\/strong> y <strong>Castilla-La Mancha<\/strong>, as\u00ed como de las entidades financieras <strong>CECA<\/strong>, <strong>Santander<\/strong> (en su d\u00eda Banesto) y <strong>BBVA <\/strong>(en su d\u00eda Argentaria), que a lo largo de d\u00e9cadas hicieron posible las distintas generaciones de expediciones<strong>. <\/strong>Estas instituciones ser\u00e1n parte activa del congreso y permitir\u00e1n un di\u00e1logo directo con los expedicionarios para valorar el impacto social y cultural generado por su apoyo. Su implicaci\u00f3n reafirma el papel fundamental que han tenido en el desarrollo de una experiencia educativa y humanista sin precedentes, contribuyendo al legado transformador del proyecto. Tambi\u00e9n el Congreso cuenta con el apoyo hist\u00f3rico del <strong>Real Jard\u00edn Bot\u00e1nico CSIS, Chocolates Valor y Panam\u00e1 Yack<\/strong>, firmas que siempre acompa\u00f1aron a Miguel de la Quadra-Salcedo.<\/p>\n<p>Como dec\u00eda Miguel: \u00abLo importante del programa no es solo qui\u00e9nes van, sino la red global que se forma. Ser\u00e1n los futuros l\u00edderes y gobernantes. Cambiad el mundo, pod\u00e9is hacerlo\u00bb.<\/p>\n<p><strong>Descargar el <\/strong><a href=\"https:\/\/tinyurl.com\/24pcus4x\" rel=\"nofollow\"><strong>programa completo del evento<\/strong><\/a>.<\/p>\n<p><a href=\"https:\/\/www.canva.com\/design\/DAGnSXFCtYc\/5KxOkqqQAsSJrKTk9RimhA\/view?utm_content=DAGnSXFCtYc&amp;utm_campaign=designshare&amp;utm_medium=link2&amp;utm_source=uniquelinks&amp;utlId=h3025809ea1#1\" rel=\"nofollow\"><strong>Dossier<\/strong><\/a><strong> y web.<\/strong><\/p>\n<\/div>\n","protected":false},"featured_media":20753,"template":"","meta":{"_acf_changed":false},"acf":[],"yoast_head":"<!-- This site is optimized with the Yoast SEO plugin v22.7 - https:\/\/yoast.com\/wordpress\/plugins\/seo\/ -->\n<title>Iberoam\u00e9rica celebrar\u00e1 en un congreso a Miguel de la Quadra-Salcedo, 10.000 expedicionarios, 50 pa\u00edses y un legado - Blog Club del Emprendimiento<\/title>\n<meta name=\"robots\" content=\"index, follow, max-snippet:-1, max-image-preview:large, max-video-preview:-1\" \/>\n<link rel=\"canonical\" href=\"https:\/\/www.clubdelemprendimiento.com\/blog\/noticia-corporativa\/iberoamerica-celebrara-en-un-congreso-a-miguel-de-la-quadra-salcedo-10-000-expedicionarios-50-paises-y-un-legado\/\" \/>\n<meta property=\"og:locale\" content=\"es_ES\" \/>\n<meta property=\"og:type\" content=\"article\" \/>\n<meta property=\"og:title\" content=\"Iberoam\u00e9rica celebrar\u00e1 en un congreso a Miguel de la Quadra-Salcedo, 10.000 expedicionarios, 50 pa\u00edses y un legado - Blog Club del Emprendimiento\" \/>\n<meta property=\"og:description\" content=\"Guadalupe, Madrid y Toledo acogen el I Congreso Internacional \u00abGracias, Miguel\u00bb, conmemorando los 40&hellip;\" \/>\n<meta property=\"og:url\" content=\"https:\/\/www.clubdelemprendimiento.com\/blog\/noticia-corporativa\/iberoamerica-celebrara-en-un-congreso-a-miguel-de-la-quadra-salcedo-10-000-expedicionarios-50-paises-y-un-legado\/\" \/>\n<meta property=\"og:site_name\" content=\"Blog Club del Emprendimiento\" \/>\n<meta property=\"og:image\" content=\"https:\/\/www.clubdelemprendimiento.com\/blog\/wp-content\/uploads\/2025\/08\/captura-de-pantalla-2025-08-11_ol6hd9.jpeg\" \/>\n<meta name=\"twitter:card\" content=\"summary_large_image\" \/>\n<meta name=\"twitter:label1\" content=\"Tiempo de lectura\" \/>\n\t<meta name=\"twitter:data1\" content=\"4 minutos\" \/>\n<script type=\"application\/ld+json\" class=\"yoast-schema-graph\">{\"@context\":\"https:\/\/schema.org\",\"@graph\":[{\"@type\":\"WebPage\",\"@id\":\"https:\/\/www.clubdelemprendimiento.com\/blog\/noticia-corporativa\/iberoamerica-celebrara-en-un-congreso-a-miguel-de-la-quadra-salcedo-10-000-expedicionarios-50-paises-y-un-legado\/\",\"url\":\"https:\/\/www.clubdelemprendimiento.com\/blog\/noticia-corporativa\/iberoamerica-celebrara-en-un-congreso-a-miguel-de-la-quadra-salcedo-10-000-expedicionarios-50-paises-y-un-legado\/\",\"name\":\"Iberoam\u00e9rica celebrar\u00e1 en un congreso a Miguel de la Quadra-Salcedo, 10.000 expedicionarios, 50 pa\u00edses y un legado - Blog Club del Emprendimiento\",\"isPartOf\":{\"@id\":\"https:\/\/www.clubdelemprendimiento.com\/blog\/#website\"},\"primaryImageOfPage\":{\"@id\":\"https:\/\/www.clubdelemprendimiento.com\/blog\/noticia-corporativa\/iberoamerica-celebrara-en-un-congreso-a-miguel-de-la-quadra-salcedo-10-000-expedicionarios-50-paises-y-un-legado\/#primaryimage\"},\"image\":{\"@id\":\"https:\/\/www.clubdelemprendimiento.com\/blog\/noticia-corporativa\/iberoamerica-celebrara-en-un-congreso-a-miguel-de-la-quadra-salcedo-10-000-expedicionarios-50-paises-y-un-legado\/#primaryimage\"},\"thumbnailUrl\":\"https:\/\/www.clubdelemprendimiento.com\/blog\/wp-content\/uploads\/2025\/08\/captura-de-pantalla-2025-08-11_ol6hd9.jpeg\",\"datePublished\":\"2025-08-11T14:00:25+00:00\",\"dateModified\":\"2025-08-11T14:00:25+00:00\",\"breadcrumb\":{\"@id\":\"https:\/\/www.clubdelemprendimiento.com\/blog\/noticia-corporativa\/iberoamerica-celebrara-en-un-congreso-a-miguel-de-la-quadra-salcedo-10-000-expedicionarios-50-paises-y-un-legado\/#breadcrumb\"},\"inLanguage\":\"es\",\"potentialAction\":[{\"@type\":\"ReadAction\",\"target\":[\"https:\/\/www.clubdelemprendimiento.com\/blog\/noticia-corporativa\/iberoamerica-celebrara-en-un-congreso-a-miguel-de-la-quadra-salcedo-10-000-expedicionarios-50-paises-y-un-legado\/\"]}]},{\"@type\":\"ImageObject\",\"inLanguage\":\"es\",\"@id\":\"https:\/\/www.clubdelemprendimiento.com\/blog\/noticia-corporativa\/iberoamerica-celebrara-en-un-congreso-a-miguel-de-la-quadra-salcedo-10-000-expedicionarios-50-paises-y-un-legado\/#primaryimage\",\"url\":\"https:\/\/www.clubdelemprendimiento.com\/blog\/wp-content\/uploads\/2025\/08\/captura-de-pantalla-2025-08-11_ol6hd9.jpeg\",\"contentUrl\":\"https:\/\/www.clubdelemprendimiento.com\/blog\/wp-content\/uploads\/2025\/08\/captura-de-pantalla-2025-08-11_ol6hd9.jpeg\",\"width\":598,\"height\":329},{\"@type\":\"BreadcrumbList\",\"@id\":\"https:\/\/www.clubdelemprendimiento.com\/blog\/noticia-corporativa\/iberoamerica-celebrara-en-un-congreso-a-miguel-de-la-quadra-salcedo-10-000-expedicionarios-50-paises-y-un-legado\/#breadcrumb\",\"itemListElement\":[{\"@type\":\"ListItem\",\"position\":1,\"name\":\"Home\",\"item\":\"https:\/\/www.clubdelemprendimiento.com\/blog\/\"},{\"@type\":\"ListItem\",\"position\":2,\"name\":\"Noticias Corporativas\",\"item\":\"https:\/\/www.clubdelemprendimiento.com\/blog\/noticias-corporativas\/\"},{\"@type\":\"ListItem\",\"position\":3,\"name\":\"Iberoam\u00e9rica celebrar\u00e1 en un congreso a Miguel de la Quadra-Salcedo, 10.000 expedicionarios, 50 pa\u00edses y un legado\"}]},{\"@type\":\"WebSite\",\"@id\":\"https:\/\/www.clubdelemprendimiento.com\/blog\/#website\",\"url\":\"https:\/\/www.clubdelemprendimiento.com\/blog\/\",\"name\":\"Blog Club del Emprendimiento\",\"description\":\"\",\"potentialAction\":[{\"@type\":\"SearchAction\",\"target\":{\"@type\":\"EntryPoint\",\"urlTemplate\":\"https:\/\/www.clubdelemprendimiento.com\/blog\/?s={search_term_string}\"},\"query-input\":\"required name=search_term_string\"}],\"inLanguage\":\"es\"}]}<\/script>\n<!-- \/ Yoast SEO plugin. -->","yoast_head_json":{"title":"Iberoam\u00e9rica celebrar\u00e1 en un congreso a Miguel de la Quadra-Salcedo, 10.000 expedicionarios, 50 pa\u00edses y un legado - Blog Club del Emprendimiento","robots":{"index":"index","follow":"follow","max-snippet":"max-snippet:-1","max-image-preview":"max-image-preview:large","max-video-preview":"max-video-preview:-1"},"canonical":"https:\/\/www.clubdelemprendimiento.com\/blog\/noticia-corporativa\/iberoamerica-celebrara-en-un-congreso-a-miguel-de-la-quadra-salcedo-10-000-expedicionarios-50-paises-y-un-legado\/","og_locale":"es_ES","og_type":"article","og_title":"Iberoam\u00e9rica celebrar\u00e1 en un congreso a Miguel de la Quadra-Salcedo, 10.000 expedicionarios, 50 pa\u00edses y un legado - Blog Club del Emprendimiento","og_description":"Guadalupe, Madrid y Toledo acogen el I Congreso Internacional \u00abGracias, Miguel\u00bb, conmemorando los 40&hellip;","og_url":"https:\/\/www.clubdelemprendimiento.com\/blog\/noticia-corporativa\/iberoamerica-celebrara-en-un-congreso-a-miguel-de-la-quadra-salcedo-10-000-expedicionarios-50-paises-y-un-legado\/","og_site_name":"Blog Club del Emprendimiento","og_image":[{"url":"https:\/\/www.clubdelemprendimiento.com\/blog\/wp-content\/uploads\/2025\/08\/captura-de-pantalla-2025-08-11_ol6hd9.jpeg"}],"twitter_card":"summary_large_image","twitter_misc":{"Tiempo de lectura":"4 minutos"},"schema":{"@context":"https:\/\/schema.org","@graph":[{"@type":"WebPage","@id":"https:\/\/www.clubdelemprendimiento.com\/blog\/noticia-corporativa\/iberoamerica-celebrara-en-un-congreso-a-miguel-de-la-quadra-salcedo-10-000-expedicionarios-50-paises-y-un-legado\/","url":"https:\/\/www.clubdelemprendimiento.com\/blog\/noticia-corporativa\/iberoamerica-celebrara-en-un-congreso-a-miguel-de-la-quadra-salcedo-10-000-expedicionarios-50-paises-y-un-legado\/","name":"Iberoam\u00e9rica celebrar\u00e1 en un congreso a Miguel de la Quadra-Salcedo, 10.000 expedicionarios, 50 pa\u00edses y un legado - Blog Club del Emprendimiento","isPartOf":{"@id":"https:\/\/www.clubdelemprendimiento.com\/blog\/#website"},"primaryImageOfPage":{"@id":"https:\/\/www.clubdelemprendimiento.com\/blog\/noticia-corporativa\/iberoamerica-celebrara-en-un-congreso-a-miguel-de-la-quadra-salcedo-10-000-expedicionarios-50-paises-y-un-legado\/#primaryimage"},"image":{"@id":"https:\/\/www.clubdelemprendimiento.com\/blog\/noticia-corporativa\/iberoamerica-celebrara-en-un-congreso-a-miguel-de-la-quadra-salcedo-10-000-expedicionarios-50-paises-y-un-legado\/#primaryimage"},"thumbnailUrl":"https:\/\/www.clubdelemprendimiento.com\/blog\/wp-content\/uploads\/2025\/08\/captura-de-pantalla-2025-08-11_ol6hd9.jpeg","datePublished":"2025-08-11T14:00:25+00:00","dateModified":"2025-08-11T14:00:25+00:00","breadcrumb":{"@id":"https:\/\/www.clubdelemprendimiento.com\/blog\/noticia-corporativa\/iberoamerica-celebrara-en-un-congreso-a-miguel-de-la-quadra-salcedo-10-000-expedicionarios-50-paises-y-un-legado\/#breadcrumb"},"inLanguage":"es","potentialAction":[{"@type":"ReadAction","target":["https:\/\/www.clubdelemprendimiento.com\/blog\/noticia-corporativa\/iberoamerica-celebrara-en-un-congreso-a-miguel-de-la-quadra-salcedo-10-000-expedicionarios-50-paises-y-un-legado\/"]}]},{"@type":"ImageObject","inLanguage":"es","@id":"https:\/\/www.clubdelemprendimiento.com\/blog\/noticia-corporativa\/iberoamerica-celebrara-en-un-congreso-a-miguel-de-la-quadra-salcedo-10-000-expedicionarios-50-paises-y-un-legado\/#primaryimage","url":"https:\/\/www.clubdelemprendimiento.com\/blog\/wp-content\/uploads\/2025\/08\/captura-de-pantalla-2025-08-11_ol6hd9.jpeg","contentUrl":"https:\/\/www.clubdelemprendimiento.com\/blog\/wp-content\/uploads\/2025\/08\/captura-de-pantalla-2025-08-11_ol6hd9.jpeg","width":598,"height":329},{"@type":"BreadcrumbList","@id":"https:\/\/www.clubdelemprendimiento.com\/blog\/noticia-corporativa\/iberoamerica-celebrara-en-un-congreso-a-miguel-de-la-quadra-salcedo-10-000-expedicionarios-50-paises-y-un-legado\/#breadcrumb","itemListElement":[{"@type":"ListItem","position":1,"name":"Home","item":"https:\/\/www.clubdelemprendimiento.com\/blog\/"},{"@type":"ListItem","position":2,"name":"Noticias Corporativas","item":"https:\/\/www.clubdelemprendimiento.com\/blog\/noticias-corporativas\/"},{"@type":"ListItem","position":3,"name":"Iberoam\u00e9rica celebrar\u00e1 en un congreso a Miguel de la Quadra-Salcedo, 10.000 expedicionarios, 50 pa\u00edses y un legado"}]},{"@type":"WebSite","@id":"https:\/\/www.clubdelemprendimiento.com\/blog\/#website","url":"https:\/\/www.clubdelemprendimiento.com\/blog\/","name":"Blog Club del Emprendimiento","description":"","potentialAction":[{"@type":"SearchAction","target":{"@type":"EntryPoint","urlTemplate":"https:\/\/www.clubdelemprendimiento.com\/blog\/?s={search_term_string}"},"query-input":"required name=search_term_string"}],"inLanguage":"es"}]}},"_links":{"self":[{"href":"https:\/\/www.clubdelemprendimiento.com\/blog\/wp-json\/wp\/v2\/noticia-corporativa\/20752"}],"collection":[{"href":"https:\/\/www.clubdelemprendimiento.com\/blog\/wp-json\/wp\/v2\/noticia-corporativa"}],"about":[{"href":"https:\/\/www.clubdelemprendimiento.com\/blog\/wp-json\/wp\/v2\/types\/noticia-corporativa"}],"wp:featuredmedia":[{"embeddable":true,"href":"https:\/\/www.clubdelemprendimiento.com\/blog\/wp-json\/wp\/v2\/media\/20753"}],"wp:attachment":[{"href":"https:\/\/www.clubdelemprendimiento.com\/blog\/wp-json\/wp\/v2\/media?parent=20752"}],"curies":[{"name":"wp","href":"https:\/\/api.w.org\/{rel}","templated":true}]}}