{"id":20738,"date":"2025-08-08T15:04:46","date_gmt":"2025-08-08T15:04:46","guid":{"rendered":"https:\/\/www.clubdelemprendimiento.com\/blog\/noticia-corporativa\/master-en-ciencias-politicas-y-gestion-publica-del-instituto-seneca-doble-titulacion-y-formato-online\/"},"modified":"2025-08-08T15:04:46","modified_gmt":"2025-08-08T15:04:46","slug":"master-en-ciencias-politicas-y-gestion-publica-del-instituto-seneca-doble-titulacion-y-formato-online","status":"publish","type":"noticia-corporativa","link":"https:\/\/www.clubdelemprendimiento.com\/blog\/noticia-corporativa\/master-en-ciencias-politicas-y-gestion-publica-del-instituto-seneca-doble-titulacion-y-formato-online\/","title":{"rendered":"M\u00e1ster en Ciencias Pol\u00edticas y Gesti\u00f3n P\u00fablica del Instituto S\u00e9neca: doble titulaci\u00f3n y formato online"},"content":{"rendered":"<div>\n<p><a href=\"https:\/\/www.clubdelemprendimiento.com\/blog\/wp-content\/uploads\/2025\/08\/STOCK_SENECA-60.jpg\" target=\"_blank\" class=\"fotonota\" rel=\"noopener\"> <img decoding=\"async\" src=\"https:\/\/www.clubdelemprendimiento.com\/blog\/wp-content\/uploads\/2025\/08\/STOCK_SENECA-60.jpg\" style=\"max-width:600px;\" border=\"0\" class=\"postImage\" alt=\"\"><\/a><\/p>\n<p>En un contexto global que exige renovar la gesti\u00f3n p\u00fablica y reforzar el v\u00ednculo entre ciudadan\u00eda e instituciones, el Instituto S\u00e9neca lanza su nuevo M\u00e1ster en Ciencias Pol\u00edticas y Asuntos P\u00fablicos. Este programa 100% online, con doble titulaci\u00f3n junto a la Universidad Cat\u00f3lica de Murcia (UCAM), est\u00e1 orientado a formar a los futuros protagonistas de la vida p\u00fablica, la comunicaci\u00f3n institucional y la representaci\u00f3n de intereses, con una visi\u00f3n internacional y vocaci\u00f3n de impacto social<\/p>\n<p><\/p>\n<p>El Instituto S\u00e9neca, centro internacional de posgrado con sede en Madrid, presenta el nuevo M\u00e1ster en Ciencias Pol\u00edticas y Asuntos P\u00fablicos, un programa acad\u00e9mico dise\u00f1ado para formar a los futuros l\u00edderes de la gesti\u00f3n p\u00fablica, la comunicaci\u00f3n institucional y la representaci\u00f3n de intereses.<\/p>\n<p>El m\u00e1ster se impartir\u00e1 en modalidad 100% online, con el respaldo acad\u00e9mico de la Universidad Cat\u00f3lica de Murcia (UCAM), que junto al Instituto S\u00e9neca otorgar\u00e1 una doble titulaci\u00f3n universitaria. Esta alianza ofrece una propuesta formativa de alta calidad, accesible desde cualquier pa\u00eds, especialmente dirigida a estudiantes y profesionales de Europa y Am\u00e9rica Latina y \u00c1frica.<\/p>\n<p>\u00abEste m\u00e1ster nace en un momento crucial, en el que la pol\u00edtica requiere nuevos perfiles: t\u00e9cnicos con visi\u00f3n global, capacidad de influencia leg\u00edtima y compromiso con la transparencia. Nuestro objetivo es formar actores p\u00fablicos capaces de conectar la sociedad civil con las instituciones\u00bb, explica Carlos Marcuello, director acad\u00e9mico del Instituto S\u00e9neca.<\/p>\n<p>El programa abarca \u00e1reas clave como an\u00e1lisis pol\u00edtico, pol\u00edticas p\u00fablicas, liderazgo institucional, relaciones internacionales, opini\u00f3n p\u00fablica, comunicaci\u00f3n estrat\u00e9gica y lobbying. A trav\u00e9s de un enfoque pr\u00e1ctico, los alumnos desarrollan competencias esenciales para trabajar en gobiernos, ONGs, empresas, organismos internacionales y partidos pol\u00edticos.<\/p>\n<p>El m\u00e1ster est\u00e1 dise\u00f1ado para facilitar la conciliaci\u00f3n profesional, con un calendario flexible, recursos digitales de \u00faltima generaci\u00f3n y acceso a sesiones magistrales en vivo. Adem\u00e1s, contempla posibilidad de pr\u00e1cticas opcionales en entidades colaboradoras del \u00e1mbito pol\u00edtico y social.<\/p>\n<p><strong>Una oportunidad para ampliar horizontes profesionales<\/strong><br \/>\nGracias a su estructura online y su reconocimiento universitario, el m\u00e1ster representa una oportunidad para quienes desean acceder a una formaci\u00f3n pol\u00edtica rigurosa sin necesidad de desplazarse. El Instituto S\u00e9neca contin\u00faa as\u00ed su apuesta por una educaci\u00f3n internacional, profesionalizadora y al servicio de los nuevos retos globales.<\/p>\n<p><strong>M\u00e1s informaci\u00f3n e inscripciones:<\/strong><br \/>\nwww.instituto-seneca.edu<\/p>\n<\/div>\n","protected":false},"featured_media":20739,"template":"","meta":{"_acf_changed":false},"acf":[],"yoast_head":"<!-- This site is optimized with the Yoast SEO plugin v22.7 - https:\/\/yoast.com\/wordpress\/plugins\/seo\/ -->\n<title>M\u00e1ster en Ciencias Pol\u00edticas y Gesti\u00f3n P\u00fablica del Instituto S\u00e9neca: doble titulaci\u00f3n y formato online - Blog Club del Emprendimiento<\/title>\n<meta name=\"robots\" content=\"index, follow, max-snippet:-1, max-image-preview:large, max-video-preview:-1\" \/>\n<link rel=\"canonical\" href=\"https:\/\/www.clubdelemprendimiento.com\/blog\/noticia-corporativa\/master-en-ciencias-politicas-y-gestion-publica-del-instituto-seneca-doble-titulacion-y-formato-online\/\" \/>\n<meta property=\"og:locale\" content=\"es_ES\" \/>\n<meta property=\"og:type\" content=\"article\" \/>\n<meta property=\"og:title\" content=\"M\u00e1ster en Ciencias Pol\u00edticas y Gesti\u00f3n P\u00fablica del Instituto S\u00e9neca: doble titulaci\u00f3n y formato online - Blog Club del Emprendimiento\" \/>\n<meta property=\"og:description\" content=\"En un contexto global que exige renovar la gesti\u00f3n p\u00fablica y reforzar el v\u00ednculo&hellip;\" \/>\n<meta property=\"og:url\" content=\"https:\/\/www.clubdelemprendimiento.com\/blog\/noticia-corporativa\/master-en-ciencias-politicas-y-gestion-publica-del-instituto-seneca-doble-titulacion-y-formato-online\/\" \/>\n<meta property=\"og:site_name\" content=\"Blog Club del Emprendimiento\" \/>\n<meta property=\"og:image\" content=\"https:\/\/www.clubdelemprendimiento.com\/blog\/wp-content\/uploads\/2025\/08\/STOCK_SENECA-60.jpg\" \/>\n<meta name=\"twitter:card\" content=\"summary_large_image\" \/>\n<meta name=\"twitter:label1\" content=\"Tiempo de lectura\" \/>\n\t<meta name=\"twitter:data1\" content=\"2 minutos\" \/>\n<script type=\"application\/ld+json\" class=\"yoast-schema-graph\">{\"@context\":\"https:\/\/schema.org\",\"@graph\":[{\"@type\":\"WebPage\",\"@id\":\"https:\/\/www.clubdelemprendimiento.com\/blog\/noticia-corporativa\/master-en-ciencias-politicas-y-gestion-publica-del-instituto-seneca-doble-titulacion-y-formato-online\/\",\"url\":\"https:\/\/www.clubdelemprendimiento.com\/blog\/noticia-corporativa\/master-en-ciencias-politicas-y-gestion-publica-del-instituto-seneca-doble-titulacion-y-formato-online\/\",\"name\":\"M\u00e1ster en Ciencias Pol\u00edticas y Gesti\u00f3n P\u00fablica del Instituto S\u00e9neca: doble titulaci\u00f3n y formato online - Blog Club del Emprendimiento\",\"isPartOf\":{\"@id\":\"https:\/\/www.clubdelemprendimiento.com\/blog\/#website\"},\"primaryImageOfPage\":{\"@id\":\"https:\/\/www.clubdelemprendimiento.com\/blog\/noticia-corporativa\/master-en-ciencias-politicas-y-gestion-publica-del-instituto-seneca-doble-titulacion-y-formato-online\/#primaryimage\"},\"image\":{\"@id\":\"https:\/\/www.clubdelemprendimiento.com\/blog\/noticia-corporativa\/master-en-ciencias-politicas-y-gestion-publica-del-instituto-seneca-doble-titulacion-y-formato-online\/#primaryimage\"},\"thumbnailUrl\":\"https:\/\/www.clubdelemprendimiento.com\/blog\/wp-content\/uploads\/2025\/08\/STOCK_SENECA-60-scaled.jpg\",\"datePublished\":\"2025-08-08T15:04:46+00:00\",\"dateModified\":\"2025-08-08T15:04:46+00:00\",\"breadcrumb\":{\"@id\":\"https:\/\/www.clubdelemprendimiento.com\/blog\/noticia-corporativa\/master-en-ciencias-politicas-y-gestion-publica-del-instituto-seneca-doble-titulacion-y-formato-online\/#breadcrumb\"},\"inLanguage\":\"es\",\"potentialAction\":[{\"@type\":\"ReadAction\",\"target\":[\"https:\/\/www.clubdelemprendimiento.com\/blog\/noticia-corporativa\/master-en-ciencias-politicas-y-gestion-publica-del-instituto-seneca-doble-titulacion-y-formato-online\/\"]}]},{\"@type\":\"ImageObject\",\"inLanguage\":\"es\",\"@id\":\"https:\/\/www.clubdelemprendimiento.com\/blog\/noticia-corporativa\/master-en-ciencias-politicas-y-gestion-publica-del-instituto-seneca-doble-titulacion-y-formato-online\/#primaryimage\",\"url\":\"https:\/\/www.clubdelemprendimiento.com\/blog\/wp-content\/uploads\/2025\/08\/STOCK_SENECA-60-scaled.jpg\",\"contentUrl\":\"https:\/\/www.clubdelemprendimiento.com\/blog\/wp-content\/uploads\/2025\/08\/STOCK_SENECA-60-scaled.jpg\",\"width\":2560,\"height\":1560},{\"@type\":\"BreadcrumbList\",\"@id\":\"https:\/\/www.clubdelemprendimiento.com\/blog\/noticia-corporativa\/master-en-ciencias-politicas-y-gestion-publica-del-instituto-seneca-doble-titulacion-y-formato-online\/#breadcrumb\",\"itemListElement\":[{\"@type\":\"ListItem\",\"position\":1,\"name\":\"Home\",\"item\":\"https:\/\/www.clubdelemprendimiento.com\/blog\/\"},{\"@type\":\"ListItem\",\"position\":2,\"name\":\"Noticias Corporativas\",\"item\":\"https:\/\/www.clubdelemprendimiento.com\/blog\/noticias-corporativas\/\"},{\"@type\":\"ListItem\",\"position\":3,\"name\":\"M\u00e1ster en Ciencias Pol\u00edticas y Gesti\u00f3n P\u00fablica del Instituto S\u00e9neca: doble titulaci\u00f3n y formato online\"}]},{\"@type\":\"WebSite\",\"@id\":\"https:\/\/www.clubdelemprendimiento.com\/blog\/#website\",\"url\":\"https:\/\/www.clubdelemprendimiento.com\/blog\/\",\"name\":\"Blog Club del Emprendimiento\",\"description\":\"\",\"potentialAction\":[{\"@type\":\"SearchAction\",\"target\":{\"@type\":\"EntryPoint\",\"urlTemplate\":\"https:\/\/www.clubdelemprendimiento.com\/blog\/?s={search_term_string}\"},\"query-input\":\"required name=search_term_string\"}],\"inLanguage\":\"es\"}]}<\/script>\n<!-- \/ Yoast SEO plugin. -->","yoast_head_json":{"title":"M\u00e1ster en Ciencias Pol\u00edticas y Gesti\u00f3n P\u00fablica del Instituto S\u00e9neca: doble titulaci\u00f3n y formato online - Blog Club del Emprendimiento","robots":{"index":"index","follow":"follow","max-snippet":"max-snippet:-1","max-image-preview":"max-image-preview:large","max-video-preview":"max-video-preview:-1"},"canonical":"https:\/\/www.clubdelemprendimiento.com\/blog\/noticia-corporativa\/master-en-ciencias-politicas-y-gestion-publica-del-instituto-seneca-doble-titulacion-y-formato-online\/","og_locale":"es_ES","og_type":"article","og_title":"M\u00e1ster en Ciencias Pol\u00edticas y Gesti\u00f3n P\u00fablica del Instituto S\u00e9neca: doble titulaci\u00f3n y formato online - Blog Club del Emprendimiento","og_description":"En un contexto global que exige renovar la gesti\u00f3n p\u00fablica y reforzar el v\u00ednculo&hellip;","og_url":"https:\/\/www.clubdelemprendimiento.com\/blog\/noticia-corporativa\/master-en-ciencias-politicas-y-gestion-publica-del-instituto-seneca-doble-titulacion-y-formato-online\/","og_site_name":"Blog Club del Emprendimiento","og_image":[{"url":"https:\/\/www.clubdelemprendimiento.com\/blog\/wp-content\/uploads\/2025\/08\/STOCK_SENECA-60.jpg"}],"twitter_card":"summary_large_image","twitter_misc":{"Tiempo de lectura":"2 minutos"},"schema":{"@context":"https:\/\/schema.org","@graph":[{"@type":"WebPage","@id":"https:\/\/www.clubdelemprendimiento.com\/blog\/noticia-corporativa\/master-en-ciencias-politicas-y-gestion-publica-del-instituto-seneca-doble-titulacion-y-formato-online\/","url":"https:\/\/www.clubdelemprendimiento.com\/blog\/noticia-corporativa\/master-en-ciencias-politicas-y-gestion-publica-del-instituto-seneca-doble-titulacion-y-formato-online\/","name":"M\u00e1ster en Ciencias Pol\u00edticas y Gesti\u00f3n P\u00fablica del Instituto S\u00e9neca: doble titulaci\u00f3n y formato online - Blog Club del Emprendimiento","isPartOf":{"@id":"https:\/\/www.clubdelemprendimiento.com\/blog\/#website"},"primaryImageOfPage":{"@id":"https:\/\/www.clubdelemprendimiento.com\/blog\/noticia-corporativa\/master-en-ciencias-politicas-y-gestion-publica-del-instituto-seneca-doble-titulacion-y-formato-online\/#primaryimage"},"image":{"@id":"https:\/\/www.clubdelemprendimiento.com\/blog\/noticia-corporativa\/master-en-ciencias-politicas-y-gestion-publica-del-instituto-seneca-doble-titulacion-y-formato-online\/#primaryimage"},"thumbnailUrl":"https:\/\/www.clubdelemprendimiento.com\/blog\/wp-content\/uploads\/2025\/08\/STOCK_SENECA-60-scaled.jpg","datePublished":"2025-08-08T15:04:46+00:00","dateModified":"2025-08-08T15:04:46+00:00","breadcrumb":{"@id":"https:\/\/www.clubdelemprendimiento.com\/blog\/noticia-corporativa\/master-en-ciencias-politicas-y-gestion-publica-del-instituto-seneca-doble-titulacion-y-formato-online\/#breadcrumb"},"inLanguage":"es","potentialAction":[{"@type":"ReadAction","target":["https:\/\/www.clubdelemprendimiento.com\/blog\/noticia-corporativa\/master-en-ciencias-politicas-y-gestion-publica-del-instituto-seneca-doble-titulacion-y-formato-online\/"]}]},{"@type":"ImageObject","inLanguage":"es","@id":"https:\/\/www.clubdelemprendimiento.com\/blog\/noticia-corporativa\/master-en-ciencias-politicas-y-gestion-publica-del-instituto-seneca-doble-titulacion-y-formato-online\/#primaryimage","url":"https:\/\/www.clubdelemprendimiento.com\/blog\/wp-content\/uploads\/2025\/08\/STOCK_SENECA-60-scaled.jpg","contentUrl":"https:\/\/www.clubdelemprendimiento.com\/blog\/wp-content\/uploads\/2025\/08\/STOCK_SENECA-60-scaled.jpg","width":2560,"height":1560},{"@type":"BreadcrumbList","@id":"https:\/\/www.clubdelemprendimiento.com\/blog\/noticia-corporativa\/master-en-ciencias-politicas-y-gestion-publica-del-instituto-seneca-doble-titulacion-y-formato-online\/#breadcrumb","itemListElement":[{"@type":"ListItem","position":1,"name":"Home","item":"https:\/\/www.clubdelemprendimiento.com\/blog\/"},{"@type":"ListItem","position":2,"name":"Noticias Corporativas","item":"https:\/\/www.clubdelemprendimiento.com\/blog\/noticias-corporativas\/"},{"@type":"ListItem","position":3,"name":"M\u00e1ster en Ciencias Pol\u00edticas y Gesti\u00f3n P\u00fablica del Instituto S\u00e9neca: doble titulaci\u00f3n y formato online"}]},{"@type":"WebSite","@id":"https:\/\/www.clubdelemprendimiento.com\/blog\/#website","url":"https:\/\/www.clubdelemprendimiento.com\/blog\/","name":"Blog Club del Emprendimiento","description":"","potentialAction":[{"@type":"SearchAction","target":{"@type":"EntryPoint","urlTemplate":"https:\/\/www.clubdelemprendimiento.com\/blog\/?s={search_term_string}"},"query-input":"required name=search_term_string"}],"inLanguage":"es"}]}},"_links":{"self":[{"href":"https:\/\/www.clubdelemprendimiento.com\/blog\/wp-json\/wp\/v2\/noticia-corporativa\/20738"}],"collection":[{"href":"https:\/\/www.clubdelemprendimiento.com\/blog\/wp-json\/wp\/v2\/noticia-corporativa"}],"about":[{"href":"https:\/\/www.clubdelemprendimiento.com\/blog\/wp-json\/wp\/v2\/types\/noticia-corporativa"}],"wp:featuredmedia":[{"embeddable":true,"href":"https:\/\/www.clubdelemprendimiento.com\/blog\/wp-json\/wp\/v2\/media\/20739"}],"wp:attachment":[{"href":"https:\/\/www.clubdelemprendimiento.com\/blog\/wp-json\/wp\/v2\/media?parent=20738"}],"curies":[{"name":"wp","href":"https:\/\/api.w.org\/{rel}","templated":true}]}}