{"id":20725,"date":"2025-08-08T10:00:33","date_gmt":"2025-08-08T10:00:33","guid":{"rendered":"https:\/\/www.clubdelemprendimiento.com\/blog\/noticia-corporativa\/seralgas-empieza-el-camino-hacia-una-calefaccion-mas-limpia\/"},"modified":"2025-08-08T10:00:33","modified_gmt":"2025-08-08T10:00:33","slug":"seralgas-empieza-el-camino-hacia-una-calefaccion-mas-limpia","status":"publish","type":"noticia-corporativa","link":"https:\/\/www.clubdelemprendimiento.com\/blog\/noticia-corporativa\/seralgas-empieza-el-camino-hacia-una-calefaccion-mas-limpia\/","title":{"rendered":"Seralgas: empieza el camino hacia una calefacci\u00f3n m\u00e1s limpia"},"content":{"rendered":"<div>\n<p>Ocho meses despu\u00e9s de la retirada de ayudas a las calderas de gas en la UE, la aerotermia y el hidr\u00f3geno marcan el ritmo<\/p>\n<p><\/p>\n<p>Desde el pasado <strong>1 de enero de 2025<\/strong>, la Uni\u00f3n Europea dej\u00f3 de subvencionar la instalaci\u00f3n de calderas de gas tradicionales, cumpliendo con lo establecido en la nueva Directiva sobre la Eficiencia Energ\u00e9tica de los Edificios (EPBD). La medida, que persigue una transformaci\u00f3n profunda del parque de calefacci\u00f3n europeo, ha comenzado a redibujar el mapa energ\u00e9tico en miles de hogares y edificios, favoreciendo alternativas m\u00e1s limpias como la <strong>aerotermia<\/strong>, los <strong>sistemas h\u00edbridos renovables<\/strong> y las calderas adaptadas al <strong>hidr\u00f3geno<\/strong>.<\/p>\n<p><strong>Fin de ayudas p\u00fablicas a calderas de gas: balance inicial positivo<\/strong><br \/>\nEn estos primeros ocho meses, los Estados miembros han reorientado sus programas de subvenciones hacia tecnolog\u00edas que utilizan <strong>energ\u00edas renovables<\/strong>, dejando fuera a las calderas que funcionan exclusivamente con combustibles f\u00f3siles. Aunque el proceso de transici\u00f3n presenta desaf\u00edos \u2014como la formaci\u00f3n t\u00e9cnica y la adaptaci\u00f3n de distribuidores\u2014, se ha observado un <strong>aumento del inter\u00e9s por la aerotermia<\/strong>, tanto en obra nueva como en reformas.<\/p>\n<p>El sector ha respondido con agilidad. Fabricantes y empresas instaladoras han reforzado sus cat\u00e1logos de bombas de calor y soluciones h\u00edbridas, mientras que las administraciones p\u00fablicas han comenzado a lanzar nuevas l\u00edneas de ayuda centradas en la eficiencia y la descarbonizaci\u00f3n de viviendas.<\/p>\n<p><strong>La aerotermia se consolida como la principal alternativa<\/strong><br \/>\nLa aerotermia, que capta energ\u00eda del aire para generar calefacci\u00f3n, refrigeraci\u00f3n y agua caliente, ha ganado terreno en este 2025 como <strong>opci\u00f3n preferente<\/strong> en muchos pa\u00edses de la UE. Su elevado rendimiento, su bajo impacto ambiental y la posibilidad de aprovechar tarifas el\u00e9ctricas m\u00e1s sostenibles la convierten en una soluci\u00f3n id\u00f3nea para la transici\u00f3n energ\u00e9tica.<\/p>\n<p>De hecho, seg\u00fan datos del sector, el inter\u00e9s por esta tecnolog\u00eda ha aumentado significativamente en regiones donde antes predominaban las instalaciones de gas, impulsado tambi\u00e9n por el encarecimiento progresivo del uso de combustibles f\u00f3siles dentro del nuevo sistema ETS2 de comercio de emisiones.<\/p>\n<p><strong>Calderas h\u00edbridas y listas para hidr\u00f3geno: una transici\u00f3n inteligente<\/strong><br \/>\nPese al fin de las ayudas, el mercado no ha abandonado del todo las calderas. Algunos modelos ya instalados o en fase de implantaci\u00f3n este a\u00f1o incorporan <strong>tecnolog\u00eda h\u00edbrida<\/strong> \u2014combinando gas con aerotermia o solar t\u00e9rmica\u2014 o han sido dise\u00f1ados para ser <strong>compatibles con mezclas de hidr\u00f3geno y gas natural<\/strong>, e incluso con hidr\u00f3geno 100% verde, como es el caso de las <a href=\"https:\/\/seralgas.es\/tienda\/calderas-de-gas\/condensacion\/calderas-saunier-duval\/\" rel=\"nofollow\">calderas Saunier Duval<\/a>, <a href=\"https:\/\/seralgas.es\/tienda\/calderas-de-gas\/condensacion\/vaillant\/\" rel=\"nofollow\">calderas Vaillant<\/a> o <a href=\"https:\/\/seralgas.es\/tienda\/calderas-de-gas\/condensacion\/calderas-ferroli\/\" rel=\"nofollow\">calderas Ferroli<\/a>.<\/p>\n<p>Estos dispositivos se presentan como una soluci\u00f3n de transici\u00f3n inteligente para consumidores que a\u00fan no pueden electrificar por completo su sistema de calefacci\u00f3n, pero que quieren estar preparados para un futuro sin emisiones. Varios fabricantes l\u00edderes han confirmado que estos equipos ya est\u00e1n en funcionamiento en proyectos piloto en Pa\u00edses Bajos, Alemania, Francia y Espa\u00f1a.<\/p>\n<p><strong>Perspectiva de futuro<\/strong><br \/>\nCon el foco puesto en los objetivos clim\u00e1ticos de 2030 y 2050, la eliminaci\u00f3n de subvenciones a tecnolog\u00edas f\u00f3siles ha marcado un <strong>punto de inflexi\u00f3n en la pol\u00edtica energ\u00e9tica europea<\/strong>. Las empresas que han apostado por la innovaci\u00f3n en eficiencia, energ\u00edas limpias y compatibilidad con hidr\u00f3geno comienzan a liderar un mercado que exige soluciones sostenibles, vers\u00e1tiles y accesibles.<\/p>\n<p>\u00abNo se trata solo de prohibir subvenciones, sino de cambiar la mentalidad. Lo que se est\u00e1 viendo este a\u00f1o es que los cimientos para la calefacci\u00f3n del futuro ya est\u00e1n aqu\u00ed: m\u00e1s limpia, m\u00e1s eficiente\u00bb, destaca \u00c1lvaro D\u00edaz, responsable t\u00e9cnico de Seralgas.<\/p>\n<p>La transformaci\u00f3n ya ha comenzado. Y con ella, Europa se aproxima a un modelo de climatizaci\u00f3n m\u00e1s respetuoso con el planeta, m\u00e1s econ\u00f3mico a largo plazo y alineado con los compromisos clim\u00e1ticos que marcar\u00e1n el futuro de las pr\u00f3ximas generaciones.<\/p>\n<\/div>\n","protected":false},"featured_media":0,"template":"","meta":{"_acf_changed":false},"acf":[],"yoast_head":"<!-- This site is optimized with the Yoast SEO plugin v22.7 - https:\/\/yoast.com\/wordpress\/plugins\/seo\/ -->\n<title>Seralgas: empieza el camino hacia una calefacci\u00f3n m\u00e1s limpia - Blog Club del Emprendimiento<\/title>\n<meta name=\"robots\" content=\"index, follow, max-snippet:-1, max-image-preview:large, max-video-preview:-1\" \/>\n<link rel=\"canonical\" href=\"https:\/\/www.clubdelemprendimiento.com\/blog\/noticia-corporativa\/seralgas-empieza-el-camino-hacia-una-calefaccion-mas-limpia\/\" \/>\n<meta property=\"og:locale\" content=\"es_ES\" \/>\n<meta property=\"og:type\" content=\"article\" \/>\n<meta property=\"og:title\" content=\"Seralgas: empieza el camino hacia una calefacci\u00f3n m\u00e1s limpia - Blog Club del Emprendimiento\" \/>\n<meta property=\"og:description\" content=\"Ocho meses despu\u00e9s de la retirada de ayudas a las calderas de gas en&hellip;\" \/>\n<meta property=\"og:url\" content=\"https:\/\/www.clubdelemprendimiento.com\/blog\/noticia-corporativa\/seralgas-empieza-el-camino-hacia-una-calefaccion-mas-limpia\/\" \/>\n<meta property=\"og:site_name\" content=\"Blog Club del Emprendimiento\" \/>\n<meta name=\"twitter:card\" content=\"summary_large_image\" \/>\n<meta name=\"twitter:label1\" content=\"Tiempo de lectura\" \/>\n\t<meta name=\"twitter:data1\" content=\"3 minutos\" \/>\n<script type=\"application\/ld+json\" class=\"yoast-schema-graph\">{\"@context\":\"https:\/\/schema.org\",\"@graph\":[{\"@type\":\"WebPage\",\"@id\":\"https:\/\/www.clubdelemprendimiento.com\/blog\/noticia-corporativa\/seralgas-empieza-el-camino-hacia-una-calefaccion-mas-limpia\/\",\"url\":\"https:\/\/www.clubdelemprendimiento.com\/blog\/noticia-corporativa\/seralgas-empieza-el-camino-hacia-una-calefaccion-mas-limpia\/\",\"name\":\"Seralgas: empieza el camino hacia una calefacci\u00f3n m\u00e1s limpia - Blog Club del Emprendimiento\",\"isPartOf\":{\"@id\":\"https:\/\/www.clubdelemprendimiento.com\/blog\/#website\"},\"datePublished\":\"2025-08-08T10:00:33+00:00\",\"dateModified\":\"2025-08-08T10:00:33+00:00\",\"breadcrumb\":{\"@id\":\"https:\/\/www.clubdelemprendimiento.com\/blog\/noticia-corporativa\/seralgas-empieza-el-camino-hacia-una-calefaccion-mas-limpia\/#breadcrumb\"},\"inLanguage\":\"es\",\"potentialAction\":[{\"@type\":\"ReadAction\",\"target\":[\"https:\/\/www.clubdelemprendimiento.com\/blog\/noticia-corporativa\/seralgas-empieza-el-camino-hacia-una-calefaccion-mas-limpia\/\"]}]},{\"@type\":\"BreadcrumbList\",\"@id\":\"https:\/\/www.clubdelemprendimiento.com\/blog\/noticia-corporativa\/seralgas-empieza-el-camino-hacia-una-calefaccion-mas-limpia\/#breadcrumb\",\"itemListElement\":[{\"@type\":\"ListItem\",\"position\":1,\"name\":\"Home\",\"item\":\"https:\/\/www.clubdelemprendimiento.com\/blog\/\"},{\"@type\":\"ListItem\",\"position\":2,\"name\":\"Noticias Corporativas\",\"item\":\"https:\/\/www.clubdelemprendimiento.com\/blog\/noticias-corporativas\/\"},{\"@type\":\"ListItem\",\"position\":3,\"name\":\"Seralgas: empieza el camino hacia una calefacci\u00f3n m\u00e1s limpia\"}]},{\"@type\":\"WebSite\",\"@id\":\"https:\/\/www.clubdelemprendimiento.com\/blog\/#website\",\"url\":\"https:\/\/www.clubdelemprendimiento.com\/blog\/\",\"name\":\"Blog Club del Emprendimiento\",\"description\":\"\",\"potentialAction\":[{\"@type\":\"SearchAction\",\"target\":{\"@type\":\"EntryPoint\",\"urlTemplate\":\"https:\/\/www.clubdelemprendimiento.com\/blog\/?s={search_term_string}\"},\"query-input\":\"required name=search_term_string\"}],\"inLanguage\":\"es\"}]}<\/script>\n<!-- \/ Yoast SEO plugin. -->","yoast_head_json":{"title":"Seralgas: empieza el camino hacia una calefacci\u00f3n m\u00e1s limpia - Blog Club del Emprendimiento","robots":{"index":"index","follow":"follow","max-snippet":"max-snippet:-1","max-image-preview":"max-image-preview:large","max-video-preview":"max-video-preview:-1"},"canonical":"https:\/\/www.clubdelemprendimiento.com\/blog\/noticia-corporativa\/seralgas-empieza-el-camino-hacia-una-calefaccion-mas-limpia\/","og_locale":"es_ES","og_type":"article","og_title":"Seralgas: empieza el camino hacia una calefacci\u00f3n m\u00e1s limpia - Blog Club del Emprendimiento","og_description":"Ocho meses despu\u00e9s de la retirada de ayudas a las calderas de gas en&hellip;","og_url":"https:\/\/www.clubdelemprendimiento.com\/blog\/noticia-corporativa\/seralgas-empieza-el-camino-hacia-una-calefaccion-mas-limpia\/","og_site_name":"Blog Club del Emprendimiento","twitter_card":"summary_large_image","twitter_misc":{"Tiempo de lectura":"3 minutos"},"schema":{"@context":"https:\/\/schema.org","@graph":[{"@type":"WebPage","@id":"https:\/\/www.clubdelemprendimiento.com\/blog\/noticia-corporativa\/seralgas-empieza-el-camino-hacia-una-calefaccion-mas-limpia\/","url":"https:\/\/www.clubdelemprendimiento.com\/blog\/noticia-corporativa\/seralgas-empieza-el-camino-hacia-una-calefaccion-mas-limpia\/","name":"Seralgas: empieza el camino hacia una calefacci\u00f3n m\u00e1s limpia - Blog Club del Emprendimiento","isPartOf":{"@id":"https:\/\/www.clubdelemprendimiento.com\/blog\/#website"},"datePublished":"2025-08-08T10:00:33+00:00","dateModified":"2025-08-08T10:00:33+00:00","breadcrumb":{"@id":"https:\/\/www.clubdelemprendimiento.com\/blog\/noticia-corporativa\/seralgas-empieza-el-camino-hacia-una-calefaccion-mas-limpia\/#breadcrumb"},"inLanguage":"es","potentialAction":[{"@type":"ReadAction","target":["https:\/\/www.clubdelemprendimiento.com\/blog\/noticia-corporativa\/seralgas-empieza-el-camino-hacia-una-calefaccion-mas-limpia\/"]}]},{"@type":"BreadcrumbList","@id":"https:\/\/www.clubdelemprendimiento.com\/blog\/noticia-corporativa\/seralgas-empieza-el-camino-hacia-una-calefaccion-mas-limpia\/#breadcrumb","itemListElement":[{"@type":"ListItem","position":1,"name":"Home","item":"https:\/\/www.clubdelemprendimiento.com\/blog\/"},{"@type":"ListItem","position":2,"name":"Noticias Corporativas","item":"https:\/\/www.clubdelemprendimiento.com\/blog\/noticias-corporativas\/"},{"@type":"ListItem","position":3,"name":"Seralgas: empieza el camino hacia una calefacci\u00f3n m\u00e1s limpia"}]},{"@type":"WebSite","@id":"https:\/\/www.clubdelemprendimiento.com\/blog\/#website","url":"https:\/\/www.clubdelemprendimiento.com\/blog\/","name":"Blog Club del Emprendimiento","description":"","potentialAction":[{"@type":"SearchAction","target":{"@type":"EntryPoint","urlTemplate":"https:\/\/www.clubdelemprendimiento.com\/blog\/?s={search_term_string}"},"query-input":"required name=search_term_string"}],"inLanguage":"es"}]}},"_links":{"self":[{"href":"https:\/\/www.clubdelemprendimiento.com\/blog\/wp-json\/wp\/v2\/noticia-corporativa\/20725"}],"collection":[{"href":"https:\/\/www.clubdelemprendimiento.com\/blog\/wp-json\/wp\/v2\/noticia-corporativa"}],"about":[{"href":"https:\/\/www.clubdelemprendimiento.com\/blog\/wp-json\/wp\/v2\/types\/noticia-corporativa"}],"wp:attachment":[{"href":"https:\/\/www.clubdelemprendimiento.com\/blog\/wp-json\/wp\/v2\/media?parent=20725"}],"curies":[{"name":"wp","href":"https:\/\/api.w.org\/{rel}","templated":true}]}}