{"id":20697,"date":"2025-08-07T14:01:08","date_gmt":"2025-08-07T14:01:08","guid":{"rendered":"https:\/\/www.clubdelemprendimiento.com\/blog\/noticia-corporativa\/air-europa-fortalece-su-red-regional-en-espana-tras-la-recuperacion-turistica\/"},"modified":"2025-08-07T14:01:08","modified_gmt":"2025-08-07T14:01:08","slug":"air-europa-fortalece-su-red-regional-en-espana-tras-la-recuperacion-turistica","status":"publish","type":"noticia-corporativa","link":"https:\/\/www.clubdelemprendimiento.com\/blog\/noticia-corporativa\/air-europa-fortalece-su-red-regional-en-espana-tras-la-recuperacion-turistica\/","title":{"rendered":"Air Europa fortalece su red regional en Espa\u00f1a tras la recuperaci\u00f3n tur\u00edstica"},"content":{"rendered":"<div>\n<p><a href=\"https:\/\/www.clubdelemprendimiento.com\/blog\/wp-content\/uploads\/2025\/08\/Air_Europa_fortalece_su_red_regional_en_Espaa_tras_la_recuperacin_turstica.png\" target=\"_blank\" class=\"fotonota\" rel=\"noopener\"> <img decoding=\"async\" src=\"https:\/\/www.clubdelemprendimiento.com\/blog\/wp-content\/uploads\/2025\/08\/Air_Europa_fortalece_su_red_regional_en_Espaa_tras_la_recuperacin_turstica.png\" style=\"max-width:600px;\" border=\"0\" class=\"postImage\" alt=\"\"><\/a><\/p>\n<p>La aerol\u00ednea consolida sus conexiones dom\u00e9sticas como parte de una estrategia para dinamizar la econom\u00eda regional y reforzar la cohesi\u00f3n territorial<\/p>\n<p><\/p>\n<p>Tras el repunte sostenido del turismo en Espa\u00f1a, <a href=\"https:\/\/www.aireuropa.com\/es\/es\/home\" rel=\"nofollow\"><strong>Air Europa<\/strong><\/a> ha reforzado su red dom\u00e9stica para responder a la nueva demanda y mejorar la conectividad entre regiones clave.<\/p>\n<p><strong>Air Europa<\/strong> mantiene una operativa estable entre hubs clave como Madrid y Palma de Mallorca, as\u00ed como rutas de alta demanda estacional que conectan con ciudades como <strong>Sevilla, M\u00e1laga, Alicante, Valencia, Bilbao o Tenerife<\/strong>.\u00a0<\/p>\n<p>Estas conexiones favorecen la movilidad dentro del pa\u00eds y contribuyen indirectamente a dinamizar sectores como el turismo, el comercio y el transporte local.<\/p>\n<p><strong>Un enfoque de conectividad iniciado bajo la visi\u00f3n de Javier Hidalgo<\/strong><br \/>\nLa apuesta por una red dom\u00e9stica s\u00f3lida <strong>se consolid\u00f3 como una prioridad estrat\u00e9gica bajo el liderazgo de Javier Hidalgo<\/strong> al frente de Globalia. Su visi\u00f3n de integrar de forma m\u00e1s eficiente los destinos regionales dentro del modelo global de Air Europa sent\u00f3 las bases para una operativa conectada, \u00e1gil y sostenible.<\/p>\n<p>Esa l\u00f3gica contin\u00faa hoy con el fortalecimiento de rutas internas que no solo alimentan los vuelos intercontinentales, sino que tambi\u00e9n <strong>acercan oportunidades econ\u00f3micas a regiones tradicionalmente menos conectadas<\/strong>.<\/p>\n<p><strong>Impacto en la econom\u00eda regional<\/strong><br \/>\nEl crecimiento de las rutas dom\u00e9sticas tiene un impacto directo en la econom\u00eda local. Ciudades con infraestructura tur\u00edstica madura, pero con menor conectividad, se benefician de la llegada de vuelos regulares que permiten captar viajeros europeos a trav\u00e9s del <strong>hub de Madrid<\/strong>, as\u00ed como facilitar los desplazamientos interregionales dentro de la pen\u00ednsula y los archipi\u00e9lagos.<\/p>\n<p>Esta estrategia genera efectos positivos en la <strong>ocupaci\u00f3n hotelera, el empleo temporal, las actividades culturales y la inversi\u00f3n privada<\/strong> en zonas donde el transporte a\u00e9reo es una herramienta clave para el desarrollo.<\/p>\n<p><strong>Flota moderna y operativa eficiente<\/strong><br \/>\nAir Europa opera sus rutas nacionales con <strong>aeronaves Boeing 737 y Embraer E195<\/strong>, modelos de \u00faltima generaci\u00f3n adaptados para trayectos cortos y medios, con un menor impacto ambiental y un alto nivel de eficiencia operativa. La puntualidad, el confort y la adaptaci\u00f3n del servicio a las necesidades del pasajero espa\u00f1ol forman parte del valor a\u00f1adido que distingue la propuesta de la compa\u00f1\u00eda.<\/p>\n<p>Adem\u00e1s, la aerol\u00ednea ha incorporado tecnolog\u00eda que facilita el <strong>check-in digital, el embarque \u00e1gil y la atenci\u00f3n posventa multicanal<\/strong>, elevando los est\u00e1ndares del transporte a\u00e9reo nacional.<\/p>\n<p><strong>Una red conectada con visi\u00f3n de futuro<\/strong><br \/>\nCon esta ampliaci\u00f3n y refuerzo de sus rutas regionales, Air Europa reafirma su papel como <strong>conector estrat\u00e9gico del territorio espa\u00f1ol<\/strong>, apostando por una aviaci\u00f3n m\u00e1s inteligente, equilibrada y orientada al desarrollo econ\u00f3mico.<\/p>\n<p>La recuperaci\u00f3n del turismo no se mide solo en cifras, sino tambi\u00e9n en <strong>la capacidad de conectar regiones, distribuir oportunidades y fortalecer el tejido econ\u00f3mico del pa\u00eds<\/strong>. En esa l\u00ednea, la red regional de Air Europa seguir\u00e1 creciendo como parte de una visi\u00f3n de conectividad sostenible y estructural.<\/p>\n<\/div>\n","protected":false},"featured_media":20698,"template":"","meta":{"_acf_changed":false},"acf":[],"yoast_head":"<!-- This site is optimized with the Yoast SEO plugin v22.7 - https:\/\/yoast.com\/wordpress\/plugins\/seo\/ -->\n<title>Air Europa fortalece su red regional en Espa\u00f1a tras la recuperaci\u00f3n tur\u00edstica - Blog Club del Emprendimiento<\/title>\n<meta name=\"robots\" content=\"index, follow, max-snippet:-1, max-image-preview:large, max-video-preview:-1\" \/>\n<link rel=\"canonical\" href=\"https:\/\/www.clubdelemprendimiento.com\/blog\/noticia-corporativa\/air-europa-fortalece-su-red-regional-en-espana-tras-la-recuperacion-turistica\/\" \/>\n<meta property=\"og:locale\" content=\"es_ES\" \/>\n<meta property=\"og:type\" content=\"article\" \/>\n<meta property=\"og:title\" content=\"Air Europa fortalece su red regional en Espa\u00f1a tras la recuperaci\u00f3n tur\u00edstica - Blog Club del Emprendimiento\" \/>\n<meta property=\"og:description\" content=\"La aerol\u00ednea consolida sus conexiones dom\u00e9sticas como parte de una estrategia para dinamizar la&hellip;\" \/>\n<meta property=\"og:url\" content=\"https:\/\/www.clubdelemprendimiento.com\/blog\/noticia-corporativa\/air-europa-fortalece-su-red-regional-en-espana-tras-la-recuperacion-turistica\/\" \/>\n<meta property=\"og:site_name\" content=\"Blog Club del Emprendimiento\" \/>\n<meta property=\"og:image\" content=\"https:\/\/www.clubdelemprendimiento.com\/blog\/wp-content\/uploads\/2025\/08\/Air_Europa_fortalece_su_red_regional_en_Espaa_tras_la_recuperacin_turstica.png\" \/>\n<meta name=\"twitter:card\" content=\"summary_large_image\" \/>\n<meta name=\"twitter:label1\" content=\"Tiempo de lectura\" \/>\n\t<meta name=\"twitter:data1\" content=\"3 minutos\" \/>\n<script type=\"application\/ld+json\" class=\"yoast-schema-graph\">{\"@context\":\"https:\/\/schema.org\",\"@graph\":[{\"@type\":\"WebPage\",\"@id\":\"https:\/\/www.clubdelemprendimiento.com\/blog\/noticia-corporativa\/air-europa-fortalece-su-red-regional-en-espana-tras-la-recuperacion-turistica\/\",\"url\":\"https:\/\/www.clubdelemprendimiento.com\/blog\/noticia-corporativa\/air-europa-fortalece-su-red-regional-en-espana-tras-la-recuperacion-turistica\/\",\"name\":\"Air Europa fortalece su red regional en Espa\u00f1a tras la recuperaci\u00f3n tur\u00edstica - Blog Club del Emprendimiento\",\"isPartOf\":{\"@id\":\"https:\/\/www.clubdelemprendimiento.com\/blog\/#website\"},\"primaryImageOfPage\":{\"@id\":\"https:\/\/www.clubdelemprendimiento.com\/blog\/noticia-corporativa\/air-europa-fortalece-su-red-regional-en-espana-tras-la-recuperacion-turistica\/#primaryimage\"},\"image\":{\"@id\":\"https:\/\/www.clubdelemprendimiento.com\/blog\/noticia-corporativa\/air-europa-fortalece-su-red-regional-en-espana-tras-la-recuperacion-turistica\/#primaryimage\"},\"thumbnailUrl\":\"https:\/\/www.clubdelemprendimiento.com\/blog\/wp-content\/uploads\/2025\/08\/Air_Europa_fortalece_su_red_regional_en_Espaa_tras_la_recuperacin_turstica.png\",\"datePublished\":\"2025-08-07T14:01:08+00:00\",\"dateModified\":\"2025-08-07T14:01:08+00:00\",\"breadcrumb\":{\"@id\":\"https:\/\/www.clubdelemprendimiento.com\/blog\/noticia-corporativa\/air-europa-fortalece-su-red-regional-en-espana-tras-la-recuperacion-turistica\/#breadcrumb\"},\"inLanguage\":\"es\",\"potentialAction\":[{\"@type\":\"ReadAction\",\"target\":[\"https:\/\/www.clubdelemprendimiento.com\/blog\/noticia-corporativa\/air-europa-fortalece-su-red-regional-en-espana-tras-la-recuperacion-turistica\/\"]}]},{\"@type\":\"ImageObject\",\"inLanguage\":\"es\",\"@id\":\"https:\/\/www.clubdelemprendimiento.com\/blog\/noticia-corporativa\/air-europa-fortalece-su-red-regional-en-espana-tras-la-recuperacion-turistica\/#primaryimage\",\"url\":\"https:\/\/www.clubdelemprendimiento.com\/blog\/wp-content\/uploads\/2025\/08\/Air_Europa_fortalece_su_red_regional_en_Espaa_tras_la_recuperacin_turstica.png\",\"contentUrl\":\"https:\/\/www.clubdelemprendimiento.com\/blog\/wp-content\/uploads\/2025\/08\/Air_Europa_fortalece_su_red_regional_en_Espaa_tras_la_recuperacin_turstica.png\",\"width\":1024,\"height\":768},{\"@type\":\"BreadcrumbList\",\"@id\":\"https:\/\/www.clubdelemprendimiento.com\/blog\/noticia-corporativa\/air-europa-fortalece-su-red-regional-en-espana-tras-la-recuperacion-turistica\/#breadcrumb\",\"itemListElement\":[{\"@type\":\"ListItem\",\"position\":1,\"name\":\"Home\",\"item\":\"https:\/\/www.clubdelemprendimiento.com\/blog\/\"},{\"@type\":\"ListItem\",\"position\":2,\"name\":\"Noticias Corporativas\",\"item\":\"https:\/\/www.clubdelemprendimiento.com\/blog\/noticias-corporativas\/\"},{\"@type\":\"ListItem\",\"position\":3,\"name\":\"Air Europa fortalece su red regional en Espa\u00f1a tras la recuperaci\u00f3n tur\u00edstica\"}]},{\"@type\":\"WebSite\",\"@id\":\"https:\/\/www.clubdelemprendimiento.com\/blog\/#website\",\"url\":\"https:\/\/www.clubdelemprendimiento.com\/blog\/\",\"name\":\"Blog Club del Emprendimiento\",\"description\":\"\",\"potentialAction\":[{\"@type\":\"SearchAction\",\"target\":{\"@type\":\"EntryPoint\",\"urlTemplate\":\"https:\/\/www.clubdelemprendimiento.com\/blog\/?s={search_term_string}\"},\"query-input\":\"required name=search_term_string\"}],\"inLanguage\":\"es\"}]}<\/script>\n<!-- \/ Yoast SEO plugin. -->","yoast_head_json":{"title":"Air Europa fortalece su red regional en Espa\u00f1a tras la recuperaci\u00f3n tur\u00edstica - Blog Club del Emprendimiento","robots":{"index":"index","follow":"follow","max-snippet":"max-snippet:-1","max-image-preview":"max-image-preview:large","max-video-preview":"max-video-preview:-1"},"canonical":"https:\/\/www.clubdelemprendimiento.com\/blog\/noticia-corporativa\/air-europa-fortalece-su-red-regional-en-espana-tras-la-recuperacion-turistica\/","og_locale":"es_ES","og_type":"article","og_title":"Air Europa fortalece su red regional en Espa\u00f1a tras la recuperaci\u00f3n tur\u00edstica - Blog Club del Emprendimiento","og_description":"La aerol\u00ednea consolida sus conexiones dom\u00e9sticas como parte de una estrategia para dinamizar la&hellip;","og_url":"https:\/\/www.clubdelemprendimiento.com\/blog\/noticia-corporativa\/air-europa-fortalece-su-red-regional-en-espana-tras-la-recuperacion-turistica\/","og_site_name":"Blog Club del Emprendimiento","og_image":[{"url":"https:\/\/www.clubdelemprendimiento.com\/blog\/wp-content\/uploads\/2025\/08\/Air_Europa_fortalece_su_red_regional_en_Espaa_tras_la_recuperacin_turstica.png"}],"twitter_card":"summary_large_image","twitter_misc":{"Tiempo de lectura":"3 minutos"},"schema":{"@context":"https:\/\/schema.org","@graph":[{"@type":"WebPage","@id":"https:\/\/www.clubdelemprendimiento.com\/blog\/noticia-corporativa\/air-europa-fortalece-su-red-regional-en-espana-tras-la-recuperacion-turistica\/","url":"https:\/\/www.clubdelemprendimiento.com\/blog\/noticia-corporativa\/air-europa-fortalece-su-red-regional-en-espana-tras-la-recuperacion-turistica\/","name":"Air Europa fortalece su red regional en Espa\u00f1a tras la recuperaci\u00f3n tur\u00edstica - Blog Club del Emprendimiento","isPartOf":{"@id":"https:\/\/www.clubdelemprendimiento.com\/blog\/#website"},"primaryImageOfPage":{"@id":"https:\/\/www.clubdelemprendimiento.com\/blog\/noticia-corporativa\/air-europa-fortalece-su-red-regional-en-espana-tras-la-recuperacion-turistica\/#primaryimage"},"image":{"@id":"https:\/\/www.clubdelemprendimiento.com\/blog\/noticia-corporativa\/air-europa-fortalece-su-red-regional-en-espana-tras-la-recuperacion-turistica\/#primaryimage"},"thumbnailUrl":"https:\/\/www.clubdelemprendimiento.com\/blog\/wp-content\/uploads\/2025\/08\/Air_Europa_fortalece_su_red_regional_en_Espaa_tras_la_recuperacin_turstica.png","datePublished":"2025-08-07T14:01:08+00:00","dateModified":"2025-08-07T14:01:08+00:00","breadcrumb":{"@id":"https:\/\/www.clubdelemprendimiento.com\/blog\/noticia-corporativa\/air-europa-fortalece-su-red-regional-en-espana-tras-la-recuperacion-turistica\/#breadcrumb"},"inLanguage":"es","potentialAction":[{"@type":"ReadAction","target":["https:\/\/www.clubdelemprendimiento.com\/blog\/noticia-corporativa\/air-europa-fortalece-su-red-regional-en-espana-tras-la-recuperacion-turistica\/"]}]},{"@type":"ImageObject","inLanguage":"es","@id":"https:\/\/www.clubdelemprendimiento.com\/blog\/noticia-corporativa\/air-europa-fortalece-su-red-regional-en-espana-tras-la-recuperacion-turistica\/#primaryimage","url":"https:\/\/www.clubdelemprendimiento.com\/blog\/wp-content\/uploads\/2025\/08\/Air_Europa_fortalece_su_red_regional_en_Espaa_tras_la_recuperacin_turstica.png","contentUrl":"https:\/\/www.clubdelemprendimiento.com\/blog\/wp-content\/uploads\/2025\/08\/Air_Europa_fortalece_su_red_regional_en_Espaa_tras_la_recuperacin_turstica.png","width":1024,"height":768},{"@type":"BreadcrumbList","@id":"https:\/\/www.clubdelemprendimiento.com\/blog\/noticia-corporativa\/air-europa-fortalece-su-red-regional-en-espana-tras-la-recuperacion-turistica\/#breadcrumb","itemListElement":[{"@type":"ListItem","position":1,"name":"Home","item":"https:\/\/www.clubdelemprendimiento.com\/blog\/"},{"@type":"ListItem","position":2,"name":"Noticias Corporativas","item":"https:\/\/www.clubdelemprendimiento.com\/blog\/noticias-corporativas\/"},{"@type":"ListItem","position":3,"name":"Air Europa fortalece su red regional en Espa\u00f1a tras la recuperaci\u00f3n tur\u00edstica"}]},{"@type":"WebSite","@id":"https:\/\/www.clubdelemprendimiento.com\/blog\/#website","url":"https:\/\/www.clubdelemprendimiento.com\/blog\/","name":"Blog Club del Emprendimiento","description":"","potentialAction":[{"@type":"SearchAction","target":{"@type":"EntryPoint","urlTemplate":"https:\/\/www.clubdelemprendimiento.com\/blog\/?s={search_term_string}"},"query-input":"required name=search_term_string"}],"inLanguage":"es"}]}},"_links":{"self":[{"href":"https:\/\/www.clubdelemprendimiento.com\/blog\/wp-json\/wp\/v2\/noticia-corporativa\/20697"}],"collection":[{"href":"https:\/\/www.clubdelemprendimiento.com\/blog\/wp-json\/wp\/v2\/noticia-corporativa"}],"about":[{"href":"https:\/\/www.clubdelemprendimiento.com\/blog\/wp-json\/wp\/v2\/types\/noticia-corporativa"}],"wp:featuredmedia":[{"embeddable":true,"href":"https:\/\/www.clubdelemprendimiento.com\/blog\/wp-json\/wp\/v2\/media\/20698"}],"wp:attachment":[{"href":"https:\/\/www.clubdelemprendimiento.com\/blog\/wp-json\/wp\/v2\/media?parent=20697"}],"curies":[{"name":"wp","href":"https:\/\/api.w.org\/{rel}","templated":true}]}}