{"id":20685,"date":"2025-08-07T11:05:21","date_gmt":"2025-08-07T11:05:21","guid":{"rendered":"https:\/\/www.clubdelemprendimiento.com\/blog\/noticia-corporativa\/airhelp-recuerda-los-derechos-para-viajar-en-avion-en-familia-este-verano\/"},"modified":"2025-08-07T11:05:21","modified_gmt":"2025-08-07T11:05:21","slug":"airhelp-recuerda-los-derechos-para-viajar-en-avion-en-familia-este-verano","status":"publish","type":"noticia-corporativa","link":"https:\/\/www.clubdelemprendimiento.com\/blog\/noticia-corporativa\/airhelp-recuerda-los-derechos-para-viajar-en-avion-en-familia-este-verano\/","title":{"rendered":"AirHelp recuerda los derechos para viajar en avi\u00f3n en familia este verano"},"content":{"rendered":"<div>\n<p><a href=\"https:\/\/www.clubdelemprendimiento.com\/blog\/wp-content\/uploads\/2025\/08\/pexels_pexels-photo-13350588.jpeg\" target=\"_blank\" class=\"fotonota\" rel=\"noopener\"> <img decoding=\"async\" src=\"https:\/\/www.clubdelemprendimiento.com\/blog\/wp-content\/uploads\/2025\/08\/pexels_pexels-photo-13350588.jpeg\" style=\"max-width:600px;\" border=\"0\" class=\"postImage\" alt=\"\"><\/a><\/p>\n<p>Asientos juntos sin coste adicional, llevar una sillita de paseo y una silla de coche sin coste extra, o transportar en cabina leche o comida infantil incluso en cantidades superiores a los 100 ml., son algunos de los derechos de las familias que viajan en avi\u00f3n<\/p>\n<p><\/p>\n<p>En plena temporada alta de viajes, miles de familias se desplazan en avi\u00f3n por todo el mundo sin conocer sus derechos como pasajeros. Frente a retrasos, cancelaciones, cambios de asiento o problemas con el equipaje, muchas veces la incertidumbre se impone. Por eso, desde <a href=\"https:\/\/www.airhelp.com\/es\/\" rel=\"nofollow\"><strong>AirHelp<\/strong><\/a> se recuerdan los derechos que protegen a los viajeros m\u00e1s vulnerables: los ni\u00f1os y sus acompa\u00f1antes.<\/p>\n<p><strong>Asientos juntos sin coste adicional<\/strong><br \/>\nLa normativa europea exige que los menores de 12 a\u00f1os est\u00e9n sentados junto a un adulto acompa\u00f1ante sin pagar suplemento, \u00abcuando sea posible\u00bb. Las aerol\u00edneas no pueden cobrar por este derecho ni separar a un ni\u00f1o por no haber pagado la selecci\u00f3n de asiento. Aunque la implementaci\u00f3n var\u00eda seg\u00fan la aerol\u00ednea, los pasajeros tienen respaldo normativo y pueden reclamar.<\/p>\n<p><strong>Viajar con beb\u00e9s: lo que se puede llevar consigo<br \/>\nLas familias pueden llevar una sillita de paseo y una silla de coche sin coste extra, y transportar en cabina leche o comida infantil, incluso en cantidades superiores a los 100 ml.<\/strong> Actualmente, es muy habitual que las aerol\u00edneas ofrezcan un embarque prioritario y asistencia especial en aeropuertos a familias con ni\u00f1os peque\u00f1os. Por otro lado, es imprescindible que cada menor lleve su propio pasaporte o documento nacional de identidad, y en caso de viajar con un solo progenitor, se recomienda llevar una carta de consentimiento firmada.<\/p>\n<p><strong>Compensaciones por retrasos y cancelaciones<\/strong><br \/>\nCuando un vuelo se retrasa m\u00e1s de 2 horas, las compa\u00f1\u00edas deben ofrecer comida, bebidas y acceso a comunicaci\u00f3n. Si el retraso supera las 3 horas o se cancela el vuelo, la compensaci\u00f3n puede llegar a los 600 euros por pasajero, siempre que no sea por circunstancias extraordinarias. Adem\u00e1s, en caso de pernocta o reubicaci\u00f3n, la aerol\u00ednea debe cubrir alojamiento y transporte, especialmente cuando se viaja con menores.<\/p>\n<p><strong>Equipaje: derechos tambi\u00e9n para los m\u00e1s peque\u00f1os<\/strong><br \/>\nIgualmente, AirHelp recuerda que, en caso de p\u00e9rdida o retraso del equipaje, las familias pueden solicitar el reembolso de productos esenciales como ropa, pa\u00f1ales o leche infantil. En estos casos, la compensaci\u00f3n puede alcanzar los 1.300 euros seg\u00fan el Convenio de Montreal y para ello es clave presentar una reclamaci\u00f3n formal en los plazos establecidos (7 d\u00edas por da\u00f1o, 21 por retraso).<\/p>\n<p>\u00abMuchos padres no saben que tienen derecho a sentarse junto a sus hijos sin pagar m\u00e1s, o que pueden reclamar si su vuelo se retrasa. Queremos que conozcan sus derechos y que los puedan ejercer para tener la mejor experiencia cuando viajen en familia\u00bb, afirma Eric Napoli, responsable legal de AirHelp.<\/p>\n<\/div>\n","protected":false},"featured_media":20686,"template":"","meta":{"_acf_changed":false},"acf":[],"yoast_head":"<!-- This site is optimized with the Yoast SEO plugin v22.7 - https:\/\/yoast.com\/wordpress\/plugins\/seo\/ -->\n<title>AirHelp recuerda los derechos para viajar en avi\u00f3n en familia este verano - Blog Club del Emprendimiento<\/title>\n<meta name=\"robots\" content=\"index, follow, max-snippet:-1, max-image-preview:large, max-video-preview:-1\" \/>\n<link rel=\"canonical\" href=\"https:\/\/www.clubdelemprendimiento.com\/blog\/noticia-corporativa\/airhelp-recuerda-los-derechos-para-viajar-en-avion-en-familia-este-verano\/\" \/>\n<meta property=\"og:locale\" content=\"es_ES\" \/>\n<meta property=\"og:type\" content=\"article\" \/>\n<meta property=\"og:title\" content=\"AirHelp recuerda los derechos para viajar en avi\u00f3n en familia este verano - Blog Club del Emprendimiento\" \/>\n<meta property=\"og:description\" content=\"Asientos juntos sin coste adicional, llevar una sillita de paseo y una silla de&hellip;\" \/>\n<meta property=\"og:url\" content=\"https:\/\/www.clubdelemprendimiento.com\/blog\/noticia-corporativa\/airhelp-recuerda-los-derechos-para-viajar-en-avion-en-familia-este-verano\/\" \/>\n<meta property=\"og:site_name\" content=\"Blog Club del Emprendimiento\" \/>\n<meta property=\"og:image\" content=\"https:\/\/www.clubdelemprendimiento.com\/blog\/wp-content\/uploads\/2025\/08\/pexels_pexels-photo-13350588.jpeg\" \/>\n<meta name=\"twitter:card\" content=\"summary_large_image\" \/>\n<meta name=\"twitter:label1\" content=\"Tiempo de lectura\" \/>\n\t<meta name=\"twitter:data1\" content=\"2 minutos\" \/>\n<script type=\"application\/ld+json\" class=\"yoast-schema-graph\">{\"@context\":\"https:\/\/schema.org\",\"@graph\":[{\"@type\":\"WebPage\",\"@id\":\"https:\/\/www.clubdelemprendimiento.com\/blog\/noticia-corporativa\/airhelp-recuerda-los-derechos-para-viajar-en-avion-en-familia-este-verano\/\",\"url\":\"https:\/\/www.clubdelemprendimiento.com\/blog\/noticia-corporativa\/airhelp-recuerda-los-derechos-para-viajar-en-avion-en-familia-este-verano\/\",\"name\":\"AirHelp recuerda los derechos para viajar en avi\u00f3n en familia este verano - Blog Club del Emprendimiento\",\"isPartOf\":{\"@id\":\"https:\/\/www.clubdelemprendimiento.com\/blog\/#website\"},\"primaryImageOfPage\":{\"@id\":\"https:\/\/www.clubdelemprendimiento.com\/blog\/noticia-corporativa\/airhelp-recuerda-los-derechos-para-viajar-en-avion-en-familia-este-verano\/#primaryimage\"},\"image\":{\"@id\":\"https:\/\/www.clubdelemprendimiento.com\/blog\/noticia-corporativa\/airhelp-recuerda-los-derechos-para-viajar-en-avion-en-familia-este-verano\/#primaryimage\"},\"thumbnailUrl\":\"https:\/\/www.clubdelemprendimiento.com\/blog\/wp-content\/uploads\/2025\/08\/pexels_pexels-photo-13350588.jpeg\",\"datePublished\":\"2025-08-07T11:05:21+00:00\",\"dateModified\":\"2025-08-07T11:05:21+00:00\",\"breadcrumb\":{\"@id\":\"https:\/\/www.clubdelemprendimiento.com\/blog\/noticia-corporativa\/airhelp-recuerda-los-derechos-para-viajar-en-avion-en-familia-este-verano\/#breadcrumb\"},\"inLanguage\":\"es\",\"potentialAction\":[{\"@type\":\"ReadAction\",\"target\":[\"https:\/\/www.clubdelemprendimiento.com\/blog\/noticia-corporativa\/airhelp-recuerda-los-derechos-para-viajar-en-avion-en-familia-este-verano\/\"]}]},{\"@type\":\"ImageObject\",\"inLanguage\":\"es\",\"@id\":\"https:\/\/www.clubdelemprendimiento.com\/blog\/noticia-corporativa\/airhelp-recuerda-los-derechos-para-viajar-en-avion-en-familia-este-verano\/#primaryimage\",\"url\":\"https:\/\/www.clubdelemprendimiento.com\/blog\/wp-content\/uploads\/2025\/08\/pexels_pexels-photo-13350588.jpeg\",\"contentUrl\":\"https:\/\/www.clubdelemprendimiento.com\/blog\/wp-content\/uploads\/2025\/08\/pexels_pexels-photo-13350588.jpeg\",\"width\":433,\"height\":650},{\"@type\":\"BreadcrumbList\",\"@id\":\"https:\/\/www.clubdelemprendimiento.com\/blog\/noticia-corporativa\/airhelp-recuerda-los-derechos-para-viajar-en-avion-en-familia-este-verano\/#breadcrumb\",\"itemListElement\":[{\"@type\":\"ListItem\",\"position\":1,\"name\":\"Home\",\"item\":\"https:\/\/www.clubdelemprendimiento.com\/blog\/\"},{\"@type\":\"ListItem\",\"position\":2,\"name\":\"Noticias Corporativas\",\"item\":\"https:\/\/www.clubdelemprendimiento.com\/blog\/noticias-corporativas\/\"},{\"@type\":\"ListItem\",\"position\":3,\"name\":\"AirHelp recuerda los derechos para viajar en avi\u00f3n en familia este verano\"}]},{\"@type\":\"WebSite\",\"@id\":\"https:\/\/www.clubdelemprendimiento.com\/blog\/#website\",\"url\":\"https:\/\/www.clubdelemprendimiento.com\/blog\/\",\"name\":\"Blog Club del Emprendimiento\",\"description\":\"\",\"potentialAction\":[{\"@type\":\"SearchAction\",\"target\":{\"@type\":\"EntryPoint\",\"urlTemplate\":\"https:\/\/www.clubdelemprendimiento.com\/blog\/?s={search_term_string}\"},\"query-input\":\"required name=search_term_string\"}],\"inLanguage\":\"es\"}]}<\/script>\n<!-- \/ Yoast SEO plugin. -->","yoast_head_json":{"title":"AirHelp recuerda los derechos para viajar en avi\u00f3n en familia este verano - Blog Club del Emprendimiento","robots":{"index":"index","follow":"follow","max-snippet":"max-snippet:-1","max-image-preview":"max-image-preview:large","max-video-preview":"max-video-preview:-1"},"canonical":"https:\/\/www.clubdelemprendimiento.com\/blog\/noticia-corporativa\/airhelp-recuerda-los-derechos-para-viajar-en-avion-en-familia-este-verano\/","og_locale":"es_ES","og_type":"article","og_title":"AirHelp recuerda los derechos para viajar en avi\u00f3n en familia este verano - Blog Club del Emprendimiento","og_description":"Asientos juntos sin coste adicional, llevar una sillita de paseo y una silla de&hellip;","og_url":"https:\/\/www.clubdelemprendimiento.com\/blog\/noticia-corporativa\/airhelp-recuerda-los-derechos-para-viajar-en-avion-en-familia-este-verano\/","og_site_name":"Blog Club del Emprendimiento","og_image":[{"url":"https:\/\/www.clubdelemprendimiento.com\/blog\/wp-content\/uploads\/2025\/08\/pexels_pexels-photo-13350588.jpeg"}],"twitter_card":"summary_large_image","twitter_misc":{"Tiempo de lectura":"2 minutos"},"schema":{"@context":"https:\/\/schema.org","@graph":[{"@type":"WebPage","@id":"https:\/\/www.clubdelemprendimiento.com\/blog\/noticia-corporativa\/airhelp-recuerda-los-derechos-para-viajar-en-avion-en-familia-este-verano\/","url":"https:\/\/www.clubdelemprendimiento.com\/blog\/noticia-corporativa\/airhelp-recuerda-los-derechos-para-viajar-en-avion-en-familia-este-verano\/","name":"AirHelp recuerda los derechos para viajar en avi\u00f3n en familia este verano - Blog Club del Emprendimiento","isPartOf":{"@id":"https:\/\/www.clubdelemprendimiento.com\/blog\/#website"},"primaryImageOfPage":{"@id":"https:\/\/www.clubdelemprendimiento.com\/blog\/noticia-corporativa\/airhelp-recuerda-los-derechos-para-viajar-en-avion-en-familia-este-verano\/#primaryimage"},"image":{"@id":"https:\/\/www.clubdelemprendimiento.com\/blog\/noticia-corporativa\/airhelp-recuerda-los-derechos-para-viajar-en-avion-en-familia-este-verano\/#primaryimage"},"thumbnailUrl":"https:\/\/www.clubdelemprendimiento.com\/blog\/wp-content\/uploads\/2025\/08\/pexels_pexels-photo-13350588.jpeg","datePublished":"2025-08-07T11:05:21+00:00","dateModified":"2025-08-07T11:05:21+00:00","breadcrumb":{"@id":"https:\/\/www.clubdelemprendimiento.com\/blog\/noticia-corporativa\/airhelp-recuerda-los-derechos-para-viajar-en-avion-en-familia-este-verano\/#breadcrumb"},"inLanguage":"es","potentialAction":[{"@type":"ReadAction","target":["https:\/\/www.clubdelemprendimiento.com\/blog\/noticia-corporativa\/airhelp-recuerda-los-derechos-para-viajar-en-avion-en-familia-este-verano\/"]}]},{"@type":"ImageObject","inLanguage":"es","@id":"https:\/\/www.clubdelemprendimiento.com\/blog\/noticia-corporativa\/airhelp-recuerda-los-derechos-para-viajar-en-avion-en-familia-este-verano\/#primaryimage","url":"https:\/\/www.clubdelemprendimiento.com\/blog\/wp-content\/uploads\/2025\/08\/pexels_pexels-photo-13350588.jpeg","contentUrl":"https:\/\/www.clubdelemprendimiento.com\/blog\/wp-content\/uploads\/2025\/08\/pexels_pexels-photo-13350588.jpeg","width":433,"height":650},{"@type":"BreadcrumbList","@id":"https:\/\/www.clubdelemprendimiento.com\/blog\/noticia-corporativa\/airhelp-recuerda-los-derechos-para-viajar-en-avion-en-familia-este-verano\/#breadcrumb","itemListElement":[{"@type":"ListItem","position":1,"name":"Home","item":"https:\/\/www.clubdelemprendimiento.com\/blog\/"},{"@type":"ListItem","position":2,"name":"Noticias Corporativas","item":"https:\/\/www.clubdelemprendimiento.com\/blog\/noticias-corporativas\/"},{"@type":"ListItem","position":3,"name":"AirHelp recuerda los derechos para viajar en avi\u00f3n en familia este verano"}]},{"@type":"WebSite","@id":"https:\/\/www.clubdelemprendimiento.com\/blog\/#website","url":"https:\/\/www.clubdelemprendimiento.com\/blog\/","name":"Blog Club del Emprendimiento","description":"","potentialAction":[{"@type":"SearchAction","target":{"@type":"EntryPoint","urlTemplate":"https:\/\/www.clubdelemprendimiento.com\/blog\/?s={search_term_string}"},"query-input":"required name=search_term_string"}],"inLanguage":"es"}]}},"_links":{"self":[{"href":"https:\/\/www.clubdelemprendimiento.com\/blog\/wp-json\/wp\/v2\/noticia-corporativa\/20685"}],"collection":[{"href":"https:\/\/www.clubdelemprendimiento.com\/blog\/wp-json\/wp\/v2\/noticia-corporativa"}],"about":[{"href":"https:\/\/www.clubdelemprendimiento.com\/blog\/wp-json\/wp\/v2\/types\/noticia-corporativa"}],"wp:featuredmedia":[{"embeddable":true,"href":"https:\/\/www.clubdelemprendimiento.com\/blog\/wp-json\/wp\/v2\/media\/20686"}],"wp:attachment":[{"href":"https:\/\/www.clubdelemprendimiento.com\/blog\/wp-json\/wp\/v2\/media?parent=20685"}],"curies":[{"name":"wp","href":"https:\/\/api.w.org\/{rel}","templated":true}]}}