{"id":20677,"date":"2025-08-07T10:04:56","date_gmt":"2025-08-07T10:04:56","guid":{"rendered":"https:\/\/www.clubdelemprendimiento.com\/blog\/noticia-corporativa\/payli-cierra-una-ronda-de-financiacion-de-480-000-euros-con-finaer-como-inversor-estrategico\/"},"modified":"2025-08-07T10:04:56","modified_gmt":"2025-08-07T10:04:56","slug":"payli-cierra-una-ronda-de-financiacion-de-480-000-euros-con-finaer-como-inversor-estrategico","status":"publish","type":"noticia-corporativa","link":"https:\/\/www.clubdelemprendimiento.com\/blog\/noticia-corporativa\/payli-cierra-una-ronda-de-financiacion-de-480-000-euros-con-finaer-como-inversor-estrategico\/","title":{"rendered":"Payli cierra una ronda de financiaci\u00f3n de 480.000 euros con Finaer como inversor estrat\u00e9gico"},"content":{"rendered":"<div>\n<p><a href=\"https:\/\/www.clubdelemprendimiento.com\/blog\/wp-content\/uploads\/2025\/08\/Payli_Team.jpg\" target=\"_blank\" class=\"fotonota\" rel=\"noopener\"> <img decoding=\"async\" src=\"https:\/\/www.clubdelemprendimiento.com\/blog\/wp-content\/uploads\/2025\/08\/Payli_Team.jpg\" style=\"max-width:600px;\" border=\"0\" class=\"postImage\" alt=\"\"><\/a><\/p>\n<p>La ronda se ha estructurado mediante una combinaci\u00f3n de capital dilutivo, 300.000 euros procedente de inversores privados, entre los que destaca Finaer, y financiaci\u00f3n p\u00fablica a trav\u00e9s de ENISA, entidad p\u00fablica espa\u00f1ola dependiente del Ministerio de Industria y Turismo, que ha aportado 180.000 euros<\/p>\n<p><\/p>\n<p><a href=\"https:\/\/www.payli.es\/\" rel=\"nofollow\"><strong>Payli<\/strong><\/a>, startup especializada en soluciones tecnol\u00f3gicas aplicadas al sector inmobiliario, ha cerrado una <strong>ronda de financiaci\u00f3n por valor de 480.000 euros<\/strong>. La operaci\u00f3n ha contado con la participaci\u00f3n de diversos inversores estrat\u00e9gicos del \u00e1mbito inmobiliario y tecnol\u00f3gico, entre los que destaca <strong>Finaer como lead investor<\/strong>, aportando aproximadamente el <strong>50% del capital<\/strong>. La operaci\u00f3n ha sido coordinada y avalada por la <strong>consultora<\/strong> <a href=\"https:\/\/somosenlace.com\/\" rel=\"nofollow\"><strong>ENLACE<\/strong><\/a>.<\/p>\n<p>La entrada de Finaer no solo refuerza la posici\u00f3n financiera de Payli, sino que tambi\u00e9n supone un impulso clave para su desarrollo estrat\u00e9gico. Gracias a esta alianza, la compa\u00f1\u00eda podr\u00e1 <strong>acceder a una mayor masa cr\u00edtica de clientes<\/strong>, beneficiarse del <strong>know-how sectorial<\/strong> de uno de los principales actores del mercado, consolidar su <strong>plan de crecimiento<\/strong>, <strong>fortalecer su equipo<\/strong> y ampliar su <strong>presencia en el mercado nacional<\/strong>.<\/p>\n<p>La ronda se ha estructurado mediante una combinaci\u00f3n de <strong>capital dilutivo (300.000 euros, procedente de inversores privados, entre los que destaca Finaer,<\/strong> y financiaci\u00f3n p\u00fablica a trav\u00e9s de la Empresa Nacional de Innovaci\u00f3n (<strong>ENISA<\/strong>), entidad p\u00fablica espa\u00f1ola dependiente del Ministerio de Industria y Turismo, que ha aportado <strong>180.000 euros<\/strong>.<\/p>\n<p>El conjunto de inversores que han apostado por el proyecto incluye a Olle Bertran \u2013 <strong>Marc Oll\u00e9<\/strong>; Showtime Ventures SL \u2013 <strong>Francesc Salas<\/strong> (Otesa Gesti\u00f3n Inmobiliaria); Decoflat SL (SH Barcelona) \u2013 <strong>Eduard Itoiz<\/strong>; Gallofr\u00e9 Administraci\u00f3n SL \u2013 <strong>Jaume Gallofr\u00e9<\/strong>; <strong>Sergi Serra Mu\u00f1oz<\/strong> (SerraIMMO); <strong>Naima Ibn<\/strong> <strong>Taheren<\/strong> Larrea (Inmogracia); <strong>Eva Troya<\/strong> Navarro (Oll\u00e9Bertr\u00e1n); <strong>Sebasti\u00e1n Esteban<\/strong> Ben\u00edtez (Inmogracia); <strong>Nicol\u00e1s Barilari<\/strong> Plana (Finaer); Mayoball2007 SL \u2013 <strong>Bego\u00f1a Ballesteros<\/strong> (Mayoball); y Nash21 Worldwide SL (Finaer).<\/p>\n<p>\u00abEsta ampliaci\u00f3n de capital es un punto de inflexi\u00f3n clave para escalar los resultados de Payli. No solo <strong>validamos la propuesta de valor<\/strong>, sino que tambi\u00e9n se suman\u00a0<strong>aliados clave<\/strong> que permitir\u00e1n crecer con solidez en el ecosistema inmobiliario\u00bb, se\u00f1ala <strong>Anthony P\u00e9rez, CEO de Payli<\/strong>. \u00abEl respaldo de Finaer y del resto de inversores es una muestra de confianza en un <strong>modelo de negocio que funciona<\/strong> y que aporta <strong>soluciones reales<\/strong> a los profesionales de la industria. Es por eso por lo que todo el capital proviene del propio sector inmobiliario\u00bb.<\/p>\n<p>Desde el equipo impulsor de la incubaci\u00f3n de Payli, <strong>Marc Oll\u00e9 y Francesc Salas<\/strong>, socios fundadores de ENLACE, destacan: \u00abPayli representa exactamente el tipo de compa\u00f1\u00eda que buscamos apoyar: tecnolog\u00eda con prop\u00f3sito, <strong>visi\u00f3n clara de negocio y capacidad de ejecuci\u00f3n<\/strong>. La ronda es una validaci\u00f3n de su recorrido y una <strong>palanca para su pr\u00f3xima etapa<\/strong>. Con esta operaci\u00f3n, Payli refuerza su hoja de ruta enfocada en la transformaci\u00f3n digital del sector, posicion\u00e1ndose como un <strong>actor innovador<\/strong> en la automatizaci\u00f3n de cualquier operaci\u00f3n inmobiliaria con capacidad para escalar soluciones tecnol\u00f3gicas\u00bb.<\/p>\n<\/div>\n","protected":false},"featured_media":20678,"template":"","meta":{"_acf_changed":false},"acf":[],"yoast_head":"<!-- This site is optimized with the Yoast SEO plugin v22.7 - https:\/\/yoast.com\/wordpress\/plugins\/seo\/ -->\n<title>Payli cierra una ronda de financiaci\u00f3n de 480.000 euros con Finaer como inversor estrat\u00e9gico - Blog Club del Emprendimiento<\/title>\n<meta name=\"robots\" content=\"index, follow, max-snippet:-1, max-image-preview:large, max-video-preview:-1\" \/>\n<link rel=\"canonical\" href=\"https:\/\/www.clubdelemprendimiento.com\/blog\/noticia-corporativa\/payli-cierra-una-ronda-de-financiacion-de-480-000-euros-con-finaer-como-inversor-estrategico\/\" \/>\n<meta property=\"og:locale\" content=\"es_ES\" \/>\n<meta property=\"og:type\" content=\"article\" \/>\n<meta property=\"og:title\" content=\"Payli cierra una ronda de financiaci\u00f3n de 480.000 euros con Finaer como inversor estrat\u00e9gico - Blog Club del Emprendimiento\" \/>\n<meta property=\"og:description\" content=\"La ronda se ha estructurado mediante una combinaci\u00f3n de capital dilutivo, 300.000 euros procedente&hellip;\" \/>\n<meta property=\"og:url\" content=\"https:\/\/www.clubdelemprendimiento.com\/blog\/noticia-corporativa\/payli-cierra-una-ronda-de-financiacion-de-480-000-euros-con-finaer-como-inversor-estrategico\/\" \/>\n<meta property=\"og:site_name\" content=\"Blog Club del Emprendimiento\" \/>\n<meta property=\"og:image\" content=\"https:\/\/www.clubdelemprendimiento.com\/blog\/wp-content\/uploads\/2025\/08\/Payli_Team.jpg\" \/>\n<meta name=\"twitter:card\" content=\"summary_large_image\" \/>\n<meta name=\"twitter:label1\" content=\"Tiempo de lectura\" \/>\n\t<meta name=\"twitter:data1\" content=\"3 minutos\" \/>\n<script type=\"application\/ld+json\" class=\"yoast-schema-graph\">{\"@context\":\"https:\/\/schema.org\",\"@graph\":[{\"@type\":\"WebPage\",\"@id\":\"https:\/\/www.clubdelemprendimiento.com\/blog\/noticia-corporativa\/payli-cierra-una-ronda-de-financiacion-de-480-000-euros-con-finaer-como-inversor-estrategico\/\",\"url\":\"https:\/\/www.clubdelemprendimiento.com\/blog\/noticia-corporativa\/payli-cierra-una-ronda-de-financiacion-de-480-000-euros-con-finaer-como-inversor-estrategico\/\",\"name\":\"Payli cierra una ronda de financiaci\u00f3n de 480.000 euros con Finaer como inversor estrat\u00e9gico - Blog Club del Emprendimiento\",\"isPartOf\":{\"@id\":\"https:\/\/www.clubdelemprendimiento.com\/blog\/#website\"},\"primaryImageOfPage\":{\"@id\":\"https:\/\/www.clubdelemprendimiento.com\/blog\/noticia-corporativa\/payli-cierra-una-ronda-de-financiacion-de-480-000-euros-con-finaer-como-inversor-estrategico\/#primaryimage\"},\"image\":{\"@id\":\"https:\/\/www.clubdelemprendimiento.com\/blog\/noticia-corporativa\/payli-cierra-una-ronda-de-financiacion-de-480-000-euros-con-finaer-como-inversor-estrategico\/#primaryimage\"},\"thumbnailUrl\":\"https:\/\/www.clubdelemprendimiento.com\/blog\/wp-content\/uploads\/2025\/08\/Payli_Team-scaled.jpg\",\"datePublished\":\"2025-08-07T10:04:56+00:00\",\"dateModified\":\"2025-08-07T10:04:56+00:00\",\"breadcrumb\":{\"@id\":\"https:\/\/www.clubdelemprendimiento.com\/blog\/noticia-corporativa\/payli-cierra-una-ronda-de-financiacion-de-480-000-euros-con-finaer-como-inversor-estrategico\/#breadcrumb\"},\"inLanguage\":\"es\",\"potentialAction\":[{\"@type\":\"ReadAction\",\"target\":[\"https:\/\/www.clubdelemprendimiento.com\/blog\/noticia-corporativa\/payli-cierra-una-ronda-de-financiacion-de-480-000-euros-con-finaer-como-inversor-estrategico\/\"]}]},{\"@type\":\"ImageObject\",\"inLanguage\":\"es\",\"@id\":\"https:\/\/www.clubdelemprendimiento.com\/blog\/noticia-corporativa\/payli-cierra-una-ronda-de-financiacion-de-480-000-euros-con-finaer-como-inversor-estrategico\/#primaryimage\",\"url\":\"https:\/\/www.clubdelemprendimiento.com\/blog\/wp-content\/uploads\/2025\/08\/Payli_Team-scaled.jpg\",\"contentUrl\":\"https:\/\/www.clubdelemprendimiento.com\/blog\/wp-content\/uploads\/2025\/08\/Payli_Team-scaled.jpg\",\"width\":2560,\"height\":2169},{\"@type\":\"BreadcrumbList\",\"@id\":\"https:\/\/www.clubdelemprendimiento.com\/blog\/noticia-corporativa\/payli-cierra-una-ronda-de-financiacion-de-480-000-euros-con-finaer-como-inversor-estrategico\/#breadcrumb\",\"itemListElement\":[{\"@type\":\"ListItem\",\"position\":1,\"name\":\"Home\",\"item\":\"https:\/\/www.clubdelemprendimiento.com\/blog\/\"},{\"@type\":\"ListItem\",\"position\":2,\"name\":\"Noticias Corporativas\",\"item\":\"https:\/\/www.clubdelemprendimiento.com\/blog\/noticias-corporativas\/\"},{\"@type\":\"ListItem\",\"position\":3,\"name\":\"Payli cierra una ronda de financiaci\u00f3n de 480.000 euros con Finaer como inversor estrat\u00e9gico\"}]},{\"@type\":\"WebSite\",\"@id\":\"https:\/\/www.clubdelemprendimiento.com\/blog\/#website\",\"url\":\"https:\/\/www.clubdelemprendimiento.com\/blog\/\",\"name\":\"Blog Club del Emprendimiento\",\"description\":\"\",\"potentialAction\":[{\"@type\":\"SearchAction\",\"target\":{\"@type\":\"EntryPoint\",\"urlTemplate\":\"https:\/\/www.clubdelemprendimiento.com\/blog\/?s={search_term_string}\"},\"query-input\":\"required name=search_term_string\"}],\"inLanguage\":\"es\"}]}<\/script>\n<!-- \/ Yoast SEO plugin. -->","yoast_head_json":{"title":"Payli cierra una ronda de financiaci\u00f3n de 480.000 euros con Finaer como inversor estrat\u00e9gico - Blog Club del Emprendimiento","robots":{"index":"index","follow":"follow","max-snippet":"max-snippet:-1","max-image-preview":"max-image-preview:large","max-video-preview":"max-video-preview:-1"},"canonical":"https:\/\/www.clubdelemprendimiento.com\/blog\/noticia-corporativa\/payli-cierra-una-ronda-de-financiacion-de-480-000-euros-con-finaer-como-inversor-estrategico\/","og_locale":"es_ES","og_type":"article","og_title":"Payli cierra una ronda de financiaci\u00f3n de 480.000 euros con Finaer como inversor estrat\u00e9gico - Blog Club del Emprendimiento","og_description":"La ronda se ha estructurado mediante una combinaci\u00f3n de capital dilutivo, 300.000 euros procedente&hellip;","og_url":"https:\/\/www.clubdelemprendimiento.com\/blog\/noticia-corporativa\/payli-cierra-una-ronda-de-financiacion-de-480-000-euros-con-finaer-como-inversor-estrategico\/","og_site_name":"Blog Club del Emprendimiento","og_image":[{"url":"https:\/\/www.clubdelemprendimiento.com\/blog\/wp-content\/uploads\/2025\/08\/Payli_Team.jpg"}],"twitter_card":"summary_large_image","twitter_misc":{"Tiempo de lectura":"3 minutos"},"schema":{"@context":"https:\/\/schema.org","@graph":[{"@type":"WebPage","@id":"https:\/\/www.clubdelemprendimiento.com\/blog\/noticia-corporativa\/payli-cierra-una-ronda-de-financiacion-de-480-000-euros-con-finaer-como-inversor-estrategico\/","url":"https:\/\/www.clubdelemprendimiento.com\/blog\/noticia-corporativa\/payli-cierra-una-ronda-de-financiacion-de-480-000-euros-con-finaer-como-inversor-estrategico\/","name":"Payli cierra una ronda de financiaci\u00f3n de 480.000 euros con Finaer como inversor estrat\u00e9gico - Blog Club del Emprendimiento","isPartOf":{"@id":"https:\/\/www.clubdelemprendimiento.com\/blog\/#website"},"primaryImageOfPage":{"@id":"https:\/\/www.clubdelemprendimiento.com\/blog\/noticia-corporativa\/payli-cierra-una-ronda-de-financiacion-de-480-000-euros-con-finaer-como-inversor-estrategico\/#primaryimage"},"image":{"@id":"https:\/\/www.clubdelemprendimiento.com\/blog\/noticia-corporativa\/payli-cierra-una-ronda-de-financiacion-de-480-000-euros-con-finaer-como-inversor-estrategico\/#primaryimage"},"thumbnailUrl":"https:\/\/www.clubdelemprendimiento.com\/blog\/wp-content\/uploads\/2025\/08\/Payli_Team-scaled.jpg","datePublished":"2025-08-07T10:04:56+00:00","dateModified":"2025-08-07T10:04:56+00:00","breadcrumb":{"@id":"https:\/\/www.clubdelemprendimiento.com\/blog\/noticia-corporativa\/payli-cierra-una-ronda-de-financiacion-de-480-000-euros-con-finaer-como-inversor-estrategico\/#breadcrumb"},"inLanguage":"es","potentialAction":[{"@type":"ReadAction","target":["https:\/\/www.clubdelemprendimiento.com\/blog\/noticia-corporativa\/payli-cierra-una-ronda-de-financiacion-de-480-000-euros-con-finaer-como-inversor-estrategico\/"]}]},{"@type":"ImageObject","inLanguage":"es","@id":"https:\/\/www.clubdelemprendimiento.com\/blog\/noticia-corporativa\/payli-cierra-una-ronda-de-financiacion-de-480-000-euros-con-finaer-como-inversor-estrategico\/#primaryimage","url":"https:\/\/www.clubdelemprendimiento.com\/blog\/wp-content\/uploads\/2025\/08\/Payli_Team-scaled.jpg","contentUrl":"https:\/\/www.clubdelemprendimiento.com\/blog\/wp-content\/uploads\/2025\/08\/Payli_Team-scaled.jpg","width":2560,"height":2169},{"@type":"BreadcrumbList","@id":"https:\/\/www.clubdelemprendimiento.com\/blog\/noticia-corporativa\/payli-cierra-una-ronda-de-financiacion-de-480-000-euros-con-finaer-como-inversor-estrategico\/#breadcrumb","itemListElement":[{"@type":"ListItem","position":1,"name":"Home","item":"https:\/\/www.clubdelemprendimiento.com\/blog\/"},{"@type":"ListItem","position":2,"name":"Noticias Corporativas","item":"https:\/\/www.clubdelemprendimiento.com\/blog\/noticias-corporativas\/"},{"@type":"ListItem","position":3,"name":"Payli cierra una ronda de financiaci\u00f3n de 480.000 euros con Finaer como inversor estrat\u00e9gico"}]},{"@type":"WebSite","@id":"https:\/\/www.clubdelemprendimiento.com\/blog\/#website","url":"https:\/\/www.clubdelemprendimiento.com\/blog\/","name":"Blog Club del Emprendimiento","description":"","potentialAction":[{"@type":"SearchAction","target":{"@type":"EntryPoint","urlTemplate":"https:\/\/www.clubdelemprendimiento.com\/blog\/?s={search_term_string}"},"query-input":"required name=search_term_string"}],"inLanguage":"es"}]}},"_links":{"self":[{"href":"https:\/\/www.clubdelemprendimiento.com\/blog\/wp-json\/wp\/v2\/noticia-corporativa\/20677"}],"collection":[{"href":"https:\/\/www.clubdelemprendimiento.com\/blog\/wp-json\/wp\/v2\/noticia-corporativa"}],"about":[{"href":"https:\/\/www.clubdelemprendimiento.com\/blog\/wp-json\/wp\/v2\/types\/noticia-corporativa"}],"wp:featuredmedia":[{"embeddable":true,"href":"https:\/\/www.clubdelemprendimiento.com\/blog\/wp-json\/wp\/v2\/media\/20678"}],"wp:attachment":[{"href":"https:\/\/www.clubdelemprendimiento.com\/blog\/wp-json\/wp\/v2\/media?parent=20677"}],"curies":[{"name":"wp","href":"https:\/\/api.w.org\/{rel}","templated":true}]}}