{"id":20661,"date":"2025-08-06T14:04:32","date_gmt":"2025-08-06T14:04:32","guid":{"rendered":"https:\/\/www.clubdelemprendimiento.com\/blog\/noticia-corporativa\/alonso-wang-y-maria-eugenia-albares-se-incorporan-a-baseus-para-consolidar-el-crecimiento-en-europa-y-espana\/"},"modified":"2025-08-06T14:04:32","modified_gmt":"2025-08-06T14:04:32","slug":"alonso-wang-y-maria-eugenia-albares-se-incorporan-a-baseus-para-consolidar-el-crecimiento-en-europa-y-espana","status":"publish","type":"noticia-corporativa","link":"https:\/\/www.clubdelemprendimiento.com\/blog\/noticia-corporativa\/alonso-wang-y-maria-eugenia-albares-se-incorporan-a-baseus-para-consolidar-el-crecimiento-en-europa-y-espana\/","title":{"rendered":"Alonso Wang y Mar\u00eda Eugenia Albares se incorporan a Baseus para consolidar el crecimiento en Europa y Espa\u00f1a"},"content":{"rendered":"<div>\n<p><a href=\"https:\/\/www.clubdelemprendimiento.com\/blog\/wp-content\/uploads\/2025\/08\/alonso_wang.jpg\" target=\"_blank\" class=\"fotonota\" rel=\"noopener\"> <img decoding=\"async\" src=\"https:\/\/www.clubdelemprendimiento.com\/blog\/wp-content\/uploads\/2025\/08\/alonso_wang.jpg\" style=\"max-width:600px;\" border=\"0\" class=\"postImage\" alt=\"\"><\/a><\/p>\n<p>Baseus ha nombrado a Alonso Wang director de estrategia comercial para Europa, mientras que Mar\u00eda Eugenia Albares se incorpora como Key Account Manager para Espa\u00f1a. Con estos nombramientos, la compa\u00f1\u00eda refuerza su equipo directivo con el objetivo de consolidar su crecimiento y presencia en el sector tecnol\u00f3gico tanto en Europa como en Espa\u00f1a<\/p>\n<p><\/p>\n<p>Baseus refuerza su equipo con la incorporaci\u00f3n de dos perfiles clave. Por una parte, la compa\u00f1\u00eda ha nombrado a Alonso Wang director de estrategia comercial para Europa y desde el que ser\u00e1 el responsable de definir y ejecutar los planes estrat\u00e9gicos de crecimiento, alinear los objetivos de ventas con las oportunidades del mercado, as\u00ed como optimizar los canales comerciales para consolidar la presencia de la compa\u00f1\u00eda en la regi\u00f3n.<\/p>\n<p>Alonso aporta una s\u00f3lida experiencia en el desarrollo de negocio y estrategia comercial dentro del sector tecnol\u00f3gico. Durante m\u00e1s de ocho a\u00f1os ha formado parte del equipo directivo de OPPO en Espa\u00f1a y Portugal, donde ha ocupado puestos como vicepresidente, director de retail y responsable de go-to-market. Antes de su etapa en OPPO, trabaj\u00f3 en China Unicom durante m\u00e1s de ocho a\u00f1os como director de ventas en la ciudad de Xi&#8217;an.<\/p>\n<p>\u00abEs un honor unirme a Baseus en un momento clave para su expansi\u00f3n en la regi\u00f3n\u00bb, afirma Alonso Wang, director de estrategia comercial de Baseus Iberia. \u00abEuropa representa un mercado estrat\u00e9gico para la compa\u00f1\u00eda, con un gran potencial, y mi objetivo es aportar una visi\u00f3n integral que impulse el crecimiento sostenible de la compa\u00f1\u00eda, fortaleciendo nuestras relaciones con socios y clientes, y optimizando nuestra presencia comercial en todo el territorio\u00bb.<\/p>\n<p>Por otra parte, Mar\u00eda Eugenia Albares P\u00e9rez se une a Baseus Iberia como nueva Account Manager para Espa\u00f1a, un rol desde el que ser\u00e1 responsable de la gesti\u00f3n de cuentas estrat\u00e9gicas y del desarrollo comercial en el canal retail a nivel nacional.<\/p>\n<p>Mar\u00eda Eugenia Albares P\u00e9rez cuenta con una trayectoria de m\u00e1s de dos d\u00e9cadas en tecnolog\u00eda, retail y distribuci\u00f3n. En los \u00faltimos a\u00f1os, ha ocupado cargos de responsabilidad en compa\u00f1\u00edas como Finetwork, donde fue directora de ventas del canal residencial y retail, y OPPO, donde dirigi\u00f3 el \u00e1rea de retail y trade marketing. Anteriormente, desarroll\u00f3 gran parte de su carrera en Fnac, donde lider\u00f3 durante casi dos d\u00e9cadas distintos departamentos comerciales, incluyendo inform\u00e1tica, telefon\u00eda y productos t\u00e9cnicos.<\/p>\n<p>\u00abEstoy muy ilusionada por incorporarme a una compa\u00f1\u00eda con tanto potencial. Mi compromiso pasa por fortalecer la relaci\u00f3n con nuestros socios y asegurar que Baseus siga siendo una opci\u00f3n de confianza en el mercado ib\u00e9rico\u00bb, ha declarado Albares, Key Account Manager de Baseus Iberia.<\/p>\n<p>Estas incorporaciones forman parte del plan de expansi\u00f3n de Baseus en Europa y Espa\u00f1a, con una estructura cada vez m\u00e1s especializada y enfocada en el desarrollo de alianzas s\u00f3lidas. Con la experiencia y visi\u00f3n de Wang y Albares, la compa\u00f1\u00eda da un paso adelante en su consolidaci\u00f3n como un actor relevante en el ecosistema tecnol\u00f3gico europeo y nacional.<\/p>\n<\/div>\n","protected":false},"featured_media":20662,"template":"","meta":{"_acf_changed":false},"acf":[],"yoast_head":"<!-- This site is optimized with the Yoast SEO plugin v22.7 - https:\/\/yoast.com\/wordpress\/plugins\/seo\/ -->\n<title>Alonso Wang y Mar\u00eda Eugenia Albares se incorporan a Baseus para consolidar el crecimiento en Europa y Espa\u00f1a - Blog Club del Emprendimiento<\/title>\n<meta name=\"robots\" content=\"index, follow, max-snippet:-1, max-image-preview:large, max-video-preview:-1\" \/>\n<link rel=\"canonical\" href=\"https:\/\/www.clubdelemprendimiento.com\/blog\/noticia-corporativa\/alonso-wang-y-maria-eugenia-albares-se-incorporan-a-baseus-para-consolidar-el-crecimiento-en-europa-y-espana\/\" \/>\n<meta property=\"og:locale\" content=\"es_ES\" \/>\n<meta property=\"og:type\" content=\"article\" \/>\n<meta property=\"og:title\" content=\"Alonso Wang y Mar\u00eda Eugenia Albares se incorporan a Baseus para consolidar el crecimiento en Europa y Espa\u00f1a - Blog Club del Emprendimiento\" \/>\n<meta property=\"og:description\" content=\"Baseus ha nombrado a Alonso Wang director de estrategia comercial para Europa, mientras que&hellip;\" \/>\n<meta property=\"og:url\" content=\"https:\/\/www.clubdelemprendimiento.com\/blog\/noticia-corporativa\/alonso-wang-y-maria-eugenia-albares-se-incorporan-a-baseus-para-consolidar-el-crecimiento-en-europa-y-espana\/\" \/>\n<meta property=\"og:site_name\" content=\"Blog Club del Emprendimiento\" \/>\n<meta property=\"og:image\" content=\"https:\/\/www.clubdelemprendimiento.com\/blog\/wp-content\/uploads\/2025\/08\/alonso_wang.jpg\" \/>\n<meta name=\"twitter:card\" content=\"summary_large_image\" \/>\n<meta name=\"twitter:label1\" content=\"Tiempo de lectura\" \/>\n\t<meta name=\"twitter:data1\" content=\"3 minutos\" \/>\n<script type=\"application\/ld+json\" class=\"yoast-schema-graph\">{\"@context\":\"https:\/\/schema.org\",\"@graph\":[{\"@type\":\"WebPage\",\"@id\":\"https:\/\/www.clubdelemprendimiento.com\/blog\/noticia-corporativa\/alonso-wang-y-maria-eugenia-albares-se-incorporan-a-baseus-para-consolidar-el-crecimiento-en-europa-y-espana\/\",\"url\":\"https:\/\/www.clubdelemprendimiento.com\/blog\/noticia-corporativa\/alonso-wang-y-maria-eugenia-albares-se-incorporan-a-baseus-para-consolidar-el-crecimiento-en-europa-y-espana\/\",\"name\":\"Alonso Wang y Mar\u00eda Eugenia Albares se incorporan a Baseus para consolidar el crecimiento en Europa y Espa\u00f1a - Blog Club del Emprendimiento\",\"isPartOf\":{\"@id\":\"https:\/\/www.clubdelemprendimiento.com\/blog\/#website\"},\"primaryImageOfPage\":{\"@id\":\"https:\/\/www.clubdelemprendimiento.com\/blog\/noticia-corporativa\/alonso-wang-y-maria-eugenia-albares-se-incorporan-a-baseus-para-consolidar-el-crecimiento-en-europa-y-espana\/#primaryimage\"},\"image\":{\"@id\":\"https:\/\/www.clubdelemprendimiento.com\/blog\/noticia-corporativa\/alonso-wang-y-maria-eugenia-albares-se-incorporan-a-baseus-para-consolidar-el-crecimiento-en-europa-y-espana\/#primaryimage\"},\"thumbnailUrl\":\"https:\/\/www.clubdelemprendimiento.com\/blog\/wp-content\/uploads\/2025\/08\/alonso_wang.jpg\",\"datePublished\":\"2025-08-06T14:04:32+00:00\",\"dateModified\":\"2025-08-06T14:04:32+00:00\",\"breadcrumb\":{\"@id\":\"https:\/\/www.clubdelemprendimiento.com\/blog\/noticia-corporativa\/alonso-wang-y-maria-eugenia-albares-se-incorporan-a-baseus-para-consolidar-el-crecimiento-en-europa-y-espana\/#breadcrumb\"},\"inLanguage\":\"es\",\"potentialAction\":[{\"@type\":\"ReadAction\",\"target\":[\"https:\/\/www.clubdelemprendimiento.com\/blog\/noticia-corporativa\/alonso-wang-y-maria-eugenia-albares-se-incorporan-a-baseus-para-consolidar-el-crecimiento-en-europa-y-espana\/\"]}]},{\"@type\":\"ImageObject\",\"inLanguage\":\"es\",\"@id\":\"https:\/\/www.clubdelemprendimiento.com\/blog\/noticia-corporativa\/alonso-wang-y-maria-eugenia-albares-se-incorporan-a-baseus-para-consolidar-el-crecimiento-en-europa-y-espana\/#primaryimage\",\"url\":\"https:\/\/www.clubdelemprendimiento.com\/blog\/wp-content\/uploads\/2025\/08\/alonso_wang.jpg\",\"contentUrl\":\"https:\/\/www.clubdelemprendimiento.com\/blog\/wp-content\/uploads\/2025\/08\/alonso_wang.jpg\",\"width\":293,\"height\":302},{\"@type\":\"BreadcrumbList\",\"@id\":\"https:\/\/www.clubdelemprendimiento.com\/blog\/noticia-corporativa\/alonso-wang-y-maria-eugenia-albares-se-incorporan-a-baseus-para-consolidar-el-crecimiento-en-europa-y-espana\/#breadcrumb\",\"itemListElement\":[{\"@type\":\"ListItem\",\"position\":1,\"name\":\"Home\",\"item\":\"https:\/\/www.clubdelemprendimiento.com\/blog\/\"},{\"@type\":\"ListItem\",\"position\":2,\"name\":\"Noticias Corporativas\",\"item\":\"https:\/\/www.clubdelemprendimiento.com\/blog\/noticias-corporativas\/\"},{\"@type\":\"ListItem\",\"position\":3,\"name\":\"Alonso Wang y Mar\u00eda Eugenia Albares se incorporan a Baseus para consolidar el crecimiento en Europa y Espa\u00f1a\"}]},{\"@type\":\"WebSite\",\"@id\":\"https:\/\/www.clubdelemprendimiento.com\/blog\/#website\",\"url\":\"https:\/\/www.clubdelemprendimiento.com\/blog\/\",\"name\":\"Blog Club del Emprendimiento\",\"description\":\"\",\"potentialAction\":[{\"@type\":\"SearchAction\",\"target\":{\"@type\":\"EntryPoint\",\"urlTemplate\":\"https:\/\/www.clubdelemprendimiento.com\/blog\/?s={search_term_string}\"},\"query-input\":\"required name=search_term_string\"}],\"inLanguage\":\"es\"}]}<\/script>\n<!-- \/ Yoast SEO plugin. -->","yoast_head_json":{"title":"Alonso Wang y Mar\u00eda Eugenia Albares se incorporan a Baseus para consolidar el crecimiento en Europa y Espa\u00f1a - Blog Club del Emprendimiento","robots":{"index":"index","follow":"follow","max-snippet":"max-snippet:-1","max-image-preview":"max-image-preview:large","max-video-preview":"max-video-preview:-1"},"canonical":"https:\/\/www.clubdelemprendimiento.com\/blog\/noticia-corporativa\/alonso-wang-y-maria-eugenia-albares-se-incorporan-a-baseus-para-consolidar-el-crecimiento-en-europa-y-espana\/","og_locale":"es_ES","og_type":"article","og_title":"Alonso Wang y Mar\u00eda Eugenia Albares se incorporan a Baseus para consolidar el crecimiento en Europa y Espa\u00f1a - Blog Club del Emprendimiento","og_description":"Baseus ha nombrado a Alonso Wang director de estrategia comercial para Europa, mientras que&hellip;","og_url":"https:\/\/www.clubdelemprendimiento.com\/blog\/noticia-corporativa\/alonso-wang-y-maria-eugenia-albares-se-incorporan-a-baseus-para-consolidar-el-crecimiento-en-europa-y-espana\/","og_site_name":"Blog Club del Emprendimiento","og_image":[{"url":"https:\/\/www.clubdelemprendimiento.com\/blog\/wp-content\/uploads\/2025\/08\/alonso_wang.jpg"}],"twitter_card":"summary_large_image","twitter_misc":{"Tiempo de lectura":"3 minutos"},"schema":{"@context":"https:\/\/schema.org","@graph":[{"@type":"WebPage","@id":"https:\/\/www.clubdelemprendimiento.com\/blog\/noticia-corporativa\/alonso-wang-y-maria-eugenia-albares-se-incorporan-a-baseus-para-consolidar-el-crecimiento-en-europa-y-espana\/","url":"https:\/\/www.clubdelemprendimiento.com\/blog\/noticia-corporativa\/alonso-wang-y-maria-eugenia-albares-se-incorporan-a-baseus-para-consolidar-el-crecimiento-en-europa-y-espana\/","name":"Alonso Wang y Mar\u00eda Eugenia Albares se incorporan a Baseus para consolidar el crecimiento en Europa y Espa\u00f1a - Blog Club del Emprendimiento","isPartOf":{"@id":"https:\/\/www.clubdelemprendimiento.com\/blog\/#website"},"primaryImageOfPage":{"@id":"https:\/\/www.clubdelemprendimiento.com\/blog\/noticia-corporativa\/alonso-wang-y-maria-eugenia-albares-se-incorporan-a-baseus-para-consolidar-el-crecimiento-en-europa-y-espana\/#primaryimage"},"image":{"@id":"https:\/\/www.clubdelemprendimiento.com\/blog\/noticia-corporativa\/alonso-wang-y-maria-eugenia-albares-se-incorporan-a-baseus-para-consolidar-el-crecimiento-en-europa-y-espana\/#primaryimage"},"thumbnailUrl":"https:\/\/www.clubdelemprendimiento.com\/blog\/wp-content\/uploads\/2025\/08\/alonso_wang.jpg","datePublished":"2025-08-06T14:04:32+00:00","dateModified":"2025-08-06T14:04:32+00:00","breadcrumb":{"@id":"https:\/\/www.clubdelemprendimiento.com\/blog\/noticia-corporativa\/alonso-wang-y-maria-eugenia-albares-se-incorporan-a-baseus-para-consolidar-el-crecimiento-en-europa-y-espana\/#breadcrumb"},"inLanguage":"es","potentialAction":[{"@type":"ReadAction","target":["https:\/\/www.clubdelemprendimiento.com\/blog\/noticia-corporativa\/alonso-wang-y-maria-eugenia-albares-se-incorporan-a-baseus-para-consolidar-el-crecimiento-en-europa-y-espana\/"]}]},{"@type":"ImageObject","inLanguage":"es","@id":"https:\/\/www.clubdelemprendimiento.com\/blog\/noticia-corporativa\/alonso-wang-y-maria-eugenia-albares-se-incorporan-a-baseus-para-consolidar-el-crecimiento-en-europa-y-espana\/#primaryimage","url":"https:\/\/www.clubdelemprendimiento.com\/blog\/wp-content\/uploads\/2025\/08\/alonso_wang.jpg","contentUrl":"https:\/\/www.clubdelemprendimiento.com\/blog\/wp-content\/uploads\/2025\/08\/alonso_wang.jpg","width":293,"height":302},{"@type":"BreadcrumbList","@id":"https:\/\/www.clubdelemprendimiento.com\/blog\/noticia-corporativa\/alonso-wang-y-maria-eugenia-albares-se-incorporan-a-baseus-para-consolidar-el-crecimiento-en-europa-y-espana\/#breadcrumb","itemListElement":[{"@type":"ListItem","position":1,"name":"Home","item":"https:\/\/www.clubdelemprendimiento.com\/blog\/"},{"@type":"ListItem","position":2,"name":"Noticias Corporativas","item":"https:\/\/www.clubdelemprendimiento.com\/blog\/noticias-corporativas\/"},{"@type":"ListItem","position":3,"name":"Alonso Wang y Mar\u00eda Eugenia Albares se incorporan a Baseus para consolidar el crecimiento en Europa y Espa\u00f1a"}]},{"@type":"WebSite","@id":"https:\/\/www.clubdelemprendimiento.com\/blog\/#website","url":"https:\/\/www.clubdelemprendimiento.com\/blog\/","name":"Blog Club del Emprendimiento","description":"","potentialAction":[{"@type":"SearchAction","target":{"@type":"EntryPoint","urlTemplate":"https:\/\/www.clubdelemprendimiento.com\/blog\/?s={search_term_string}"},"query-input":"required name=search_term_string"}],"inLanguage":"es"}]}},"_links":{"self":[{"href":"https:\/\/www.clubdelemprendimiento.com\/blog\/wp-json\/wp\/v2\/noticia-corporativa\/20661"}],"collection":[{"href":"https:\/\/www.clubdelemprendimiento.com\/blog\/wp-json\/wp\/v2\/noticia-corporativa"}],"about":[{"href":"https:\/\/www.clubdelemprendimiento.com\/blog\/wp-json\/wp\/v2\/types\/noticia-corporativa"}],"wp:featuredmedia":[{"embeddable":true,"href":"https:\/\/www.clubdelemprendimiento.com\/blog\/wp-json\/wp\/v2\/media\/20662"}],"wp:attachment":[{"href":"https:\/\/www.clubdelemprendimiento.com\/blog\/wp-json\/wp\/v2\/media?parent=20661"}],"curies":[{"name":"wp","href":"https:\/\/api.w.org\/{rel}","templated":true}]}}