{"id":20659,"date":"2025-08-06T14:04:29","date_gmt":"2025-08-06T14:04:29","guid":{"rendered":"https:\/\/www.clubdelemprendimiento.com\/blog\/noticia-corporativa\/redefinir-alianzas-clave-ante-la-transformacion-del-digital-workspace\/"},"modified":"2025-08-06T14:04:29","modified_gmt":"2025-08-06T14:04:29","slug":"redefinir-alianzas-clave-ante-la-transformacion-del-digital-workspace","status":"publish","type":"noticia-corporativa","link":"https:\/\/www.clubdelemprendimiento.com\/blog\/noticia-corporativa\/redefinir-alianzas-clave-ante-la-transformacion-del-digital-workspace\/","title":{"rendered":"Redefinir alianzas, clave ante la transformaci\u00f3n del digital workspace"},"content":{"rendered":"<div>\n<p><a href=\"https:\/\/www.clubdelemprendimiento.com\/blog\/wp-content\/uploads\/2025\/08\/GettyImages-501222552.jpg\" target=\"_blank\" class=\"fotonota\" rel=\"noopener\"> <img decoding=\"async\" src=\"https:\/\/www.clubdelemprendimiento.com\/blog\/wp-content\/uploads\/2025\/08\/GettyImages-501222552.jpg\" style=\"max-width:600px;\" border=\"0\" class=\"postImage\" alt=\"\"><\/a><\/p>\n<p>UDS Enterprise de Virtual Cable emerge como alternativa abierta y fiable para reforzar el ecosistema de Microsoft y asegurar el liderazgo en el puesto de trabajo digital<\/p>\n<p><\/p>\n<p>El mercado de la inform\u00e1tica de usuario final (EUC) est\u00e1 atravesando una etapa de transformaci\u00f3n profunda, motivada por los recientes reajustes estrat\u00e9gicos de Citrix y Omnissa (anteriormente VMware Horizon). Estas decisiones est\u00e1n desestabilizando el ecosistema del digital workspace a nivel mundial.<\/p>\n<p>Clientes, partners, distribuidores y fabricantes se enfrentan a un panorama de precios elevados, reducci\u00f3n de opciones y p\u00e9rdida de confianza. Un contexto que tambi\u00e9n afecta de forma directa a Microsoft y, en particular, a Azure y Azure Virtual Desktop (AVD).<\/p>\n<p>\u00abCuando las decisiones de tus socios perjudican tu imagen, se puede romper la confianza de tus clientes, y esta es clave para seguir creciendo\u00bb, afirma F\u00e9lix Casado, CEO de Virtual Cable. \u00abMicrosoft tiene ahora la oportunidad de revisar sus alianzas para mantener su liderazgo\u00bb.<\/p>\n<p>El descontento del canal frente a Citrix y Omnissa se ha intensificado en los \u00faltimos meses. Subidas de precios, falta de transparencia, recortes en soporte y la exclusividad con determinados mayoristas han obligado a muchos actores a buscar alternativas. Entre los m\u00e1s afectados, se encuentran los usuarios de Microsoft Azure, que dependen de brokers de terceros para acceder a la virtualizaci\u00f3n de escritorios y aplicaciones.<\/p>\n<p>\u00abSi las soluciones que rodean a Microsoft Azure suman complejidad, costes o dependencia, los clientes exploran otras opciones\u00bb, apunta Casado.<\/p>\n<p><strong>UDS Enterprise: una capa de orquestaci\u00f3n que impulsa Azure<\/strong><br \/>\nEn este contexto, Virtual Cable emerge como uno de los aliados tecnol\u00f3gicos m\u00e1s alineados con el ecosistema de Microsoft. Su soluci\u00f3n UDS Enterprise est\u00e1 siendo demandada por parte de clientes y partners de todo el mundo, al permitir desplegar escritorios virtuales y aplicaciones sin sobrecostes, sin vendor lock-in y con una integraci\u00f3n fluida con Microsoft Azure, Office 365 y Teams.<\/p>\n<p>Adem\u00e1s de mejorar la experiencia del usuario final, UDS Enterprise ayuda a:<\/p>\n<ul>\n<li>Permitir un mayor uso de recursos de Azure (computaci\u00f3n, red y almacenamiento).<\/li>\n<li>Optimizar el ROI de los despliegues de AVD.<\/li>\n<li>Ampliar el alcance a sectores que no pueden asumir los costes de otros brokers.<\/li>\n<li>Reforzar la imagen como proveedor de un digital workspace abierto, eficiente y sostenible.<\/li>\n<\/ul>\n<p>Virtual Cable no solo ofrece flexibilidad y control. Su soluci\u00f3n cumple con las principales normativas internacionales de ciberseguridad (ENS, NIS2, DORA) y est\u00e1 en proceso de certificaci\u00f3n FIPS y DISA para el mercado estadounidense.<\/p>\n<p>\u00abAhora se necesitan aliados que no solo aporten tecnolog\u00eda, tambi\u00e9n transparencia y confianza. Nosotros hemos desarrollado UDS Enterprise precisamente con esa visi\u00f3n: ayudar a los clientes a crecer en la nube con libertad, seguridad y control\u00bb, afirma Casado.<\/p>\n<p>El mercado del puesto de trabajo digital est\u00e1 cambiando r\u00e1pidamente. Las reglas del juego ya no las dictan solo los grandes nombres, sino aquellos que ofrecen soluciones rentables, eficientes y que responden a las necesidades reales de las organizaciones.<\/p>\n<p>\u00abMicrosoft ha sido y sigue siendo nuestro aliado estrat\u00e9gico\u00bb, concluye Casado. \u00abY como tal, merece rodearse de partners que sumen. Porque el digital workspace ya no se construye en base a exclusividades, sino en base a confianza, apertura y valor real\u00bb.<strong> <\/strong><\/p>\n<\/div>\n","protected":false},"featured_media":20660,"template":"","meta":{"_acf_changed":false},"acf":[],"yoast_head":"<!-- This site is optimized with the Yoast SEO plugin v22.7 - https:\/\/yoast.com\/wordpress\/plugins\/seo\/ -->\n<title>Redefinir alianzas, clave ante la transformaci\u00f3n del digital workspace - Blog Club del Emprendimiento<\/title>\n<meta name=\"robots\" content=\"index, follow, max-snippet:-1, max-image-preview:large, max-video-preview:-1\" \/>\n<link rel=\"canonical\" href=\"https:\/\/www.clubdelemprendimiento.com\/blog\/noticia-corporativa\/redefinir-alianzas-clave-ante-la-transformacion-del-digital-workspace\/\" \/>\n<meta property=\"og:locale\" content=\"es_ES\" \/>\n<meta property=\"og:type\" content=\"article\" \/>\n<meta property=\"og:title\" content=\"Redefinir alianzas, clave ante la transformaci\u00f3n del digital workspace - Blog Club del Emprendimiento\" \/>\n<meta property=\"og:description\" content=\"UDS Enterprise de Virtual Cable emerge como alternativa abierta y fiable para reforzar el&hellip;\" \/>\n<meta property=\"og:url\" content=\"https:\/\/www.clubdelemprendimiento.com\/blog\/noticia-corporativa\/redefinir-alianzas-clave-ante-la-transformacion-del-digital-workspace\/\" \/>\n<meta property=\"og:site_name\" content=\"Blog Club del Emprendimiento\" \/>\n<meta property=\"og:image\" content=\"https:\/\/www.clubdelemprendimiento.com\/blog\/wp-content\/uploads\/2025\/08\/GettyImages-501222552.jpg\" \/>\n<meta name=\"twitter:card\" content=\"summary_large_image\" \/>\n<meta name=\"twitter:label1\" content=\"Tiempo de lectura\" \/>\n\t<meta name=\"twitter:data1\" content=\"3 minutos\" \/>\n<script type=\"application\/ld+json\" class=\"yoast-schema-graph\">{\"@context\":\"https:\/\/schema.org\",\"@graph\":[{\"@type\":\"WebPage\",\"@id\":\"https:\/\/www.clubdelemprendimiento.com\/blog\/noticia-corporativa\/redefinir-alianzas-clave-ante-la-transformacion-del-digital-workspace\/\",\"url\":\"https:\/\/www.clubdelemprendimiento.com\/blog\/noticia-corporativa\/redefinir-alianzas-clave-ante-la-transformacion-del-digital-workspace\/\",\"name\":\"Redefinir alianzas, clave ante la transformaci\u00f3n del digital workspace - Blog Club del Emprendimiento\",\"isPartOf\":{\"@id\":\"https:\/\/www.clubdelemprendimiento.com\/blog\/#website\"},\"primaryImageOfPage\":{\"@id\":\"https:\/\/www.clubdelemprendimiento.com\/blog\/noticia-corporativa\/redefinir-alianzas-clave-ante-la-transformacion-del-digital-workspace\/#primaryimage\"},\"image\":{\"@id\":\"https:\/\/www.clubdelemprendimiento.com\/blog\/noticia-corporativa\/redefinir-alianzas-clave-ante-la-transformacion-del-digital-workspace\/#primaryimage\"},\"thumbnailUrl\":\"https:\/\/www.clubdelemprendimiento.com\/blog\/wp-content\/uploads\/2025\/08\/GettyImages-501222552.jpg\",\"datePublished\":\"2025-08-06T14:04:29+00:00\",\"dateModified\":\"2025-08-06T14:04:29+00:00\",\"breadcrumb\":{\"@id\":\"https:\/\/www.clubdelemprendimiento.com\/blog\/noticia-corporativa\/redefinir-alianzas-clave-ante-la-transformacion-del-digital-workspace\/#breadcrumb\"},\"inLanguage\":\"es\",\"potentialAction\":[{\"@type\":\"ReadAction\",\"target\":[\"https:\/\/www.clubdelemprendimiento.com\/blog\/noticia-corporativa\/redefinir-alianzas-clave-ante-la-transformacion-del-digital-workspace\/\"]}]},{\"@type\":\"ImageObject\",\"inLanguage\":\"es\",\"@id\":\"https:\/\/www.clubdelemprendimiento.com\/blog\/noticia-corporativa\/redefinir-alianzas-clave-ante-la-transformacion-del-digital-workspace\/#primaryimage\",\"url\":\"https:\/\/www.clubdelemprendimiento.com\/blog\/wp-content\/uploads\/2025\/08\/GettyImages-501222552.jpg\",\"contentUrl\":\"https:\/\/www.clubdelemprendimiento.com\/blog\/wp-content\/uploads\/2025\/08\/GettyImages-501222552.jpg\",\"width\":2119,\"height\":1414},{\"@type\":\"BreadcrumbList\",\"@id\":\"https:\/\/www.clubdelemprendimiento.com\/blog\/noticia-corporativa\/redefinir-alianzas-clave-ante-la-transformacion-del-digital-workspace\/#breadcrumb\",\"itemListElement\":[{\"@type\":\"ListItem\",\"position\":1,\"name\":\"Home\",\"item\":\"https:\/\/www.clubdelemprendimiento.com\/blog\/\"},{\"@type\":\"ListItem\",\"position\":2,\"name\":\"Noticias Corporativas\",\"item\":\"https:\/\/www.clubdelemprendimiento.com\/blog\/noticias-corporativas\/\"},{\"@type\":\"ListItem\",\"position\":3,\"name\":\"Redefinir alianzas, clave ante la transformaci\u00f3n del digital workspace\"}]},{\"@type\":\"WebSite\",\"@id\":\"https:\/\/www.clubdelemprendimiento.com\/blog\/#website\",\"url\":\"https:\/\/www.clubdelemprendimiento.com\/blog\/\",\"name\":\"Blog Club del Emprendimiento\",\"description\":\"\",\"potentialAction\":[{\"@type\":\"SearchAction\",\"target\":{\"@type\":\"EntryPoint\",\"urlTemplate\":\"https:\/\/www.clubdelemprendimiento.com\/blog\/?s={search_term_string}\"},\"query-input\":\"required name=search_term_string\"}],\"inLanguage\":\"es\"}]}<\/script>\n<!-- \/ Yoast SEO plugin. -->","yoast_head_json":{"title":"Redefinir alianzas, clave ante la transformaci\u00f3n del digital workspace - Blog Club del Emprendimiento","robots":{"index":"index","follow":"follow","max-snippet":"max-snippet:-1","max-image-preview":"max-image-preview:large","max-video-preview":"max-video-preview:-1"},"canonical":"https:\/\/www.clubdelemprendimiento.com\/blog\/noticia-corporativa\/redefinir-alianzas-clave-ante-la-transformacion-del-digital-workspace\/","og_locale":"es_ES","og_type":"article","og_title":"Redefinir alianzas, clave ante la transformaci\u00f3n del digital workspace - Blog Club del Emprendimiento","og_description":"UDS Enterprise de Virtual Cable emerge como alternativa abierta y fiable para reforzar el&hellip;","og_url":"https:\/\/www.clubdelemprendimiento.com\/blog\/noticia-corporativa\/redefinir-alianzas-clave-ante-la-transformacion-del-digital-workspace\/","og_site_name":"Blog Club del Emprendimiento","og_image":[{"url":"https:\/\/www.clubdelemprendimiento.com\/blog\/wp-content\/uploads\/2025\/08\/GettyImages-501222552.jpg"}],"twitter_card":"summary_large_image","twitter_misc":{"Tiempo de lectura":"3 minutos"},"schema":{"@context":"https:\/\/schema.org","@graph":[{"@type":"WebPage","@id":"https:\/\/www.clubdelemprendimiento.com\/blog\/noticia-corporativa\/redefinir-alianzas-clave-ante-la-transformacion-del-digital-workspace\/","url":"https:\/\/www.clubdelemprendimiento.com\/blog\/noticia-corporativa\/redefinir-alianzas-clave-ante-la-transformacion-del-digital-workspace\/","name":"Redefinir alianzas, clave ante la transformaci\u00f3n del digital workspace - Blog Club del Emprendimiento","isPartOf":{"@id":"https:\/\/www.clubdelemprendimiento.com\/blog\/#website"},"primaryImageOfPage":{"@id":"https:\/\/www.clubdelemprendimiento.com\/blog\/noticia-corporativa\/redefinir-alianzas-clave-ante-la-transformacion-del-digital-workspace\/#primaryimage"},"image":{"@id":"https:\/\/www.clubdelemprendimiento.com\/blog\/noticia-corporativa\/redefinir-alianzas-clave-ante-la-transformacion-del-digital-workspace\/#primaryimage"},"thumbnailUrl":"https:\/\/www.clubdelemprendimiento.com\/blog\/wp-content\/uploads\/2025\/08\/GettyImages-501222552.jpg","datePublished":"2025-08-06T14:04:29+00:00","dateModified":"2025-08-06T14:04:29+00:00","breadcrumb":{"@id":"https:\/\/www.clubdelemprendimiento.com\/blog\/noticia-corporativa\/redefinir-alianzas-clave-ante-la-transformacion-del-digital-workspace\/#breadcrumb"},"inLanguage":"es","potentialAction":[{"@type":"ReadAction","target":["https:\/\/www.clubdelemprendimiento.com\/blog\/noticia-corporativa\/redefinir-alianzas-clave-ante-la-transformacion-del-digital-workspace\/"]}]},{"@type":"ImageObject","inLanguage":"es","@id":"https:\/\/www.clubdelemprendimiento.com\/blog\/noticia-corporativa\/redefinir-alianzas-clave-ante-la-transformacion-del-digital-workspace\/#primaryimage","url":"https:\/\/www.clubdelemprendimiento.com\/blog\/wp-content\/uploads\/2025\/08\/GettyImages-501222552.jpg","contentUrl":"https:\/\/www.clubdelemprendimiento.com\/blog\/wp-content\/uploads\/2025\/08\/GettyImages-501222552.jpg","width":2119,"height":1414},{"@type":"BreadcrumbList","@id":"https:\/\/www.clubdelemprendimiento.com\/blog\/noticia-corporativa\/redefinir-alianzas-clave-ante-la-transformacion-del-digital-workspace\/#breadcrumb","itemListElement":[{"@type":"ListItem","position":1,"name":"Home","item":"https:\/\/www.clubdelemprendimiento.com\/blog\/"},{"@type":"ListItem","position":2,"name":"Noticias Corporativas","item":"https:\/\/www.clubdelemprendimiento.com\/blog\/noticias-corporativas\/"},{"@type":"ListItem","position":3,"name":"Redefinir alianzas, clave ante la transformaci\u00f3n del digital workspace"}]},{"@type":"WebSite","@id":"https:\/\/www.clubdelemprendimiento.com\/blog\/#website","url":"https:\/\/www.clubdelemprendimiento.com\/blog\/","name":"Blog Club del Emprendimiento","description":"","potentialAction":[{"@type":"SearchAction","target":{"@type":"EntryPoint","urlTemplate":"https:\/\/www.clubdelemprendimiento.com\/blog\/?s={search_term_string}"},"query-input":"required name=search_term_string"}],"inLanguage":"es"}]}},"_links":{"self":[{"href":"https:\/\/www.clubdelemprendimiento.com\/blog\/wp-json\/wp\/v2\/noticia-corporativa\/20659"}],"collection":[{"href":"https:\/\/www.clubdelemprendimiento.com\/blog\/wp-json\/wp\/v2\/noticia-corporativa"}],"about":[{"href":"https:\/\/www.clubdelemprendimiento.com\/blog\/wp-json\/wp\/v2\/types\/noticia-corporativa"}],"wp:featuredmedia":[{"embeddable":true,"href":"https:\/\/www.clubdelemprendimiento.com\/blog\/wp-json\/wp\/v2\/media\/20660"}],"wp:attachment":[{"href":"https:\/\/www.clubdelemprendimiento.com\/blog\/wp-json\/wp\/v2\/media?parent=20659"}],"curies":[{"name":"wp","href":"https:\/\/api.w.org\/{rel}","templated":true}]}}